
{"id":3982,"date":"2019-07-09T12:49:52","date_gmt":"2019-07-09T10:49:52","guid":{"rendered":"https:\/\/ticsalutsocial.atoom.space\/?post_type=noticia&#038;p=3982"},"modified":"2021-07-21T15:42:20","modified_gmt":"2021-07-21T13:42:20","slug":"the-intersocial-project-enters-its-second-phase","status":"publish","type":"noticia","link":"https:\/\/ticsalutsocial.atoom.space\/en\/noticia\/the-intersocial-project-enters-its-second-phase\/","title":{"rendered":"The Intersocial Project enters its second phase"},"content":{"rendered":"<p>On 26 June the <em>Fundaci\u00f3 TIC Salut Social<\/em>, in collaboration with the Ministry of Work, Social Affairs and Families and the Diputaci\u00f3 de Barcelona, \u200b\u200blaunched the second phase of the Intersocial Project. The event took place in Barcelona and \u200b\u200binvolved more than fifteen professionals from the social and healthcare sectors.<\/p>\n<p>&nbsp;<\/p>\n<p>The result of the first phase of the project, in 2016, were <strong>131 problematics divided into 10 categories <\/strong>(labour, education, legal, environmental, etc.) and 35 answers in English, Catalan and Spanish.<\/p>\n<p>&nbsp;<\/p>\n<p><strong>The second phase is intended to build a common controlled vocabulary to standardize problems, factors and events in the field of social care with new use cases, beginning with childhood and mental health.<\/strong> Two groups of professionals from Catalonia are expected to participate in the project. The standard to be used will be the same as during the first phase, SNOMED CT.<\/p>\n<p>&nbsp;<\/p>\n<p>The common controlled vocabularies are designed to improve the integration of data from Catalan social services, in order to facilitate the work of social care professionals.<\/p>\n<p><img loading=\"lazy\" decoding=\"async\" class=\"alignleft wp-image-19341 size-large\" src=\"https:\/\/ticsalutsocial.atoom.space\/wp-content\/uploads\/2019\/07\/d9-jmqgxsaefhos-700x525-1.jpg\" alt=\"\" width=\"700\" height=\"525\" \/><\/p>\n","protected":false},"author":21,"featured_media":3978,"menu_order":0,"template":"","meta":{"_acf_changed":false,"inline_featured_image":false},"etiqueta":[],"tipus":[],"topic":[116],"class_list":["post-3982","noticia","type-noticia","status-publish","has-post-thumbnail","hentry","topic-events"],"acf":{"imatge":3979,"autor":"Lourdes Rodriguez"},"yoast_head":"<!-- This site is optimized with the Yoast SEO plugin v27.1.1 - https:\/\/yoast.com\/product\/yoast-seo-wordpress\/ -->\n<title>The Intersocial Project enters its second phase - Fundaci\u00f3 TIC Salut i Social<\/title>\n<meta name=\"robots\" content=\"index, follow, max-snippet:-1, max-image-preview:large, max-video-preview:-1\" \/>\n<link rel=\"canonical\" href=\"https:\/\/ticsalutsocial.atoom.space\/en\/noticia\/the-intersocial-project-enters-its-second-phase\/\" \/>\n<meta property=\"og:locale\" content=\"en_US\" \/>\n<meta property=\"og:type\" content=\"article\" \/>\n<meta property=\"og:title\" content=\"The Intersocial Project enters its second phase - Fundaci\u00f3 TIC Salut i Social\" \/>\n<meta property=\"og:description\" content=\"On 26 June the Fundaci\u00f3 TIC Salut Social, in collaboration with the Ministry of Work, Social Affairs and Families and the Diputaci\u00f3 de Barcelona, \u200b\u200blaunched the second phase of the Intersocial Project. The event took place in Barcelona and \u200b\u200binvolved more than fifteen professionals from the social and healthcare sectors. &nbsp; The result of the [&hellip;]\" \/>\n<meta property=\"og:url\" content=\"https:\/\/ticsalutsocial.atoom.space\/en\/noticia\/the-intersocial-project-enters-its-second-phase\/\" \/>\n<meta property=\"og:site_name\" content=\"Fundaci\u00f3 TIC Salut i Social\" \/>\n<meta property=\"article:modified_time\" content=\"2021-07-21T13:42:20+00:00\" \/>\n<meta property=\"og:image\" content=\"https:\/\/ticsalutsocial.atoom.space\/wp-content\/uploads\/2019\/07\/photo-1513957723230-c330c6152342.jpg\" \/>\n\t<meta property=\"og:image:width\" content=\"1350\" \/>\n\t<meta property=\"og:image:height\" content=\"900\" \/>\n\t<meta property=\"og:image:type\" content=\"image\/jpeg\" \/>\n<meta name=\"twitter:card\" content=\"summary_large_image\" \/>\n<meta name=\"twitter:label1\" content=\"Est. reading time\" \/>\n\t<meta name=\"twitter:data1\" content=\"1 minute\" \/>\n<script type=\"application\/ld+json\" class=\"yoast-schema-graph\">{\"@context\":\"https:\/\/schema.org\",\"@graph\":[{\"@type\":\"WebPage\",\"@id\":\"https:\/\/ticsalutsocial.atoom.space\/en\/noticia\/the-intersocial-project-enters-its-second-phase\/\",\"url\":\"https:\/\/ticsalutsocial.atoom.space\/en\/noticia\/the-intersocial-project-enters-its-second-phase\/\",\"name\":\"The Intersocial Project enters its second phase - Fundaci\u00f3 TIC Salut i Social\",\"isPartOf\":{\"@id\":\"https:\/\/ticsalutsocial.atoom.space\/en\/#website\"},\"primaryImageOfPage\":{\"@id\":\"https:\/\/ticsalutsocial.atoom.space\/en\/noticia\/the-intersocial-project-enters-its-second-phase\/#primaryimage\"},\"image\":{\"@id\":\"https:\/\/ticsalutsocial.atoom.space\/en\/noticia\/the-intersocial-project-enters-its-second-phase\/#primaryimage\"},\"thumbnailUrl\":\"https:\/\/ticsalutsocial.atoom.space\/wp-content\/uploads\/2019\/07\/photo-1513957723230-c330c6152342.jpg\",\"datePublished\":\"2019-07-09T10:49:52+00:00\",\"dateModified\":\"2021-07-21T13:42:20+00:00\",\"breadcrumb\":{\"@id\":\"https:\/\/ticsalutsocial.atoom.space\/en\/noticia\/the-intersocial-project-enters-its-second-phase\/#breadcrumb\"},\"inLanguage\":\"en-US\",\"potentialAction\":[{\"@type\":\"ReadAction\",\"target\":[\"https:\/\/ticsalutsocial.atoom.space\/en\/noticia\/the-intersocial-project-enters-its-second-phase\/\"]}]},{\"@type\":\"ImageObject\",\"inLanguage\":\"en-US\",\"@id\":\"https:\/\/ticsalutsocial.atoom.space\/en\/noticia\/the-intersocial-project-enters-its-second-phase\/#primaryimage\",\"url\":\"https:\/\/ticsalutsocial.atoom.space\/wp-content\/uploads\/2019\/07\/photo-1513957723230-c330c6152342.jpg\",\"contentUrl\":\"https:\/\/ticsalutsocial.atoom.space\/wp-content\/uploads\/2019\/07\/photo-1513957723230-c330c6152342.jpg\",\"width\":1350,\"height\":900},{\"@type\":\"BreadcrumbList\",\"@id\":\"https:\/\/ticsalutsocial.atoom.space\/en\/noticia\/the-intersocial-project-enters-its-second-phase\/#breadcrumb\",\"itemListElement\":[{\"@type\":\"ListItem\",\"position\":1,\"name\":\"Inici\",\"item\":\"https:\/\/ticsalutsocial.atoom.space\/en\/\"},{\"@type\":\"ListItem\",\"position\":2,\"name\":\"The Intersocial Project enters its second phase\"}]},{\"@type\":\"WebSite\",\"@id\":\"https:\/\/ticsalutsocial.atoom.space\/en\/#website\",\"url\":\"https:\/\/ticsalutsocial.atoom.space\/en\/\",\"name\":\"Fundaci\u00f3 TIC Salut i Social\",\"description\":\"\",\"potentialAction\":[{\"@type\":\"SearchAction\",\"target\":{\"@type\":\"EntryPoint\",\"urlTemplate\":\"https:\/\/ticsalutsocial.atoom.space\/en\/?s={search_term_string}\"},\"query-input\":{\"@type\":\"PropertyValueSpecification\",\"valueRequired\":true,\"valueName\":\"search_term_string\"}}],\"inLanguage\":\"en-US\"}]}<\/script>\n<!-- \/ Yoast SEO plugin. -->","yoast_head_json":{"title":"The Intersocial Project enters its second phase - Fundaci\u00f3 TIC Salut i Social","robots":{"index":"index","follow":"follow","max-snippet":"max-snippet:-1","max-image-preview":"max-image-preview:large","max-video-preview":"max-video-preview:-1"},"canonical":"https:\/\/ticsalutsocial.atoom.space\/en\/noticia\/the-intersocial-project-enters-its-second-phase\/","og_locale":"en_US","og_type":"article","og_title":"The Intersocial Project enters its second phase - Fundaci\u00f3 TIC Salut i Social","og_description":"On 26 June the Fundaci\u00f3 TIC Salut Social, in collaboration with the Ministry of Work, Social Affairs and Families and the Diputaci\u00f3 de Barcelona, \u200b\u200blaunched the second phase of the Intersocial Project. The event took place in Barcelona and \u200b\u200binvolved more than fifteen professionals from the social and healthcare sectors. &nbsp; The result of the [&hellip;]","og_url":"https:\/\/ticsalutsocial.atoom.space\/en\/noticia\/the-intersocial-project-enters-its-second-phase\/","og_site_name":"Fundaci\u00f3 TIC Salut i Social","article_modified_time":"2021-07-21T13:42:20+00:00","og_image":[{"width":1350,"height":900,"url":"https:\/\/ticsalutsocial.atoom.space\/wp-content\/uploads\/2019\/07\/photo-1513957723230-c330c6152342.jpg","type":"image\/jpeg"}],"twitter_card":"summary_large_image","twitter_misc":{"Est. reading time":"1 minute"},"schema":{"@context":"https:\/\/schema.org","@graph":[{"@type":"WebPage","@id":"https:\/\/ticsalutsocial.atoom.space\/en\/noticia\/the-intersocial-project-enters-its-second-phase\/","url":"https:\/\/ticsalutsocial.atoom.space\/en\/noticia\/the-intersocial-project-enters-its-second-phase\/","name":"The Intersocial Project enters its second phase - Fundaci\u00f3 TIC Salut i Social","isPartOf":{"@id":"https:\/\/ticsalutsocial.atoom.space\/en\/#website"},"primaryImageOfPage":{"@id":"https:\/\/ticsalutsocial.atoom.space\/en\/noticia\/the-intersocial-project-enters-its-second-phase\/#primaryimage"},"image":{"@id":"https:\/\/ticsalutsocial.atoom.space\/en\/noticia\/the-intersocial-project-enters-its-second-phase\/#primaryimage"},"thumbnailUrl":"https:\/\/ticsalutsocial.atoom.space\/wp-content\/uploads\/2019\/07\/photo-1513957723230-c330c6152342.jpg","datePublished":"2019-07-09T10:49:52+00:00","dateModified":"2021-07-21T13:42:20+00:00","breadcrumb":{"@id":"https:\/\/ticsalutsocial.atoom.space\/en\/noticia\/the-intersocial-project-enters-its-second-phase\/#breadcrumb"},"inLanguage":"en-US","potentialAction":[{"@type":"ReadAction","target":["https:\/\/ticsalutsocial.atoom.space\/en\/noticia\/the-intersocial-project-enters-its-second-phase\/"]}]},{"@type":"ImageObject","inLanguage":"en-US","@id":"https:\/\/ticsalutsocial.atoom.space\/en\/noticia\/the-intersocial-project-enters-its-second-phase\/#primaryimage","url":"https:\/\/ticsalutsocial.atoom.space\/wp-content\/uploads\/2019\/07\/photo-1513957723230-c330c6152342.jpg","contentUrl":"https:\/\/ticsalutsocial.atoom.space\/wp-content\/uploads\/2019\/07\/photo-1513957723230-c330c6152342.jpg","width":1350,"height":900},{"@type":"BreadcrumbList","@id":"https:\/\/ticsalutsocial.atoom.space\/en\/noticia\/the-intersocial-project-enters-its-second-phase\/#breadcrumb","itemListElement":[{"@type":"ListItem","position":1,"name":"Inici","item":"https:\/\/ticsalutsocial.atoom.space\/en\/"},{"@type":"ListItem","position":2,"name":"The Intersocial Project enters its second phase"}]},{"@type":"WebSite","@id":"https:\/\/ticsalutsocial.atoom.space\/en\/#website","url":"https:\/\/ticsalutsocial.atoom.space\/en\/","name":"Fundaci\u00f3 TIC Salut i Social","description":"","potentialAction":[{"@type":"SearchAction","target":{"@type":"EntryPoint","urlTemplate":"https:\/\/ticsalutsocial.atoom.space\/en\/?s={search_term_string}"},"query-input":{"@type":"PropertyValueSpecification","valueRequired":true,"valueName":"search_term_string"}}],"inLanguage":"en-US"}]}},"_links":{"self":[{"href":"https:\/\/ticsalutsocial.atoom.space\/en\/wp-json\/wp\/v2\/noticia\/3982","targetHints":{"allow":["GET"]}}],"collection":[{"href":"https:\/\/ticsalutsocial.atoom.space\/en\/wp-json\/wp\/v2\/noticia"}],"about":[{"href":"https:\/\/ticsalutsocial.atoom.space\/en\/wp-json\/wp\/v2\/types\/noticia"}],"author":[{"embeddable":true,"href":"https:\/\/ticsalutsocial.atoom.space\/en\/wp-json\/wp\/v2\/users\/21"}],"wp:featuredmedia":[{"embeddable":true,"href":"https:\/\/ticsalutsocial.atoom.space\/en\/wp-json\/wp\/v2\/media\/3978"}],"wp:attachment":[{"href":"https:\/\/ticsalutsocial.atoom.space\/en\/wp-json\/wp\/v2\/media?parent=3982"}],"wp:term":[{"taxonomy":"etiqueta","embeddable":true,"href":"https:\/\/ticsalutsocial.atoom.space\/en\/wp-json\/wp\/v2\/etiqueta?post=3982"},{"taxonomy":"tipus","embeddable":true,"href":"https:\/\/ticsalutsocial.atoom.space\/en\/wp-json\/wp\/v2\/tipus?post=3982"},{"taxonomy":"topic","embeddable":true,"href":"https:\/\/ticsalutsocial.atoom.space\/en\/wp-json\/wp\/v2\/topic?post=3982"}],"curies":[{"name":"wp","href":"https:\/\/api.w.org\/{rel}","templated":true}]}}