
{"id":3998,"date":"2019-07-11T11:57:07","date_gmt":"2019-07-11T09:57:07","guid":{"rendered":"https:\/\/ticsalutsocial.atoom.space\/?post_type=noticia&#038;p=3998"},"modified":"2021-07-21T15:42:27","modified_gmt":"2021-07-21T13:42:27","slug":"ii-accio-social-congress","status":"publish","type":"noticia","link":"https:\/\/ticsalutsocial.atoom.space\/en\/noticia\/ii-accio-social-congress\/","title":{"rendered":"II Acci\u00f3 Social Congress"},"content":{"rendered":"<p>The second edition of <a href=\"http:\/\/inclusio.cat\/\">Inclusi\u00f3.cat<\/a> took as its central theme the promotion of personal autonomy and proximity care, ensuring that people with functional limitations receive the necessary care in their own home and within the community.<\/p>\n<p>&nbsp;<\/p>\n<p>The event was inaugurated by Jordi Collet (Uvic\u2019s Vice-Rector for Research and Knowledge Transfer), Nuria Homs (a Vic town councillor) and Chakir El Homrani (the Generalitat of Catalonia\u2019s Minister of Labour, Social Affairs and Families).<\/p>\n<p>&nbsp;<\/p>\n<h3 style=\"text-align: center;\"><strong>&#8220;Serve more people, earlier and better, preventively and in their home environment. [&#8230;] The individual at the centre of the whole process&#8221;<\/strong><\/h3>\n<p><strong>\u00a0<\/strong><\/p>\n<p>During the presentation of the Strategic Social Services Plan, Minister el Homrani observed that public policies for people with functional limitations are facing new challenges, such as ane aging population and changes in the public\u2019s expectations regarding the effective exercise of their rights, including that of personal autonomy. In this regard, he commented that the Ministry of Labour, Social Affairs and Families is drawing up a draft document on the future Strategic Plan for Social Services.<\/p>\n<p>&nbsp;<\/p>\n<p>The ministry\u2019s main objective is to increase the coverage of social services focused on prevention rather than cure, in an attempt to offer care in the community which allows for personal autonomy. The minister declared that the aim was to &#8220;Serve more people, earlier and better, preventively and in their home environment. [&#8230;] The individual at the centre of the whole process&#8221;. You can find previous strategic social services plans <a href=\"http:\/\/treballiaferssocials.gencat.cat\/ca\/ambits_tematics\/serveis_socials\/pla-estrategic-de-serveis-socials-de-catalunya\/\">here<\/a>.<\/p>\n<p>&nbsp;<\/p>\n<p>Our colleague Ariadna Rius spoke about interoperability in relation to integrated health and social care, specifically as part of the Intersocial project, which is currently entering its second phase.<\/p>\n<p>&nbsp;<\/p>\n<p>In a parallel session entitled &#8216;Instrumental Models for Integrated Care&#8217;, three more initiatives were also presented:<\/p>\n<p>&nbsp;<\/p>\n<ul>\n<li>A collaboration between Primary Social and Healthcare Teams in Lloret de Mar -CSMS and Lloret de Mar town council. A project aimed at coordinating services and improving the management of home visits.<\/li>\n<li>The Ripoll\u00e8s region is focusing on the prevention and integration of care for people in a situation of fragility- <em>Consorci de Benestar Social del Ripoll\u00e8s<\/em> [The Ripoll\u00e8s Social Services Consortium].<\/li>\n<li>Osona&#8217;s Complex Attention Management Program (PGAC) is a program aimed at people with complex social and healthcare needs. Based on a case management model in an integrated care context with professionals in the social and healthcare sector. The aim of the program is to improve the health and wellbeing of people, tailor social and healthcare services to people\u2019s needs, and thereby improve the care experience for both the patients and the professionals involved. Although only a few users are currently enrolled in the project (n=9) and the data produced is therefore not totally reliable, the program has a promising future and has already reached certain conclusions:\n<ul>\n<li>It has been well-received by users.<\/li>\n<li>There have been improvements in prescriptions and the monitoring of users.<\/li>\n<li>&#8220;The patients aren\u2019t complex, we are (i.e., the system)&#8221;.<\/li>\n<\/ul>\n<\/li>\n<\/ul>\n","protected":false},"author":21,"featured_media":3994,"menu_order":0,"template":"","meta":{"_acf_changed":false,"inline_featured_image":false},"etiqueta":[],"tipus":[95],"topic":[120],"class_list":["post-3998","noticia","type-noticia","status-publish","has-post-thumbnail","hentry","tipus-integrated-care","topic-dpo"],"acf":{"imatge":3995,"autor":"Lourdes Rodriguez","textos_destacats":[{"texte":"Held in Vic on the 3 and 4 of July, organized by the Chair of Social Services with the collaboration of Uvic and the Ministry of Labour, Social Affairs and Families."}]},"yoast_head":"<!-- This site is optimized with the Yoast SEO plugin v27.1.1 - https:\/\/yoast.com\/product\/yoast-seo-wordpress\/ -->\n<title>II Acci\u00f3 Social Congress - Fundaci\u00f3 TIC Salut i Social<\/title>\n<meta name=\"robots\" content=\"index, follow, max-snippet:-1, max-image-preview:large, max-video-preview:-1\" \/>\n<link rel=\"canonical\" href=\"https:\/\/ticsalutsocial.atoom.space\/en\/noticia\/ii-accio-social-congress\/\" \/>\n<meta property=\"og:locale\" content=\"en_US\" \/>\n<meta property=\"og:type\" content=\"article\" \/>\n<meta property=\"og:title\" content=\"II Acci\u00f3 Social Congress - Fundaci\u00f3 TIC Salut i Social\" \/>\n<meta property=\"og:description\" content=\"The second edition of Inclusi\u00f3.cat took as its central theme the promotion of personal autonomy and proximity care, ensuring that people with functional limitations receive the necessary care in their own home and within the community. &nbsp; The event was inaugurated by Jordi Collet (Uvic\u2019s Vice-Rector for Research and Knowledge Transfer), Nuria Homs (a Vic [&hellip;]\" \/>\n<meta property=\"og:url\" content=\"https:\/\/ticsalutsocial.atoom.space\/en\/noticia\/ii-accio-social-congress\/\" \/>\n<meta property=\"og:site_name\" content=\"Fundaci\u00f3 TIC Salut i Social\" \/>\n<meta property=\"article:modified_time\" content=\"2021-07-21T13:42:27+00:00\" \/>\n<meta property=\"og:image\" content=\"https:\/\/ticsalutsocial.atoom.space\/wp-content\/uploads\/2019\/07\/inclusio-scaled.jpg\" \/>\n\t<meta property=\"og:image:width\" content=\"2560\" \/>\n\t<meta property=\"og:image:height\" content=\"1920\" \/>\n\t<meta property=\"og:image:type\" content=\"image\/jpeg\" \/>\n<meta name=\"twitter:card\" content=\"summary_large_image\" \/>\n<meta name=\"twitter:label1\" content=\"Est. reading time\" \/>\n\t<meta name=\"twitter:data1\" content=\"2 minutes\" \/>\n<script type=\"application\/ld+json\" class=\"yoast-schema-graph\">{\"@context\":\"https:\/\/schema.org\",\"@graph\":[{\"@type\":\"WebPage\",\"@id\":\"https:\/\/ticsalutsocial.atoom.space\/en\/noticia\/ii-accio-social-congress\/\",\"url\":\"https:\/\/ticsalutsocial.atoom.space\/en\/noticia\/ii-accio-social-congress\/\",\"name\":\"II Acci\u00f3 Social Congress - Fundaci\u00f3 TIC Salut i Social\",\"isPartOf\":{\"@id\":\"https:\/\/ticsalutsocial.atoom.space\/en\/#website\"},\"primaryImageOfPage\":{\"@id\":\"https:\/\/ticsalutsocial.atoom.space\/en\/noticia\/ii-accio-social-congress\/#primaryimage\"},\"image\":{\"@id\":\"https:\/\/ticsalutsocial.atoom.space\/en\/noticia\/ii-accio-social-congress\/#primaryimage\"},\"thumbnailUrl\":\"https:\/\/ticsalutsocial.atoom.space\/wp-content\/uploads\/2019\/07\/inclusio-scaled.jpg\",\"datePublished\":\"2019-07-11T09:57:07+00:00\",\"dateModified\":\"2021-07-21T13:42:27+00:00\",\"breadcrumb\":{\"@id\":\"https:\/\/ticsalutsocial.atoom.space\/en\/noticia\/ii-accio-social-congress\/#breadcrumb\"},\"inLanguage\":\"en-US\",\"potentialAction\":[{\"@type\":\"ReadAction\",\"target\":[\"https:\/\/ticsalutsocial.atoom.space\/en\/noticia\/ii-accio-social-congress\/\"]}]},{\"@type\":\"ImageObject\",\"inLanguage\":\"en-US\",\"@id\":\"https:\/\/ticsalutsocial.atoom.space\/en\/noticia\/ii-accio-social-congress\/#primaryimage\",\"url\":\"https:\/\/ticsalutsocial.atoom.space\/wp-content\/uploads\/2019\/07\/inclusio-scaled.jpg\",\"contentUrl\":\"https:\/\/ticsalutsocial.atoom.space\/wp-content\/uploads\/2019\/07\/inclusio-scaled.jpg\",\"width\":2560,\"height\":1920},{\"@type\":\"BreadcrumbList\",\"@id\":\"https:\/\/ticsalutsocial.atoom.space\/en\/noticia\/ii-accio-social-congress\/#breadcrumb\",\"itemListElement\":[{\"@type\":\"ListItem\",\"position\":1,\"name\":\"Inici\",\"item\":\"https:\/\/ticsalutsocial.atoom.space\/en\/\"},{\"@type\":\"ListItem\",\"position\":2,\"name\":\"II Acci\u00f3 Social Congress\"}]},{\"@type\":\"WebSite\",\"@id\":\"https:\/\/ticsalutsocial.atoom.space\/en\/#website\",\"url\":\"https:\/\/ticsalutsocial.atoom.space\/en\/\",\"name\":\"Fundaci\u00f3 TIC Salut i Social\",\"description\":\"\",\"potentialAction\":[{\"@type\":\"SearchAction\",\"target\":{\"@type\":\"EntryPoint\",\"urlTemplate\":\"https:\/\/ticsalutsocial.atoom.space\/en\/?s={search_term_string}\"},\"query-input\":{\"@type\":\"PropertyValueSpecification\",\"valueRequired\":true,\"valueName\":\"search_term_string\"}}],\"inLanguage\":\"en-US\"}]}<\/script>\n<!-- \/ Yoast SEO plugin. -->","yoast_head_json":{"title":"II Acci\u00f3 Social Congress - Fundaci\u00f3 TIC Salut i Social","robots":{"index":"index","follow":"follow","max-snippet":"max-snippet:-1","max-image-preview":"max-image-preview:large","max-video-preview":"max-video-preview:-1"},"canonical":"https:\/\/ticsalutsocial.atoom.space\/en\/noticia\/ii-accio-social-congress\/","og_locale":"en_US","og_type":"article","og_title":"II Acci\u00f3 Social Congress - Fundaci\u00f3 TIC Salut i Social","og_description":"The second edition of Inclusi\u00f3.cat took as its central theme the promotion of personal autonomy and proximity care, ensuring that people with functional limitations receive the necessary care in their own home and within the community. &nbsp; The event was inaugurated by Jordi Collet (Uvic\u2019s Vice-Rector for Research and Knowledge Transfer), Nuria Homs (a Vic [&hellip;]","og_url":"https:\/\/ticsalutsocial.atoom.space\/en\/noticia\/ii-accio-social-congress\/","og_site_name":"Fundaci\u00f3 TIC Salut i Social","article_modified_time":"2021-07-21T13:42:27+00:00","og_image":[{"width":2560,"height":1920,"url":"https:\/\/ticsalutsocial.atoom.space\/wp-content\/uploads\/2019\/07\/inclusio-scaled.jpg","type":"image\/jpeg"}],"twitter_card":"summary_large_image","twitter_misc":{"Est. reading time":"2 minutes"},"schema":{"@context":"https:\/\/schema.org","@graph":[{"@type":"WebPage","@id":"https:\/\/ticsalutsocial.atoom.space\/en\/noticia\/ii-accio-social-congress\/","url":"https:\/\/ticsalutsocial.atoom.space\/en\/noticia\/ii-accio-social-congress\/","name":"II Acci\u00f3 Social Congress - Fundaci\u00f3 TIC Salut i Social","isPartOf":{"@id":"https:\/\/ticsalutsocial.atoom.space\/en\/#website"},"primaryImageOfPage":{"@id":"https:\/\/ticsalutsocial.atoom.space\/en\/noticia\/ii-accio-social-congress\/#primaryimage"},"image":{"@id":"https:\/\/ticsalutsocial.atoom.space\/en\/noticia\/ii-accio-social-congress\/#primaryimage"},"thumbnailUrl":"https:\/\/ticsalutsocial.atoom.space\/wp-content\/uploads\/2019\/07\/inclusio-scaled.jpg","datePublished":"2019-07-11T09:57:07+00:00","dateModified":"2021-07-21T13:42:27+00:00","breadcrumb":{"@id":"https:\/\/ticsalutsocial.atoom.space\/en\/noticia\/ii-accio-social-congress\/#breadcrumb"},"inLanguage":"en-US","potentialAction":[{"@type":"ReadAction","target":["https:\/\/ticsalutsocial.atoom.space\/en\/noticia\/ii-accio-social-congress\/"]}]},{"@type":"ImageObject","inLanguage":"en-US","@id":"https:\/\/ticsalutsocial.atoom.space\/en\/noticia\/ii-accio-social-congress\/#primaryimage","url":"https:\/\/ticsalutsocial.atoom.space\/wp-content\/uploads\/2019\/07\/inclusio-scaled.jpg","contentUrl":"https:\/\/ticsalutsocial.atoom.space\/wp-content\/uploads\/2019\/07\/inclusio-scaled.jpg","width":2560,"height":1920},{"@type":"BreadcrumbList","@id":"https:\/\/ticsalutsocial.atoom.space\/en\/noticia\/ii-accio-social-congress\/#breadcrumb","itemListElement":[{"@type":"ListItem","position":1,"name":"Inici","item":"https:\/\/ticsalutsocial.atoom.space\/en\/"},{"@type":"ListItem","position":2,"name":"II Acci\u00f3 Social Congress"}]},{"@type":"WebSite","@id":"https:\/\/ticsalutsocial.atoom.space\/en\/#website","url":"https:\/\/ticsalutsocial.atoom.space\/en\/","name":"Fundaci\u00f3 TIC Salut i Social","description":"","potentialAction":[{"@type":"SearchAction","target":{"@type":"EntryPoint","urlTemplate":"https:\/\/ticsalutsocial.atoom.space\/en\/?s={search_term_string}"},"query-input":{"@type":"PropertyValueSpecification","valueRequired":true,"valueName":"search_term_string"}}],"inLanguage":"en-US"}]}},"_links":{"self":[{"href":"https:\/\/ticsalutsocial.atoom.space\/en\/wp-json\/wp\/v2\/noticia\/3998","targetHints":{"allow":["GET"]}}],"collection":[{"href":"https:\/\/ticsalutsocial.atoom.space\/en\/wp-json\/wp\/v2\/noticia"}],"about":[{"href":"https:\/\/ticsalutsocial.atoom.space\/en\/wp-json\/wp\/v2\/types\/noticia"}],"author":[{"embeddable":true,"href":"https:\/\/ticsalutsocial.atoom.space\/en\/wp-json\/wp\/v2\/users\/21"}],"wp:featuredmedia":[{"embeddable":true,"href":"https:\/\/ticsalutsocial.atoom.space\/en\/wp-json\/wp\/v2\/media\/3994"}],"wp:attachment":[{"href":"https:\/\/ticsalutsocial.atoom.space\/en\/wp-json\/wp\/v2\/media?parent=3998"}],"wp:term":[{"taxonomy":"etiqueta","embeddable":true,"href":"https:\/\/ticsalutsocial.atoom.space\/en\/wp-json\/wp\/v2\/etiqueta?post=3998"},{"taxonomy":"tipus","embeddable":true,"href":"https:\/\/ticsalutsocial.atoom.space\/en\/wp-json\/wp\/v2\/tipus?post=3998"},{"taxonomy":"topic","embeddable":true,"href":"https:\/\/ticsalutsocial.atoom.space\/en\/wp-json\/wp\/v2\/topic?post=3998"}],"curies":[{"name":"wp","href":"https:\/\/api.w.org\/{rel}","templated":true}]}}