
{"id":4235,"date":"2019-11-14T13:10:03","date_gmt":"2019-11-14T11:10:03","guid":{"rendered":"https:\/\/ticsalutsocial.atoom.space\/?post_type=noticia&#038;p=4235"},"modified":"2021-07-21T15:44:32","modified_gmt":"2021-07-21T13:44:32","slug":"conclusions-del-forum-de-dialeg-professional-sobre-competencies-digitals","status":"publish","type":"noticia","link":"https:\/\/ticsalutsocial.atoom.space\/en\/noticia\/conclusions-del-forum-de-dialeg-professional-sobre-competencies-digitals\/","title":{"rendered":"Conclusions del F\u00f2rum de Di\u00e0leg Professional sobre compet\u00e8ncies digitals"},"content":{"rendered":"<p>La Direcci\u00f3 General de Professionals Sanitarisva iniciar al setembre del 2018 el F\u00f2rum de Di\u00e0leg Professional en el qual diferents representants dels professionals del sector de la salut, van identificar 17 reptes presents i futurs als quals s&#8217;enfronten els nostres professionals sanitaris. El passat 5 de Novembre va tenir lloc el seu tancament. Al final d&#8217;aquest article podreu consultar el document amb les conclusions.<\/p>\n<p>La Fundaci\u00f3 TIC Salut Social, va coordinar juntament amb la Secretaria T\u00e8cnica de la Sub-*direcci\u00f3 General d\u2019Ordenaci\u00f3 i Desenvolupament Professional (SGODP), el repte 4: \u201cMillorar les compet\u00e8ncies TIC dels professionals de la salut, avan\u00e7ar en un \u00fas de les TIC que faciliti la humanitzaci\u00f3 de l&#8217;atenci\u00f3 presencial i en el disseny de serveis d&#8217;atenci\u00f3 no presencial\u201d.<\/p>\n<h3>Perqu\u00e8 s\u00f3n necess\u00e0ries aquestes compet\u00e8ncies?<\/h3>\n<p>Perqu\u00e8 diferents estudis han demostrat que la seva manca entorpeix l&#8217;assoliment de la transformaci\u00f3 digital en l&#8217;entorn salut (1-3). Aquesta transformaci\u00f3 est\u00e0 sent demanada per la ciutadania per a millorar l&#8217;efic\u00e0cia de la provisi\u00f3 de serveis, millorar la prevenci\u00f3, els diagn\u00f2stics i la personalitzaci\u00f3 de l&#8217;actes terap\u00e8utics (4,5).<\/p>\n<p>Tenim el repte de la formaci\u00f3 i la capacitaci\u00f3 dels professionals de la salut i dels serveis socials que, necess\u00e0riament, seran cada vegada m\u00e9s demandats per a realitzar d&#8217;una forma diferent les seves tasques assistencials o socials.<\/p>\n<p>&nbsp;<\/p>\n<h3>Pr\u00f2ximament publicarem m\u00e9s informaci\u00f3 sobre:<\/h3>\n<ul>\n<li>Quina \u00e9s la situaci\u00f3 de les compet\u00e8ncies digitals per a professionals sanitaris a nivell internacional?<\/li>\n<li>Com les definim?<\/li>\n<li>Quines haurien de \u00a0ser?<\/li>\n<\/ul>\n<p>&nbsp;<\/p>\n<h3><strong>Bibliografia<\/strong><\/h3>\n<ol>\n<li>Digital Health and the challege of Health Systems transformation. Alami H, Gagnon MP i Fortin JP. mHealth 2017; 3: 31.<\/li>\n<li>European ICT professionals role profiles. Transforming and scaling up health professionals\u2019 education and training. World Health Organization 2013.<\/li>\n<li>EMSA policy European Medical Students\u2019 Association\u00a0 Association Europ\u00e9enne des \u00c9tudiants en M\u00e9decine. This policy was adopted by the 29th EMSA Autumn Assembly in Athens (Greece) on 4th September 2019.\u00a0 Valid until: 4th September 2022.<\/li>\n<li>Ocupabilitat i compet\u00e8ncies dels metges interns residents (MIR). La percepci\u00f3 dels caps de servei i c\u00e0rrecs equivalents sobre els MIR. Principals resultats de l\u2019estudi 2015 als centres sanitaris. Ag\u00e8ncia per la Qualitat del Sistema Universitari de Catalunya.<\/li>\n<li>Healthcare professionals\u2019 competence in digitalisation: A systematic review. Konttila J, Siira H, Kyng\u00e4s H, et al. <em>J Clin Nurs<\/em> 2019; 28: 745-761.<\/li>\n<\/ol>\n","protected":false},"author":21,"featured_media":4231,"menu_order":0,"template":"","meta":{"_acf_changed":false,"inline_featured_image":false},"etiqueta":[],"tipus":[],"topic":[118],"class_list":["post-4235","noticia","type-noticia","status-publish","has-post-thumbnail","hentry","topic-innovation"],"acf":{"imatge":4232,"autor":"Agathe Le\u00f3n","textos_destacats":[{"texte":"Compet\u00e8ncies digitals per a professionals sanitaris"}]},"yoast_head":"<!-- This site is optimized with the Yoast SEO plugin v27.1.1 - https:\/\/yoast.com\/product\/yoast-seo-wordpress\/ -->\n<title>Conclusions del F\u00f2rum de Di\u00e0leg Professional sobre compet\u00e8ncies digitals - Fundaci\u00f3 TIC Salut i Social<\/title>\n<meta name=\"robots\" content=\"index, follow, max-snippet:-1, max-image-preview:large, max-video-preview:-1\" \/>\n<link rel=\"canonical\" href=\"https:\/\/ticsalutsocial.atoom.space\/en\/noticia\/conclusions-del-forum-de-dialeg-professional-sobre-competencies-digitals\/\" \/>\n<meta property=\"og:locale\" content=\"en_US\" \/>\n<meta property=\"og:type\" content=\"article\" \/>\n<meta property=\"og:title\" content=\"Conclusions del F\u00f2rum de Di\u00e0leg Professional sobre compet\u00e8ncies digitals - Fundaci\u00f3 TIC Salut i Social\" \/>\n<meta property=\"og:description\" content=\"La Direcci\u00f3 General de Professionals Sanitarisva iniciar al setembre del 2018 el F\u00f2rum de Di\u00e0leg Professional en el qual diferents representants dels professionals del sector de la salut, van identificar 17 reptes presents i futurs als quals s&#8217;enfronten els nostres professionals sanitaris. El passat 5 de Novembre va tenir lloc el seu tancament. Al final [&hellip;]\" \/>\n<meta property=\"og:url\" content=\"https:\/\/ticsalutsocial.atoom.space\/en\/noticia\/conclusions-del-forum-de-dialeg-professional-sobre-competencies-digitals\/\" \/>\n<meta property=\"og:site_name\" content=\"Fundaci\u00f3 TIC Salut i Social\" \/>\n<meta property=\"article:modified_time\" content=\"2021-07-21T13:44:32+00:00\" \/>\n<meta property=\"og:image\" content=\"https:\/\/ticsalutsocial.atoom.space\/wp-content\/uploads\/2019\/11\/photo-1522865303908-cf456007b41e.jpg\" \/>\n\t<meta property=\"og:image:width\" content=\"1350\" \/>\n\t<meta property=\"og:image:height\" content=\"900\" \/>\n\t<meta property=\"og:image:type\" content=\"image\/jpeg\" \/>\n<meta name=\"twitter:card\" content=\"summary_large_image\" \/>\n<meta name=\"twitter:label1\" content=\"Est. reading time\" \/>\n\t<meta name=\"twitter:data1\" content=\"2 minutes\" \/>\n<script type=\"application\/ld+json\" class=\"yoast-schema-graph\">{\"@context\":\"https:\/\/schema.org\",\"@graph\":[{\"@type\":\"WebPage\",\"@id\":\"https:\/\/ticsalutsocial.atoom.space\/en\/noticia\/conclusions-del-forum-de-dialeg-professional-sobre-competencies-digitals\/\",\"url\":\"https:\/\/ticsalutsocial.atoom.space\/en\/noticia\/conclusions-del-forum-de-dialeg-professional-sobre-competencies-digitals\/\",\"name\":\"Conclusions del F\u00f2rum de Di\u00e0leg Professional sobre compet\u00e8ncies digitals - Fundaci\u00f3 TIC Salut i Social\",\"isPartOf\":{\"@id\":\"https:\/\/ticsalutsocial.atoom.space\/en\/#website\"},\"primaryImageOfPage\":{\"@id\":\"https:\/\/ticsalutsocial.atoom.space\/en\/noticia\/conclusions-del-forum-de-dialeg-professional-sobre-competencies-digitals\/#primaryimage\"},\"image\":{\"@id\":\"https:\/\/ticsalutsocial.atoom.space\/en\/noticia\/conclusions-del-forum-de-dialeg-professional-sobre-competencies-digitals\/#primaryimage\"},\"thumbnailUrl\":\"https:\/\/ticsalutsocial.atoom.space\/wp-content\/uploads\/2019\/11\/photo-1522865303908-cf456007b41e.jpg\",\"datePublished\":\"2019-11-14T11:10:03+00:00\",\"dateModified\":\"2021-07-21T13:44:32+00:00\",\"breadcrumb\":{\"@id\":\"https:\/\/ticsalutsocial.atoom.space\/en\/noticia\/conclusions-del-forum-de-dialeg-professional-sobre-competencies-digitals\/#breadcrumb\"},\"inLanguage\":\"en-US\",\"potentialAction\":[{\"@type\":\"ReadAction\",\"target\":[\"https:\/\/ticsalutsocial.atoom.space\/en\/noticia\/conclusions-del-forum-de-dialeg-professional-sobre-competencies-digitals\/\"]}]},{\"@type\":\"ImageObject\",\"inLanguage\":\"en-US\",\"@id\":\"https:\/\/ticsalutsocial.atoom.space\/en\/noticia\/conclusions-del-forum-de-dialeg-professional-sobre-competencies-digitals\/#primaryimage\",\"url\":\"https:\/\/ticsalutsocial.atoom.space\/wp-content\/uploads\/2019\/11\/photo-1522865303908-cf456007b41e.jpg\",\"contentUrl\":\"https:\/\/ticsalutsocial.atoom.space\/wp-content\/uploads\/2019\/11\/photo-1522865303908-cf456007b41e.jpg\",\"width\":1350,\"height\":900},{\"@type\":\"BreadcrumbList\",\"@id\":\"https:\/\/ticsalutsocial.atoom.space\/en\/noticia\/conclusions-del-forum-de-dialeg-professional-sobre-competencies-digitals\/#breadcrumb\",\"itemListElement\":[{\"@type\":\"ListItem\",\"position\":1,\"name\":\"Inici\",\"item\":\"https:\/\/ticsalutsocial.atoom.space\/en\/\"},{\"@type\":\"ListItem\",\"position\":2,\"name\":\"Conclusions del F\u00f2rum de Di\u00e0leg Professional sobre compet\u00e8ncies digitals\"}]},{\"@type\":\"WebSite\",\"@id\":\"https:\/\/ticsalutsocial.atoom.space\/en\/#website\",\"url\":\"https:\/\/ticsalutsocial.atoom.space\/en\/\",\"name\":\"Fundaci\u00f3 TIC Salut i Social\",\"description\":\"\",\"potentialAction\":[{\"@type\":\"SearchAction\",\"target\":{\"@type\":\"EntryPoint\",\"urlTemplate\":\"https:\/\/ticsalutsocial.atoom.space\/en\/?s={search_term_string}\"},\"query-input\":{\"@type\":\"PropertyValueSpecification\",\"valueRequired\":true,\"valueName\":\"search_term_string\"}}],\"inLanguage\":\"en-US\"}]}<\/script>\n<!-- \/ Yoast SEO plugin. -->","yoast_head_json":{"title":"Conclusions del F\u00f2rum de Di\u00e0leg Professional sobre compet\u00e8ncies digitals - Fundaci\u00f3 TIC Salut i Social","robots":{"index":"index","follow":"follow","max-snippet":"max-snippet:-1","max-image-preview":"max-image-preview:large","max-video-preview":"max-video-preview:-1"},"canonical":"https:\/\/ticsalutsocial.atoom.space\/en\/noticia\/conclusions-del-forum-de-dialeg-professional-sobre-competencies-digitals\/","og_locale":"en_US","og_type":"article","og_title":"Conclusions del F\u00f2rum de Di\u00e0leg Professional sobre compet\u00e8ncies digitals - Fundaci\u00f3 TIC Salut i Social","og_description":"La Direcci\u00f3 General de Professionals Sanitarisva iniciar al setembre del 2018 el F\u00f2rum de Di\u00e0leg Professional en el qual diferents representants dels professionals del sector de la salut, van identificar 17 reptes presents i futurs als quals s&#8217;enfronten els nostres professionals sanitaris. El passat 5 de Novembre va tenir lloc el seu tancament. Al final [&hellip;]","og_url":"https:\/\/ticsalutsocial.atoom.space\/en\/noticia\/conclusions-del-forum-de-dialeg-professional-sobre-competencies-digitals\/","og_site_name":"Fundaci\u00f3 TIC Salut i Social","article_modified_time":"2021-07-21T13:44:32+00:00","og_image":[{"width":1350,"height":900,"url":"https:\/\/ticsalutsocial.atoom.space\/wp-content\/uploads\/2019\/11\/photo-1522865303908-cf456007b41e.jpg","type":"image\/jpeg"}],"twitter_card":"summary_large_image","twitter_misc":{"Est. reading time":"2 minutes"},"schema":{"@context":"https:\/\/schema.org","@graph":[{"@type":"WebPage","@id":"https:\/\/ticsalutsocial.atoom.space\/en\/noticia\/conclusions-del-forum-de-dialeg-professional-sobre-competencies-digitals\/","url":"https:\/\/ticsalutsocial.atoom.space\/en\/noticia\/conclusions-del-forum-de-dialeg-professional-sobre-competencies-digitals\/","name":"Conclusions del F\u00f2rum de Di\u00e0leg Professional sobre compet\u00e8ncies digitals - Fundaci\u00f3 TIC Salut i Social","isPartOf":{"@id":"https:\/\/ticsalutsocial.atoom.space\/en\/#website"},"primaryImageOfPage":{"@id":"https:\/\/ticsalutsocial.atoom.space\/en\/noticia\/conclusions-del-forum-de-dialeg-professional-sobre-competencies-digitals\/#primaryimage"},"image":{"@id":"https:\/\/ticsalutsocial.atoom.space\/en\/noticia\/conclusions-del-forum-de-dialeg-professional-sobre-competencies-digitals\/#primaryimage"},"thumbnailUrl":"https:\/\/ticsalutsocial.atoom.space\/wp-content\/uploads\/2019\/11\/photo-1522865303908-cf456007b41e.jpg","datePublished":"2019-11-14T11:10:03+00:00","dateModified":"2021-07-21T13:44:32+00:00","breadcrumb":{"@id":"https:\/\/ticsalutsocial.atoom.space\/en\/noticia\/conclusions-del-forum-de-dialeg-professional-sobre-competencies-digitals\/#breadcrumb"},"inLanguage":"en-US","potentialAction":[{"@type":"ReadAction","target":["https:\/\/ticsalutsocial.atoom.space\/en\/noticia\/conclusions-del-forum-de-dialeg-professional-sobre-competencies-digitals\/"]}]},{"@type":"ImageObject","inLanguage":"en-US","@id":"https:\/\/ticsalutsocial.atoom.space\/en\/noticia\/conclusions-del-forum-de-dialeg-professional-sobre-competencies-digitals\/#primaryimage","url":"https:\/\/ticsalutsocial.atoom.space\/wp-content\/uploads\/2019\/11\/photo-1522865303908-cf456007b41e.jpg","contentUrl":"https:\/\/ticsalutsocial.atoom.space\/wp-content\/uploads\/2019\/11\/photo-1522865303908-cf456007b41e.jpg","width":1350,"height":900},{"@type":"BreadcrumbList","@id":"https:\/\/ticsalutsocial.atoom.space\/en\/noticia\/conclusions-del-forum-de-dialeg-professional-sobre-competencies-digitals\/#breadcrumb","itemListElement":[{"@type":"ListItem","position":1,"name":"Inici","item":"https:\/\/ticsalutsocial.atoom.space\/en\/"},{"@type":"ListItem","position":2,"name":"Conclusions del F\u00f2rum de Di\u00e0leg Professional sobre compet\u00e8ncies digitals"}]},{"@type":"WebSite","@id":"https:\/\/ticsalutsocial.atoom.space\/en\/#website","url":"https:\/\/ticsalutsocial.atoom.space\/en\/","name":"Fundaci\u00f3 TIC Salut i Social","description":"","potentialAction":[{"@type":"SearchAction","target":{"@type":"EntryPoint","urlTemplate":"https:\/\/ticsalutsocial.atoom.space\/en\/?s={search_term_string}"},"query-input":{"@type":"PropertyValueSpecification","valueRequired":true,"valueName":"search_term_string"}}],"inLanguage":"en-US"}]}},"_links":{"self":[{"href":"https:\/\/ticsalutsocial.atoom.space\/en\/wp-json\/wp\/v2\/noticia\/4235","targetHints":{"allow":["GET"]}}],"collection":[{"href":"https:\/\/ticsalutsocial.atoom.space\/en\/wp-json\/wp\/v2\/noticia"}],"about":[{"href":"https:\/\/ticsalutsocial.atoom.space\/en\/wp-json\/wp\/v2\/types\/noticia"}],"author":[{"embeddable":true,"href":"https:\/\/ticsalutsocial.atoom.space\/en\/wp-json\/wp\/v2\/users\/21"}],"wp:featuredmedia":[{"embeddable":true,"href":"https:\/\/ticsalutsocial.atoom.space\/en\/wp-json\/wp\/v2\/media\/4231"}],"wp:attachment":[{"href":"https:\/\/ticsalutsocial.atoom.space\/en\/wp-json\/wp\/v2\/media?parent=4235"}],"wp:term":[{"taxonomy":"etiqueta","embeddable":true,"href":"https:\/\/ticsalutsocial.atoom.space\/en\/wp-json\/wp\/v2\/etiqueta?post=4235"},{"taxonomy":"tipus","embeddable":true,"href":"https:\/\/ticsalutsocial.atoom.space\/en\/wp-json\/wp\/v2\/tipus?post=4235"},{"taxonomy":"topic","embeddable":true,"href":"https:\/\/ticsalutsocial.atoom.space\/en\/wp-json\/wp\/v2\/topic?post=4235"}],"curies":[{"name":"wp","href":"https:\/\/api.w.org\/{rel}","templated":true}]}}