
{"id":4352,"date":"2020-03-09T13:26:16","date_gmt":"2020-03-09T11:26:16","guid":{"rendered":"https:\/\/ticsalutsocial.atoom.space\/?post_type=noticia&#038;p=4352"},"modified":"2021-07-21T15:45:37","modified_gmt":"2021-07-21T13:45:37","slug":"inforsalud-2020","status":"publish","type":"noticia","link":"https:\/\/ticsalutsocial.atoom.space\/en\/noticia\/inforsalud-2020\/","title":{"rendered":"Inforsalud 2020"},"content":{"rendered":"<div class=\"traductor-textarea form-group\">\n<div class=\"textarea-desti col-xs-12 col-sm-6\">\n<div class=\"form-control second-textarea\">Once again, Madrid receives the INFORSALUD 2020 &#8211; <em>XXIII Congreso National of Inform\u00e1tica of Salud 2020<\/em>, organised by the <em>Sociedad Espa\u00f1ola of Inform\u00e1tica en Salud<\/em> (SEIS), that took placeduring the 3rd, 4th and 5th of March in Madrid, at the the NHCollection Eurobuilding. This congress receives different reports, discussion tables and exposures of experiences at the technological and healthcare areas.<\/div>\n<div><\/div>\n<div class=\"form-control second-textarea\"><strong>\u201cWe have a strategy to learn of the data?\u201d<\/strong><br \/>\nSome of the remarkable reports treated issues like data management. The governance and management models missing bases of normalisation and structuring to take advantage of the potential of it, guaranteeing always some minimum of security and privacy.<strong>\u201cHow we manage the systems of information and the data at health?\u201d<\/strong><br \/>\nIt also took place an interesting debate on shadowed ICT, referring to all those information systems that arise as a response to the innovative healthcare assistance process. The complexity at the management of these systems, the integration, the data protection and the scalability. The challenge to facilitate the innovation through ICT is a reality and something that must be regulated concerning the use of data and platforms for the healthcare systems..<strong>\u201cWhich is the role of the patient at technological innovation?\u201d<\/strong><br \/>\nThe role of the citizen in this new digital transformation paradigm is served. Although every time the innovation and the digital transformation considers the patient as a key point, still exists a big gap of the focus of transformation and dedication of efforts at innovation. The big part of the congressional contents was focused on the improvement enhanced by ICT. The ongoing paradigm of data based healthcare, and backed at the digital tools, requires aholistic aproach that considers the citizen. Not like a merely passive element that gets healthcareattention, but like a proactive actor, a generator of data and keen on his health(and the implications that has his quality of live). The combination of self management tools for the citizen, digital solutions facilitating the professional&#8217;s assistance task, and the definition of healthcare policies with the prevention and promotion of the healthcare as a basic pillars, can be useful to face the society&#8217;s ongoing challenges.<\/div>\n<\/div>\n<\/div>\n<div class=\"traductor-checkbox form-group\">\n<div class=\"row\"><\/div>\n<\/div>\n","protected":false},"author":21,"featured_media":4349,"menu_order":0,"template":"","meta":{"_acf_changed":false,"inline_featured_image":false},"etiqueta":[],"tipus":[],"topic":[120],"class_list":["post-4352","noticia","type-noticia","status-publish","has-post-thumbnail","hentry","topic-dpo"],"acf":{"imatge":4350,"autor":"Jes\u00fas Berd\u00fan"},"yoast_head":"<!-- This site is optimized with the Yoast SEO plugin v27.1.1 - https:\/\/yoast.com\/product\/yoast-seo-wordpress\/ -->\n<title>Inforsalud 2020 - Fundaci\u00f3 TIC Salut i Social<\/title>\n<meta name=\"robots\" content=\"index, follow, max-snippet:-1, max-image-preview:large, max-video-preview:-1\" \/>\n<link rel=\"canonical\" href=\"https:\/\/ticsalutsocial.atoom.space\/en\/noticia\/inforsalud-2020\/\" \/>\n<meta property=\"og:locale\" content=\"en_US\" \/>\n<meta property=\"og:type\" content=\"article\" \/>\n<meta property=\"og:title\" content=\"Inforsalud 2020 - Fundaci\u00f3 TIC Salut i Social\" \/>\n<meta property=\"og:description\" content=\"Once again, Madrid receives the INFORSALUD 2020 &#8211; XXIII Congreso National of Inform\u00e1tica of Salud 2020, organised by the Sociedad Espa\u00f1ola of Inform\u00e1tica en Salud (SEIS), that took placeduring the 3rd, 4th and 5th of March in Madrid, at the the NHCollection Eurobuilding. This congress receives different reports, discussion tables and exposures of experiences at [&hellip;]\" \/>\n<meta property=\"og:url\" content=\"https:\/\/ticsalutsocial.atoom.space\/en\/noticia\/inforsalud-2020\/\" \/>\n<meta property=\"og:site_name\" content=\"Fundaci\u00f3 TIC Salut i Social\" \/>\n<meta property=\"article:modified_time\" content=\"2021-07-21T13:45:37+00:00\" \/>\n<meta property=\"og:image\" content=\"https:\/\/ticsalutsocial.atoom.space\/wp-content\/uploads\/2020\/03\/nasa-hi5dx2obas-unsplash-scaled.jpg\" \/>\n\t<meta property=\"og:image:width\" content=\"2560\" \/>\n\t<meta property=\"og:image:height\" content=\"1231\" \/>\n\t<meta property=\"og:image:type\" content=\"image\/jpeg\" \/>\n<meta name=\"twitter:card\" content=\"summary_large_image\" \/>\n<meta name=\"twitter:label1\" content=\"Est. reading time\" \/>\n\t<meta name=\"twitter:data1\" content=\"2 minutes\" \/>\n<script type=\"application\/ld+json\" class=\"yoast-schema-graph\">{\"@context\":\"https:\/\/schema.org\",\"@graph\":[{\"@type\":\"WebPage\",\"@id\":\"https:\/\/ticsalutsocial.atoom.space\/en\/noticia\/inforsalud-2020\/\",\"url\":\"https:\/\/ticsalutsocial.atoom.space\/en\/noticia\/inforsalud-2020\/\",\"name\":\"Inforsalud 2020 - Fundaci\u00f3 TIC Salut i Social\",\"isPartOf\":{\"@id\":\"https:\/\/ticsalutsocial.atoom.space\/en\/#website\"},\"primaryImageOfPage\":{\"@id\":\"https:\/\/ticsalutsocial.atoom.space\/en\/noticia\/inforsalud-2020\/#primaryimage\"},\"image\":{\"@id\":\"https:\/\/ticsalutsocial.atoom.space\/en\/noticia\/inforsalud-2020\/#primaryimage\"},\"thumbnailUrl\":\"https:\/\/ticsalutsocial.atoom.space\/wp-content\/uploads\/2020\/03\/nasa-hi5dx2obas-unsplash-scaled.jpg\",\"datePublished\":\"2020-03-09T11:26:16+00:00\",\"dateModified\":\"2021-07-21T13:45:37+00:00\",\"breadcrumb\":{\"@id\":\"https:\/\/ticsalutsocial.atoom.space\/en\/noticia\/inforsalud-2020\/#breadcrumb\"},\"inLanguage\":\"en-US\",\"potentialAction\":[{\"@type\":\"ReadAction\",\"target\":[\"https:\/\/ticsalutsocial.atoom.space\/en\/noticia\/inforsalud-2020\/\"]}]},{\"@type\":\"ImageObject\",\"inLanguage\":\"en-US\",\"@id\":\"https:\/\/ticsalutsocial.atoom.space\/en\/noticia\/inforsalud-2020\/#primaryimage\",\"url\":\"https:\/\/ticsalutsocial.atoom.space\/wp-content\/uploads\/2020\/03\/nasa-hi5dx2obas-unsplash-scaled.jpg\",\"contentUrl\":\"https:\/\/ticsalutsocial.atoom.space\/wp-content\/uploads\/2020\/03\/nasa-hi5dx2obas-unsplash-scaled.jpg\",\"width\":2560,\"height\":1231},{\"@type\":\"BreadcrumbList\",\"@id\":\"https:\/\/ticsalutsocial.atoom.space\/en\/noticia\/inforsalud-2020\/#breadcrumb\",\"itemListElement\":[{\"@type\":\"ListItem\",\"position\":1,\"name\":\"Inici\",\"item\":\"https:\/\/ticsalutsocial.atoom.space\/en\/\"},{\"@type\":\"ListItem\",\"position\":2,\"name\":\"Inforsalud 2020\"}]},{\"@type\":\"WebSite\",\"@id\":\"https:\/\/ticsalutsocial.atoom.space\/en\/#website\",\"url\":\"https:\/\/ticsalutsocial.atoom.space\/en\/\",\"name\":\"Fundaci\u00f3 TIC Salut i Social\",\"description\":\"\",\"potentialAction\":[{\"@type\":\"SearchAction\",\"target\":{\"@type\":\"EntryPoint\",\"urlTemplate\":\"https:\/\/ticsalutsocial.atoom.space\/en\/?s={search_term_string}\"},\"query-input\":{\"@type\":\"PropertyValueSpecification\",\"valueRequired\":true,\"valueName\":\"search_term_string\"}}],\"inLanguage\":\"en-US\"}]}<\/script>\n<!-- \/ Yoast SEO plugin. -->","yoast_head_json":{"title":"Inforsalud 2020 - Fundaci\u00f3 TIC Salut i Social","robots":{"index":"index","follow":"follow","max-snippet":"max-snippet:-1","max-image-preview":"max-image-preview:large","max-video-preview":"max-video-preview:-1"},"canonical":"https:\/\/ticsalutsocial.atoom.space\/en\/noticia\/inforsalud-2020\/","og_locale":"en_US","og_type":"article","og_title":"Inforsalud 2020 - Fundaci\u00f3 TIC Salut i Social","og_description":"Once again, Madrid receives the INFORSALUD 2020 &#8211; XXIII Congreso National of Inform\u00e1tica of Salud 2020, organised by the Sociedad Espa\u00f1ola of Inform\u00e1tica en Salud (SEIS), that took placeduring the 3rd, 4th and 5th of March in Madrid, at the the NHCollection Eurobuilding. This congress receives different reports, discussion tables and exposures of experiences at [&hellip;]","og_url":"https:\/\/ticsalutsocial.atoom.space\/en\/noticia\/inforsalud-2020\/","og_site_name":"Fundaci\u00f3 TIC Salut i Social","article_modified_time":"2021-07-21T13:45:37+00:00","og_image":[{"width":2560,"height":1231,"url":"https:\/\/ticsalutsocial.atoom.space\/wp-content\/uploads\/2020\/03\/nasa-hi5dx2obas-unsplash-scaled.jpg","type":"image\/jpeg"}],"twitter_card":"summary_large_image","twitter_misc":{"Est. reading time":"2 minutes"},"schema":{"@context":"https:\/\/schema.org","@graph":[{"@type":"WebPage","@id":"https:\/\/ticsalutsocial.atoom.space\/en\/noticia\/inforsalud-2020\/","url":"https:\/\/ticsalutsocial.atoom.space\/en\/noticia\/inforsalud-2020\/","name":"Inforsalud 2020 - Fundaci\u00f3 TIC Salut i Social","isPartOf":{"@id":"https:\/\/ticsalutsocial.atoom.space\/en\/#website"},"primaryImageOfPage":{"@id":"https:\/\/ticsalutsocial.atoom.space\/en\/noticia\/inforsalud-2020\/#primaryimage"},"image":{"@id":"https:\/\/ticsalutsocial.atoom.space\/en\/noticia\/inforsalud-2020\/#primaryimage"},"thumbnailUrl":"https:\/\/ticsalutsocial.atoom.space\/wp-content\/uploads\/2020\/03\/nasa-hi5dx2obas-unsplash-scaled.jpg","datePublished":"2020-03-09T11:26:16+00:00","dateModified":"2021-07-21T13:45:37+00:00","breadcrumb":{"@id":"https:\/\/ticsalutsocial.atoom.space\/en\/noticia\/inforsalud-2020\/#breadcrumb"},"inLanguage":"en-US","potentialAction":[{"@type":"ReadAction","target":["https:\/\/ticsalutsocial.atoom.space\/en\/noticia\/inforsalud-2020\/"]}]},{"@type":"ImageObject","inLanguage":"en-US","@id":"https:\/\/ticsalutsocial.atoom.space\/en\/noticia\/inforsalud-2020\/#primaryimage","url":"https:\/\/ticsalutsocial.atoom.space\/wp-content\/uploads\/2020\/03\/nasa-hi5dx2obas-unsplash-scaled.jpg","contentUrl":"https:\/\/ticsalutsocial.atoom.space\/wp-content\/uploads\/2020\/03\/nasa-hi5dx2obas-unsplash-scaled.jpg","width":2560,"height":1231},{"@type":"BreadcrumbList","@id":"https:\/\/ticsalutsocial.atoom.space\/en\/noticia\/inforsalud-2020\/#breadcrumb","itemListElement":[{"@type":"ListItem","position":1,"name":"Inici","item":"https:\/\/ticsalutsocial.atoom.space\/en\/"},{"@type":"ListItem","position":2,"name":"Inforsalud 2020"}]},{"@type":"WebSite","@id":"https:\/\/ticsalutsocial.atoom.space\/en\/#website","url":"https:\/\/ticsalutsocial.atoom.space\/en\/","name":"Fundaci\u00f3 TIC Salut i Social","description":"","potentialAction":[{"@type":"SearchAction","target":{"@type":"EntryPoint","urlTemplate":"https:\/\/ticsalutsocial.atoom.space\/en\/?s={search_term_string}"},"query-input":{"@type":"PropertyValueSpecification","valueRequired":true,"valueName":"search_term_string"}}],"inLanguage":"en-US"}]}},"_links":{"self":[{"href":"https:\/\/ticsalutsocial.atoom.space\/en\/wp-json\/wp\/v2\/noticia\/4352","targetHints":{"allow":["GET"]}}],"collection":[{"href":"https:\/\/ticsalutsocial.atoom.space\/en\/wp-json\/wp\/v2\/noticia"}],"about":[{"href":"https:\/\/ticsalutsocial.atoom.space\/en\/wp-json\/wp\/v2\/types\/noticia"}],"author":[{"embeddable":true,"href":"https:\/\/ticsalutsocial.atoom.space\/en\/wp-json\/wp\/v2\/users\/21"}],"wp:featuredmedia":[{"embeddable":true,"href":"https:\/\/ticsalutsocial.atoom.space\/en\/wp-json\/wp\/v2\/media\/4349"}],"wp:attachment":[{"href":"https:\/\/ticsalutsocial.atoom.space\/en\/wp-json\/wp\/v2\/media?parent=4352"}],"wp:term":[{"taxonomy":"etiqueta","embeddable":true,"href":"https:\/\/ticsalutsocial.atoom.space\/en\/wp-json\/wp\/v2\/etiqueta?post=4352"},{"taxonomy":"tipus","embeddable":true,"href":"https:\/\/ticsalutsocial.atoom.space\/en\/wp-json\/wp\/v2\/tipus?post=4352"},{"taxonomy":"topic","embeddable":true,"href":"https:\/\/ticsalutsocial.atoom.space\/en\/wp-json\/wp\/v2\/topic?post=4352"}],"curies":[{"name":"wp","href":"https:\/\/api.w.org\/{rel}","templated":true}]}}