
{"id":4380,"date":"2020-03-22T21:19:23","date_gmt":"2020-03-22T19:19:23","guid":{"rendered":"https:\/\/ticsalutsocial.atoom.space\/?post_type=noticia&#038;p=4380"},"modified":"2021-07-21T15:45:52","modified_gmt":"2021-07-21T13:45:52","slug":"the-first-breather-made-in-3d-in-catalonia-has-been-launched","status":"publish","type":"noticia","link":"https:\/\/ticsalutsocial.atoom.space\/en\/noticia\/the-first-breather-made-in-3d-in-catalonia-has-been-launched\/","title":{"rendered":"The first breather made in 3D in Catalonia has been launched"},"content":{"rendered":"<p>The Zona Franca Consortium of Barcelona, \u200b\u200btogether with the company HP, Leitat and Seat and with the validation of the Health Consortium of Terrassa and the Parc Taul\u00ed Hospital in Sabadell, have developed the first industrialized campaign breather to support hospitals and ICUs in front of the COVID-19 epidemic.<\/p>\n<p>In a press release, the authors of the project said that the functionality of the first designed model has already been tested. One of the advantages of the device is that its production is scalable, &#8220;so that a production capacity of between 50 and 100 units per day can be reached next week.&#8221; The name of the respirator designed is Leitat 1, and they are described as a rugged, useful, low-complexity medical instrument that facilitates their production and assembly. The design was made by Leitat engineer Mag\u00ed Galindo and was medically validated by Llu\u00eds Blanch, director of innovation at Parc Taul\u00ed Hospital and expert in mechanical ventilation.<\/p>\n<p>Production of the respirator will start immediately and in accordance with the pending requirements of the Spanish Medicines Agency. And for its industrial production will have the infrastructure of the Zona Franca Consortium, the production equipment of HP and Seat, as well as the support of the 3D Hub (of DHUB). Airbus and Navantia have joined forces with the alliance to increase production capacity shortly.<\/p>\n<p><img decoding=\"async\" class=\"aligncenter size-large wp-image-22424\" src=\"https:\/\/ticsalutsocial.atoom.space\/wp-content\/uploads\/2020\/03\/fds22xechrhbrokgqyoc6b5jl4-700x394-1.jpg\" alt=\"\" \/><\/p>\n","protected":false},"author":21,"featured_media":6950,"menu_order":0,"template":"","meta":{"_acf_changed":false,"inline_featured_image":false},"etiqueta":[],"tipus":[],"topic":[129],"class_list":["post-4380","noticia","type-noticia","status-publish","has-post-thumbnail","hentry","topic-the-fundation"],"acf":{"imatge":6952,"autor":"Adri\u00e0 G.Font","textos_destacats":[{"texte":"The device was designed by Zona Franca (Barcelona), Seat, HP and Leitat and was validated by the Parc Taul\u00ed Hospital from Sabadell"}]},"yoast_head":"<!-- This site is optimized with the Yoast SEO plugin v27.1.1 - https:\/\/yoast.com\/product\/yoast-seo-wordpress\/ -->\n<title>The first breather made in 3D in Catalonia has been launched - Fundaci\u00f3 TIC Salut i Social<\/title>\n<meta name=\"robots\" content=\"index, follow, max-snippet:-1, max-image-preview:large, max-video-preview:-1\" \/>\n<link rel=\"canonical\" href=\"https:\/\/ticsalutsocial.atoom.space\/en\/noticia\/the-first-breather-made-in-3d-in-catalonia-has-been-launched\/\" \/>\n<meta property=\"og:locale\" content=\"en_US\" \/>\n<meta property=\"og:type\" content=\"article\" \/>\n<meta property=\"og:title\" content=\"The first breather made in 3D in Catalonia has been launched - Fundaci\u00f3 TIC Salut i Social\" \/>\n<meta property=\"og:description\" content=\"The Zona Franca Consortium of Barcelona, \u200b\u200btogether with the company HP, Leitat and Seat and with the validation of the Health Consortium of Terrassa and the Parc Taul\u00ed Hospital in Sabadell, have developed the first industrialized campaign breather to support hospitals and ICUs in front of the COVID-19 epidemic. In a press release, the authors [&hellip;]\" \/>\n<meta property=\"og:url\" content=\"https:\/\/ticsalutsocial.atoom.space\/en\/noticia\/the-first-breather-made-in-3d-in-catalonia-has-been-launched\/\" \/>\n<meta property=\"og:site_name\" content=\"Fundaci\u00f3 TIC Salut i Social\" \/>\n<meta property=\"article:modified_time\" content=\"2021-07-21T13:45:52+00:00\" \/>\n<meta property=\"og:image\" content=\"https:\/\/ticsalutsocial.atoom.space\/wp-content\/uploads\/2020\/03\/zmorph-multitool-3d-printer-ngg01qgp_cy-unsplash-scaled.jpg\" \/>\n\t<meta property=\"og:image:width\" content=\"2560\" \/>\n\t<meta property=\"og:image:height\" content=\"1578\" \/>\n\t<meta property=\"og:image:type\" content=\"image\/jpeg\" \/>\n<meta name=\"twitter:card\" content=\"summary_large_image\" \/>\n<meta name=\"twitter:label1\" content=\"Est. reading time\" \/>\n\t<meta name=\"twitter:data1\" content=\"1 minute\" \/>\n<script type=\"application\/ld+json\" class=\"yoast-schema-graph\">{\"@context\":\"https:\/\/schema.org\",\"@graph\":[{\"@type\":\"WebPage\",\"@id\":\"https:\/\/ticsalutsocial.atoom.space\/en\/noticia\/the-first-breather-made-in-3d-in-catalonia-has-been-launched\/\",\"url\":\"https:\/\/ticsalutsocial.atoom.space\/en\/noticia\/the-first-breather-made-in-3d-in-catalonia-has-been-launched\/\",\"name\":\"The first breather made in 3D in Catalonia has been launched - Fundaci\u00f3 TIC Salut i Social\",\"isPartOf\":{\"@id\":\"https:\/\/ticsalutsocial.atoom.space\/en\/#website\"},\"primaryImageOfPage\":{\"@id\":\"https:\/\/ticsalutsocial.atoom.space\/en\/noticia\/the-first-breather-made-in-3d-in-catalonia-has-been-launched\/#primaryimage\"},\"image\":{\"@id\":\"https:\/\/ticsalutsocial.atoom.space\/en\/noticia\/the-first-breather-made-in-3d-in-catalonia-has-been-launched\/#primaryimage\"},\"thumbnailUrl\":\"https:\/\/ticsalutsocial.atoom.space\/wp-content\/uploads\/2020\/03\/zmorph-multitool-3d-printer-ngg01qgp_cy-unsplash-scaled.jpg\",\"datePublished\":\"2020-03-22T19:19:23+00:00\",\"dateModified\":\"2021-07-21T13:45:52+00:00\",\"breadcrumb\":{\"@id\":\"https:\/\/ticsalutsocial.atoom.space\/en\/noticia\/the-first-breather-made-in-3d-in-catalonia-has-been-launched\/#breadcrumb\"},\"inLanguage\":\"en-US\",\"potentialAction\":[{\"@type\":\"ReadAction\",\"target\":[\"https:\/\/ticsalutsocial.atoom.space\/en\/noticia\/the-first-breather-made-in-3d-in-catalonia-has-been-launched\/\"]}]},{\"@type\":\"ImageObject\",\"inLanguage\":\"en-US\",\"@id\":\"https:\/\/ticsalutsocial.atoom.space\/en\/noticia\/the-first-breather-made-in-3d-in-catalonia-has-been-launched\/#primaryimage\",\"url\":\"https:\/\/ticsalutsocial.atoom.space\/wp-content\/uploads\/2020\/03\/zmorph-multitool-3d-printer-ngg01qgp_cy-unsplash-scaled.jpg\",\"contentUrl\":\"https:\/\/ticsalutsocial.atoom.space\/wp-content\/uploads\/2020\/03\/zmorph-multitool-3d-printer-ngg01qgp_cy-unsplash-scaled.jpg\",\"width\":2560,\"height\":1578},{\"@type\":\"BreadcrumbList\",\"@id\":\"https:\/\/ticsalutsocial.atoom.space\/en\/noticia\/the-first-breather-made-in-3d-in-catalonia-has-been-launched\/#breadcrumb\",\"itemListElement\":[{\"@type\":\"ListItem\",\"position\":1,\"name\":\"Inici\",\"item\":\"https:\/\/ticsalutsocial.atoom.space\/en\/\"},{\"@type\":\"ListItem\",\"position\":2,\"name\":\"The first breather made in 3D in Catalonia has been launched\"}]},{\"@type\":\"WebSite\",\"@id\":\"https:\/\/ticsalutsocial.atoom.space\/en\/#website\",\"url\":\"https:\/\/ticsalutsocial.atoom.space\/en\/\",\"name\":\"Fundaci\u00f3 TIC Salut i Social\",\"description\":\"\",\"potentialAction\":[{\"@type\":\"SearchAction\",\"target\":{\"@type\":\"EntryPoint\",\"urlTemplate\":\"https:\/\/ticsalutsocial.atoom.space\/en\/?s={search_term_string}\"},\"query-input\":{\"@type\":\"PropertyValueSpecification\",\"valueRequired\":true,\"valueName\":\"search_term_string\"}}],\"inLanguage\":\"en-US\"}]}<\/script>\n<!-- \/ Yoast SEO plugin. -->","yoast_head_json":{"title":"The first breather made in 3D in Catalonia has been launched - Fundaci\u00f3 TIC Salut i Social","robots":{"index":"index","follow":"follow","max-snippet":"max-snippet:-1","max-image-preview":"max-image-preview:large","max-video-preview":"max-video-preview:-1"},"canonical":"https:\/\/ticsalutsocial.atoom.space\/en\/noticia\/the-first-breather-made-in-3d-in-catalonia-has-been-launched\/","og_locale":"en_US","og_type":"article","og_title":"The first breather made in 3D in Catalonia has been launched - Fundaci\u00f3 TIC Salut i Social","og_description":"The Zona Franca Consortium of Barcelona, \u200b\u200btogether with the company HP, Leitat and Seat and with the validation of the Health Consortium of Terrassa and the Parc Taul\u00ed Hospital in Sabadell, have developed the first industrialized campaign breather to support hospitals and ICUs in front of the COVID-19 epidemic. In a press release, the authors [&hellip;]","og_url":"https:\/\/ticsalutsocial.atoom.space\/en\/noticia\/the-first-breather-made-in-3d-in-catalonia-has-been-launched\/","og_site_name":"Fundaci\u00f3 TIC Salut i Social","article_modified_time":"2021-07-21T13:45:52+00:00","og_image":[{"width":2560,"height":1578,"url":"https:\/\/ticsalutsocial.atoom.space\/wp-content\/uploads\/2020\/03\/zmorph-multitool-3d-printer-ngg01qgp_cy-unsplash-scaled.jpg","type":"image\/jpeg"}],"twitter_card":"summary_large_image","twitter_misc":{"Est. reading time":"1 minute"},"schema":{"@context":"https:\/\/schema.org","@graph":[{"@type":"WebPage","@id":"https:\/\/ticsalutsocial.atoom.space\/en\/noticia\/the-first-breather-made-in-3d-in-catalonia-has-been-launched\/","url":"https:\/\/ticsalutsocial.atoom.space\/en\/noticia\/the-first-breather-made-in-3d-in-catalonia-has-been-launched\/","name":"The first breather made in 3D in Catalonia has been launched - Fundaci\u00f3 TIC Salut i Social","isPartOf":{"@id":"https:\/\/ticsalutsocial.atoom.space\/en\/#website"},"primaryImageOfPage":{"@id":"https:\/\/ticsalutsocial.atoom.space\/en\/noticia\/the-first-breather-made-in-3d-in-catalonia-has-been-launched\/#primaryimage"},"image":{"@id":"https:\/\/ticsalutsocial.atoom.space\/en\/noticia\/the-first-breather-made-in-3d-in-catalonia-has-been-launched\/#primaryimage"},"thumbnailUrl":"https:\/\/ticsalutsocial.atoom.space\/wp-content\/uploads\/2020\/03\/zmorph-multitool-3d-printer-ngg01qgp_cy-unsplash-scaled.jpg","datePublished":"2020-03-22T19:19:23+00:00","dateModified":"2021-07-21T13:45:52+00:00","breadcrumb":{"@id":"https:\/\/ticsalutsocial.atoom.space\/en\/noticia\/the-first-breather-made-in-3d-in-catalonia-has-been-launched\/#breadcrumb"},"inLanguage":"en-US","potentialAction":[{"@type":"ReadAction","target":["https:\/\/ticsalutsocial.atoom.space\/en\/noticia\/the-first-breather-made-in-3d-in-catalonia-has-been-launched\/"]}]},{"@type":"ImageObject","inLanguage":"en-US","@id":"https:\/\/ticsalutsocial.atoom.space\/en\/noticia\/the-first-breather-made-in-3d-in-catalonia-has-been-launched\/#primaryimage","url":"https:\/\/ticsalutsocial.atoom.space\/wp-content\/uploads\/2020\/03\/zmorph-multitool-3d-printer-ngg01qgp_cy-unsplash-scaled.jpg","contentUrl":"https:\/\/ticsalutsocial.atoom.space\/wp-content\/uploads\/2020\/03\/zmorph-multitool-3d-printer-ngg01qgp_cy-unsplash-scaled.jpg","width":2560,"height":1578},{"@type":"BreadcrumbList","@id":"https:\/\/ticsalutsocial.atoom.space\/en\/noticia\/the-first-breather-made-in-3d-in-catalonia-has-been-launched\/#breadcrumb","itemListElement":[{"@type":"ListItem","position":1,"name":"Inici","item":"https:\/\/ticsalutsocial.atoom.space\/en\/"},{"@type":"ListItem","position":2,"name":"The first breather made in 3D in Catalonia has been launched"}]},{"@type":"WebSite","@id":"https:\/\/ticsalutsocial.atoom.space\/en\/#website","url":"https:\/\/ticsalutsocial.atoom.space\/en\/","name":"Fundaci\u00f3 TIC Salut i Social","description":"","potentialAction":[{"@type":"SearchAction","target":{"@type":"EntryPoint","urlTemplate":"https:\/\/ticsalutsocial.atoom.space\/en\/?s={search_term_string}"},"query-input":{"@type":"PropertyValueSpecification","valueRequired":true,"valueName":"search_term_string"}}],"inLanguage":"en-US"}]}},"_links":{"self":[{"href":"https:\/\/ticsalutsocial.atoom.space\/en\/wp-json\/wp\/v2\/noticia\/4380","targetHints":{"allow":["GET"]}}],"collection":[{"href":"https:\/\/ticsalutsocial.atoom.space\/en\/wp-json\/wp\/v2\/noticia"}],"about":[{"href":"https:\/\/ticsalutsocial.atoom.space\/en\/wp-json\/wp\/v2\/types\/noticia"}],"author":[{"embeddable":true,"href":"https:\/\/ticsalutsocial.atoom.space\/en\/wp-json\/wp\/v2\/users\/21"}],"wp:featuredmedia":[{"embeddable":true,"href":"https:\/\/ticsalutsocial.atoom.space\/en\/wp-json\/wp\/v2\/media\/6950"}],"wp:attachment":[{"href":"https:\/\/ticsalutsocial.atoom.space\/en\/wp-json\/wp\/v2\/media?parent=4380"}],"wp:term":[{"taxonomy":"etiqueta","embeddable":true,"href":"https:\/\/ticsalutsocial.atoom.space\/en\/wp-json\/wp\/v2\/etiqueta?post=4380"},{"taxonomy":"tipus","embeddable":true,"href":"https:\/\/ticsalutsocial.atoom.space\/en\/wp-json\/wp\/v2\/tipus?post=4380"},{"taxonomy":"topic","embeddable":true,"href":"https:\/\/ticsalutsocial.atoom.space\/en\/wp-json\/wp\/v2\/topic?post=4380"}],"curies":[{"name":"wp","href":"https:\/\/api.w.org\/{rel}","templated":true}]}}