
{"id":4430,"date":"2020-04-07T15:33:45","date_gmt":"2020-04-07T13:33:45","guid":{"rendered":"https:\/\/ticsalutsocial.atoom.space\/?post_type=noticia&#038;p=4430"},"modified":"2021-07-21T15:46:27","modified_gmt":"2021-07-21T13:46:27","slug":"urgent-update-data-protection-and-the-state-of-alarm","status":"publish","type":"noticia","link":"https:\/\/ticsalutsocial.atoom.space\/en\/noticia\/urgent-update-data-protection-and-the-state-of-alarm\/","title":{"rendered":"Urgent update: data protection and the state of alarm"},"content":{"rendered":"<p>It incorporates the interpretative criteria of:<\/p>\n<p>&nbsp;<\/p>\n<ul>\n<li>The <em>Agencia Espa\u00f1ola de Protecci\u00f3n de Datos <\/em>[Data Protection Spanish Agency], at the website communication\u00a0<em>Notificaci\u00f3n de brechas de seguridad de los datos personales durante el estado de alarma\u00a0<\/em>de 2 d\u2019abril de 2020 [Security leaks&#8217; notification of personal data during the state of alarm].<\/li>\n<\/ul>\n<p>&nbsp;<\/p>\n<ul>\n<li>The Juridical Cabinet of Catalan Government in\u00a0<em>Nota sobre l\u2019aplicaci\u00f3 de les disposicions addicionals tercera i quarta del Reial decret 463\/2020,<\/em>[Note about the entry on force of the third and fourth additional disposals of the Royal Decree 463\/2020, of March 14th]<em>, <\/em>for what it is declared the state of alarm for the management of the situation of sanitary crisis realted to the COVID-19.<\/li>\n<\/ul>\n<p>&nbsp;<\/p>\n<p>The COVID-19&#8217;s sanitary crisis and the pandemia&#8217;s fast spread evolution has given place to the state of alarm by means of the Royal Decree 463\/2020, of March 14th.<br \/>\nThe state of alarm is one of the three states of emergency foreseen at the article 116 of the Spanish Constitution, together with the state of exception and the state of siege. This regulation is included in the Organic Law 4\/1981, of \u00a0June 1st.<br \/>\nAccording to the article 4.b) of the Organic Law 4\/1981, of \u00a0June 1st, the Government can declare the state of alarm across the entire or part of the national territory, when it is produces a severe alteration of the normality owed to sanitary crisis such the epidemics.<br \/>\nThe Royal Decree 463\/2020, of March 14th, establishes the adoption of several procedures with an initial length of 15 natural days that has been already lengthened by the Government until the 00:00 of the day 12th of April by regulations of the RoyalDecree 476\/2020, of March 27th.<\/p>\n<p>One of the areas that this adoption has impact is the public administration for what the Royal Decree foresees the suspension and stoppage of the terms for the processing of the procedures of the entities of the public sector.<br \/>\nThe computation will restart at the moment that miss force the Royal Decree or its extensions.<\/p>\n<p>El Reial decret considera entitats del sector p\u00fablic les seg\u00fcents:<\/p>\n<p>The Royal decree considers a public sector entity the following ones:<\/p>\n<p>a) Any public organism and entity of public right public linked to the public administration.<\/p>\n<p>&nbsp;<\/p>\n<p>b) Private right entities linked to the public administration.<\/p>\n<p>&nbsp;<\/p>\n<p>c)\u00a0Public universities.<\/p>\n<h3><\/h3>\n<h3>Notification of security violation to the officer authority<\/h3>\n<p>&nbsp;<\/p>\n<p>The article 33 GDPR foresees a term of 72 hours for the notification to controller authority of security violations or leaks of personal data that constitute a risk for the rightss and the liberties of the people. If the notification is not produced in a term of 72 hours, it has to detail the reason of delay.<br \/>\nThe Data Protectoin Spanish Agency released a communication on April the 2nd considering the suspension of terms foreseen in the third additional willingness of the Royal Decree 463\/2020 does not affect at the debenture to notify the rapes of security that affect at personal data. Of chord with this, the managers and attendants of treatment, at fulfillment of the article 33 RGPD, are obliged to notify at the authority of control at the term of 72 hours, the rapes of security of the personal data that constitute a risk for the royalties and the liberties of the physical persons, without damage that at case of not having at this term of all the necessary information, can later magnify it by means of an additional notification.<br \/>\nLikewise, the managers have to take the necessary sizes that are necessary to eschew grave damages at the royalties and liberties of the persons affected by the violation, including, if escau, the communication of a rape of the security of the personal data at the interested foreseen at the article 34 RGPD, when the rape suppose a tall risk for the royalties and liberties of the interested.<\/p>\n<p>&nbsp;<\/p>\n<h3><strong>References<\/strong><\/h3>\n<p>AEPD. (2020). [Online]: <em>Notificaci\u00f3n de brechas de seguridad de los datos personales durante el estado de alarma.<\/em>\u00a0Extret el 7 d&#8217;abril de 2020 de <a href=\"https:\/\/www.aepd.es\/es\/prensa-y-comunicacion\/blog\/notificacion-de-brechas-deseguridad-de-los-datos-personales-durante-el\" target=\"_blank\" rel=\"noopener noreferrer\">https:\/\/www.aepd.es\/es\/prensa-y-comunicacion\/blog\/notificacion-de-brechas-deseguridad-de-los-datos-personales-durante-el<\/a><br \/>\nDepartament de la Presid\u00e8ncia. (2020). [Online]: <em>Instruccions i informes jur\u00eddics en relaci\u00f3 a la situaci\u00f3 generada pel COVID-19. Extret el 7 d&#8217;abril de 2020 de <a href=\"https:\/\/presidencia.gencat.cat\/ca\/ambits_d_actuacio\/organs-consultius\/gabinet_juridic\/instruccions-i-informes-juridics-covid-19\/\" target=\"_blank\" rel=\"noopener noreferrer\">\u00a0<\/a><\/em>https:\/\/presidencia.gencat.cat\/ca\/ambits_d_actuacio\/organsconsultius\/gabinet_juridic\/instruccions-i-informes-juridics-covid-19\/<\/p>\n<p>&nbsp;<\/p>\n","protected":false},"author":21,"featured_media":6955,"menu_order":0,"template":"","meta":{"_acf_changed":false,"inline_featured_image":false},"etiqueta":[],"tipus":[107],"topic":[112],"class_list":["post-4430","noticia","type-noticia","status-publish","has-post-thumbnail","hentry","tipus-dpd-health","topic-digital-transformation"],"acf":{"imatge":6957,"autor":"TIC Salut Social","textos_destacats":[{"texte":"Terms for the notification of security violation"}]},"yoast_head":"<!-- This site is optimized with the Yoast SEO plugin v27.1.1 - https:\/\/yoast.com\/product\/yoast-seo-wordpress\/ -->\n<title>Urgent update: data protection and the state of alarm - Fundaci\u00f3 TIC Salut i Social<\/title>\n<meta name=\"robots\" content=\"index, follow, max-snippet:-1, max-image-preview:large, max-video-preview:-1\" \/>\n<link rel=\"canonical\" href=\"https:\/\/ticsalutsocial.atoom.space\/en\/noticia\/urgent-update-data-protection-and-the-state-of-alarm\/\" \/>\n<meta property=\"og:locale\" content=\"en_US\" \/>\n<meta property=\"og:type\" content=\"article\" \/>\n<meta property=\"og:title\" content=\"Urgent update: data protection and the state of alarm - Fundaci\u00f3 TIC Salut i Social\" \/>\n<meta property=\"og:description\" content=\"It incorporates the interpretative criteria of: &nbsp; The Agencia Espa\u00f1ola de Protecci\u00f3n de Datos [Data Protection Spanish Agency], at the website communication\u00a0Notificaci\u00f3n de brechas de seguridad de los datos personales durante el estado de alarma\u00a0de 2 d\u2019abril de 2020 [Security leaks&#8217; notification of personal data during the state of alarm]. &nbsp; The Juridical Cabinet of [&hellip;]\" \/>\n<meta property=\"og:url\" content=\"https:\/\/ticsalutsocial.atoom.space\/en\/noticia\/urgent-update-data-protection-and-the-state-of-alarm\/\" \/>\n<meta property=\"og:site_name\" content=\"Fundaci\u00f3 TIC Salut i Social\" \/>\n<meta property=\"article:modified_time\" content=\"2021-07-21T13:46:27+00:00\" \/>\n<meta property=\"og:image\" content=\"https:\/\/ticsalutsocial.atoom.space\/wp-content\/uploads\/2020\/04\/adam-niescioruk-z9arfr0f248-unsplash-scaled.jpg\" \/>\n\t<meta property=\"og:image:width\" content=\"2560\" \/>\n\t<meta property=\"og:image:height\" content=\"1920\" \/>\n\t<meta property=\"og:image:type\" content=\"image\/jpeg\" \/>\n<meta name=\"twitter:card\" content=\"summary_large_image\" \/>\n<meta name=\"twitter:label1\" content=\"Est. reading time\" \/>\n\t<meta name=\"twitter:data1\" content=\"4 minutes\" \/>\n<script type=\"application\/ld+json\" class=\"yoast-schema-graph\">{\"@context\":\"https:\/\/schema.org\",\"@graph\":[{\"@type\":\"WebPage\",\"@id\":\"https:\/\/ticsalutsocial.atoom.space\/en\/noticia\/urgent-update-data-protection-and-the-state-of-alarm\/\",\"url\":\"https:\/\/ticsalutsocial.atoom.space\/en\/noticia\/urgent-update-data-protection-and-the-state-of-alarm\/\",\"name\":\"Urgent update: data protection and the state of alarm - Fundaci\u00f3 TIC Salut i Social\",\"isPartOf\":{\"@id\":\"https:\/\/ticsalutsocial.atoom.space\/en\/#website\"},\"primaryImageOfPage\":{\"@id\":\"https:\/\/ticsalutsocial.atoom.space\/en\/noticia\/urgent-update-data-protection-and-the-state-of-alarm\/#primaryimage\"},\"image\":{\"@id\":\"https:\/\/ticsalutsocial.atoom.space\/en\/noticia\/urgent-update-data-protection-and-the-state-of-alarm\/#primaryimage\"},\"thumbnailUrl\":\"https:\/\/ticsalutsocial.atoom.space\/wp-content\/uploads\/2020\/04\/adam-niescioruk-z9arfr0f248-unsplash-scaled.jpg\",\"datePublished\":\"2020-04-07T13:33:45+00:00\",\"dateModified\":\"2021-07-21T13:46:27+00:00\",\"breadcrumb\":{\"@id\":\"https:\/\/ticsalutsocial.atoom.space\/en\/noticia\/urgent-update-data-protection-and-the-state-of-alarm\/#breadcrumb\"},\"inLanguage\":\"en-US\",\"potentialAction\":[{\"@type\":\"ReadAction\",\"target\":[\"https:\/\/ticsalutsocial.atoom.space\/en\/noticia\/urgent-update-data-protection-and-the-state-of-alarm\/\"]}]},{\"@type\":\"ImageObject\",\"inLanguage\":\"en-US\",\"@id\":\"https:\/\/ticsalutsocial.atoom.space\/en\/noticia\/urgent-update-data-protection-and-the-state-of-alarm\/#primaryimage\",\"url\":\"https:\/\/ticsalutsocial.atoom.space\/wp-content\/uploads\/2020\/04\/adam-niescioruk-z9arfr0f248-unsplash-scaled.jpg\",\"contentUrl\":\"https:\/\/ticsalutsocial.atoom.space\/wp-content\/uploads\/2020\/04\/adam-niescioruk-z9arfr0f248-unsplash-scaled.jpg\",\"width\":2560,\"height\":1920},{\"@type\":\"BreadcrumbList\",\"@id\":\"https:\/\/ticsalutsocial.atoom.space\/en\/noticia\/urgent-update-data-protection-and-the-state-of-alarm\/#breadcrumb\",\"itemListElement\":[{\"@type\":\"ListItem\",\"position\":1,\"name\":\"Inici\",\"item\":\"https:\/\/ticsalutsocial.atoom.space\/en\/\"},{\"@type\":\"ListItem\",\"position\":2,\"name\":\"Urgent update: data protection and the state of alarm\"}]},{\"@type\":\"WebSite\",\"@id\":\"https:\/\/ticsalutsocial.atoom.space\/en\/#website\",\"url\":\"https:\/\/ticsalutsocial.atoom.space\/en\/\",\"name\":\"Fundaci\u00f3 TIC Salut i Social\",\"description\":\"\",\"potentialAction\":[{\"@type\":\"SearchAction\",\"target\":{\"@type\":\"EntryPoint\",\"urlTemplate\":\"https:\/\/ticsalutsocial.atoom.space\/en\/?s={search_term_string}\"},\"query-input\":{\"@type\":\"PropertyValueSpecification\",\"valueRequired\":true,\"valueName\":\"search_term_string\"}}],\"inLanguage\":\"en-US\"}]}<\/script>\n<!-- \/ Yoast SEO plugin. -->","yoast_head_json":{"title":"Urgent update: data protection and the state of alarm - Fundaci\u00f3 TIC Salut i Social","robots":{"index":"index","follow":"follow","max-snippet":"max-snippet:-1","max-image-preview":"max-image-preview:large","max-video-preview":"max-video-preview:-1"},"canonical":"https:\/\/ticsalutsocial.atoom.space\/en\/noticia\/urgent-update-data-protection-and-the-state-of-alarm\/","og_locale":"en_US","og_type":"article","og_title":"Urgent update: data protection and the state of alarm - Fundaci\u00f3 TIC Salut i Social","og_description":"It incorporates the interpretative criteria of: &nbsp; The Agencia Espa\u00f1ola de Protecci\u00f3n de Datos [Data Protection Spanish Agency], at the website communication\u00a0Notificaci\u00f3n de brechas de seguridad de los datos personales durante el estado de alarma\u00a0de 2 d\u2019abril de 2020 [Security leaks&#8217; notification of personal data during the state of alarm]. &nbsp; The Juridical Cabinet of [&hellip;]","og_url":"https:\/\/ticsalutsocial.atoom.space\/en\/noticia\/urgent-update-data-protection-and-the-state-of-alarm\/","og_site_name":"Fundaci\u00f3 TIC Salut i Social","article_modified_time":"2021-07-21T13:46:27+00:00","og_image":[{"width":2560,"height":1920,"url":"https:\/\/ticsalutsocial.atoom.space\/wp-content\/uploads\/2020\/04\/adam-niescioruk-z9arfr0f248-unsplash-scaled.jpg","type":"image\/jpeg"}],"twitter_card":"summary_large_image","twitter_misc":{"Est. reading time":"4 minutes"},"schema":{"@context":"https:\/\/schema.org","@graph":[{"@type":"WebPage","@id":"https:\/\/ticsalutsocial.atoom.space\/en\/noticia\/urgent-update-data-protection-and-the-state-of-alarm\/","url":"https:\/\/ticsalutsocial.atoom.space\/en\/noticia\/urgent-update-data-protection-and-the-state-of-alarm\/","name":"Urgent update: data protection and the state of alarm - Fundaci\u00f3 TIC Salut i Social","isPartOf":{"@id":"https:\/\/ticsalutsocial.atoom.space\/en\/#website"},"primaryImageOfPage":{"@id":"https:\/\/ticsalutsocial.atoom.space\/en\/noticia\/urgent-update-data-protection-and-the-state-of-alarm\/#primaryimage"},"image":{"@id":"https:\/\/ticsalutsocial.atoom.space\/en\/noticia\/urgent-update-data-protection-and-the-state-of-alarm\/#primaryimage"},"thumbnailUrl":"https:\/\/ticsalutsocial.atoom.space\/wp-content\/uploads\/2020\/04\/adam-niescioruk-z9arfr0f248-unsplash-scaled.jpg","datePublished":"2020-04-07T13:33:45+00:00","dateModified":"2021-07-21T13:46:27+00:00","breadcrumb":{"@id":"https:\/\/ticsalutsocial.atoom.space\/en\/noticia\/urgent-update-data-protection-and-the-state-of-alarm\/#breadcrumb"},"inLanguage":"en-US","potentialAction":[{"@type":"ReadAction","target":["https:\/\/ticsalutsocial.atoom.space\/en\/noticia\/urgent-update-data-protection-and-the-state-of-alarm\/"]}]},{"@type":"ImageObject","inLanguage":"en-US","@id":"https:\/\/ticsalutsocial.atoom.space\/en\/noticia\/urgent-update-data-protection-and-the-state-of-alarm\/#primaryimage","url":"https:\/\/ticsalutsocial.atoom.space\/wp-content\/uploads\/2020\/04\/adam-niescioruk-z9arfr0f248-unsplash-scaled.jpg","contentUrl":"https:\/\/ticsalutsocial.atoom.space\/wp-content\/uploads\/2020\/04\/adam-niescioruk-z9arfr0f248-unsplash-scaled.jpg","width":2560,"height":1920},{"@type":"BreadcrumbList","@id":"https:\/\/ticsalutsocial.atoom.space\/en\/noticia\/urgent-update-data-protection-and-the-state-of-alarm\/#breadcrumb","itemListElement":[{"@type":"ListItem","position":1,"name":"Inici","item":"https:\/\/ticsalutsocial.atoom.space\/en\/"},{"@type":"ListItem","position":2,"name":"Urgent update: data protection and the state of alarm"}]},{"@type":"WebSite","@id":"https:\/\/ticsalutsocial.atoom.space\/en\/#website","url":"https:\/\/ticsalutsocial.atoom.space\/en\/","name":"Fundaci\u00f3 TIC Salut i Social","description":"","potentialAction":[{"@type":"SearchAction","target":{"@type":"EntryPoint","urlTemplate":"https:\/\/ticsalutsocial.atoom.space\/en\/?s={search_term_string}"},"query-input":{"@type":"PropertyValueSpecification","valueRequired":true,"valueName":"search_term_string"}}],"inLanguage":"en-US"}]}},"_links":{"self":[{"href":"https:\/\/ticsalutsocial.atoom.space\/en\/wp-json\/wp\/v2\/noticia\/4430","targetHints":{"allow":["GET"]}}],"collection":[{"href":"https:\/\/ticsalutsocial.atoom.space\/en\/wp-json\/wp\/v2\/noticia"}],"about":[{"href":"https:\/\/ticsalutsocial.atoom.space\/en\/wp-json\/wp\/v2\/types\/noticia"}],"author":[{"embeddable":true,"href":"https:\/\/ticsalutsocial.atoom.space\/en\/wp-json\/wp\/v2\/users\/21"}],"wp:featuredmedia":[{"embeddable":true,"href":"https:\/\/ticsalutsocial.atoom.space\/en\/wp-json\/wp\/v2\/media\/6955"}],"wp:attachment":[{"href":"https:\/\/ticsalutsocial.atoom.space\/en\/wp-json\/wp\/v2\/media?parent=4430"}],"wp:term":[{"taxonomy":"etiqueta","embeddable":true,"href":"https:\/\/ticsalutsocial.atoom.space\/en\/wp-json\/wp\/v2\/etiqueta?post=4430"},{"taxonomy":"tipus","embeddable":true,"href":"https:\/\/ticsalutsocial.atoom.space\/en\/wp-json\/wp\/v2\/tipus?post=4430"},{"taxonomy":"topic","embeddable":true,"href":"https:\/\/ticsalutsocial.atoom.space\/en\/wp-json\/wp\/v2\/topic?post=4430"}],"curies":[{"name":"wp","href":"https:\/\/api.w.org\/{rel}","templated":true}]}}