
{"id":4487,"date":"2020-04-30T10:54:43","date_gmt":"2020-04-30T08:54:43","guid":{"rendered":"https:\/\/ticsalutsocial.atoom.space\/?post_type=noticia&#038;p=4487"},"modified":"2021-07-21T15:46:58","modified_gmt":"2021-07-21T13:46:58","slug":"tic-salut-social-participates-in-the-x-ehealth-project-with-european-funding","status":"publish","type":"noticia","link":"https:\/\/ticsalutsocial.atoom.space\/en\/noticia\/tic-salut-social-participates-in-the-x-ehealth-project-with-european-funding\/","title":{"rendered":"TIC Salut Social participates in the x-eHealth project with European funding"},"content":{"rendered":"<p>The x-eHealth project is a strategic project for eHealth in the European Union coordinated by Servi\u00e7os Partilhados do Minist\u00e9rio da Sa\u00fade from Portugal. This project, which has the commitment of 47 actors within the Health sector -among which are numerous Health Departments from European countries and entities such as HL7 and IHE Europe- has the main objective of establishing the bases to achieve the exchange of data from health between countries in an effective, interoperable and safe way in order to promote progress towards models based on eHealth.<\/p>\n<blockquote>\n<h3>x-eHealth seeks to establish the bases to achieve the exchange of health data between countries in an effective, interoperable and safe manner in a way that favors the advance towards models based on eHealth.<\/h3>\n<\/blockquote>\n<p>With the aim of promoting Digital transformation in Europe in a fast and sustainable way, this Cooperation and Support Action is based on previous work on the ePrescription and the Patient Summary, and aims to establish the basis for the sharing of medical images, discharge forms, laboratory results and rare diseases. This will advance the creation of a common European interoperability space for data sharing.<\/p>\n<p>The <em>Fundaci\u00f3 TIC Salut Social<\/em> is currently leading the CEF Telecom project for the deployment of the ePrescription and Patient Summary at the European level initiated in EPSOS projects. x-eHealth, then, aims to establish the bases of what will be the continuity of these projects at a strategic level.<\/p>\n<p>Within the project, <em>TIC Salut Social<\/em> will participate in:<\/p>\n<ul>\n<li>Definition of the roadmap for the identification of new domains and use cases that should be included in the European Electronic Health Record Exchange Format (EEHRxF). These actions will be aligned with the developments that are being carried out in the different countries (CEF project) and in Mapping the challenges at the regional level of the EEHRxF and the state of development in each area.<\/li>\n<li>Development of functional specifications, guidelines and frameworks for the exchange of information and laboratory reports based on SNOMED and LOINC; the exchange of medical imaging information, taking into account national standardization activities (DICOM, HL7 IPS) and the exchange of information on discharge reports based on the current Patient Sumary.<\/li>\n<li>Definition of the technical specifications for the exchange of information on laboratory results, medical imaging, discharge reports and rare diseases in Patient Summary.<\/li>\n<li>Definition of the integration strategy and technical architecture.<\/li>\n<\/ul>\n<p>The x-eHealth project is framed within topic SC1-HCC-07-2020 Support for European eHealth Interoperability roadmap for deployment of Horizon 2020 and will receive total funding of around 3M euros.<\/p>\n","protected":false},"author":21,"featured_media":4483,"menu_order":0,"template":"","meta":{"_acf_changed":false,"inline_featured_image":false},"etiqueta":[],"tipus":[],"topic":[129],"class_list":["post-4487","noticia","type-noticia","status-publish","has-post-thumbnail","hentry","topic-the-fundation"],"acf":{"imatge":4484,"autor":"Carla Alvarez"},"yoast_head":"<!-- This site is optimized with the Yoast SEO plugin v27.1.1 - https:\/\/yoast.com\/product\/yoast-seo-wordpress\/ -->\n<title>TIC Salut Social participates in the x-eHealth project with European funding - Fundaci\u00f3 TIC Salut i Social<\/title>\n<meta name=\"robots\" content=\"index, follow, max-snippet:-1, max-image-preview:large, max-video-preview:-1\" \/>\n<link rel=\"canonical\" href=\"https:\/\/ticsalutsocial.atoom.space\/en\/noticia\/tic-salut-social-participates-in-the-x-ehealth-project-with-european-funding\/\" \/>\n<meta property=\"og:locale\" content=\"en_US\" \/>\n<meta property=\"og:type\" content=\"article\" \/>\n<meta property=\"og:title\" content=\"TIC Salut Social participates in the x-eHealth project with European funding - Fundaci\u00f3 TIC Salut i Social\" \/>\n<meta property=\"og:description\" content=\"The x-eHealth project is a strategic project for eHealth in the European Union coordinated by Servi\u00e7os Partilhados do Minist\u00e9rio da Sa\u00fade from Portugal. This project, which has the commitment of 47 actors within the Health sector -among which are numerous Health Departments from European countries and entities such as HL7 and IHE Europe- has the [&hellip;]\" \/>\n<meta property=\"og:url\" content=\"https:\/\/ticsalutsocial.atoom.space\/en\/noticia\/tic-salut-social-participates-in-the-x-ehealth-project-with-european-funding\/\" \/>\n<meta property=\"og:site_name\" content=\"Fundaci\u00f3 TIC Salut i Social\" \/>\n<meta property=\"article:modified_time\" content=\"2021-07-21T13:46:58+00:00\" \/>\n<meta property=\"og:image\" content=\"https:\/\/ticsalutsocial.atoom.space\/wp-content\/uploads\/2020\/04\/photo-1473625247510-8ceb1760943f.jpg\" \/>\n\t<meta property=\"og:image:width\" content=\"699\" \/>\n\t<meta property=\"og:image:height\" content=\"500\" \/>\n\t<meta property=\"og:image:type\" content=\"image\/jpeg\" \/>\n<meta name=\"twitter:card\" content=\"summary_large_image\" \/>\n<meta name=\"twitter:label1\" content=\"Est. reading time\" \/>\n\t<meta name=\"twitter:data1\" content=\"2 minutes\" \/>\n<script type=\"application\/ld+json\" class=\"yoast-schema-graph\">{\"@context\":\"https:\/\/schema.org\",\"@graph\":[{\"@type\":\"WebPage\",\"@id\":\"https:\/\/ticsalutsocial.atoom.space\/en\/noticia\/tic-salut-social-participates-in-the-x-ehealth-project-with-european-funding\/\",\"url\":\"https:\/\/ticsalutsocial.atoom.space\/en\/noticia\/tic-salut-social-participates-in-the-x-ehealth-project-with-european-funding\/\",\"name\":\"TIC Salut Social participates in the x-eHealth project with European funding - Fundaci\u00f3 TIC Salut i Social\",\"isPartOf\":{\"@id\":\"https:\/\/ticsalutsocial.atoom.space\/en\/#website\"},\"primaryImageOfPage\":{\"@id\":\"https:\/\/ticsalutsocial.atoom.space\/en\/noticia\/tic-salut-social-participates-in-the-x-ehealth-project-with-european-funding\/#primaryimage\"},\"image\":{\"@id\":\"https:\/\/ticsalutsocial.atoom.space\/en\/noticia\/tic-salut-social-participates-in-the-x-ehealth-project-with-european-funding\/#primaryimage\"},\"thumbnailUrl\":\"https:\/\/ticsalutsocial.atoom.space\/wp-content\/uploads\/2020\/04\/photo-1473625247510-8ceb1760943f.jpg\",\"datePublished\":\"2020-04-30T08:54:43+00:00\",\"dateModified\":\"2021-07-21T13:46:58+00:00\",\"breadcrumb\":{\"@id\":\"https:\/\/ticsalutsocial.atoom.space\/en\/noticia\/tic-salut-social-participates-in-the-x-ehealth-project-with-european-funding\/#breadcrumb\"},\"inLanguage\":\"en-US\",\"potentialAction\":[{\"@type\":\"ReadAction\",\"target\":[\"https:\/\/ticsalutsocial.atoom.space\/en\/noticia\/tic-salut-social-participates-in-the-x-ehealth-project-with-european-funding\/\"]}]},{\"@type\":\"ImageObject\",\"inLanguage\":\"en-US\",\"@id\":\"https:\/\/ticsalutsocial.atoom.space\/en\/noticia\/tic-salut-social-participates-in-the-x-ehealth-project-with-european-funding\/#primaryimage\",\"url\":\"https:\/\/ticsalutsocial.atoom.space\/wp-content\/uploads\/2020\/04\/photo-1473625247510-8ceb1760943f.jpg\",\"contentUrl\":\"https:\/\/ticsalutsocial.atoom.space\/wp-content\/uploads\/2020\/04\/photo-1473625247510-8ceb1760943f.jpg\",\"width\":699,\"height\":500},{\"@type\":\"BreadcrumbList\",\"@id\":\"https:\/\/ticsalutsocial.atoom.space\/en\/noticia\/tic-salut-social-participates-in-the-x-ehealth-project-with-european-funding\/#breadcrumb\",\"itemListElement\":[{\"@type\":\"ListItem\",\"position\":1,\"name\":\"Inici\",\"item\":\"https:\/\/ticsalutsocial.atoom.space\/en\/\"},{\"@type\":\"ListItem\",\"position\":2,\"name\":\"TIC Salut Social participates in the x-eHealth project with European funding\"}]},{\"@type\":\"WebSite\",\"@id\":\"https:\/\/ticsalutsocial.atoom.space\/en\/#website\",\"url\":\"https:\/\/ticsalutsocial.atoom.space\/en\/\",\"name\":\"Fundaci\u00f3 TIC Salut i Social\",\"description\":\"\",\"potentialAction\":[{\"@type\":\"SearchAction\",\"target\":{\"@type\":\"EntryPoint\",\"urlTemplate\":\"https:\/\/ticsalutsocial.atoom.space\/en\/?s={search_term_string}\"},\"query-input\":{\"@type\":\"PropertyValueSpecification\",\"valueRequired\":true,\"valueName\":\"search_term_string\"}}],\"inLanguage\":\"en-US\"}]}<\/script>\n<!-- \/ Yoast SEO plugin. -->","yoast_head_json":{"title":"TIC Salut Social participates in the x-eHealth project with European funding - Fundaci\u00f3 TIC Salut i Social","robots":{"index":"index","follow":"follow","max-snippet":"max-snippet:-1","max-image-preview":"max-image-preview:large","max-video-preview":"max-video-preview:-1"},"canonical":"https:\/\/ticsalutsocial.atoom.space\/en\/noticia\/tic-salut-social-participates-in-the-x-ehealth-project-with-european-funding\/","og_locale":"en_US","og_type":"article","og_title":"TIC Salut Social participates in the x-eHealth project with European funding - Fundaci\u00f3 TIC Salut i Social","og_description":"The x-eHealth project is a strategic project for eHealth in the European Union coordinated by Servi\u00e7os Partilhados do Minist\u00e9rio da Sa\u00fade from Portugal. This project, which has the commitment of 47 actors within the Health sector -among which are numerous Health Departments from European countries and entities such as HL7 and IHE Europe- has the [&hellip;]","og_url":"https:\/\/ticsalutsocial.atoom.space\/en\/noticia\/tic-salut-social-participates-in-the-x-ehealth-project-with-european-funding\/","og_site_name":"Fundaci\u00f3 TIC Salut i Social","article_modified_time":"2021-07-21T13:46:58+00:00","og_image":[{"width":699,"height":500,"url":"https:\/\/ticsalutsocial.atoom.space\/wp-content\/uploads\/2020\/04\/photo-1473625247510-8ceb1760943f.jpg","type":"image\/jpeg"}],"twitter_card":"summary_large_image","twitter_misc":{"Est. reading time":"2 minutes"},"schema":{"@context":"https:\/\/schema.org","@graph":[{"@type":"WebPage","@id":"https:\/\/ticsalutsocial.atoom.space\/en\/noticia\/tic-salut-social-participates-in-the-x-ehealth-project-with-european-funding\/","url":"https:\/\/ticsalutsocial.atoom.space\/en\/noticia\/tic-salut-social-participates-in-the-x-ehealth-project-with-european-funding\/","name":"TIC Salut Social participates in the x-eHealth project with European funding - Fundaci\u00f3 TIC Salut i Social","isPartOf":{"@id":"https:\/\/ticsalutsocial.atoom.space\/en\/#website"},"primaryImageOfPage":{"@id":"https:\/\/ticsalutsocial.atoom.space\/en\/noticia\/tic-salut-social-participates-in-the-x-ehealth-project-with-european-funding\/#primaryimage"},"image":{"@id":"https:\/\/ticsalutsocial.atoom.space\/en\/noticia\/tic-salut-social-participates-in-the-x-ehealth-project-with-european-funding\/#primaryimage"},"thumbnailUrl":"https:\/\/ticsalutsocial.atoom.space\/wp-content\/uploads\/2020\/04\/photo-1473625247510-8ceb1760943f.jpg","datePublished":"2020-04-30T08:54:43+00:00","dateModified":"2021-07-21T13:46:58+00:00","breadcrumb":{"@id":"https:\/\/ticsalutsocial.atoom.space\/en\/noticia\/tic-salut-social-participates-in-the-x-ehealth-project-with-european-funding\/#breadcrumb"},"inLanguage":"en-US","potentialAction":[{"@type":"ReadAction","target":["https:\/\/ticsalutsocial.atoom.space\/en\/noticia\/tic-salut-social-participates-in-the-x-ehealth-project-with-european-funding\/"]}]},{"@type":"ImageObject","inLanguage":"en-US","@id":"https:\/\/ticsalutsocial.atoom.space\/en\/noticia\/tic-salut-social-participates-in-the-x-ehealth-project-with-european-funding\/#primaryimage","url":"https:\/\/ticsalutsocial.atoom.space\/wp-content\/uploads\/2020\/04\/photo-1473625247510-8ceb1760943f.jpg","contentUrl":"https:\/\/ticsalutsocial.atoom.space\/wp-content\/uploads\/2020\/04\/photo-1473625247510-8ceb1760943f.jpg","width":699,"height":500},{"@type":"BreadcrumbList","@id":"https:\/\/ticsalutsocial.atoom.space\/en\/noticia\/tic-salut-social-participates-in-the-x-ehealth-project-with-european-funding\/#breadcrumb","itemListElement":[{"@type":"ListItem","position":1,"name":"Inici","item":"https:\/\/ticsalutsocial.atoom.space\/en\/"},{"@type":"ListItem","position":2,"name":"TIC Salut Social participates in the x-eHealth project with European funding"}]},{"@type":"WebSite","@id":"https:\/\/ticsalutsocial.atoom.space\/en\/#website","url":"https:\/\/ticsalutsocial.atoom.space\/en\/","name":"Fundaci\u00f3 TIC Salut i Social","description":"","potentialAction":[{"@type":"SearchAction","target":{"@type":"EntryPoint","urlTemplate":"https:\/\/ticsalutsocial.atoom.space\/en\/?s={search_term_string}"},"query-input":{"@type":"PropertyValueSpecification","valueRequired":true,"valueName":"search_term_string"}}],"inLanguage":"en-US"}]}},"_links":{"self":[{"href":"https:\/\/ticsalutsocial.atoom.space\/en\/wp-json\/wp\/v2\/noticia\/4487","targetHints":{"allow":["GET"]}}],"collection":[{"href":"https:\/\/ticsalutsocial.atoom.space\/en\/wp-json\/wp\/v2\/noticia"}],"about":[{"href":"https:\/\/ticsalutsocial.atoom.space\/en\/wp-json\/wp\/v2\/types\/noticia"}],"author":[{"embeddable":true,"href":"https:\/\/ticsalutsocial.atoom.space\/en\/wp-json\/wp\/v2\/users\/21"}],"wp:featuredmedia":[{"embeddable":true,"href":"https:\/\/ticsalutsocial.atoom.space\/en\/wp-json\/wp\/v2\/media\/4483"}],"wp:attachment":[{"href":"https:\/\/ticsalutsocial.atoom.space\/en\/wp-json\/wp\/v2\/media?parent=4487"}],"wp:term":[{"taxonomy":"etiqueta","embeddable":true,"href":"https:\/\/ticsalutsocial.atoom.space\/en\/wp-json\/wp\/v2\/etiqueta?post=4487"},{"taxonomy":"tipus","embeddable":true,"href":"https:\/\/ticsalutsocial.atoom.space\/en\/wp-json\/wp\/v2\/tipus?post=4487"},{"taxonomy":"topic","embeddable":true,"href":"https:\/\/ticsalutsocial.atoom.space\/en\/wp-json\/wp\/v2\/topic?post=4487"}],"curies":[{"name":"wp","href":"https:\/\/api.w.org\/{rel}","templated":true}]}}