
{"id":4493,"date":"2020-05-04T10:38:07","date_gmt":"2020-05-04T08:38:07","guid":{"rendered":"https:\/\/ticsalutsocial.atoom.space\/?post_type=noticia&#038;p=4493"},"modified":"2021-07-21T15:47:01","modified_gmt":"2021-07-21T13:47:01","slug":"telemedicine-during-the-covid-19-days-the-catalan-public-healthcare-systems-evolution-of-primary-healthcare-model","status":"publish","type":"noticia","link":"https:\/\/ticsalutsocial.atoom.space\/en\/noticia\/telemedicine-during-the-covid-19-days-the-catalan-public-healthcare-systems-evolution-of-primary-healthcare-model\/","title":{"rendered":"Telemedicine during the COVID-19 days: the Catalan Public Healthcare System&#8217;s evolution of Primary Healthcare model"},"content":{"rendered":"<p>The <em>eConsulta<\/em> (electronic and remote clinical consultarion) it is as an asynchronous teleconsultation integrated into the eCap (clinical workstation), the most widely spread Electronic Helathcare Record across de Primary Healthcare service from the Catalan Public Healthcare System. Its deployment started from 2015 to 2017 when the entire territory was covered and supplied on behalf of Primary Healthcare teamworks <em>[1]<\/em>: nowadays it enables a combination of Primary Care speciallity doctor&#8217;s presential service. The <em>eConsulta<\/em> it is one of the availiable services gathered into the <em>La Meva Salut<\/em> (My Heath) personal data healthcare folder. This tool is useful since 2009 to permit the access of citizenship to their own clinical information, ask doubts or questions to their care professionals or digitally manage specific paperwork. This interface, logged in through a safety authentication process, allows to choose which professional to address yout consultations, to attach documents and saving previous interactions with the system. Since the deplyment of both tools, <em>eConsulta<\/em> and <em>La Meva Salut,<\/em> users and technology have increased becoming an engine for digital transformation for Primary Care during the last decade<em>.<\/em><\/p>\n<blockquote><p><strong>The <em>eConsulta<\/em> and the <em>LMS<\/em> have increased becoming an engine for digital transformation for Primary Care during the last decade<em>.<\/em><\/strong><\/p><\/blockquote>\n<p><span data-contrast=\"auto\">Just as their European colleagues,\u00a0<strong>the state of alarm has forced to the Catalan Healthcare System to speed up the digital transformation of its centres <\/strong><\/span><span data-contrast=\"auto\"><em>[3]<\/em>: the confinement determined by the government beacause of the risk of COVID-19 spread during the regular development presential care services has chabged radically all activities and the Primary Care assistance model eorienting it to a telematic mode (<strong>telephone, teleconsultation and videoconference<\/strong>) not only to the COVID-19 affected patients but to the entire citizenship. We present some of the following adapted measures.<\/span><\/p>\n<p><span data-contrast=\"auto\">Firstly, furthered improvements adjusting the already existent services&#8217; access: the use of <em>eConsulta<\/em> has been activated for the total amunt of care professionals equalising amount of face-to-face services. <em>La Meva Salut<\/em> has entered into force increasing the total amount of logged non presential. The rate of citizens has surpassed the half million during the last month. As a result, the number of daily eConsultations during the first confinement month has increased five times the regualr average. Nevertheless, the most significant increase is the telephonic attention.<\/span><\/p>\n<blockquote><p><strong>The number of daily eConsultations during the first confinement month has increased five times the regualr average.<\/strong><\/p><\/blockquote>\n<p><span data-contrast=\"auto\">On the other hand, other service&#8217;s functionalities have also increased. Medication plans or other administrative tasks<\/span><span data-contrast=\"auto\"> have been substituted by a telematic mode.\u00a0 <\/span><\/p>\n<p><span data-contrast=\"auto\">Finally, new tools have been deployed. The information systems logins by care professionals or the videoconsultation. This pademia has been the trigger to all these services already existing but shown now as s\u2019han <\/span><b><span data-contrast=\"auto\">desplegat noves eines\u00a0<\/span><\/b><span data-contrast=\"auto\">com l\u2019acc\u00e9s als sistemes d\u2019informaci\u00f3 dels professionals sanitaris de manera remota\u00a0 i la videoconsulta (servei molt ben rebut tant pels professionals com pels pacients). La crisi sanit\u00e0ria ha estat un catalitzador per tots aquests serveis, que s\u2019estan mostrant indispensable to any modern heathcare system.<\/span><\/p>\n<div id=\"attachment_22857\" style=\"width: 710px\" class=\"wp-caption aligncenter\"><img loading=\"lazy\" decoding=\"async\" aria-describedby=\"caption-attachment-22857\" class=\"wp-image-22857 size-large\" src=\"https:\/\/ticsalutsocial.atoom.space\/wp-content\/uploads\/2020\/05\/imagen1-700x640-1.jpg\" alt=\"\" width=\"700\" height=\"640\" \/><p id=\"caption-attachment-22857\" class=\"wp-caption-text\">Daily presential assistance services before and during the pandemia. 9T: Phone calls; 9C: Presencial service; 9Ec: eConsultations. FONT: SISAP<\/p><\/div>\n<p>&nbsp;<\/p>\n<p><span data-contrast=\"auto\">COVID-19 it will have evidenced the resilience of the Catalan public Healthcare System at the readapting itself to a digital healthcare model enabling a fast reaction to strike back the pandemic and softening sanitary emergency. Once the crisis would be over, it will be necessary to analyse every single tool deployed during this stage and attend to the lessons learned and consider the healtcare professionals as the true heroes who made it possible.\u00a0<\/span><\/p>\n<p><strong>REFERENCES\u00a0<\/strong><\/p>\n<p><span data-ccp-props=\"{&quot;201341983&quot;:0,&quot;335559740&quot;:276}\">\u00a0<\/span><i><span data-contrast=\"auto\">[1]\u00a0<\/span><\/i><i><span data-contrast=\"auto\">Solans Fern\u00e1ndez O, Lopez Segu\u00ed F, Vidal-Alaball J, Bonet Simo JM, Hernandez Vian O, Roig Cabo P, Carrasco Hernandez M, Olmos Dominguez C, Alzaga Reig X, D\u00edaz Rodr\u00edguez Y, Medina Peralta M, Hermosilla E, Mart\u00ednez Le\u00f3n N, Gimferrer N, Abizanda Gonz\u00e1lez M, Garc\u00eda Cuy\u00e0s F, P\u00e9rez Sust P. Primary Care Doctor Characteristics That Determine the Use of Teleconsultations in the Catalan Public Health System: Retrospective Descriptive Cross-Sectional Study. JMIR Med Inform\u00a0<\/span><\/i><i><span data-contrast=\"auto\">(<\/span><\/i><i><span data-contrast=\"auto\">2020<\/span><\/i><i><span data-contrast=\"auto\">)<\/span><\/i><i><span data-contrast=\"auto\">.<\/span><\/i><span data-ccp-props=\"{&quot;201341983&quot;:0,&quot;335551550&quot;:6,&quot;335551620&quot;:6,&quot;335559740&quot;:276}\">\u00a0<\/span><\/p>\n<p><span data-ccp-props=\"{&quot;201341983&quot;:0,&quot;335551550&quot;:6,&quot;335551620&quot;:6,&quot;335559740&quot;:276}\">\u00a0<\/span><i><span data-contrast=\"auto\">[2] L\u00f3pez Segu\u00ed F,\u00a0Walsh\u00a0S, Solans O,\u00a0Adroher\u00a0Mas C,\u00a0Ferraro\u00a0G, Garc\u00eda-Alt\u00e9s A, Garc\u00eda\u00a0Cuy\u00e0s\u00a0F, Salvador Carulla L, Vidal-Alaball\u00a0J.\u00a0Teleconsultation\u00a0Between\u00a0Patients\u00a0and\u00a0Healthcare\u00a0Professionals in\u00a0the\u00a0Catalan\u00a0Primary\u00a0Care\u00a0Service:\u00a0Descriptive\u00a0Analysis\u00a0through\u00a0Message\u00a0Annotation\u00a0in a\u00a0Retrospective\u00a0Cross-Sectional\u00a0Study. JMIR\u00a0Preprints. (2020)<\/span><\/i><i><span data-contrast=\"auto\">.<\/span><\/i><span data-ccp-props=\"{&quot;201341983&quot;:0,&quot;335551550&quot;:6,&quot;335551620&quot;:6,&quot;335559740&quot;:276}\">\u00a0<\/span><\/p>\n<p><i><span data-contrast=\"none\">[3]\u00a0Mehrotra,\u00a0Ateev, et al. &#8220;Rapidly\u00a0Converting\u00a0to \u201cVirtual\u00a0Practices\u201d:\u00a0Outpatient\u00a0Care\u00a0in\u00a0the\u00a0Era of Covid-19.&#8221; NEJM\u00a0Catalyst\u00a0Innovations\u00a0in\u00a0Care\u00a0Delivery\u00a01.2 (2020).<\/span><\/i><span data-ccp-props=\"{&quot;201341983&quot;:0,&quot;335559740&quot;:276}\">\u00a0<\/span><\/p>\n","protected":false},"author":21,"featured_media":4489,"menu_order":0,"template":"","meta":{"_acf_changed":false,"inline_featured_image":false},"etiqueta":[],"tipus":[],"topic":[129],"class_list":["post-4493","noticia","type-noticia","status-publish","has-post-thumbnail","hentry","topic-the-fundation"],"acf":{"imatge":4490,"autor":"Oscar Solans"},"yoast_head":"<!-- This site is optimized with the Yoast SEO plugin v27.1.1 - https:\/\/yoast.com\/product\/yoast-seo-wordpress\/ -->\n<title>Telemedicine during the COVID-19 days: the Catalan Public Healthcare System&#039;s evolution of Primary Healthcare model - Fundaci\u00f3 TIC Salut i Social<\/title>\n<meta name=\"robots\" content=\"index, follow, max-snippet:-1, max-image-preview:large, max-video-preview:-1\" \/>\n<link rel=\"canonical\" href=\"https:\/\/ticsalutsocial.atoom.space\/en\/noticia\/telemedicine-during-the-covid-19-days-the-catalan-public-healthcare-systems-evolution-of-primary-healthcare-model\/\" \/>\n<meta property=\"og:locale\" content=\"en_US\" \/>\n<meta property=\"og:type\" content=\"article\" \/>\n<meta property=\"og:title\" content=\"Telemedicine during the COVID-19 days: the Catalan Public Healthcare System&#039;s evolution of Primary Healthcare model - Fundaci\u00f3 TIC Salut i Social\" \/>\n<meta property=\"og:description\" content=\"The eConsulta (electronic and remote clinical consultarion) it is as an asynchronous teleconsultation integrated into the eCap (clinical workstation), the most widely spread Electronic Helathcare Record across de Primary Healthcare service from the Catalan Public Healthcare System. Its deployment started from 2015 to 2017 when the entire territory was covered and supplied on behalf of [&hellip;]\" \/>\n<meta property=\"og:url\" content=\"https:\/\/ticsalutsocial.atoom.space\/en\/noticia\/telemedicine-during-the-covid-19-days-the-catalan-public-healthcare-systems-evolution-of-primary-healthcare-model\/\" \/>\n<meta property=\"og:site_name\" content=\"Fundaci\u00f3 TIC Salut i Social\" \/>\n<meta property=\"article:modified_time\" content=\"2021-07-21T13:47:01+00:00\" \/>\n<meta property=\"og:image\" content=\"https:\/\/ticsalutsocial.atoom.space\/wp-content\/uploads\/2020\/05\/photo-1585718230596-412f26a829a4.jpg\" \/>\n\t<meta property=\"og:image:width\" content=\"750\" \/>\n\t<meta property=\"og:image:height\" content=\"500\" \/>\n\t<meta property=\"og:image:type\" content=\"image\/jpeg\" \/>\n<meta name=\"twitter:card\" content=\"summary_large_image\" \/>\n<meta name=\"twitter:label1\" content=\"Est. reading time\" \/>\n\t<meta name=\"twitter:data1\" content=\"4 minutes\" \/>\n<script type=\"application\/ld+json\" class=\"yoast-schema-graph\">{\"@context\":\"https:\/\/schema.org\",\"@graph\":[{\"@type\":\"WebPage\",\"@id\":\"https:\/\/ticsalutsocial.atoom.space\/en\/noticia\/telemedicine-during-the-covid-19-days-the-catalan-public-healthcare-systems-evolution-of-primary-healthcare-model\/\",\"url\":\"https:\/\/ticsalutsocial.atoom.space\/en\/noticia\/telemedicine-during-the-covid-19-days-the-catalan-public-healthcare-systems-evolution-of-primary-healthcare-model\/\",\"name\":\"Telemedicine during the COVID-19 days: the Catalan Public Healthcare System's evolution of Primary Healthcare model - Fundaci\u00f3 TIC Salut i Social\",\"isPartOf\":{\"@id\":\"https:\/\/ticsalutsocial.atoom.space\/en\/#website\"},\"primaryImageOfPage\":{\"@id\":\"https:\/\/ticsalutsocial.atoom.space\/en\/noticia\/telemedicine-during-the-covid-19-days-the-catalan-public-healthcare-systems-evolution-of-primary-healthcare-model\/#primaryimage\"},\"image\":{\"@id\":\"https:\/\/ticsalutsocial.atoom.space\/en\/noticia\/telemedicine-during-the-covid-19-days-the-catalan-public-healthcare-systems-evolution-of-primary-healthcare-model\/#primaryimage\"},\"thumbnailUrl\":\"https:\/\/ticsalutsocial.atoom.space\/wp-content\/uploads\/2020\/05\/photo-1585718230596-412f26a829a4.jpg\",\"datePublished\":\"2020-05-04T08:38:07+00:00\",\"dateModified\":\"2021-07-21T13:47:01+00:00\",\"breadcrumb\":{\"@id\":\"https:\/\/ticsalutsocial.atoom.space\/en\/noticia\/telemedicine-during-the-covid-19-days-the-catalan-public-healthcare-systems-evolution-of-primary-healthcare-model\/#breadcrumb\"},\"inLanguage\":\"en-US\",\"potentialAction\":[{\"@type\":\"ReadAction\",\"target\":[\"https:\/\/ticsalutsocial.atoom.space\/en\/noticia\/telemedicine-during-the-covid-19-days-the-catalan-public-healthcare-systems-evolution-of-primary-healthcare-model\/\"]}]},{\"@type\":\"ImageObject\",\"inLanguage\":\"en-US\",\"@id\":\"https:\/\/ticsalutsocial.atoom.space\/en\/noticia\/telemedicine-during-the-covid-19-days-the-catalan-public-healthcare-systems-evolution-of-primary-healthcare-model\/#primaryimage\",\"url\":\"https:\/\/ticsalutsocial.atoom.space\/wp-content\/uploads\/2020\/05\/photo-1585718230596-412f26a829a4.jpg\",\"contentUrl\":\"https:\/\/ticsalutsocial.atoom.space\/wp-content\/uploads\/2020\/05\/photo-1585718230596-412f26a829a4.jpg\",\"width\":750,\"height\":500},{\"@type\":\"BreadcrumbList\",\"@id\":\"https:\/\/ticsalutsocial.atoom.space\/en\/noticia\/telemedicine-during-the-covid-19-days-the-catalan-public-healthcare-systems-evolution-of-primary-healthcare-model\/#breadcrumb\",\"itemListElement\":[{\"@type\":\"ListItem\",\"position\":1,\"name\":\"Inici\",\"item\":\"https:\/\/ticsalutsocial.atoom.space\/en\/\"},{\"@type\":\"ListItem\",\"position\":2,\"name\":\"Telemedicine during the COVID-19 days: the Catalan Public Healthcare System&#8217;s evolution of Primary Healthcare model\"}]},{\"@type\":\"WebSite\",\"@id\":\"https:\/\/ticsalutsocial.atoom.space\/en\/#website\",\"url\":\"https:\/\/ticsalutsocial.atoom.space\/en\/\",\"name\":\"Fundaci\u00f3 TIC Salut i Social\",\"description\":\"\",\"potentialAction\":[{\"@type\":\"SearchAction\",\"target\":{\"@type\":\"EntryPoint\",\"urlTemplate\":\"https:\/\/ticsalutsocial.atoom.space\/en\/?s={search_term_string}\"},\"query-input\":{\"@type\":\"PropertyValueSpecification\",\"valueRequired\":true,\"valueName\":\"search_term_string\"}}],\"inLanguage\":\"en-US\"}]}<\/script>\n<!-- \/ Yoast SEO plugin. -->","yoast_head_json":{"title":"Telemedicine during the COVID-19 days: the Catalan Public Healthcare System's evolution of Primary Healthcare model - Fundaci\u00f3 TIC Salut i Social","robots":{"index":"index","follow":"follow","max-snippet":"max-snippet:-1","max-image-preview":"max-image-preview:large","max-video-preview":"max-video-preview:-1"},"canonical":"https:\/\/ticsalutsocial.atoom.space\/en\/noticia\/telemedicine-during-the-covid-19-days-the-catalan-public-healthcare-systems-evolution-of-primary-healthcare-model\/","og_locale":"en_US","og_type":"article","og_title":"Telemedicine during the COVID-19 days: the Catalan Public Healthcare System's evolution of Primary Healthcare model - Fundaci\u00f3 TIC Salut i Social","og_description":"The eConsulta (electronic and remote clinical consultarion) it is as an asynchronous teleconsultation integrated into the eCap (clinical workstation), the most widely spread Electronic Helathcare Record across de Primary Healthcare service from the Catalan Public Healthcare System. Its deployment started from 2015 to 2017 when the entire territory was covered and supplied on behalf of [&hellip;]","og_url":"https:\/\/ticsalutsocial.atoom.space\/en\/noticia\/telemedicine-during-the-covid-19-days-the-catalan-public-healthcare-systems-evolution-of-primary-healthcare-model\/","og_site_name":"Fundaci\u00f3 TIC Salut i Social","article_modified_time":"2021-07-21T13:47:01+00:00","og_image":[{"width":750,"height":500,"url":"https:\/\/ticsalutsocial.atoom.space\/wp-content\/uploads\/2020\/05\/photo-1585718230596-412f26a829a4.jpg","type":"image\/jpeg"}],"twitter_card":"summary_large_image","twitter_misc":{"Est. reading time":"4 minutes"},"schema":{"@context":"https:\/\/schema.org","@graph":[{"@type":"WebPage","@id":"https:\/\/ticsalutsocial.atoom.space\/en\/noticia\/telemedicine-during-the-covid-19-days-the-catalan-public-healthcare-systems-evolution-of-primary-healthcare-model\/","url":"https:\/\/ticsalutsocial.atoom.space\/en\/noticia\/telemedicine-during-the-covid-19-days-the-catalan-public-healthcare-systems-evolution-of-primary-healthcare-model\/","name":"Telemedicine during the COVID-19 days: the Catalan Public Healthcare System's evolution of Primary Healthcare model - Fundaci\u00f3 TIC Salut i Social","isPartOf":{"@id":"https:\/\/ticsalutsocial.atoom.space\/en\/#website"},"primaryImageOfPage":{"@id":"https:\/\/ticsalutsocial.atoom.space\/en\/noticia\/telemedicine-during-the-covid-19-days-the-catalan-public-healthcare-systems-evolution-of-primary-healthcare-model\/#primaryimage"},"image":{"@id":"https:\/\/ticsalutsocial.atoom.space\/en\/noticia\/telemedicine-during-the-covid-19-days-the-catalan-public-healthcare-systems-evolution-of-primary-healthcare-model\/#primaryimage"},"thumbnailUrl":"https:\/\/ticsalutsocial.atoom.space\/wp-content\/uploads\/2020\/05\/photo-1585718230596-412f26a829a4.jpg","datePublished":"2020-05-04T08:38:07+00:00","dateModified":"2021-07-21T13:47:01+00:00","breadcrumb":{"@id":"https:\/\/ticsalutsocial.atoom.space\/en\/noticia\/telemedicine-during-the-covid-19-days-the-catalan-public-healthcare-systems-evolution-of-primary-healthcare-model\/#breadcrumb"},"inLanguage":"en-US","potentialAction":[{"@type":"ReadAction","target":["https:\/\/ticsalutsocial.atoom.space\/en\/noticia\/telemedicine-during-the-covid-19-days-the-catalan-public-healthcare-systems-evolution-of-primary-healthcare-model\/"]}]},{"@type":"ImageObject","inLanguage":"en-US","@id":"https:\/\/ticsalutsocial.atoom.space\/en\/noticia\/telemedicine-during-the-covid-19-days-the-catalan-public-healthcare-systems-evolution-of-primary-healthcare-model\/#primaryimage","url":"https:\/\/ticsalutsocial.atoom.space\/wp-content\/uploads\/2020\/05\/photo-1585718230596-412f26a829a4.jpg","contentUrl":"https:\/\/ticsalutsocial.atoom.space\/wp-content\/uploads\/2020\/05\/photo-1585718230596-412f26a829a4.jpg","width":750,"height":500},{"@type":"BreadcrumbList","@id":"https:\/\/ticsalutsocial.atoom.space\/en\/noticia\/telemedicine-during-the-covid-19-days-the-catalan-public-healthcare-systems-evolution-of-primary-healthcare-model\/#breadcrumb","itemListElement":[{"@type":"ListItem","position":1,"name":"Inici","item":"https:\/\/ticsalutsocial.atoom.space\/en\/"},{"@type":"ListItem","position":2,"name":"Telemedicine during the COVID-19 days: the Catalan Public Healthcare System&#8217;s evolution of Primary Healthcare model"}]},{"@type":"WebSite","@id":"https:\/\/ticsalutsocial.atoom.space\/en\/#website","url":"https:\/\/ticsalutsocial.atoom.space\/en\/","name":"Fundaci\u00f3 TIC Salut i Social","description":"","potentialAction":[{"@type":"SearchAction","target":{"@type":"EntryPoint","urlTemplate":"https:\/\/ticsalutsocial.atoom.space\/en\/?s={search_term_string}"},"query-input":{"@type":"PropertyValueSpecification","valueRequired":true,"valueName":"search_term_string"}}],"inLanguage":"en-US"}]}},"_links":{"self":[{"href":"https:\/\/ticsalutsocial.atoom.space\/en\/wp-json\/wp\/v2\/noticia\/4493","targetHints":{"allow":["GET"]}}],"collection":[{"href":"https:\/\/ticsalutsocial.atoom.space\/en\/wp-json\/wp\/v2\/noticia"}],"about":[{"href":"https:\/\/ticsalutsocial.atoom.space\/en\/wp-json\/wp\/v2\/types\/noticia"}],"author":[{"embeddable":true,"href":"https:\/\/ticsalutsocial.atoom.space\/en\/wp-json\/wp\/v2\/users\/21"}],"wp:featuredmedia":[{"embeddable":true,"href":"https:\/\/ticsalutsocial.atoom.space\/en\/wp-json\/wp\/v2\/media\/4489"}],"wp:attachment":[{"href":"https:\/\/ticsalutsocial.atoom.space\/en\/wp-json\/wp\/v2\/media?parent=4493"}],"wp:term":[{"taxonomy":"etiqueta","embeddable":true,"href":"https:\/\/ticsalutsocial.atoom.space\/en\/wp-json\/wp\/v2\/etiqueta?post=4493"},{"taxonomy":"tipus","embeddable":true,"href":"https:\/\/ticsalutsocial.atoom.space\/en\/wp-json\/wp\/v2\/tipus?post=4493"},{"taxonomy":"topic","embeddable":true,"href":"https:\/\/ticsalutsocial.atoom.space\/en\/wp-json\/wp\/v2\/topic?post=4493"}],"curies":[{"name":"wp","href":"https:\/\/api.w.org\/{rel}","templated":true}]}}