
{"id":1085,"date":"2018-02-12T16:42:11","date_gmt":"2018-02-12T14:42:11","guid":{"rendered":"https:\/\/ticsalutsocial.atoom.space\/?post_type=noticia&#038;p=1085"},"modified":"2021-07-21T15:24:17","modified_gmt":"2021-07-21T13:24:17","slug":"tecnologias-exponenciales-aplicadas-en-el-diagnostico-para-la-imagen","status":"publish","type":"noticia","link":"https:\/\/ticsalutsocial.atoom.space\/es\/noticia\/tecnologias-exponenciales-aplicadas-en-el-diagnostico-para-la-imagen\/","title":{"rendered":"Tecnolog\u00edas exponenciales aplicadas en el diagn\u00f3stico para la imagen"},"content":{"rendered":"<p><strong>&#8211; Con los nuevos sistemas de gesti\u00f3n en la nube, \u00bfqu\u00e9 perspectivas de innovaci\u00f3n se\u00a0abren en el trabajo con imagen m\u00e9dica digital?<\/strong><\/p>\n<p>Desde hace tiempo en nuestro mundo o\u00edmos hablar de las soluciones <em>cloud<\/em> y desde el punto de vista tecnol\u00f3gico se usan en muchos campos. Es cierto que en el nuestro tambi\u00e9n va entrando poco a poco.<\/p>\n<p>Con el concepto de <em>cloud<\/em> que hay en el Consejo de Infraestructura a nosotros nos interesa porque lo vemos relativamente, aunque como usuario final no. El concepto de plataforma como servicio dentro de la terminolog\u00eda <em>cloud<\/em>, tampoco.<\/p>\n<p>Nos empezamos aproximar a nuestro campo con el software como servicio. Es aqu\u00ed, comparando con la forma en que trabaj\u00e1bamos hace unos a\u00f1os -con aplicativos instalados en los ordenadores- donde la posibilidad de utilizar aplicativos en el <em>cloud<\/em> y pagar por el servicio teniendo la \u00faltima tecnolog\u00eda resulta realmente atractivo.<\/p>\n<p><strong>&#8211; \u00bfConsidera que esto podr\u00eda aportar nuevos procesos de diagn\u00f3stico de imagen digital basados \u200b\u200ben servicios que actualmente no trabajan?<\/strong><\/p>\n<p>La posibilidad de poder utilizar software en <em>cloud<\/em> para que sea m\u00e1s accesible ya nos posibilita utilizar t\u00e9cnicas de an\u00e1lisis y procesamiento de imagen que por otra parte podr\u00edamos hacer pero que es un poco m\u00e1s complicado. Por lo tanto, servicios de diagn\u00f3stico m\u00e1s avanzados pueden potenciar\u00a0toda la cuantificaci\u00f3n de la informaci\u00f3n contenida en las im\u00e1genes.<\/p>\n<p>Otro concepto que est\u00e1 entrando con fuerza, servicios conocidos como teleradiolog\u00eda o telemedicina, ser\u00edan los servicios m\u00e9dicos en el <em>cloud<\/em>: segunda opini\u00f3n, cuantificaci\u00f3n, an\u00e1lisis\u00a0de datos, &#8230; Y eso creo que entrar\u00e1 con fuerza.<\/p>\n<p><strong>&#8211; La Inteligencia Artificial aplicada al tratamiento de la informaci\u00f3n de la imagen m\u00e9dica digital est\u00e1 siendo un referente como tendencia. \u00bfHasta qu\u00e9 punto considera que puede ser una realidad?<\/strong><\/p>\n<p>Desde hace dos o tres a\u00f1os estamos viviendo un <em>boom<\/em>. Ahora todo es IA. De hecho las m\u00e1quinas con las que trabajamos TAC y resonancia magn\u00e9tica, durante el procesado de im\u00e1genes ya utilizan\u00a0conceptos de IA desde hace diez a\u00f1os.<\/p>\n<p>Quiz\u00e1s hay que distinguir entre <em>Narrow AI<\/em> y <em>Machine o\u00a0Deep Learning<\/em>. En cuanto al narrow AI, que b\u00e1sicamente es la utilizaci\u00f3n de algoritmos, nosotros tenemos mucha experiencia. Sistemas de ayuda y de interpretaci\u00f3n por ordenador o detecci\u00f3n de imagen y ayuda al diagn\u00f3stico. Lo que marcar\u00e1 la diferencia es la aplicaci\u00f3n de algoritmos m\u00e1s complejos en el mundo del <em>machine learning<\/em> donde las m\u00e1quinas puedan hacer cosas que nosotros no. Esto tardar\u00e1 un poco m\u00e1s en llegar porque se han de validar las circunstancias cl\u00ednicas. Hay que determinar cu\u00e1l es el problema y cu\u00e1l es la soluci\u00f3n. Y todo ello necesita una validaci\u00f3n pero no tengo ninguna duda de que entrar\u00e1 con fuerza. Aunque no tanta con la que se est\u00e1 esperando.<\/p>\n<p><strong>&#8211; \u00bfCu\u00e1les son los retos con los que se enfrenta la imagen m\u00e9dica digital en los pr\u00f3ximos a\u00f1os?<\/strong><\/p>\n<p>La entrada de software y soluciones en IA tiene, y tendr\u00e1, un impacto\u00a0tanto en la provisi\u00f3n de servicios como en la profesi\u00f3n m\u00e9dica en general. No s\u00f3lo los que nos dedicamos a la imagen sino de cualquier otra especialidad.<\/p>\n<p>Aunque la demanda de servicios sea tan grande, en nuestro caso dudo que las herramientas de IA terminen sustituy\u00e9ndonos. Seremos m\u00e1s productivos y tendremos que cambiar la manera de trabajar pero no nos sustituiran.<\/p>\n<p>Otros aspectos muy relevantes son la incidencia directa que tienen los pacientes en las decisiones de los tratamientos, a las consultas y los resultados de las pruebas.Esto est\u00e1 marcando la manera en que proveemos el servicio. Tambi\u00e9n la informaci\u00f3n dirigida a pacientes tiene, y tendr\u00e1, un gran impacto. Concretando un poco m\u00e1s en nuestro trabajo, ahora nos dedicamos a hacer im\u00e1genes de resonancia magn\u00e9tica, TAC, \u00abecos\u00bb y extraemos informes muy precisos sobre t\u00e9cnicas concretas. Lo que tiene un valor creciente es poder integrar esta informaci\u00f3n con otros datos. De laboratorio o de anatom\u00eda patol\u00f3gica, por ejemplo. Por lo tanto, el concepto de informe integral tambi\u00e9n est\u00e1 entrando con mucha fuerza.<\/p>\n<p><strong>&#8211; \u00bfNos podr\u00eda poner ejemplos?<\/strong><\/p>\n<p>Dos problemas que tenemos en nuestro departamento, el sistema de salud y los profesionales en general es el tiempo que tardamos en hacer las cosas y la variabilidad de c\u00f3mo las hacemos. Un m\u00e9dico puede hacer las cosas de manera muy diferente a como las hace otro, a menudo sin consecuencias para el paciente pero te\u00f3ricamente puede producir servicios ineficientes.<\/p>\n<p>La utilizaci\u00f3n de t\u00e9cnicas de IA nos ayuda a disminuir tiempo y variabilidad.\u00a0Estandariza y podemos cuantificar resultados de actividad. Por lo tanto, nos dirigimos a la cuantificaci\u00f3n no\u00a0al arte, que tambi\u00e9n est\u00e1 bien pero quiz\u00e1s demasiado arte no es tan eficiente.<\/p>\n<p>Un caso pr\u00e1ctico ser\u00edan los enfermos de ictus para quien\u00a0el tiempo es crucial. Siempre decimos que \u00abel tiempo es cerebro\u00bb. Todo lo que tardamos en diagnosticar a un paciente hasta que le empezamos a aplicar un tratamiento es de vital importancia. Con la IA podremos obtener los datos mucho m\u00e1s r\u00e1pido y tener ayudas al diagn\u00f3stico que disminuyan la variabilidad y nos permitan hacer propuestas y tratamientos m\u00e1s precisos.<\/p>\n<p><strong>&#8211; Desde la Fundaci\u00f3\u00a0TIC Salut Social estamos impulsando un Observatorio en Innovaci\u00f3n en Imagen M\u00e9dica Digital. \u00bfC\u00f3mo cree que puede servir este observatorio para una organizaci\u00f3n como la suya?<\/strong><\/p>\n<p>Con la explosi\u00f3n de soluciones y experiencias, compa\u00f1\u00edas de todo tipo y en todas partes del mundo promoviendo soluciones y nuevos escenarios para la aplicaci\u00f3n de t\u00e9cnicas de cuantificaci\u00f3n de imagen, de an\u00e1lisis basadas en IA&#8230; Para un profesional gestionar esta explosi\u00f3n es imposible, sobre todo cuando quiere analizar su aplicaci\u00f3n cl\u00ednica y su fiabilidad o intercambiar experiencias con otros profesionales que est\u00e9n probando nuevas soluciones.<\/p>\n<p>El hecho de disponer de un Observatorio en Innovaci\u00f3n como el que la Fundaci\u00f3\u00a0TIC Salut\u00a0Social est\u00e1 promoviendo me parece no s\u00f3lo relevante sino imprescindible para que podamos sobrevivir y avanzar liderando la aplicaci\u00f3n de estas tecnolog\u00edas.<\/p>\n<p><strong>Encuesta innovaci\u00f3n en Imagen M\u00e9dica Digital<\/strong><\/p>\n<p>Recordaros que desde la Fundaci\u00f3n TIC Salut Social <strong>hemos elaborado<\/strong> una <a href=\"http:\/\/www.ticsalut.cat\/observatori_imed\/\" data-cke-saved-href=\"http:\/\/www.ticsalut.cat\/observatori_imed\/\">encuesta<\/a> para conocer el estado de la innovaci\u00f3n de la Imagen M\u00e9dica Digital. Si est\u00e1is interesados en este tema, ya sea porque desde la organizaci\u00f3n\/emprendida en la cual trabajas est\u00e1is dedicando recursos o, si ten\u00e9is previsto hacerlo pr\u00f3ximamente, nos gustar\u00eda conocer vuestras necesidades.<br \/>\n<strong>La encuesta est\u00e1 planteada para ser contestada en 5 minutos<\/strong> y, una vez revisadas las\u00a0respuestas, nos pondremos en contacto con vosotros.<\/p>\n<p>Os agradecemos por adelantado vuestra participaci\u00f3n.<\/p>\n","protected":false},"author":21,"featured_media":1090,"menu_order":0,"template":"","meta":{"_acf_changed":false,"inline_featured_image":false},"etiqueta":[],"tipus":[],"topic":[130],"class_list":["post-1085","noticia","type-noticia","status-publish","has-post-thumbnail","hentry","topic-la-fundacion"],"acf":{"imatge":1092,"autor":"Nuria Abdon","textos_destacats":[{"texte":"Con motivo del lanzamiento oficial del Observatorio de Innovaci\u00f3n de la Fundaci\u00f3n TIC Salut Social nos reunimos con el Dr. Donoso, director del Centro de Diagn\u00f3stico para la Imagen del Hospital Cl\u00ednico de Barcelona - Universidad de Barcelona. Conversamos sobre el estado de la cuesti\u00f3n y las perspectivas de futuro en imagen m\u00e9dica digital."}]},"yoast_head":"<!-- This site is optimized with the Yoast SEO plugin v27.1.1 - https:\/\/yoast.com\/product\/yoast-seo-wordpress\/ -->\n<title>Tecnolog\u00edas exponenciales aplicadas en el diagn\u00f3stico para la imagen - Fundaci\u00f3 TIC Salut i Social<\/title>\n<meta name=\"robots\" content=\"index, follow, max-snippet:-1, max-image-preview:large, max-video-preview:-1\" \/>\n<link rel=\"canonical\" href=\"https:\/\/ticsalutsocial.atoom.space\/es\/noticia\/tecnologias-exponenciales-aplicadas-en-el-diagnostico-para-la-imagen\/\" \/>\n<meta property=\"og:locale\" content=\"es_ES\" \/>\n<meta property=\"og:type\" content=\"article\" \/>\n<meta property=\"og:title\" content=\"Tecnolog\u00edas exponenciales aplicadas en el diagn\u00f3stico para la imagen - Fundaci\u00f3 TIC Salut i Social\" \/>\n<meta property=\"og:description\" content=\"&#8211; Con los nuevos sistemas de gesti\u00f3n en la nube, \u00bfqu\u00e9 perspectivas de innovaci\u00f3n se\u00a0abren en el trabajo con imagen m\u00e9dica digital? Desde hace tiempo en nuestro mundo o\u00edmos hablar de las soluciones cloud y desde el punto de vista tecnol\u00f3gico se usan en muchos campos. Es cierto que en el nuestro tambi\u00e9n va entrando [&hellip;]\" \/>\n<meta property=\"og:url\" content=\"https:\/\/ticsalutsocial.atoom.space\/es\/noticia\/tecnologias-exponenciales-aplicadas-en-el-diagnostico-para-la-imagen\/\" \/>\n<meta property=\"og:site_name\" content=\"Fundaci\u00f3 TIC Salut i Social\" \/>\n<meta property=\"article:modified_time\" content=\"2021-07-21T13:24:17+00:00\" \/>\n<meta property=\"og:image\" content=\"https:\/\/ticsalutsocial.atoom.space\/wp-content\/uploads\/2018\/02\/donoso1.png\" \/>\n\t<meta property=\"og:image:width\" content=\"1022\" \/>\n\t<meta property=\"og:image:height\" content=\"528\" \/>\n\t<meta property=\"og:image:type\" content=\"image\/png\" \/>\n<meta name=\"twitter:card\" content=\"summary_large_image\" \/>\n<meta name=\"twitter:label1\" content=\"Tiempo de lectura\" \/>\n\t<meta name=\"twitter:data1\" content=\"6 minutos\" \/>\n<script type=\"application\/ld+json\" class=\"yoast-schema-graph\">{\"@context\":\"https:\/\/schema.org\",\"@graph\":[{\"@type\":\"WebPage\",\"@id\":\"https:\/\/ticsalutsocial.atoom.space\/es\/noticia\/tecnologias-exponenciales-aplicadas-en-el-diagnostico-para-la-imagen\/\",\"url\":\"https:\/\/ticsalutsocial.atoom.space\/es\/noticia\/tecnologias-exponenciales-aplicadas-en-el-diagnostico-para-la-imagen\/\",\"name\":\"Tecnolog\u00edas exponenciales aplicadas en el diagn\u00f3stico para la imagen - Fundaci\u00f3 TIC Salut i Social\",\"isPartOf\":{\"@id\":\"https:\/\/ticsalutsocial.atoom.space\/es\/#website\"},\"primaryImageOfPage\":{\"@id\":\"https:\/\/ticsalutsocial.atoom.space\/es\/noticia\/tecnologias-exponenciales-aplicadas-en-el-diagnostico-para-la-imagen\/#primaryimage\"},\"image\":{\"@id\":\"https:\/\/ticsalutsocial.atoom.space\/es\/noticia\/tecnologias-exponenciales-aplicadas-en-el-diagnostico-para-la-imagen\/#primaryimage\"},\"thumbnailUrl\":\"https:\/\/ticsalutsocial.atoom.space\/wp-content\/uploads\/2018\/02\/donoso1.png\",\"datePublished\":\"2018-02-12T14:42:11+00:00\",\"dateModified\":\"2021-07-21T13:24:17+00:00\",\"breadcrumb\":{\"@id\":\"https:\/\/ticsalutsocial.atoom.space\/es\/noticia\/tecnologias-exponenciales-aplicadas-en-el-diagnostico-para-la-imagen\/#breadcrumb\"},\"inLanguage\":\"es\",\"potentialAction\":[{\"@type\":\"ReadAction\",\"target\":[\"https:\/\/ticsalutsocial.atoom.space\/es\/noticia\/tecnologias-exponenciales-aplicadas-en-el-diagnostico-para-la-imagen\/\"]}]},{\"@type\":\"ImageObject\",\"inLanguage\":\"es\",\"@id\":\"https:\/\/ticsalutsocial.atoom.space\/es\/noticia\/tecnologias-exponenciales-aplicadas-en-el-diagnostico-para-la-imagen\/#primaryimage\",\"url\":\"https:\/\/ticsalutsocial.atoom.space\/wp-content\/uploads\/2018\/02\/donoso1.png\",\"contentUrl\":\"https:\/\/ticsalutsocial.atoom.space\/wp-content\/uploads\/2018\/02\/donoso1.png\",\"width\":1022,\"height\":528},{\"@type\":\"BreadcrumbList\",\"@id\":\"https:\/\/ticsalutsocial.atoom.space\/es\/noticia\/tecnologias-exponenciales-aplicadas-en-el-diagnostico-para-la-imagen\/#breadcrumb\",\"itemListElement\":[{\"@type\":\"ListItem\",\"position\":1,\"name\":\"Inici\",\"item\":\"https:\/\/ticsalutsocial.atoom.space\/es\/\"},{\"@type\":\"ListItem\",\"position\":2,\"name\":\"Tecnolog\u00edas exponenciales aplicadas en el diagn\u00f3stico para la imagen\"}]},{\"@type\":\"WebSite\",\"@id\":\"https:\/\/ticsalutsocial.atoom.space\/es\/#website\",\"url\":\"https:\/\/ticsalutsocial.atoom.space\/es\/\",\"name\":\"Fundaci\u00f3 TIC Salut i Social\",\"description\":\"\",\"potentialAction\":[{\"@type\":\"SearchAction\",\"target\":{\"@type\":\"EntryPoint\",\"urlTemplate\":\"https:\/\/ticsalutsocial.atoom.space\/es\/?s={search_term_string}\"},\"query-input\":{\"@type\":\"PropertyValueSpecification\",\"valueRequired\":true,\"valueName\":\"search_term_string\"}}],\"inLanguage\":\"es\"}]}<\/script>\n<!-- \/ Yoast SEO plugin. -->","yoast_head_json":{"title":"Tecnolog\u00edas exponenciales aplicadas en el diagn\u00f3stico para la imagen - Fundaci\u00f3 TIC Salut i Social","robots":{"index":"index","follow":"follow","max-snippet":"max-snippet:-1","max-image-preview":"max-image-preview:large","max-video-preview":"max-video-preview:-1"},"canonical":"https:\/\/ticsalutsocial.atoom.space\/es\/noticia\/tecnologias-exponenciales-aplicadas-en-el-diagnostico-para-la-imagen\/","og_locale":"es_ES","og_type":"article","og_title":"Tecnolog\u00edas exponenciales aplicadas en el diagn\u00f3stico para la imagen - Fundaci\u00f3 TIC Salut i Social","og_description":"&#8211; Con los nuevos sistemas de gesti\u00f3n en la nube, \u00bfqu\u00e9 perspectivas de innovaci\u00f3n se\u00a0abren en el trabajo con imagen m\u00e9dica digital? Desde hace tiempo en nuestro mundo o\u00edmos hablar de las soluciones cloud y desde el punto de vista tecnol\u00f3gico se usan en muchos campos. Es cierto que en el nuestro tambi\u00e9n va entrando [&hellip;]","og_url":"https:\/\/ticsalutsocial.atoom.space\/es\/noticia\/tecnologias-exponenciales-aplicadas-en-el-diagnostico-para-la-imagen\/","og_site_name":"Fundaci\u00f3 TIC Salut i Social","article_modified_time":"2021-07-21T13:24:17+00:00","og_image":[{"width":1022,"height":528,"url":"https:\/\/ticsalutsocial.atoom.space\/wp-content\/uploads\/2018\/02\/donoso1.png","type":"image\/png"}],"twitter_card":"summary_large_image","twitter_misc":{"Tiempo de lectura":"6 minutos"},"schema":{"@context":"https:\/\/schema.org","@graph":[{"@type":"WebPage","@id":"https:\/\/ticsalutsocial.atoom.space\/es\/noticia\/tecnologias-exponenciales-aplicadas-en-el-diagnostico-para-la-imagen\/","url":"https:\/\/ticsalutsocial.atoom.space\/es\/noticia\/tecnologias-exponenciales-aplicadas-en-el-diagnostico-para-la-imagen\/","name":"Tecnolog\u00edas exponenciales aplicadas en el diagn\u00f3stico para la imagen - Fundaci\u00f3 TIC Salut i Social","isPartOf":{"@id":"https:\/\/ticsalutsocial.atoom.space\/es\/#website"},"primaryImageOfPage":{"@id":"https:\/\/ticsalutsocial.atoom.space\/es\/noticia\/tecnologias-exponenciales-aplicadas-en-el-diagnostico-para-la-imagen\/#primaryimage"},"image":{"@id":"https:\/\/ticsalutsocial.atoom.space\/es\/noticia\/tecnologias-exponenciales-aplicadas-en-el-diagnostico-para-la-imagen\/#primaryimage"},"thumbnailUrl":"https:\/\/ticsalutsocial.atoom.space\/wp-content\/uploads\/2018\/02\/donoso1.png","datePublished":"2018-02-12T14:42:11+00:00","dateModified":"2021-07-21T13:24:17+00:00","breadcrumb":{"@id":"https:\/\/ticsalutsocial.atoom.space\/es\/noticia\/tecnologias-exponenciales-aplicadas-en-el-diagnostico-para-la-imagen\/#breadcrumb"},"inLanguage":"es","potentialAction":[{"@type":"ReadAction","target":["https:\/\/ticsalutsocial.atoom.space\/es\/noticia\/tecnologias-exponenciales-aplicadas-en-el-diagnostico-para-la-imagen\/"]}]},{"@type":"ImageObject","inLanguage":"es","@id":"https:\/\/ticsalutsocial.atoom.space\/es\/noticia\/tecnologias-exponenciales-aplicadas-en-el-diagnostico-para-la-imagen\/#primaryimage","url":"https:\/\/ticsalutsocial.atoom.space\/wp-content\/uploads\/2018\/02\/donoso1.png","contentUrl":"https:\/\/ticsalutsocial.atoom.space\/wp-content\/uploads\/2018\/02\/donoso1.png","width":1022,"height":528},{"@type":"BreadcrumbList","@id":"https:\/\/ticsalutsocial.atoom.space\/es\/noticia\/tecnologias-exponenciales-aplicadas-en-el-diagnostico-para-la-imagen\/#breadcrumb","itemListElement":[{"@type":"ListItem","position":1,"name":"Inici","item":"https:\/\/ticsalutsocial.atoom.space\/es\/"},{"@type":"ListItem","position":2,"name":"Tecnolog\u00edas exponenciales aplicadas en el diagn\u00f3stico para la imagen"}]},{"@type":"WebSite","@id":"https:\/\/ticsalutsocial.atoom.space\/es\/#website","url":"https:\/\/ticsalutsocial.atoom.space\/es\/","name":"Fundaci\u00f3 TIC Salut i Social","description":"","potentialAction":[{"@type":"SearchAction","target":{"@type":"EntryPoint","urlTemplate":"https:\/\/ticsalutsocial.atoom.space\/es\/?s={search_term_string}"},"query-input":{"@type":"PropertyValueSpecification","valueRequired":true,"valueName":"search_term_string"}}],"inLanguage":"es"}]}},"_links":{"self":[{"href":"https:\/\/ticsalutsocial.atoom.space\/es\/wp-json\/wp\/v2\/noticia\/1085","targetHints":{"allow":["GET"]}}],"collection":[{"href":"https:\/\/ticsalutsocial.atoom.space\/es\/wp-json\/wp\/v2\/noticia"}],"about":[{"href":"https:\/\/ticsalutsocial.atoom.space\/es\/wp-json\/wp\/v2\/types\/noticia"}],"author":[{"embeddable":true,"href":"https:\/\/ticsalutsocial.atoom.space\/es\/wp-json\/wp\/v2\/users\/21"}],"wp:featuredmedia":[{"embeddable":true,"href":"https:\/\/ticsalutsocial.atoom.space\/es\/wp-json\/wp\/v2\/media\/1090"}],"wp:attachment":[{"href":"https:\/\/ticsalutsocial.atoom.space\/es\/wp-json\/wp\/v2\/media?parent=1085"}],"wp:term":[{"taxonomy":"etiqueta","embeddable":true,"href":"https:\/\/ticsalutsocial.atoom.space\/es\/wp-json\/wp\/v2\/etiqueta?post=1085"},{"taxonomy":"tipus","embeddable":true,"href":"https:\/\/ticsalutsocial.atoom.space\/es\/wp-json\/wp\/v2\/tipus?post=1085"},{"taxonomy":"topic","embeddable":true,"href":"https:\/\/ticsalutsocial.atoom.space\/es\/wp-json\/wp\/v2\/topic?post=1085"}],"curies":[{"name":"wp","href":"https:\/\/api.w.org\/{rel}","templated":true}]}}