
{"id":1097,"date":"2018-03-27T16:56:13","date_gmt":"2018-03-27T14:56:13","guid":{"rendered":"https:\/\/ticsalutsocial.atoom.space\/?post_type=noticia&#038;p=1097"},"modified":"2021-07-21T15:24:19","modified_gmt":"2021-07-21T13:24:19","slug":"el-sistema-sanitari-catala-es-posiciona-amb-avantatge-respecte-altres-sistemes-de-salut","status":"publish","type":"noticia","link":"https:\/\/ticsalutsocial.atoom.space\/es\/noticia\/el-sistema-sanitari-catala-es-posiciona-amb-avantatge-respecte-altres-sistemes-de-salut\/","title":{"rendered":"\u00abEl Sistema Sanitari Catal\u00e0 es posiciona amb avantatge respecte altres sistemes de salut\u00bb"},"content":{"rendered":"<p class=\"intro\">En l&#8217;edici\u00f3 de febrer del Flash TICSS inform\u00e0vem que Infermera virtual era la primera app que superava amb \u00e8xit el proc\u00e9s d\u2019acreditaci\u00f3 del Portal AppSalut. Hem volgut entrevistar a Marc Fortes director d\u2019Infermera virtual, la plataforma de promoci\u00f3 i educaci\u00f3 per la salut del Col\u00b7legi Oficial d\u2019Infermeres i Infermers de Barcelona (COIB). Infermer i M\u00e0ster en Educaci\u00f3 per a la salut, est\u00e0 al capdavant d\u2019aquest actiu per la salut des de fa tres anys. Abans i des de la mateixa plataforma es va en carregar de l\u2019estrat\u00e8gia 2.0 d\u2019Infermera virtual aconseguint posicionar els seus perfils socials els cinc m\u00e9s influents de l\u2019\u00e0mbit de la infermeria a nivell estatal. Impulsor de l\u2019app d\u2019Infermera virtual i de la renovaci\u00f3 de la seva imatge i usabilitat, Fortes \u00e9s autor de diverses publicacions, col\u00b7labora i participa en jornades, espais de debat i estudis d&#8217;investigaci\u00f3. Tamb\u00e9 es professor associat a la Universitat de Barcelona i col\u00b7labora en programes \u00a0de post-grau per a professionals de la salut. Fortes \u00e9s part activa en l&#8217;assessorament del proc\u00e9s d&#8217;acreditaci\u00f3 del Portal AppSalut que s&#8217;impulsa des de la Fundaci\u00f3.<\/p>\n<ul>\n<li class=\"first last\"><strong>Quin \u00e9s l\u2019\u00fas actual de les tecnologies de mobilitat en el sector salut en general?<\/strong><\/li>\n<\/ul>\n<p>En el sector de la Salut com en la resta de sectors existeix un \u00fas transversal de les Apps i que correspon a una extensi\u00f3 de les que ja utilitzem en el nostre dia a dia. En aquest sentit el comportament com a usuaris i com a professionals no \u00e9s tant diferent i estem subjectes als desenvolupaments que s\u2019estan produint en el nostre \u00e0mbit. Nom\u00e9s cal observar que en el Mobile Word Congress que acabem de viure, les aplicacions de salut han estat molt protagonistes i de les empreses catalanes expositores un 18% eren de l\u2019\u00e0mbit de la salut.<\/p>\n<p>\u00c9s la tempesta perfecte ja que tenim l\u2019inter\u00e8s dels usuaris, la capacitat innovadora i el benestar i la salut com un fet irrenunciable per a la societat.\u00a0 Cal, a m\u00e9s tenir una visi\u00f3 for\u00e7a \u00e0mplia del que aporta l\u2019\u00fas d\u2019algunes apps a l\u2019\u00e0mbit de la salut tot i que, aparentment, no ho sembli. \u00c9s a dir, fer \u00fas d\u2019una app de compra online quan tens dificultats per despla\u00e7ar-te, aquest \u00fas t\u2019aporta autonomia. Aix\u00f2 tamb\u00e9 \u00e9s salut.<\/p>\n<p>Es tracta per\u00f2 d\u2019un sector encara amb temes importants per resoldre, com la protecci\u00f3 de dades i les regulacions que en ocasions frenen l\u2019\u00fas de les Apps per part del ciutadans i la prescripci\u00f3 per part dels professionals de la salut.<\/p>\n<ul>\n<li class=\"first last\"><strong>I aterrant la mirada a infermeria?<\/strong><\/li>\n<\/ul>\n<p>En el cas de les infermeres i infermers no ens diferenciem gaire de l\u2019\u00fas que altres professionals de la salut puguin estar fent de les diferents eines TIC de les que disposem per contactar, compartir informaci\u00f3 o dubtes o, fins i tot, gestionar torns de treball. Les possibilitats s\u00f3n moltes i tenim un bon gruix de professionals en la nostra disciplina disposats a crear, provar i prescriure apps en aquest sentit.<\/p>\n<ul>\n<li class=\"first last\"><strong>Quins avantatges creieu que t\u00e9 disposar d\u2019aplicacions acreditades pel sistema sanitari catal\u00e0? I pels ciutadans i professionals?<\/strong><\/li>\n<\/ul>\n<p>En primer lloc la confian\u00e7a. A tots els nivells disposar d\u2019un sistema d\u2019acreditaci\u00f3 permet certa tranquil\u00b7litat tant als usuaris com als prescriptors d\u2019Apps de Salut. El fet de complir una s\u00e8rie de requeriments de forma obligat\u00f2ria per obtenir una certificaci\u00f3, fa que totes les parts, usuaris i professionals, comptin amb un terreny de joc m\u00e9s segur.<\/p>\n<p>En segon lloc ens permet disposar d\u2019un cat\u00e0leg d\u2019Apps certificades on poder accedir per escollir les que m\u00e9s ens convinguin.<\/p>\n<p>Finalment el Sistema Sanitari Catal\u00e0 es posiciona amb avantatge respecte altres sistemes de salut. A banda de l\u2019avantatge que suposa la confian\u00e7a s\u2019ha d\u2019afegir la possibilitat de que algunes de les Apps acreditades aportin dades de salut directament a la Historia Cl\u00ednica de les persones. Aquest fet permetr\u00e0 que els professionals de referencia del ciutad\u00e0 puguin consultar i validar aquestes dades que sens dubte afegiran valor al conjunt.<\/p>\n<ul>\n<li class=\"first last\"><strong>Un dels valors afegits del portal AppSalut \u00e9s que els professionals puguin recomanar o prescriure aquestes aplicacions als seus pacients. Per tant, en aquest sentit, els professionals s\u00f3n un punt clau perqu\u00e8 aix\u00f2 pugui resultar exit\u00f3s. Quin creieu que ser\u00e0 el grau d\u2019acceptaci\u00f3 per part dels professionals sobre la recomanaci\u00f3 d\u2019aplicacions a les persones que atenen?\u00a0<\/strong><\/li>\n<\/ul>\n<p>Estic totalment d\u2019acord, el professionals de la salut seran un punt clau en l\u2019\u00e8xit del projecte. Pensem que l\u2019acceptaci\u00f3 dels professionals passar\u00e0 per que considerin d\u2019utilitat les Apps que s\u2019hagin acreditat. Com en la major part del ecosistemes creats al voltant de la\u00a0tecnologia m\u00f2bil, els serveis que s\u2019ofereixen i la seva utilitat solen ser la clau, i no tant la pr\u00f2pia tecnologia. Per posar un exemple gr\u00e0fic, no crec que ning\u00fa compr\u00e9s un Smartphone si no disposes d\u2019unes aplicacions i uns serveis que li resultin d\u2019utilitat.<\/p>\n<ul>\n<li class=\"first last\"><strong>Quines barreres creieu que hi pot haver? I en el cas de que hi siguin com es podrien superar?<\/strong><\/li>\n<\/ul>\n<p>En quant a la barreres que poden haver-hi, \u00e9s una q\u00fcesti\u00f3 probablement lligada a la capacitat que tinguin els professionals d\u2019 incorporar les TIC en el ventall d\u2019eines que poden oferir i prescriure en el seu dia a dia a les persones que atenen. Aquestes barreres, es poden acabar transformant en escletxes, entre els professionals que utilitzin aquestes eines i els que no les utilitzin. Per tal de minimitzar-les penso que hi ha dos aspectes claus: la formaci\u00f3 i el comprom\u00eds per part de les direccions per incentivar i facilitar-ne l\u2019\u00fas.<\/p>\n<ul>\n<li class=\"first last\"><strong>Com ha estat la vostra experi\u00e8ncia en l\u2019acreditaci\u00f3 d\u2019aplicacions? Ho heu trobat complicat \/ f\u00e0cil, etc.?<\/strong><\/li>\n<\/ul>\n<p>La meva experi\u00e8ncia lligada a la part de continguts del proc\u00e9s d\u2019acreditaci\u00f3 ha estat sobretot enriquidora. Tot i que hem objectivat el proc\u00e9s el m\u00e0xim possible, acabes connectant amb els desenvolupadors, generant finalment un proc\u00e9s de millora continuada i no tant una proba que\u00a0 s\u2019aprova o es susp\u00e8n. Tot i aix\u00f2 \u00e9s un proc\u00e9s labori\u00f3s, que t\u2019obliga a bussejar per tots els racons de l\u2019Aplicaci\u00f3, per tal de trobar aquells aspectes de forma per\u00f2 tamb\u00e9 de fons que garanteixin que el contingut que all\u00e0 es mostra es adequat.<\/p>\n<ul>\n<li class=\"first last\"><strong>Darrerament Infermera Virtual \u00e9s not\u00edcia. Primera aplicaci\u00f3 que supera el proc\u00e9s d\u2019acreditaci\u00f3 del Portal AppSalut i, a m\u00e9s, heu estrenat recentment nova imatge. Explica\u2019ns en quin punt es troba el projecte i quins reptes visualitzeu en un futur.<\/strong><\/li>\n<\/ul>\n<p>L\u2019acreditaci\u00f3 de l\u2019Aplicaci\u00f3 d\u2019Infermera virtual ha estat un proc\u00e9s llarg, per\u00f2 en cap cas dif\u00edcil. Val a dir que l\u2019acreditaci\u00f3 que hem dut a terme ha estat sense la integraci\u00f3 de dades ja que l\u2019App d\u2019Infermera virtual no ho requeria. L\u2019equip de TIC Salut Social ens ha ajudat durant tot el proc\u00e9s i mitjan\u00e7ant els comentaris dels acreditadors ha estat senzill fer les modificacions necess\u00e0ries per acabar el proc\u00e9s de forma satisfact\u00f2ria.<\/p>\n<p>L\u2019equip d\u2019Infermera virtual, jo mateix, la Montserrat Sebasti\u00e0 i la Salom\u00e9 Ci\u00f3rraga, estem molt satisfets de la feina que hem dut a terme aquets dos \u00faltims anys. Ens hem proposat una s\u00e8rie d\u2019objectius i, poc a poc, els anem assolint i consolidant. Pretenem seguir comptant amb la confian\u00e7a tant d\u2019usuaris com de professionals de la salut. Estem entre les 20 millors apps de salut segons el r\u00e0nquing de la\u00a0Fundaci\u00f3 iSYS, fet p\u00fablic recentment.<\/p>\n<p>Dins del concepte general de facilitar l\u2019acc\u00e9s a ciutadans i professionals de la salut, el contingut \u00e9s una de les nostres obsessions. En aquest sentit la nova proposta de disseny de la plataforma, \u00e9s un pas m\u00e9s en aquest prop\u00f2sit i posa el focus en un acc\u00e9s al contingut m\u00e9s guiat a trav\u00e9s del cercador i en un futur immediat a trav\u00e9s de Xatbots, uns assistents virtuals que et guien el teu proc\u00e9s de cerca d\u2019Informaci\u00f3.<\/p>\n<p>Infermera virtual, te la vista posada en el 2019. \u00a0Al maig del proper any tot just far\u00e0 10 anys de la posada en l\u00ednia dels primers continguts d\u2019Infermera virtual i estem preparant una gran festa de la salut on aproparem la salut digital a les persones.<\/p>\n","protected":false},"author":21,"featured_media":1094,"menu_order":0,"template":"","meta":{"_acf_changed":false,"inline_featured_image":false},"etiqueta":[],"tipus":[654],"topic":[125],"class_list":["post-1097","noticia","type-noticia","status-publish","has-post-thumbnail","hentry","tipus-activos-digitales","topic-hub-es"],"acf":{"imatge":1096,"autor":"Adri\u00e0 G.Font","textos_destacats":[{"texte":"L'infermer Marc Fortes, d'Infermera virtual, analitza l'estat actual del sector i l'evoluci\u00f3 de les apps de salut"}]},"yoast_head":"<!-- This site is optimized with the Yoast SEO plugin v27.1.1 - https:\/\/yoast.com\/product\/yoast-seo-wordpress\/ -->\n<title>&quot;El Sistema Sanitari Catal\u00e0 es posiciona amb avantatge respecte altres sistemes de salut&quot; - Fundaci\u00f3 TIC Salut i Social<\/title>\n<meta name=\"robots\" content=\"index, follow, max-snippet:-1, max-image-preview:large, max-video-preview:-1\" \/>\n<link rel=\"canonical\" href=\"https:\/\/ticsalutsocial.atoom.space\/es\/noticia\/el-sistema-sanitari-catala-es-posiciona-amb-avantatge-respecte-altres-sistemes-de-salut\/\" \/>\n<meta property=\"og:locale\" content=\"es_ES\" \/>\n<meta property=\"og:type\" content=\"article\" \/>\n<meta property=\"og:title\" content=\"&quot;El Sistema Sanitari Catal\u00e0 es posiciona amb avantatge respecte altres sistemes de salut&quot; - Fundaci\u00f3 TIC Salut i Social\" \/>\n<meta property=\"og:description\" content=\"En l&#8217;edici\u00f3 de febrer del Flash TICSS inform\u00e0vem que Infermera virtual era la primera app que superava amb \u00e8xit el proc\u00e9s d\u2019acreditaci\u00f3 del Portal AppSalut. Hem volgut entrevistar a Marc Fortes director d\u2019Infermera virtual, la plataforma de promoci\u00f3 i educaci\u00f3 per la salut del Col\u00b7legi Oficial d\u2019Infermeres i Infermers de Barcelona (COIB). Infermer i M\u00e0ster [&hellip;]\" \/>\n<meta property=\"og:url\" content=\"https:\/\/ticsalutsocial.atoom.space\/es\/noticia\/el-sistema-sanitari-catala-es-posiciona-amb-avantatge-respecte-altres-sistemes-de-salut\/\" \/>\n<meta property=\"og:site_name\" content=\"Fundaci\u00f3 TIC Salut i Social\" \/>\n<meta property=\"article:modified_time\" content=\"2021-07-21T13:24:19+00:00\" \/>\n<meta property=\"og:image\" content=\"https:\/\/ticsalutsocial.atoom.space\/wp-content\/uploads\/2018\/03\/marc_fortes.png\" \/>\n\t<meta property=\"og:image:width\" content=\"659\" \/>\n\t<meta property=\"og:image:height\" content=\"424\" \/>\n\t<meta property=\"og:image:type\" content=\"image\/png\" \/>\n<meta name=\"twitter:card\" content=\"summary_large_image\" \/>\n<meta name=\"twitter:label1\" content=\"Tiempo de lectura\" \/>\n\t<meta name=\"twitter:data1\" content=\"7 minutos\" \/>\n<script type=\"application\/ld+json\" class=\"yoast-schema-graph\">{\"@context\":\"https:\/\/schema.org\",\"@graph\":[{\"@type\":\"WebPage\",\"@id\":\"https:\/\/ticsalutsocial.atoom.space\/es\/noticia\/el-sistema-sanitari-catala-es-posiciona-amb-avantatge-respecte-altres-sistemes-de-salut\/\",\"url\":\"https:\/\/ticsalutsocial.atoom.space\/es\/noticia\/el-sistema-sanitari-catala-es-posiciona-amb-avantatge-respecte-altres-sistemes-de-salut\/\",\"name\":\"\\\"El Sistema Sanitari Catal\u00e0 es posiciona amb avantatge respecte altres sistemes de salut\\\" - Fundaci\u00f3 TIC Salut i Social\",\"isPartOf\":{\"@id\":\"https:\/\/ticsalutsocial.atoom.space\/es\/#website\"},\"primaryImageOfPage\":{\"@id\":\"https:\/\/ticsalutsocial.atoom.space\/es\/noticia\/el-sistema-sanitari-catala-es-posiciona-amb-avantatge-respecte-altres-sistemes-de-salut\/#primaryimage\"},\"image\":{\"@id\":\"https:\/\/ticsalutsocial.atoom.space\/es\/noticia\/el-sistema-sanitari-catala-es-posiciona-amb-avantatge-respecte-altres-sistemes-de-salut\/#primaryimage\"},\"thumbnailUrl\":\"https:\/\/ticsalutsocial.atoom.space\/wp-content\/uploads\/2018\/03\/marc_fortes.png\",\"datePublished\":\"2018-03-27T14:56:13+00:00\",\"dateModified\":\"2021-07-21T13:24:19+00:00\",\"breadcrumb\":{\"@id\":\"https:\/\/ticsalutsocial.atoom.space\/es\/noticia\/el-sistema-sanitari-catala-es-posiciona-amb-avantatge-respecte-altres-sistemes-de-salut\/#breadcrumb\"},\"inLanguage\":\"es\",\"potentialAction\":[{\"@type\":\"ReadAction\",\"target\":[\"https:\/\/ticsalutsocial.atoom.space\/es\/noticia\/el-sistema-sanitari-catala-es-posiciona-amb-avantatge-respecte-altres-sistemes-de-salut\/\"]}]},{\"@type\":\"ImageObject\",\"inLanguage\":\"es\",\"@id\":\"https:\/\/ticsalutsocial.atoom.space\/es\/noticia\/el-sistema-sanitari-catala-es-posiciona-amb-avantatge-respecte-altres-sistemes-de-salut\/#primaryimage\",\"url\":\"https:\/\/ticsalutsocial.atoom.space\/wp-content\/uploads\/2018\/03\/marc_fortes.png\",\"contentUrl\":\"https:\/\/ticsalutsocial.atoom.space\/wp-content\/uploads\/2018\/03\/marc_fortes.png\",\"width\":659,\"height\":424},{\"@type\":\"BreadcrumbList\",\"@id\":\"https:\/\/ticsalutsocial.atoom.space\/es\/noticia\/el-sistema-sanitari-catala-es-posiciona-amb-avantatge-respecte-altres-sistemes-de-salut\/#breadcrumb\",\"itemListElement\":[{\"@type\":\"ListItem\",\"position\":1,\"name\":\"Inici\",\"item\":\"https:\/\/ticsalutsocial.atoom.space\/es\/\"},{\"@type\":\"ListItem\",\"position\":2,\"name\":\"&#8220;El Sistema Sanitari Catal\u00e0 es posiciona amb avantatge respecte altres sistemes de salut&#8221;\"}]},{\"@type\":\"WebSite\",\"@id\":\"https:\/\/ticsalutsocial.atoom.space\/es\/#website\",\"url\":\"https:\/\/ticsalutsocial.atoom.space\/es\/\",\"name\":\"Fundaci\u00f3 TIC Salut i Social\",\"description\":\"\",\"potentialAction\":[{\"@type\":\"SearchAction\",\"target\":{\"@type\":\"EntryPoint\",\"urlTemplate\":\"https:\/\/ticsalutsocial.atoom.space\/es\/?s={search_term_string}\"},\"query-input\":{\"@type\":\"PropertyValueSpecification\",\"valueRequired\":true,\"valueName\":\"search_term_string\"}}],\"inLanguage\":\"es\"}]}<\/script>\n<!-- \/ Yoast SEO plugin. -->","yoast_head_json":{"title":"\"El Sistema Sanitari Catal\u00e0 es posiciona amb avantatge respecte altres sistemes de salut\" - Fundaci\u00f3 TIC Salut i Social","robots":{"index":"index","follow":"follow","max-snippet":"max-snippet:-1","max-image-preview":"max-image-preview:large","max-video-preview":"max-video-preview:-1"},"canonical":"https:\/\/ticsalutsocial.atoom.space\/es\/noticia\/el-sistema-sanitari-catala-es-posiciona-amb-avantatge-respecte-altres-sistemes-de-salut\/","og_locale":"es_ES","og_type":"article","og_title":"\"El Sistema Sanitari Catal\u00e0 es posiciona amb avantatge respecte altres sistemes de salut\" - Fundaci\u00f3 TIC Salut i Social","og_description":"En l&#8217;edici\u00f3 de febrer del Flash TICSS inform\u00e0vem que Infermera virtual era la primera app que superava amb \u00e8xit el proc\u00e9s d\u2019acreditaci\u00f3 del Portal AppSalut. Hem volgut entrevistar a Marc Fortes director d\u2019Infermera virtual, la plataforma de promoci\u00f3 i educaci\u00f3 per la salut del Col\u00b7legi Oficial d\u2019Infermeres i Infermers de Barcelona (COIB). Infermer i M\u00e0ster [&hellip;]","og_url":"https:\/\/ticsalutsocial.atoom.space\/es\/noticia\/el-sistema-sanitari-catala-es-posiciona-amb-avantatge-respecte-altres-sistemes-de-salut\/","og_site_name":"Fundaci\u00f3 TIC Salut i Social","article_modified_time":"2021-07-21T13:24:19+00:00","og_image":[{"width":659,"height":424,"url":"https:\/\/ticsalutsocial.atoom.space\/wp-content\/uploads\/2018\/03\/marc_fortes.png","type":"image\/png"}],"twitter_card":"summary_large_image","twitter_misc":{"Tiempo de lectura":"7 minutos"},"schema":{"@context":"https:\/\/schema.org","@graph":[{"@type":"WebPage","@id":"https:\/\/ticsalutsocial.atoom.space\/es\/noticia\/el-sistema-sanitari-catala-es-posiciona-amb-avantatge-respecte-altres-sistemes-de-salut\/","url":"https:\/\/ticsalutsocial.atoom.space\/es\/noticia\/el-sistema-sanitari-catala-es-posiciona-amb-avantatge-respecte-altres-sistemes-de-salut\/","name":"\"El Sistema Sanitari Catal\u00e0 es posiciona amb avantatge respecte altres sistemes de salut\" - Fundaci\u00f3 TIC Salut i Social","isPartOf":{"@id":"https:\/\/ticsalutsocial.atoom.space\/es\/#website"},"primaryImageOfPage":{"@id":"https:\/\/ticsalutsocial.atoom.space\/es\/noticia\/el-sistema-sanitari-catala-es-posiciona-amb-avantatge-respecte-altres-sistemes-de-salut\/#primaryimage"},"image":{"@id":"https:\/\/ticsalutsocial.atoom.space\/es\/noticia\/el-sistema-sanitari-catala-es-posiciona-amb-avantatge-respecte-altres-sistemes-de-salut\/#primaryimage"},"thumbnailUrl":"https:\/\/ticsalutsocial.atoom.space\/wp-content\/uploads\/2018\/03\/marc_fortes.png","datePublished":"2018-03-27T14:56:13+00:00","dateModified":"2021-07-21T13:24:19+00:00","breadcrumb":{"@id":"https:\/\/ticsalutsocial.atoom.space\/es\/noticia\/el-sistema-sanitari-catala-es-posiciona-amb-avantatge-respecte-altres-sistemes-de-salut\/#breadcrumb"},"inLanguage":"es","potentialAction":[{"@type":"ReadAction","target":["https:\/\/ticsalutsocial.atoom.space\/es\/noticia\/el-sistema-sanitari-catala-es-posiciona-amb-avantatge-respecte-altres-sistemes-de-salut\/"]}]},{"@type":"ImageObject","inLanguage":"es","@id":"https:\/\/ticsalutsocial.atoom.space\/es\/noticia\/el-sistema-sanitari-catala-es-posiciona-amb-avantatge-respecte-altres-sistemes-de-salut\/#primaryimage","url":"https:\/\/ticsalutsocial.atoom.space\/wp-content\/uploads\/2018\/03\/marc_fortes.png","contentUrl":"https:\/\/ticsalutsocial.atoom.space\/wp-content\/uploads\/2018\/03\/marc_fortes.png","width":659,"height":424},{"@type":"BreadcrumbList","@id":"https:\/\/ticsalutsocial.atoom.space\/es\/noticia\/el-sistema-sanitari-catala-es-posiciona-amb-avantatge-respecte-altres-sistemes-de-salut\/#breadcrumb","itemListElement":[{"@type":"ListItem","position":1,"name":"Inici","item":"https:\/\/ticsalutsocial.atoom.space\/es\/"},{"@type":"ListItem","position":2,"name":"&#8220;El Sistema Sanitari Catal\u00e0 es posiciona amb avantatge respecte altres sistemes de salut&#8221;"}]},{"@type":"WebSite","@id":"https:\/\/ticsalutsocial.atoom.space\/es\/#website","url":"https:\/\/ticsalutsocial.atoom.space\/es\/","name":"Fundaci\u00f3 TIC Salut i Social","description":"","potentialAction":[{"@type":"SearchAction","target":{"@type":"EntryPoint","urlTemplate":"https:\/\/ticsalutsocial.atoom.space\/es\/?s={search_term_string}"},"query-input":{"@type":"PropertyValueSpecification","valueRequired":true,"valueName":"search_term_string"}}],"inLanguage":"es"}]}},"_links":{"self":[{"href":"https:\/\/ticsalutsocial.atoom.space\/es\/wp-json\/wp\/v2\/noticia\/1097","targetHints":{"allow":["GET"]}}],"collection":[{"href":"https:\/\/ticsalutsocial.atoom.space\/es\/wp-json\/wp\/v2\/noticia"}],"about":[{"href":"https:\/\/ticsalutsocial.atoom.space\/es\/wp-json\/wp\/v2\/types\/noticia"}],"author":[{"embeddable":true,"href":"https:\/\/ticsalutsocial.atoom.space\/es\/wp-json\/wp\/v2\/users\/21"}],"wp:featuredmedia":[{"embeddable":true,"href":"https:\/\/ticsalutsocial.atoom.space\/es\/wp-json\/wp\/v2\/media\/1094"}],"wp:attachment":[{"href":"https:\/\/ticsalutsocial.atoom.space\/es\/wp-json\/wp\/v2\/media?parent=1097"}],"wp:term":[{"taxonomy":"etiqueta","embeddable":true,"href":"https:\/\/ticsalutsocial.atoom.space\/es\/wp-json\/wp\/v2\/etiqueta?post=1097"},{"taxonomy":"tipus","embeddable":true,"href":"https:\/\/ticsalutsocial.atoom.space\/es\/wp-json\/wp\/v2\/tipus?post=1097"},{"taxonomy":"topic","embeddable":true,"href":"https:\/\/ticsalutsocial.atoom.space\/es\/wp-json\/wp\/v2\/topic?post=1097"}],"curies":[{"name":"wp","href":"https:\/\/api.w.org\/{rel}","templated":true}]}}