
{"id":1123,"date":"2018-05-07T12:25:59","date_gmt":"2018-05-07T10:25:59","guid":{"rendered":"https:\/\/ticsalutsocial.atoom.space\/?post_type=noticia&#038;p=1123"},"modified":"2021-07-21T15:24:30","modified_gmt":"2021-07-21T13:24:30","slug":"es-importante-que-los-profesionales-del-ambito-de-la-salud-conozcan-y-utilicen-recursos-publicos-como-la-utac-para-ayudarlos-a-conocer-estas-tecnicas","status":"publish","type":"noticia","link":"https:\/\/ticsalutsocial.atoom.space\/es\/noticia\/es-importante-que-los-profesionales-del-ambito-de-la-salud-conozcan-y-utilicen-recursos-publicos-como-la-utac-para-ayudarlos-a-conocer-estas-tecnicas\/","title":{"rendered":"\u00abEs importante que los profesionales del \u00e1mbito de la salud conozcan y utilicen recursos p\u00fablicos como la UTAC, para ayudarlos a conocer estas t\u00e9cnicas\u00bb."},"content":{"rendered":"<p>En la edici\u00f3n de abril del bolet\u00edn FlashTICSS compartimos el <a href=\"https:\/\/youtu.be\/Z4uU6Ns3ogE\">v\u00eddeo<\/a> de la conferencia que Marc Coronas, miembro de la UTAC, realiz\u00f3 en el Col\u00b7legi Oficial de Metges de Barcelona. Ahora, lo hemos entrevistado para que nos explique m\u00e1s detalles sobre la Unidad de T\u00e9cnicas Aumentativas de Comunicaci\u00f3n, qu\u00e9 servicios ofrecen, en que consiste y qu\u00e9 posibles aplicaciones tendr\u00e1 en nuestro sector. Coronas es\u00a0licenciado en psicolog\u00eda y profesor asociado del Departamento de Cognici\u00f3n, Desarrollo y Psicolog\u00eda de la Educaci\u00f3n de la Universitat de Barcelona.<\/p>\n<p><strong>Qu\u00e9 es la UTAC y qu\u00e9 funci\u00f3n tiene?<\/strong><\/p>\n<p>La UTAC es un servicio externo de la Facultad de Psicolog\u00eda de la Universitat de Barcelona. Comprende la UTAC S\u00edrius, en convenio con el Departament de Treball, Afers Socials i Fam\u00edlies y la UTAC Ensenyament, en convenio con el Departament d&#8217;Ensenyament de la Generalitat de Catalunya. La funci\u00f3n principal de la UTAC es el asesoramiento (que incluye la valoraci\u00f3n, el apoyo directo y el seguimiento) a usuarios, familiares, profesionales, entidades y empresas, en Comunicaci\u00f3n Aumentativa y en tecnolog\u00edas de apoyo en general.<\/p>\n<p><strong>Qui\u00e9n son vuestros usuarios?<\/strong><br \/>\nEl perfil principal de atenci\u00f3n son personas que no pueden, o que presentan graves dificultades para utilizar el lenguaje para comunicarse, ya sea de forma permanente o temporal. Por ejemplo una persona con ELA, que haya podido perder la capacidad de hablar, un ni\u00f1o con par\u00e1lisis cerebral que nunca haya hablado o una persona intubada en una UCI que no puede hablar, pero que est\u00e1 plenamente consciente.<\/p>\n<p>En otros casos las demandas nos llegan por parte de personas que no tienen ninguna dificultad para comunicarse, pero que, normalmente como consecuencia de su diversidad motriz requieren del uso de tecnolog\u00edas de apoyo para incrementar sus niveles de autonom\u00eda en el d\u00eda a d\u00eda por actividades como utilizar un ordenador o desplazarse de forma aut\u00f3noma.<\/p>\n<p>Los diagn\u00f3sticos m\u00e1s frecuentes entre los usuarios del servicio son par\u00e1lisis cerebral, discapacitado intelectual, afasia, trastornos del espectro del autismo, esclerosis lateral amiotr\u00f2fica, distrofia muscular, ataxia, traumatismo craneoencef\u00e1lico, esclerosis m\u00faltiple y atrofia muscular espinal.<\/p>\n<p><strong>Qu\u00e9 servicios constan en vuestra oferta?<\/strong><br \/>\nDesde la UTAC S\u00edrius se hace la valoraci\u00f3n y seguimiento de usuarios que contactan directamente o a trav\u00e9s de sus familias con los servicios asistenciales, y si hace falta nos desplazamos a los domicilios para llevar a cabo estas valoraciones. En una segunda fase del proceso, tambi\u00e9n ayudamos a configurar e implementar las tecnolog\u00edas de apoyo que se puedan requerir en cada caso. Adem\u00e1s, a un nivel m\u00e1s institucional se ofrece asesoramiento y formaci\u00f3n a profesionales de CDIAPs, Talleres Ocupacionales, Residencias, Hospitales&#8230;<\/p>\n<p>En el \u00e1mbito de la salud, en los \u00faltimos a\u00f1os hemos colaborado con centros como el Hospital del Vall d&#8217;Hebr\u00f3n, el Hospital de la Santa Creu i Sant Pau, el Hospital de Bellvitge, el Hospital Cl\u00ednic de Barcelona, el Hospital Universitari M\u00fatua de Terrassa o la Xarxa Assistencial Universitaria de Manresa. En algunos casos la colaboraci\u00f3n se ha establecido con los equipos de logopedia y foniatr\u00eda, en otros directamente con las Unidades de Cuidados Intensivos, y en otros con unidades espec\u00edficas de atenci\u00f3n a un diagn\u00f3stico determinado, como la Esclerosis Lateral Amiotr\u00f2fica.<\/p>\n<p><strong>Qu\u00e9 grado de penetraci\u00f3n ten\u00e9is dentro de este sector?<\/strong><br \/>\nTan en los \u00e1mbitos de la educaci\u00f3n como los m\u00e1s vinculados al \u00e1mbito del Departament de Treball, Afers Socials y Fam\u00edlies (CDIAPS, Talleres Ocuapcionales, Residencias, etc.) el grado de implantaci\u00f3n y de conocimiento del servicio es suficiente bueno y esto hace que cada vez se conozcan y utilicen m\u00e1s los sistemas aumentativos de comunicaci\u00f3n.<\/p>\n<p>En cambio en otros \u00e1mbitos como el de la salud, parece que se hace m\u00e1s dif\u00edcil aprovechar el recurso que se ofrece desde la Comunicaci\u00f3n Aumentativa. En otros pa\u00edses conocemos experiencias mod\u00e9licas en este sentido, uno de los centros de salud que excele en esta \u00e1rea es el Boston Children&#8217;s Hospital, en que el equipo dirigido por John Costello hace una gran tarea, tanto de investigaci\u00f3n como de atenci\u00f3n a pacientes de todas las edades.<\/p>\n<p><strong>Qu\u00e9 es la Comunicaci\u00f3n Aumentativa?<\/strong><br \/>\nLos Sistemas Augmentativos y Alternativos de Comunicaci\u00f3n son formas de expresi\u00f3n diferentes al lenguaje hablado, que tienen como objetivo aumentar y\/o compensar las dificultades de comunicaci\u00f3n y lenguaje de muchas personas con discapaciddes (temporales o permanentes).<\/p>\n<p>La Comunicaci\u00f3n Aumentativa y Alternativa no es incompatible sino complementaria a la rehabilitaci\u00f3n del lenguaje natural, y adem\u00e1s, puede ayudar al \u00e9xito de la misma cuando esta es posible. No se debe dudar pues al introducirla en edades tempranas, tan pronto como se observen dificultades en el desarrollo del lenguaje oral, o al poco de que cualquier accidente o enfermedad haya provocado su deterioro. No existe ninguna evidencia de que el uso de CAA inhiba o interfiera en el desarrollo o la recuperaci\u00f3n del habla.<\/p>\n<p><strong>Qu\u00e9 tipo de t\u00e9cnicas existen? Existen digitales?<\/strong><br \/>\nLa Comunicaci\u00f3n Aumentativa y Alternativa utiliza varios sistemas de s\u00edmbolos, tanto gr\u00e1ficos (fotograf\u00edas, dibujos, pictogramas, palabras o letras) c\u00f3mo gestuales (m\u00edmica, gestos o signos manuales) y en el caso de los primeros, requiere tambi\u00e9n el uso de productos de apoyo. Los diversos sistemas de s\u00edmbolos se adaptan a las necesidades de personas con edades y habilidades motrices, cognitivas y ling\u00fc\u00edsticas muy dispares.<\/p>\n<p>Los productos de apoyo para la comunicaci\u00f3n incluyen recursos tecnol\u00f3gicos, como los comunicadores electr\u00f3nicos, que pueden consistir en ordenadores o mesitas con software espec\u00edfico y que disponen de voces sintetizadas que transmiten aquello que el usuario escribe o selecciona.<\/p>\n<p>En algunos casos la mejor soluci\u00f3n no consistir\u00e1 en utilizar tecnolog\u00eda sino en apoyos no electr\u00f3nicos como los plafones y los libros de comunicaci\u00f3n.<\/p>\n<p><strong>Cu\u00e1les son las tecnolog\u00edas digitales o de movilidad m\u00e1s utilizadas en este sector?<\/strong><br \/>\nExisten softwares y apps espec\u00edficas en el \u00e1mbito de la Comunicaci\u00f3n Aumentativa, que permiten, cada vez de forma m\u00e1s sencilla, dar respuesta a este tipo de necesidades. Cuando el acceso a la tecnolog\u00eda, como consecuencia de dificultades motrices, no se puede hacer por las v\u00edas convencionales (teclado, rat\u00f3n, o pantalla t\u00e1ctil) disponemos de productos de apoyo que nos permiten acceder a trav\u00e9s de v\u00edas alternativas como el movimiento de la cabeza o incluso utilizando s\u00f3lo la mirada.<\/p>\n<p><strong>Qu\u00e9 necesidades hab\u00e9is detectado por vuestro tipo de usuario que actualmente no est\u00e1 cubierta?<\/strong><br \/>\nCada vez disponemos de m\u00e1s opciones y soluciones tecnol\u00f3gicas que van dando mejor respuesta a las necesidades de nuestros usuarios. En nuestro \u00e1mbito desgraciadamente demasiado a menudo el problema no est\u00e1 en que no disponemos de una buena soluci\u00f3n, sino en el hecho que los profesionales que est\u00e1n alrededor de la persona que lo necesita, ni siquiera saben que existen este tipo de recursos. Por eso pensamos que es importante que los profesionales del \u00e1mbito de la salud conozcan y utilicen recursos p\u00fablicos como la UTAC, para ayudarlos a conocer estas t\u00e9cnicas.<\/p>\n<p><strong>Qu\u00e9 futuro prev\u00e9is en el uso de las tecnolog\u00edas actuales? Variar\u00e1n mucho?<\/strong><br \/>\nDesde el mundo de la Comunicaci\u00f3n Aumentativa cada vez se utilizan m\u00e1s los dispositivos dirigidos a la poblaci\u00f3n general, y por lo tanto la evoluci\u00f3n ir\u00e1 ligada a la de las tecnolog\u00edas de movilidad generales. Esperamos que cada vez existan dispositivos m\u00e1s portables, con bater\u00edas que permitan m\u00e1s autonom\u00eda y que los sistemas operativos de estos dispositivos contemplen el m\u00e1ximo de opciones de accesibilidad posibles.<\/p>\n<p>Por otro lado, algunos productos que hasta ahora se estaban utilizando de forma muy espec\u00edfica en poblaci\u00f3n con discapacidades tambi\u00e9n est\u00e1n experimentando cambios importantes. Este es el caso de los dispositivos de seguimiento de mirada (eye-tracking) que durante el \u00faltimo a\u00f1o se han extendido a la poblaci\u00f3n general como perif\u00e9ricos para videojuegos, cosa que ha permitido rebajar mucho su precio para el usuario, facilitando el acceso para m\u00e1s personas con discapacidad.<\/p>\n","protected":false},"author":21,"featured_media":1119,"menu_order":0,"template":"","meta":{"_acf_changed":false,"inline_featured_image":false},"etiqueta":[],"tipus":[94],"topic":[127],"class_list":["post-1123","noticia","type-noticia","status-publish","has-post-thumbnail","hentry","tipus-integracion-social-y-sanitaria","topic-proyectos"],"acf":{"imatge":1121,"autor":"Adri\u00e0 G.Font","textos_destacats":[{"texte":"Entrevistamos a Marc Coronas, miembro de la UTAC, asesoramiento a usuarios, familiares, profesionales, entidades y empresas, en Comunicaci\u00f3n Aumentativa y en tecnolog\u00edas de apoyo en general."}]},"yoast_head":"<!-- This site is optimized with the Yoast SEO plugin v27.1.1 - https:\/\/yoast.com\/product\/yoast-seo-wordpress\/ -->\n<title>&quot;Es importante que los profesionales del \u00e1mbito de la salud conozcan y utilicen recursos p\u00fablicos como la UTAC, para ayudarlos a conocer estas t\u00e9cnicas&quot;. - Fundaci\u00f3 TIC Salut i Social<\/title>\n<meta name=\"robots\" content=\"index, follow, max-snippet:-1, max-image-preview:large, max-video-preview:-1\" \/>\n<link rel=\"canonical\" href=\"https:\/\/ticsalutsocial.atoom.space\/es\/noticia\/es-importante-que-los-profesionales-del-ambito-de-la-salud-conozcan-y-utilicen-recursos-publicos-como-la-utac-para-ayudarlos-a-conocer-estas-tecnicas\/\" \/>\n<meta property=\"og:locale\" content=\"es_ES\" \/>\n<meta property=\"og:type\" content=\"article\" \/>\n<meta property=\"og:title\" content=\"&quot;Es importante que los profesionales del \u00e1mbito de la salud conozcan y utilicen recursos p\u00fablicos como la UTAC, para ayudarlos a conocer estas t\u00e9cnicas&quot;. - Fundaci\u00f3 TIC Salut i Social\" \/>\n<meta property=\"og:description\" content=\"En la edici\u00f3n de abril del bolet\u00edn FlashTICSS compartimos el v\u00eddeo de la conferencia que Marc Coronas, miembro de la UTAC, realiz\u00f3 en el Col\u00b7legi Oficial de Metges de Barcelona. Ahora, lo hemos entrevistado para que nos explique m\u00e1s detalles sobre la Unidad de T\u00e9cnicas Aumentativas de Comunicaci\u00f3n, qu\u00e9 servicios ofrecen, en que consiste y [&hellip;]\" \/>\n<meta property=\"og:url\" content=\"https:\/\/ticsalutsocial.atoom.space\/es\/noticia\/es-importante-que-los-profesionales-del-ambito-de-la-salud-conozcan-y-utilicen-recursos-publicos-como-la-utac-para-ayudarlos-a-conocer-estas-tecnicas\/\" \/>\n<meta property=\"og:site_name\" content=\"Fundaci\u00f3 TIC Salut i Social\" \/>\n<meta property=\"article:modified_time\" content=\"2021-07-21T13:24:30+00:00\" \/>\n<meta property=\"og:image\" content=\"https:\/\/ticsalutsocial.atoom.space\/wp-content\/uploads\/2018\/05\/conferencia-comb.png\" \/>\n\t<meta property=\"og:image:width\" content=\"1100\" \/>\n\t<meta property=\"og:image:height\" content=\"749\" \/>\n\t<meta property=\"og:image:type\" content=\"image\/png\" \/>\n<meta name=\"twitter:card\" content=\"summary_large_image\" \/>\n<meta name=\"twitter:label1\" content=\"Tiempo de lectura\" \/>\n\t<meta name=\"twitter:data1\" content=\"7 minutos\" \/>\n<script type=\"application\/ld+json\" class=\"yoast-schema-graph\">{\"@context\":\"https:\/\/schema.org\",\"@graph\":[{\"@type\":\"WebPage\",\"@id\":\"https:\/\/ticsalutsocial.atoom.space\/es\/noticia\/es-importante-que-los-profesionales-del-ambito-de-la-salud-conozcan-y-utilicen-recursos-publicos-como-la-utac-para-ayudarlos-a-conocer-estas-tecnicas\/\",\"url\":\"https:\/\/ticsalutsocial.atoom.space\/es\/noticia\/es-importante-que-los-profesionales-del-ambito-de-la-salud-conozcan-y-utilicen-recursos-publicos-como-la-utac-para-ayudarlos-a-conocer-estas-tecnicas\/\",\"name\":\"\\\"Es importante que los profesionales del \u00e1mbito de la salud conozcan y utilicen recursos p\u00fablicos como la UTAC, para ayudarlos a conocer estas t\u00e9cnicas\\\". - Fundaci\u00f3 TIC Salut i Social\",\"isPartOf\":{\"@id\":\"https:\/\/ticsalutsocial.atoom.space\/es\/#website\"},\"primaryImageOfPage\":{\"@id\":\"https:\/\/ticsalutsocial.atoom.space\/es\/noticia\/es-importante-que-los-profesionales-del-ambito-de-la-salud-conozcan-y-utilicen-recursos-publicos-como-la-utac-para-ayudarlos-a-conocer-estas-tecnicas\/#primaryimage\"},\"image\":{\"@id\":\"https:\/\/ticsalutsocial.atoom.space\/es\/noticia\/es-importante-que-los-profesionales-del-ambito-de-la-salud-conozcan-y-utilicen-recursos-publicos-como-la-utac-para-ayudarlos-a-conocer-estas-tecnicas\/#primaryimage\"},\"thumbnailUrl\":\"https:\/\/ticsalutsocial.atoom.space\/wp-content\/uploads\/2018\/05\/conferencia-comb.png\",\"datePublished\":\"2018-05-07T10:25:59+00:00\",\"dateModified\":\"2021-07-21T13:24:30+00:00\",\"breadcrumb\":{\"@id\":\"https:\/\/ticsalutsocial.atoom.space\/es\/noticia\/es-importante-que-los-profesionales-del-ambito-de-la-salud-conozcan-y-utilicen-recursos-publicos-como-la-utac-para-ayudarlos-a-conocer-estas-tecnicas\/#breadcrumb\"},\"inLanguage\":\"es\",\"potentialAction\":[{\"@type\":\"ReadAction\",\"target\":[\"https:\/\/ticsalutsocial.atoom.space\/es\/noticia\/es-importante-que-los-profesionales-del-ambito-de-la-salud-conozcan-y-utilicen-recursos-publicos-como-la-utac-para-ayudarlos-a-conocer-estas-tecnicas\/\"]}]},{\"@type\":\"ImageObject\",\"inLanguage\":\"es\",\"@id\":\"https:\/\/ticsalutsocial.atoom.space\/es\/noticia\/es-importante-que-los-profesionales-del-ambito-de-la-salud-conozcan-y-utilicen-recursos-publicos-como-la-utac-para-ayudarlos-a-conocer-estas-tecnicas\/#primaryimage\",\"url\":\"https:\/\/ticsalutsocial.atoom.space\/wp-content\/uploads\/2018\/05\/conferencia-comb.png\",\"contentUrl\":\"https:\/\/ticsalutsocial.atoom.space\/wp-content\/uploads\/2018\/05\/conferencia-comb.png\",\"width\":1100,\"height\":749},{\"@type\":\"BreadcrumbList\",\"@id\":\"https:\/\/ticsalutsocial.atoom.space\/es\/noticia\/es-importante-que-los-profesionales-del-ambito-de-la-salud-conozcan-y-utilicen-recursos-publicos-como-la-utac-para-ayudarlos-a-conocer-estas-tecnicas\/#breadcrumb\",\"itemListElement\":[{\"@type\":\"ListItem\",\"position\":1,\"name\":\"Inici\",\"item\":\"https:\/\/ticsalutsocial.atoom.space\/es\/\"},{\"@type\":\"ListItem\",\"position\":2,\"name\":\"&#8220;Es importante que los profesionales del \u00e1mbito de la salud conozcan y utilicen recursos p\u00fablicos como la UTAC, para ayudarlos a conocer estas t\u00e9cnicas&#8221;.\"}]},{\"@type\":\"WebSite\",\"@id\":\"https:\/\/ticsalutsocial.atoom.space\/es\/#website\",\"url\":\"https:\/\/ticsalutsocial.atoom.space\/es\/\",\"name\":\"Fundaci\u00f3 TIC Salut i Social\",\"description\":\"\",\"potentialAction\":[{\"@type\":\"SearchAction\",\"target\":{\"@type\":\"EntryPoint\",\"urlTemplate\":\"https:\/\/ticsalutsocial.atoom.space\/es\/?s={search_term_string}\"},\"query-input\":{\"@type\":\"PropertyValueSpecification\",\"valueRequired\":true,\"valueName\":\"search_term_string\"}}],\"inLanguage\":\"es\"}]}<\/script>\n<!-- \/ Yoast SEO plugin. -->","yoast_head_json":{"title":"\"Es importante que los profesionales del \u00e1mbito de la salud conozcan y utilicen recursos p\u00fablicos como la UTAC, para ayudarlos a conocer estas t\u00e9cnicas\". - Fundaci\u00f3 TIC Salut i Social","robots":{"index":"index","follow":"follow","max-snippet":"max-snippet:-1","max-image-preview":"max-image-preview:large","max-video-preview":"max-video-preview:-1"},"canonical":"https:\/\/ticsalutsocial.atoom.space\/es\/noticia\/es-importante-que-los-profesionales-del-ambito-de-la-salud-conozcan-y-utilicen-recursos-publicos-como-la-utac-para-ayudarlos-a-conocer-estas-tecnicas\/","og_locale":"es_ES","og_type":"article","og_title":"\"Es importante que los profesionales del \u00e1mbito de la salud conozcan y utilicen recursos p\u00fablicos como la UTAC, para ayudarlos a conocer estas t\u00e9cnicas\". - Fundaci\u00f3 TIC Salut i Social","og_description":"En la edici\u00f3n de abril del bolet\u00edn FlashTICSS compartimos el v\u00eddeo de la conferencia que Marc Coronas, miembro de la UTAC, realiz\u00f3 en el Col\u00b7legi Oficial de Metges de Barcelona. Ahora, lo hemos entrevistado para que nos explique m\u00e1s detalles sobre la Unidad de T\u00e9cnicas Aumentativas de Comunicaci\u00f3n, qu\u00e9 servicios ofrecen, en que consiste y [&hellip;]","og_url":"https:\/\/ticsalutsocial.atoom.space\/es\/noticia\/es-importante-que-los-profesionales-del-ambito-de-la-salud-conozcan-y-utilicen-recursos-publicos-como-la-utac-para-ayudarlos-a-conocer-estas-tecnicas\/","og_site_name":"Fundaci\u00f3 TIC Salut i Social","article_modified_time":"2021-07-21T13:24:30+00:00","og_image":[{"width":1100,"height":749,"url":"https:\/\/ticsalutsocial.atoom.space\/wp-content\/uploads\/2018\/05\/conferencia-comb.png","type":"image\/png"}],"twitter_card":"summary_large_image","twitter_misc":{"Tiempo de lectura":"7 minutos"},"schema":{"@context":"https:\/\/schema.org","@graph":[{"@type":"WebPage","@id":"https:\/\/ticsalutsocial.atoom.space\/es\/noticia\/es-importante-que-los-profesionales-del-ambito-de-la-salud-conozcan-y-utilicen-recursos-publicos-como-la-utac-para-ayudarlos-a-conocer-estas-tecnicas\/","url":"https:\/\/ticsalutsocial.atoom.space\/es\/noticia\/es-importante-que-los-profesionales-del-ambito-de-la-salud-conozcan-y-utilicen-recursos-publicos-como-la-utac-para-ayudarlos-a-conocer-estas-tecnicas\/","name":"\"Es importante que los profesionales del \u00e1mbito de la salud conozcan y utilicen recursos p\u00fablicos como la UTAC, para ayudarlos a conocer estas t\u00e9cnicas\". - Fundaci\u00f3 TIC Salut i Social","isPartOf":{"@id":"https:\/\/ticsalutsocial.atoom.space\/es\/#website"},"primaryImageOfPage":{"@id":"https:\/\/ticsalutsocial.atoom.space\/es\/noticia\/es-importante-que-los-profesionales-del-ambito-de-la-salud-conozcan-y-utilicen-recursos-publicos-como-la-utac-para-ayudarlos-a-conocer-estas-tecnicas\/#primaryimage"},"image":{"@id":"https:\/\/ticsalutsocial.atoom.space\/es\/noticia\/es-importante-que-los-profesionales-del-ambito-de-la-salud-conozcan-y-utilicen-recursos-publicos-como-la-utac-para-ayudarlos-a-conocer-estas-tecnicas\/#primaryimage"},"thumbnailUrl":"https:\/\/ticsalutsocial.atoom.space\/wp-content\/uploads\/2018\/05\/conferencia-comb.png","datePublished":"2018-05-07T10:25:59+00:00","dateModified":"2021-07-21T13:24:30+00:00","breadcrumb":{"@id":"https:\/\/ticsalutsocial.atoom.space\/es\/noticia\/es-importante-que-los-profesionales-del-ambito-de-la-salud-conozcan-y-utilicen-recursos-publicos-como-la-utac-para-ayudarlos-a-conocer-estas-tecnicas\/#breadcrumb"},"inLanguage":"es","potentialAction":[{"@type":"ReadAction","target":["https:\/\/ticsalutsocial.atoom.space\/es\/noticia\/es-importante-que-los-profesionales-del-ambito-de-la-salud-conozcan-y-utilicen-recursos-publicos-como-la-utac-para-ayudarlos-a-conocer-estas-tecnicas\/"]}]},{"@type":"ImageObject","inLanguage":"es","@id":"https:\/\/ticsalutsocial.atoom.space\/es\/noticia\/es-importante-que-los-profesionales-del-ambito-de-la-salud-conozcan-y-utilicen-recursos-publicos-como-la-utac-para-ayudarlos-a-conocer-estas-tecnicas\/#primaryimage","url":"https:\/\/ticsalutsocial.atoom.space\/wp-content\/uploads\/2018\/05\/conferencia-comb.png","contentUrl":"https:\/\/ticsalutsocial.atoom.space\/wp-content\/uploads\/2018\/05\/conferencia-comb.png","width":1100,"height":749},{"@type":"BreadcrumbList","@id":"https:\/\/ticsalutsocial.atoom.space\/es\/noticia\/es-importante-que-los-profesionales-del-ambito-de-la-salud-conozcan-y-utilicen-recursos-publicos-como-la-utac-para-ayudarlos-a-conocer-estas-tecnicas\/#breadcrumb","itemListElement":[{"@type":"ListItem","position":1,"name":"Inici","item":"https:\/\/ticsalutsocial.atoom.space\/es\/"},{"@type":"ListItem","position":2,"name":"&#8220;Es importante que los profesionales del \u00e1mbito de la salud conozcan y utilicen recursos p\u00fablicos como la UTAC, para ayudarlos a conocer estas t\u00e9cnicas&#8221;."}]},{"@type":"WebSite","@id":"https:\/\/ticsalutsocial.atoom.space\/es\/#website","url":"https:\/\/ticsalutsocial.atoom.space\/es\/","name":"Fundaci\u00f3 TIC Salut i Social","description":"","potentialAction":[{"@type":"SearchAction","target":{"@type":"EntryPoint","urlTemplate":"https:\/\/ticsalutsocial.atoom.space\/es\/?s={search_term_string}"},"query-input":{"@type":"PropertyValueSpecification","valueRequired":true,"valueName":"search_term_string"}}],"inLanguage":"es"}]}},"_links":{"self":[{"href":"https:\/\/ticsalutsocial.atoom.space\/es\/wp-json\/wp\/v2\/noticia\/1123","targetHints":{"allow":["GET"]}}],"collection":[{"href":"https:\/\/ticsalutsocial.atoom.space\/es\/wp-json\/wp\/v2\/noticia"}],"about":[{"href":"https:\/\/ticsalutsocial.atoom.space\/es\/wp-json\/wp\/v2\/types\/noticia"}],"author":[{"embeddable":true,"href":"https:\/\/ticsalutsocial.atoom.space\/es\/wp-json\/wp\/v2\/users\/21"}],"wp:featuredmedia":[{"embeddable":true,"href":"https:\/\/ticsalutsocial.atoom.space\/es\/wp-json\/wp\/v2\/media\/1119"}],"wp:attachment":[{"href":"https:\/\/ticsalutsocial.atoom.space\/es\/wp-json\/wp\/v2\/media?parent=1123"}],"wp:term":[{"taxonomy":"etiqueta","embeddable":true,"href":"https:\/\/ticsalutsocial.atoom.space\/es\/wp-json\/wp\/v2\/etiqueta?post=1123"},{"taxonomy":"tipus","embeddable":true,"href":"https:\/\/ticsalutsocial.atoom.space\/es\/wp-json\/wp\/v2\/tipus?post=1123"},{"taxonomy":"topic","embeddable":true,"href":"https:\/\/ticsalutsocial.atoom.space\/es\/wp-json\/wp\/v2\/topic?post=1123"}],"curies":[{"name":"wp","href":"https:\/\/api.w.org\/{rel}","templated":true}]}}