
{"id":1129,"date":"2018-05-09T11:26:12","date_gmt":"2018-05-09T09:26:12","guid":{"rendered":"https:\/\/ticsalutsocial.atoom.space\/?post_type=noticia&#038;p=1129"},"modified":"2021-07-21T15:24:33","modified_gmt":"2021-07-21T13:24:33","slug":"el-estado-de-las-tic-en-el-ambito-de-la-atencion-sociosanitaria","status":"publish","type":"noticia","link":"https:\/\/ticsalutsocial.atoom.space\/es\/noticia\/el-estado-de-las-tic-en-el-ambito-de-la-atencion-sociosanitaria\/","title":{"rendered":"El estado de las TIC en el \u00e1mbito de la Atenci\u00f3n Sociosanitaria"},"content":{"rendered":"<p><em>El elevado n\u00famero de entidades que ofrecen Atenci\u00f3n Sociosanitaria y la variabilidad de sus dimensiones (equipos de apoyo, plazas y camas) pone de manifiesto la heterogeneidad del \u00e1mbito sociosanitario.<\/em><\/p>\n<p>Los resultados de la \u00faltima edici\u00f3n del Mapa de Tendencias muestran que la mayor\u00eda de las entidades, en el desarrollo de su actividad, utilizan varios softwares relacionados con la informaci\u00f3n administrativa y cl\u00ednica, respondiendo a la multidisciplinariedad de la Atenci\u00f3n Sociosanitaria (estaci\u00f3n m\u00e9dica, estaci\u00f3n de enfermer\u00eda, etc.). En el \u00faltimo a\u00f1o, casi el total de entidades mantienen estos softwares, respondiendo as\u00ed a las altas puntuaciones medianas de satisfacci\u00f3n con los diferentes m\u00f3dulos. A pesar de que muchas Entidades Proveedoras utilizan los mismos productos, no hay ninguno que, a nivel de frecuencia, destaque sobre el resto excepto la elevada proporci\u00f3n de desarrollos propios. Ser\u00eda interesante conocer qu\u00e9 circunstancias motivan la creaci\u00f3n de alternativas a los softwares comercializados.<\/p>\n<p><img loading=\"lazy\" decoding=\"async\" class=\"wp-image-1981 size-large\" src=\"https:\/\/ticsalutsocial.atoom.space\/wp-content\/uploads\/2018\/05\/01-1024x1024.png\" alt=\"\" width=\"800\" height=\"800\" \/><\/p>\n<p>Soluci\u00f3n SI de la instituci\u00f3n: Intenci\u00f3n de cambio<\/p>\n<p>Del mismo modo, los datos muestran que en la mayor\u00eda de los recursos del \u00e1mbito sociosanitario, tanto en los de internamiento como en los CAP y de apoyo, todav\u00eda hay entre un 20-40% de entidades que utilizan el papel para el registro de actividades. A su vez, los resultados de la encuesta muestran que las historias cl\u00ednicas electr\u00f3nicas utilizadas en los diferentes recursos presentan limitaciones para visualizar la informaci\u00f3n desde otros recursos o servicios: especialmente, destaca la dificultad que tienen los equipos de apoyo domiciliario y residencial al disponer de historia cl\u00ednica electr\u00f3nica integrada con el resto de la instituci\u00f3n, as\u00ed como el registro de la informaci\u00f3n en tiempo real.<\/p>\n<p>Los datos indican que aunque la mayor\u00eda de entidades utiliza las TIC para atender a pacientes y familiares, la utilizaci\u00f3n de softwares espec\u00edficos para ofrecer programas asistenciales sociosanitarios, como la estimulaci\u00f3n cognitiva, la rehabilitaci\u00f3n o la atenci\u00f3n a las personas con necesidades paliativas, es heterog\u00e9nea, evidenciando que es un campo en el que hay margen de desarrollo y crecimiento.<\/p>\n<p>Finalmente, en relaci\u00f3n al uso de herramientas TIC para mejorar la comunicaci\u00f3n, los resultados se\u00f1alan que un alto porcentaje las utilizan para conectar la organizaci\u00f3n y los profesionales y los profesionales entre s\u00ed; en cambio, el uso de las TIC en la comunicaci\u00f3n entre profesionales y pacientes todav\u00eda tiene recorrido: menos de la mitad de las entidades sociosanitarias tienen esta l\u00ednea desarrollada.<\/p>\n<p>A<em>gradecemos la colaboraci\u00f3n en la redacci\u00f3n de este art\u00edculo a Ingrid Bullich, Pau S\u00e1nchez y Concepci\u00f3 Cabana (Plano Director Atenci\u00f3n Sociosanitaria).<\/em><\/p>\n<p><em>Para m\u00e1s informaci\u00f3n, por favor contact\u00e1is al correo: mapatendencies@ticsalutsocial.cat<\/em><\/p>\n","protected":false},"author":21,"featured_media":1125,"menu_order":0,"template":"","meta":{"_acf_changed":false,"inline_featured_image":false},"etiqueta":[],"tipus":[94],"topic":[],"class_list":["post-1129","noticia","type-noticia","status-publish","has-post-thumbnail","hentry","tipus-integracion-social-y-sanitaria"],"acf":{"imatge":1127,"autor":"Adri\u00e0 G.Font","textos_destacats":[{"texte":"Resumen de los resultados del Mapa de Tendencias 2017"}]},"yoast_head":"<!-- This site is optimized with the Yoast SEO plugin v27.1.1 - https:\/\/yoast.com\/product\/yoast-seo-wordpress\/ -->\n<title>El estado de las TIC en el \u00e1mbito de la Atenci\u00f3n Sociosanitaria - Fundaci\u00f3 TIC Salut i Social<\/title>\n<meta name=\"robots\" content=\"index, follow, max-snippet:-1, max-image-preview:large, max-video-preview:-1\" \/>\n<link rel=\"canonical\" href=\"https:\/\/ticsalutsocial.atoom.space\/es\/noticia\/el-estado-de-las-tic-en-el-ambito-de-la-atencion-sociosanitaria\/\" \/>\n<meta property=\"og:locale\" content=\"es_ES\" \/>\n<meta property=\"og:type\" content=\"article\" \/>\n<meta property=\"og:title\" content=\"El estado de las TIC en el \u00e1mbito de la Atenci\u00f3n Sociosanitaria - Fundaci\u00f3 TIC Salut i Social\" \/>\n<meta property=\"og:description\" content=\"El elevado n\u00famero de entidades que ofrecen Atenci\u00f3n Sociosanitaria y la variabilidad de sus dimensiones (equipos de apoyo, plazas y camas) pone de manifiesto la heterogeneidad del \u00e1mbito sociosanitario. Los resultados de la \u00faltima edici\u00f3n del Mapa de Tendencias muestran que la mayor\u00eda de las entidades, en el desarrollo de su actividad, utilizan varios softwares [&hellip;]\" \/>\n<meta property=\"og:url\" content=\"https:\/\/ticsalutsocial.atoom.space\/es\/noticia\/el-estado-de-las-tic-en-el-ambito-de-la-atencion-sociosanitaria\/\" \/>\n<meta property=\"og:site_name\" content=\"Fundaci\u00f3 TIC Salut i Social\" \/>\n<meta property=\"article:modified_time\" content=\"2021-07-21T13:24:33+00:00\" \/>\n<meta property=\"og:image\" content=\"https:\/\/ticsalutsocial.atoom.space\/wp-content\/uploads\/2018\/05\/hospital.jpg\" \/>\n\t<meta property=\"og:image:width\" content=\"1688\" \/>\n\t<meta property=\"og:image:height\" content=\"1125\" \/>\n\t<meta property=\"og:image:type\" content=\"image\/jpeg\" \/>\n<meta name=\"twitter:card\" content=\"summary_large_image\" \/>\n<meta name=\"twitter:label1\" content=\"Tiempo de lectura\" \/>\n\t<meta name=\"twitter:data1\" content=\"2 minutos\" \/>\n<script type=\"application\/ld+json\" class=\"yoast-schema-graph\">{\"@context\":\"https:\/\/schema.org\",\"@graph\":[{\"@type\":\"WebPage\",\"@id\":\"https:\/\/ticsalutsocial.atoom.space\/es\/noticia\/el-estado-de-las-tic-en-el-ambito-de-la-atencion-sociosanitaria\/\",\"url\":\"https:\/\/ticsalutsocial.atoom.space\/es\/noticia\/el-estado-de-las-tic-en-el-ambito-de-la-atencion-sociosanitaria\/\",\"name\":\"El estado de las TIC en el \u00e1mbito de la Atenci\u00f3n Sociosanitaria - Fundaci\u00f3 TIC Salut i Social\",\"isPartOf\":{\"@id\":\"https:\/\/ticsalutsocial.atoom.space\/es\/#website\"},\"primaryImageOfPage\":{\"@id\":\"https:\/\/ticsalutsocial.atoom.space\/es\/noticia\/el-estado-de-las-tic-en-el-ambito-de-la-atencion-sociosanitaria\/#primaryimage\"},\"image\":{\"@id\":\"https:\/\/ticsalutsocial.atoom.space\/es\/noticia\/el-estado-de-las-tic-en-el-ambito-de-la-atencion-sociosanitaria\/#primaryimage\"},\"thumbnailUrl\":\"https:\/\/ticsalutsocial.atoom.space\/wp-content\/uploads\/2018\/05\/hospital.jpg\",\"datePublished\":\"2018-05-09T09:26:12+00:00\",\"dateModified\":\"2021-07-21T13:24:33+00:00\",\"breadcrumb\":{\"@id\":\"https:\/\/ticsalutsocial.atoom.space\/es\/noticia\/el-estado-de-las-tic-en-el-ambito-de-la-atencion-sociosanitaria\/#breadcrumb\"},\"inLanguage\":\"es\",\"potentialAction\":[{\"@type\":\"ReadAction\",\"target\":[\"https:\/\/ticsalutsocial.atoom.space\/es\/noticia\/el-estado-de-las-tic-en-el-ambito-de-la-atencion-sociosanitaria\/\"]}]},{\"@type\":\"ImageObject\",\"inLanguage\":\"es\",\"@id\":\"https:\/\/ticsalutsocial.atoom.space\/es\/noticia\/el-estado-de-las-tic-en-el-ambito-de-la-atencion-sociosanitaria\/#primaryimage\",\"url\":\"https:\/\/ticsalutsocial.atoom.space\/wp-content\/uploads\/2018\/05\/hospital.jpg\",\"contentUrl\":\"https:\/\/ticsalutsocial.atoom.space\/wp-content\/uploads\/2018\/05\/hospital.jpg\",\"width\":1688,\"height\":1125},{\"@type\":\"BreadcrumbList\",\"@id\":\"https:\/\/ticsalutsocial.atoom.space\/es\/noticia\/el-estado-de-las-tic-en-el-ambito-de-la-atencion-sociosanitaria\/#breadcrumb\",\"itemListElement\":[{\"@type\":\"ListItem\",\"position\":1,\"name\":\"Inici\",\"item\":\"https:\/\/ticsalutsocial.atoom.space\/es\/\"},{\"@type\":\"ListItem\",\"position\":2,\"name\":\"El estado de las TIC en el \u00e1mbito de la Atenci\u00f3n Sociosanitaria\"}]},{\"@type\":\"WebSite\",\"@id\":\"https:\/\/ticsalutsocial.atoom.space\/es\/#website\",\"url\":\"https:\/\/ticsalutsocial.atoom.space\/es\/\",\"name\":\"Fundaci\u00f3 TIC Salut i Social\",\"description\":\"\",\"potentialAction\":[{\"@type\":\"SearchAction\",\"target\":{\"@type\":\"EntryPoint\",\"urlTemplate\":\"https:\/\/ticsalutsocial.atoom.space\/es\/?s={search_term_string}\"},\"query-input\":{\"@type\":\"PropertyValueSpecification\",\"valueRequired\":true,\"valueName\":\"search_term_string\"}}],\"inLanguage\":\"es\"}]}<\/script>\n<!-- \/ Yoast SEO plugin. -->","yoast_head_json":{"title":"El estado de las TIC en el \u00e1mbito de la Atenci\u00f3n Sociosanitaria - Fundaci\u00f3 TIC Salut i Social","robots":{"index":"index","follow":"follow","max-snippet":"max-snippet:-1","max-image-preview":"max-image-preview:large","max-video-preview":"max-video-preview:-1"},"canonical":"https:\/\/ticsalutsocial.atoom.space\/es\/noticia\/el-estado-de-las-tic-en-el-ambito-de-la-atencion-sociosanitaria\/","og_locale":"es_ES","og_type":"article","og_title":"El estado de las TIC en el \u00e1mbito de la Atenci\u00f3n Sociosanitaria - Fundaci\u00f3 TIC Salut i Social","og_description":"El elevado n\u00famero de entidades que ofrecen Atenci\u00f3n Sociosanitaria y la variabilidad de sus dimensiones (equipos de apoyo, plazas y camas) pone de manifiesto la heterogeneidad del \u00e1mbito sociosanitario. Los resultados de la \u00faltima edici\u00f3n del Mapa de Tendencias muestran que la mayor\u00eda de las entidades, en el desarrollo de su actividad, utilizan varios softwares [&hellip;]","og_url":"https:\/\/ticsalutsocial.atoom.space\/es\/noticia\/el-estado-de-las-tic-en-el-ambito-de-la-atencion-sociosanitaria\/","og_site_name":"Fundaci\u00f3 TIC Salut i Social","article_modified_time":"2021-07-21T13:24:33+00:00","og_image":[{"width":1688,"height":1125,"url":"https:\/\/ticsalutsocial.atoom.space\/wp-content\/uploads\/2018\/05\/hospital.jpg","type":"image\/jpeg"}],"twitter_card":"summary_large_image","twitter_misc":{"Tiempo de lectura":"2 minutos"},"schema":{"@context":"https:\/\/schema.org","@graph":[{"@type":"WebPage","@id":"https:\/\/ticsalutsocial.atoom.space\/es\/noticia\/el-estado-de-las-tic-en-el-ambito-de-la-atencion-sociosanitaria\/","url":"https:\/\/ticsalutsocial.atoom.space\/es\/noticia\/el-estado-de-las-tic-en-el-ambito-de-la-atencion-sociosanitaria\/","name":"El estado de las TIC en el \u00e1mbito de la Atenci\u00f3n Sociosanitaria - Fundaci\u00f3 TIC Salut i Social","isPartOf":{"@id":"https:\/\/ticsalutsocial.atoom.space\/es\/#website"},"primaryImageOfPage":{"@id":"https:\/\/ticsalutsocial.atoom.space\/es\/noticia\/el-estado-de-las-tic-en-el-ambito-de-la-atencion-sociosanitaria\/#primaryimage"},"image":{"@id":"https:\/\/ticsalutsocial.atoom.space\/es\/noticia\/el-estado-de-las-tic-en-el-ambito-de-la-atencion-sociosanitaria\/#primaryimage"},"thumbnailUrl":"https:\/\/ticsalutsocial.atoom.space\/wp-content\/uploads\/2018\/05\/hospital.jpg","datePublished":"2018-05-09T09:26:12+00:00","dateModified":"2021-07-21T13:24:33+00:00","breadcrumb":{"@id":"https:\/\/ticsalutsocial.atoom.space\/es\/noticia\/el-estado-de-las-tic-en-el-ambito-de-la-atencion-sociosanitaria\/#breadcrumb"},"inLanguage":"es","potentialAction":[{"@type":"ReadAction","target":["https:\/\/ticsalutsocial.atoom.space\/es\/noticia\/el-estado-de-las-tic-en-el-ambito-de-la-atencion-sociosanitaria\/"]}]},{"@type":"ImageObject","inLanguage":"es","@id":"https:\/\/ticsalutsocial.atoom.space\/es\/noticia\/el-estado-de-las-tic-en-el-ambito-de-la-atencion-sociosanitaria\/#primaryimage","url":"https:\/\/ticsalutsocial.atoom.space\/wp-content\/uploads\/2018\/05\/hospital.jpg","contentUrl":"https:\/\/ticsalutsocial.atoom.space\/wp-content\/uploads\/2018\/05\/hospital.jpg","width":1688,"height":1125},{"@type":"BreadcrumbList","@id":"https:\/\/ticsalutsocial.atoom.space\/es\/noticia\/el-estado-de-las-tic-en-el-ambito-de-la-atencion-sociosanitaria\/#breadcrumb","itemListElement":[{"@type":"ListItem","position":1,"name":"Inici","item":"https:\/\/ticsalutsocial.atoom.space\/es\/"},{"@type":"ListItem","position":2,"name":"El estado de las TIC en el \u00e1mbito de la Atenci\u00f3n Sociosanitaria"}]},{"@type":"WebSite","@id":"https:\/\/ticsalutsocial.atoom.space\/es\/#website","url":"https:\/\/ticsalutsocial.atoom.space\/es\/","name":"Fundaci\u00f3 TIC Salut i Social","description":"","potentialAction":[{"@type":"SearchAction","target":{"@type":"EntryPoint","urlTemplate":"https:\/\/ticsalutsocial.atoom.space\/es\/?s={search_term_string}"},"query-input":{"@type":"PropertyValueSpecification","valueRequired":true,"valueName":"search_term_string"}}],"inLanguage":"es"}]}},"_links":{"self":[{"href":"https:\/\/ticsalutsocial.atoom.space\/es\/wp-json\/wp\/v2\/noticia\/1129","targetHints":{"allow":["GET"]}}],"collection":[{"href":"https:\/\/ticsalutsocial.atoom.space\/es\/wp-json\/wp\/v2\/noticia"}],"about":[{"href":"https:\/\/ticsalutsocial.atoom.space\/es\/wp-json\/wp\/v2\/types\/noticia"}],"author":[{"embeddable":true,"href":"https:\/\/ticsalutsocial.atoom.space\/es\/wp-json\/wp\/v2\/users\/21"}],"wp:featuredmedia":[{"embeddable":true,"href":"https:\/\/ticsalutsocial.atoom.space\/es\/wp-json\/wp\/v2\/media\/1125"}],"wp:attachment":[{"href":"https:\/\/ticsalutsocial.atoom.space\/es\/wp-json\/wp\/v2\/media?parent=1129"}],"wp:term":[{"taxonomy":"etiqueta","embeddable":true,"href":"https:\/\/ticsalutsocial.atoom.space\/es\/wp-json\/wp\/v2\/etiqueta?post=1129"},{"taxonomy":"tipus","embeddable":true,"href":"https:\/\/ticsalutsocial.atoom.space\/es\/wp-json\/wp\/v2\/tipus?post=1129"},{"taxonomy":"topic","embeddable":true,"href":"https:\/\/ticsalutsocial.atoom.space\/es\/wp-json\/wp\/v2\/topic?post=1129"}],"curies":[{"name":"wp","href":"https:\/\/api.w.org\/{rel}","templated":true}]}}