
{"id":1141,"date":"2018-05-09T12:06:16","date_gmt":"2018-05-09T10:06:16","guid":{"rendered":"https:\/\/ticsalutsocial.atoom.space\/?post_type=noticia&#038;p=1141"},"modified":"2021-07-21T15:24:40","modified_gmt":"2021-07-21T13:24:40","slug":"el-consorci-sanitari-integral-gana-el-premio-aslan-a-la-transformacion-digital-en-administraciones-y-organismos-publicos","status":"publish","type":"noticia","link":"https:\/\/ticsalutsocial.atoom.space\/es\/noticia\/el-consorci-sanitari-integral-gana-el-premio-aslan-a-la-transformacion-digital-en-administraciones-y-organismos-publicos\/","title":{"rendered":"El Consorci Sanitari Integral gana el Premio @asLAN a la Transformaci\u00f3n Digital en Administraciones y Organismos P\u00fablicos"},"content":{"rendered":"<p>El proyecto de telemedicina y <strong>chatbot<\/strong>\u00a0(chat de inteligencia artificial) para\u00a0<strong>Cirug\u00eda Mayor Ambulat\u00f2ria\u00a0<\/strong>(CMA) del Consorci Sanitari Integral gan\u00f3 la semana pasada el\u00a0Premio <a href=\"http:\/\/www.aslan.es\/ComisionAAPP\">@asLAN a la Transformaci\u00f3n Digital en Administraciones y Organismos P\u00fablicos<\/a>, dentro de la categor\u00eda \u201cAnal\u00edtica para toma de decisiones\u201d. El premio lo recog\u00edan Meritxell Davins, ide\u00f3loga del proyecto y responsable en eHealth e Innovaci\u00f3n, y Javier Grueso, director de Sistemas de Informaci\u00f3n recog\u00edan el premio la semana pasada.<\/p>\n<p>Un\u00a0<strong>chatbot<\/strong>\u00a0es un sistema basado en inteligencia artificial que responde a las preguntas que le hace el usuario con lenguaje natural y puede aprender con tecnolog\u00eda llamada <em>Machine Learning<\/em>. Los objetivos del chatbot son la mejora de la seguridad y la satisfacci\u00f3n de ambas partes, profesionales y pacientes.<\/p>\n<p>Los pacientes intervenidos por CMA utilizar\u00e1n una\u00a0<strong>aplicaci\u00f3n de m\u00f3vil<\/strong>\u00a0(app) que estar\u00e1 conectada con SABE. Antes de la cirug\u00eda, recibir\u00e1 la informaci\u00f3n y los consejos prequir\u00fargicos, la fecha de la cirug\u00eda y el tipo de cirug\u00eda. Una vez operado, durante la primera semana estar\u00e1 controlado diariamente mediante monitorizaci\u00f3n y a trav\u00e9s de unos cuestionarios con \u00e1rboles de decisi\u00f3n har\u00e1n saltar alarmas a la Unidad Cirug\u00eda Sin Ingreso donde se gestionan seg\u00fan cada necesidad. Adem\u00e1s, el paciente tendr\u00e1 el apoyo de un chatbot, donde sus dudas podr\u00e1n ser resueltas.<\/p>\n<p>Esto permite tener m\u00e1s controlado e informado al paciente, as\u00ed como una adecuaci\u00f3n de las llamadas telef\u00f3nicas seg\u00fan las necesidades. Se est\u00e1 trabajando para que el proyecto se ponga en marcha en breve. Las patolog\u00edas elegidas en la primera fase son las\u00a0<strong>varices y hernias<\/strong>.<\/p>\n<div id=\"attachment_1993\" style=\"width: 281px\" class=\"wp-caption alignnone\"><img loading=\"lazy\" decoding=\"async\" aria-describedby=\"caption-attachment-1993\" class=\"wp-image-1993 size-medium\" src=\"https:\/\/ticsalutsocial.atoom.space\/wp-content\/uploads\/2018\/05\/innovacio_1_editora_10_451_1-271x300.jpg\" alt=\"\" width=\"271\" height=\"300\" \/><p id=\"caption-attachment-1993\" class=\"wp-caption-text\">Meritxell Davins, ide\u00f3loga del proyecto y responsable en eHealth e Innovaci\u00f3n, y Javier Grueso, director de Sistemas de Informaci\u00f3n recogiendo el premio la semana pasada.<\/p><\/div>\n","protected":false},"author":21,"featured_media":1137,"menu_order":0,"template":"","meta":{"_acf_changed":false,"inline_featured_image":false},"etiqueta":[],"tipus":[],"topic":[125],"class_list":["post-1141","noticia","type-noticia","status-publish","has-post-thumbnail","hentry","topic-hub-es"],"acf":{"imatge":1139,"autor":"Adri\u00e0 G.Font"},"yoast_head":"<!-- This site is optimized with the Yoast SEO plugin v27.1.1 - https:\/\/yoast.com\/product\/yoast-seo-wordpress\/ -->\n<title>El Consorci Sanitari Integral gana el Premio @asLAN a la Transformaci\u00f3n Digital en Administraciones y Organismos P\u00fablicos - Fundaci\u00f3 TIC Salut i Social<\/title>\n<meta name=\"robots\" content=\"index, follow, max-snippet:-1, max-image-preview:large, max-video-preview:-1\" \/>\n<link rel=\"canonical\" href=\"https:\/\/ticsalutsocial.atoom.space\/es\/noticia\/el-consorci-sanitari-integral-gana-el-premio-aslan-a-la-transformacion-digital-en-administraciones-y-organismos-publicos\/\" \/>\n<meta property=\"og:locale\" content=\"es_ES\" \/>\n<meta property=\"og:type\" content=\"article\" \/>\n<meta property=\"og:title\" content=\"El Consorci Sanitari Integral gana el Premio @asLAN a la Transformaci\u00f3n Digital en Administraciones y Organismos P\u00fablicos - Fundaci\u00f3 TIC Salut i Social\" \/>\n<meta property=\"og:description\" content=\"El proyecto de telemedicina y chatbot\u00a0(chat de inteligencia artificial) para\u00a0Cirug\u00eda Mayor Ambulat\u00f2ria\u00a0(CMA) del Consorci Sanitari Integral gan\u00f3 la semana pasada el\u00a0Premio @asLAN a la Transformaci\u00f3n Digital en Administraciones y Organismos P\u00fablicos, dentro de la categor\u00eda \u201cAnal\u00edtica para toma de decisiones\u201d. El premio lo recog\u00edan Meritxell Davins, ide\u00f3loga del proyecto y responsable en eHealth e Innovaci\u00f3n, [&hellip;]\" \/>\n<meta property=\"og:url\" content=\"https:\/\/ticsalutsocial.atoom.space\/es\/noticia\/el-consorci-sanitari-integral-gana-el-premio-aslan-a-la-transformacion-digital-en-administraciones-y-organismos-publicos\/\" \/>\n<meta property=\"og:site_name\" content=\"Fundaci\u00f3 TIC Salut i Social\" \/>\n<meta property=\"article:modified_time\" content=\"2021-07-21T13:24:40+00:00\" \/>\n<meta property=\"og:image\" content=\"https:\/\/ticsalutsocial.atoom.space\/wp-content\/uploads\/2018\/05\/inteligencia-artificial-industria-g.jpg\" \/>\n\t<meta property=\"og:image:width\" content=\"900\" \/>\n\t<meta property=\"og:image:height\" content=\"600\" \/>\n\t<meta property=\"og:image:type\" content=\"image\/jpeg\" \/>\n<meta name=\"twitter:card\" content=\"summary_large_image\" \/>\n<meta name=\"twitter:label1\" content=\"Tiempo de lectura\" \/>\n\t<meta name=\"twitter:data1\" content=\"2 minutos\" \/>\n<script type=\"application\/ld+json\" class=\"yoast-schema-graph\">{\"@context\":\"https:\/\/schema.org\",\"@graph\":[{\"@type\":\"WebPage\",\"@id\":\"https:\/\/ticsalutsocial.atoom.space\/es\/noticia\/el-consorci-sanitari-integral-gana-el-premio-aslan-a-la-transformacion-digital-en-administraciones-y-organismos-publicos\/\",\"url\":\"https:\/\/ticsalutsocial.atoom.space\/es\/noticia\/el-consorci-sanitari-integral-gana-el-premio-aslan-a-la-transformacion-digital-en-administraciones-y-organismos-publicos\/\",\"name\":\"El Consorci Sanitari Integral gana el Premio @asLAN a la Transformaci\u00f3n Digital en Administraciones y Organismos P\u00fablicos - Fundaci\u00f3 TIC Salut i Social\",\"isPartOf\":{\"@id\":\"https:\/\/ticsalutsocial.atoom.space\/es\/#website\"},\"primaryImageOfPage\":{\"@id\":\"https:\/\/ticsalutsocial.atoom.space\/es\/noticia\/el-consorci-sanitari-integral-gana-el-premio-aslan-a-la-transformacion-digital-en-administraciones-y-organismos-publicos\/#primaryimage\"},\"image\":{\"@id\":\"https:\/\/ticsalutsocial.atoom.space\/es\/noticia\/el-consorci-sanitari-integral-gana-el-premio-aslan-a-la-transformacion-digital-en-administraciones-y-organismos-publicos\/#primaryimage\"},\"thumbnailUrl\":\"https:\/\/ticsalutsocial.atoom.space\/wp-content\/uploads\/2018\/05\/inteligencia-artificial-industria-g.jpg\",\"datePublished\":\"2018-05-09T10:06:16+00:00\",\"dateModified\":\"2021-07-21T13:24:40+00:00\",\"breadcrumb\":{\"@id\":\"https:\/\/ticsalutsocial.atoom.space\/es\/noticia\/el-consorci-sanitari-integral-gana-el-premio-aslan-a-la-transformacion-digital-en-administraciones-y-organismos-publicos\/#breadcrumb\"},\"inLanguage\":\"es\",\"potentialAction\":[{\"@type\":\"ReadAction\",\"target\":[\"https:\/\/ticsalutsocial.atoom.space\/es\/noticia\/el-consorci-sanitari-integral-gana-el-premio-aslan-a-la-transformacion-digital-en-administraciones-y-organismos-publicos\/\"]}]},{\"@type\":\"ImageObject\",\"inLanguage\":\"es\",\"@id\":\"https:\/\/ticsalutsocial.atoom.space\/es\/noticia\/el-consorci-sanitari-integral-gana-el-premio-aslan-a-la-transformacion-digital-en-administraciones-y-organismos-publicos\/#primaryimage\",\"url\":\"https:\/\/ticsalutsocial.atoom.space\/wp-content\/uploads\/2018\/05\/inteligencia-artificial-industria-g.jpg\",\"contentUrl\":\"https:\/\/ticsalutsocial.atoom.space\/wp-content\/uploads\/2018\/05\/inteligencia-artificial-industria-g.jpg\",\"width\":900,\"height\":600},{\"@type\":\"BreadcrumbList\",\"@id\":\"https:\/\/ticsalutsocial.atoom.space\/es\/noticia\/el-consorci-sanitari-integral-gana-el-premio-aslan-a-la-transformacion-digital-en-administraciones-y-organismos-publicos\/#breadcrumb\",\"itemListElement\":[{\"@type\":\"ListItem\",\"position\":1,\"name\":\"Inici\",\"item\":\"https:\/\/ticsalutsocial.atoom.space\/es\/\"},{\"@type\":\"ListItem\",\"position\":2,\"name\":\"El Consorci Sanitari Integral gana el Premio @asLAN a la Transformaci\u00f3n Digital en Administraciones y Organismos P\u00fablicos\"}]},{\"@type\":\"WebSite\",\"@id\":\"https:\/\/ticsalutsocial.atoom.space\/es\/#website\",\"url\":\"https:\/\/ticsalutsocial.atoom.space\/es\/\",\"name\":\"Fundaci\u00f3 TIC Salut i Social\",\"description\":\"\",\"potentialAction\":[{\"@type\":\"SearchAction\",\"target\":{\"@type\":\"EntryPoint\",\"urlTemplate\":\"https:\/\/ticsalutsocial.atoom.space\/es\/?s={search_term_string}\"},\"query-input\":{\"@type\":\"PropertyValueSpecification\",\"valueRequired\":true,\"valueName\":\"search_term_string\"}}],\"inLanguage\":\"es\"}]}<\/script>\n<!-- \/ Yoast SEO plugin. -->","yoast_head_json":{"title":"El Consorci Sanitari Integral gana el Premio @asLAN a la Transformaci\u00f3n Digital en Administraciones y Organismos P\u00fablicos - Fundaci\u00f3 TIC Salut i Social","robots":{"index":"index","follow":"follow","max-snippet":"max-snippet:-1","max-image-preview":"max-image-preview:large","max-video-preview":"max-video-preview:-1"},"canonical":"https:\/\/ticsalutsocial.atoom.space\/es\/noticia\/el-consorci-sanitari-integral-gana-el-premio-aslan-a-la-transformacion-digital-en-administraciones-y-organismos-publicos\/","og_locale":"es_ES","og_type":"article","og_title":"El Consorci Sanitari Integral gana el Premio @asLAN a la Transformaci\u00f3n Digital en Administraciones y Organismos P\u00fablicos - Fundaci\u00f3 TIC Salut i Social","og_description":"El proyecto de telemedicina y chatbot\u00a0(chat de inteligencia artificial) para\u00a0Cirug\u00eda Mayor Ambulat\u00f2ria\u00a0(CMA) del Consorci Sanitari Integral gan\u00f3 la semana pasada el\u00a0Premio @asLAN a la Transformaci\u00f3n Digital en Administraciones y Organismos P\u00fablicos, dentro de la categor\u00eda \u201cAnal\u00edtica para toma de decisiones\u201d. El premio lo recog\u00edan Meritxell Davins, ide\u00f3loga del proyecto y responsable en eHealth e Innovaci\u00f3n, [&hellip;]","og_url":"https:\/\/ticsalutsocial.atoom.space\/es\/noticia\/el-consorci-sanitari-integral-gana-el-premio-aslan-a-la-transformacion-digital-en-administraciones-y-organismos-publicos\/","og_site_name":"Fundaci\u00f3 TIC Salut i Social","article_modified_time":"2021-07-21T13:24:40+00:00","og_image":[{"width":900,"height":600,"url":"https:\/\/ticsalutsocial.atoom.space\/wp-content\/uploads\/2018\/05\/inteligencia-artificial-industria-g.jpg","type":"image\/jpeg"}],"twitter_card":"summary_large_image","twitter_misc":{"Tiempo de lectura":"2 minutos"},"schema":{"@context":"https:\/\/schema.org","@graph":[{"@type":"WebPage","@id":"https:\/\/ticsalutsocial.atoom.space\/es\/noticia\/el-consorci-sanitari-integral-gana-el-premio-aslan-a-la-transformacion-digital-en-administraciones-y-organismos-publicos\/","url":"https:\/\/ticsalutsocial.atoom.space\/es\/noticia\/el-consorci-sanitari-integral-gana-el-premio-aslan-a-la-transformacion-digital-en-administraciones-y-organismos-publicos\/","name":"El Consorci Sanitari Integral gana el Premio @asLAN a la Transformaci\u00f3n Digital en Administraciones y Organismos P\u00fablicos - Fundaci\u00f3 TIC Salut i Social","isPartOf":{"@id":"https:\/\/ticsalutsocial.atoom.space\/es\/#website"},"primaryImageOfPage":{"@id":"https:\/\/ticsalutsocial.atoom.space\/es\/noticia\/el-consorci-sanitari-integral-gana-el-premio-aslan-a-la-transformacion-digital-en-administraciones-y-organismos-publicos\/#primaryimage"},"image":{"@id":"https:\/\/ticsalutsocial.atoom.space\/es\/noticia\/el-consorci-sanitari-integral-gana-el-premio-aslan-a-la-transformacion-digital-en-administraciones-y-organismos-publicos\/#primaryimage"},"thumbnailUrl":"https:\/\/ticsalutsocial.atoom.space\/wp-content\/uploads\/2018\/05\/inteligencia-artificial-industria-g.jpg","datePublished":"2018-05-09T10:06:16+00:00","dateModified":"2021-07-21T13:24:40+00:00","breadcrumb":{"@id":"https:\/\/ticsalutsocial.atoom.space\/es\/noticia\/el-consorci-sanitari-integral-gana-el-premio-aslan-a-la-transformacion-digital-en-administraciones-y-organismos-publicos\/#breadcrumb"},"inLanguage":"es","potentialAction":[{"@type":"ReadAction","target":["https:\/\/ticsalutsocial.atoom.space\/es\/noticia\/el-consorci-sanitari-integral-gana-el-premio-aslan-a-la-transformacion-digital-en-administraciones-y-organismos-publicos\/"]}]},{"@type":"ImageObject","inLanguage":"es","@id":"https:\/\/ticsalutsocial.atoom.space\/es\/noticia\/el-consorci-sanitari-integral-gana-el-premio-aslan-a-la-transformacion-digital-en-administraciones-y-organismos-publicos\/#primaryimage","url":"https:\/\/ticsalutsocial.atoom.space\/wp-content\/uploads\/2018\/05\/inteligencia-artificial-industria-g.jpg","contentUrl":"https:\/\/ticsalutsocial.atoom.space\/wp-content\/uploads\/2018\/05\/inteligencia-artificial-industria-g.jpg","width":900,"height":600},{"@type":"BreadcrumbList","@id":"https:\/\/ticsalutsocial.atoom.space\/es\/noticia\/el-consorci-sanitari-integral-gana-el-premio-aslan-a-la-transformacion-digital-en-administraciones-y-organismos-publicos\/#breadcrumb","itemListElement":[{"@type":"ListItem","position":1,"name":"Inici","item":"https:\/\/ticsalutsocial.atoom.space\/es\/"},{"@type":"ListItem","position":2,"name":"El Consorci Sanitari Integral gana el Premio @asLAN a la Transformaci\u00f3n Digital en Administraciones y Organismos P\u00fablicos"}]},{"@type":"WebSite","@id":"https:\/\/ticsalutsocial.atoom.space\/es\/#website","url":"https:\/\/ticsalutsocial.atoom.space\/es\/","name":"Fundaci\u00f3 TIC Salut i Social","description":"","potentialAction":[{"@type":"SearchAction","target":{"@type":"EntryPoint","urlTemplate":"https:\/\/ticsalutsocial.atoom.space\/es\/?s={search_term_string}"},"query-input":{"@type":"PropertyValueSpecification","valueRequired":true,"valueName":"search_term_string"}}],"inLanguage":"es"}]}},"_links":{"self":[{"href":"https:\/\/ticsalutsocial.atoom.space\/es\/wp-json\/wp\/v2\/noticia\/1141","targetHints":{"allow":["GET"]}}],"collection":[{"href":"https:\/\/ticsalutsocial.atoom.space\/es\/wp-json\/wp\/v2\/noticia"}],"about":[{"href":"https:\/\/ticsalutsocial.atoom.space\/es\/wp-json\/wp\/v2\/types\/noticia"}],"author":[{"embeddable":true,"href":"https:\/\/ticsalutsocial.atoom.space\/es\/wp-json\/wp\/v2\/users\/21"}],"wp:featuredmedia":[{"embeddable":true,"href":"https:\/\/ticsalutsocial.atoom.space\/es\/wp-json\/wp\/v2\/media\/1137"}],"wp:attachment":[{"href":"https:\/\/ticsalutsocial.atoom.space\/es\/wp-json\/wp\/v2\/media?parent=1141"}],"wp:term":[{"taxonomy":"etiqueta","embeddable":true,"href":"https:\/\/ticsalutsocial.atoom.space\/es\/wp-json\/wp\/v2\/etiqueta?post=1141"},{"taxonomy":"tipus","embeddable":true,"href":"https:\/\/ticsalutsocial.atoom.space\/es\/wp-json\/wp\/v2\/tipus?post=1141"},{"taxonomy":"topic","embeddable":true,"href":"https:\/\/ticsalutsocial.atoom.space\/es\/wp-json\/wp\/v2\/topic?post=1141"}],"curies":[{"name":"wp","href":"https:\/\/api.w.org\/{rel}","templated":true}]}}