
{"id":1158,"date":"2013-09-04T17:28:40","date_gmt":"2013-09-04T15:28:40","guid":{"rendered":"https:\/\/ticsalutsocial.atoom.space\/?post_type=noticia&#038;p=1158"},"modified":"2021-07-21T15:24:48","modified_gmt":"2021-07-21T13:24:48","slug":"faltan-apps-para-algunas-de-las-enfermedades-mas-extendidas-en-el-mundo-como-la-anemia-la-perdida-auditiva-o-la-baja-vision","status":"publish","type":"noticia","link":"https:\/\/ticsalutsocial.atoom.space\/es\/noticia\/faltan-apps-para-algunas-de-las-enfermedades-mas-extendidas-en-el-mundo-como-la-anemia-la-perdida-auditiva-o-la-baja-vision\/","title":{"rendered":"Faltan apps para algunas de las enfermedades m\u00e1s extendidas en el mundo, como la anemia, la p\u00e9rdida auditiva o la baja visi\u00f3n"},"content":{"rendered":"<p>Seg\u00fan la actualizaci\u00f3n m\u00e1s reciente (2004) de la <a href=\"http:\/\/www.who.int\/topics\/global_burden_of_disease\/es\/\">Carga Mundial de Morbilidad de la OMS<\/a>, las ocho enfermedades m\u00e1s comunes en el mundo son, en este orden, la<strong> anemia por deficiencia de hierro<\/strong>, la <strong>p\u00e9rdida de audici\u00f3n<\/strong>, la <strong>migra\u00f1a<\/strong>, la<strong> baja visi\u00f3n<\/strong>, el <strong>asma<\/strong>, la <strong>diabetes mellitus<\/strong>, la <strong>artrosis <\/strong>y los <strong>trastornos depresivos unipolares<\/strong>. A partir de esta lista, la Universidad de Valladolid ha realizado una b\u00fasqueda de las <em>apps <\/em>para pacientes de cada una de estas condiciones y, adem\u00e1s, ha comparado las <em>apps <\/em>comerciales con las estudiadas en el \u00e1mbito cient\u00edfico-acad\u00e9mico.<\/p>\n<p>En concreto, las aplicaciones m\u00f3viles m\u00e1s <strong>analizadas en la investigaci\u00f3n acad\u00e9mica<\/strong> -publicada en ingl\u00e9s- est\u00e1n dirigidas a pacientes de <strong>diabetes <\/strong>(140 art\u00edculos). Les siguen las dise\u00f1adas para gestionar el <strong>asma <\/strong>y la <strong>depresi\u00f3n<\/strong>. Existe una diferencia notable entre el n\u00famero de investigaciones dedicadas a estas tres condiciones de salud y las dem\u00e1s (p\u00e9rdida de audici\u00f3n, baja visi\u00f3n, artrosis, anemia y migra\u00f1a).<\/p>\n<p><strong>La diabetes es tambi\u00e9n la enfermedad para la que existen m\u00e1s <em>apps <\/em>gratuitas <\/strong>(en ingl\u00e9s)<strong> en las plataformas comerciales m\u00e1s importantes<\/strong>, con unas 1.700 aplicaciones en total. La depresi\u00f3n, la migra\u00f1a y el asma ocupan el segundo, tercer y cuarto lugar, respectivamente. Seg\u00fan el estudio, <strong><a href=\"https:\/\/play.google.com\/store?hl=ca\">Google Play<\/a> es la tienda que dispone de m\u00e1s apps para las enfermedades estudiadas<\/strong>, seguida de cerca por <a href=\"http:\/\/www.apple.com\/es\/itunes\/\">iTunes<\/a>. En tercer lugar figura <a href=\"http:\/\/www.windowsphone.com\/en-us\/store\">Windows Phone Apps + Games<\/a>.<\/p>\n<p>As\u00ed pues,<strong> la distribuci\u00f3n de la investigaci\u00f3n y comercializaci\u00f3n de aplicaciones m\u00f3viles es heterog\u00e9nea para las ocho condiciones de salud con m\u00e1s prevalencia<\/strong>. Mientras que los pacientes de algunas enfermedades, como la diabetes y la depresi\u00f3n, disponen de un mayor n\u00famero de aplicaciones y de investigaci\u00f3n, existe un vac\u00edo de <em>apps <\/em>relacionadas con problemas de salud muy extendidos globalmente.<\/p>\n<p>Una gran parte de los casos de anemia, por ejemplo, se encuentran en <strong>pa\u00edses subdesarrollados o en v\u00edas de desarrollo<\/strong>, donde el uso de <em>smartphones <\/em>y tabletas a\u00fan es minoritario. Esta es la raz\u00f3n por la que los desarrolladores e investigadores no muestran tanto inter\u00e9s por ellas.<\/p>\n<p>En cambio,<strong> predominan las <em>apps <\/em>de patolog\u00edas asociadas con los estilos de vida de las zonas desarrolladas<\/strong>, donde s\u00ed existe una gran conciencia social sobre estas enfermedades. Este hecho y la constataci\u00f3n de que existen m\u00e1s apps de salud en las tiendas que no en los an\u00e1lisis de la literatura cient\u00edfica indica que <strong>hoy en d\u00eda el desarrollo de la mHealth responde m\u00e1s a una motivaci\u00f3n comercial y econ\u00f3mica que acad\u00e9mica<\/strong>.<br \/>\n&nbsp;<\/p>\n<h2>\nLas apps para Android y iOS son mayor\u00eda<\/h2>\n<p>A partir del an\u00e1lisis en profundidad de estas <em>apps<\/em>, se puede describir una serie de caracter\u00edsticas en com\u00fan. <strong>La mayor\u00eda de aplicaciones de mHealth se han desarrollado con el \u00e1nimo de supervisar, apoyar, o bien informar y educar sobre la enfermedad<\/strong>. En general, no se requiere conexi\u00f3n a Internet para usarlas, y la gran mayor\u00eda se dirigen al p\u00fablico en general, ya que est\u00e1n dise\u00f1adas para un uso no cl\u00ednico.<\/p>\n<p>En cuanto a la interacci\u00f3n de los usuarios, la mayor parte de apps no dispone de esta funcionalidad, <strong>ya que se han concebido para un uso individual<\/strong>. Sin embargo, las <em>apps <\/em>de enfermedades cuyo curso puede mejorar gracias a la colaboraci\u00f3n entre afectados o entre los miembros de una comunidad, como la depresi\u00f3n o la diabetes, disponen de m\u00f3dulos para permitir esta interacci\u00f3n.<\/p>\n<p><strong>Un aspecto a mejorar es la visualizaci\u00f3n de datos<\/strong>, que a menudo puede resultar compleja. Los desarrolladores de <em>apps<\/em> prefieren los textos para mostrar los datos, seguidos por representaciones gr\u00e1ficas e im\u00e1genes. Adem\u00e1s, <strong>la mayor\u00eda de creadores optan por desarrollar las <em>apps <\/em>para los sistemas operativos Android y iOS<\/strong>, seguidos de lejos por Windows Phone. Se ha observado, adem\u00e1s, la escasez de aplicaciones para los dispositivos Blackberry.<\/p>\n<p>Como v\u00eda de futuro, los autores del estudio consideran que se debe llenar el vac\u00edo de aplicaciones de mHealth para estas enfermedades y dispositivos. De hecho, <strong>se trata de una oportunidad tanto para los investigadores cl\u00ednicos como para los desarrolladores.<\/strong><br \/>\n&nbsp;<\/p>\n<h4>Referencia bibliogr\u00e1fica<\/h4>\n<p>Mart\u00ednez- P\u00e9rez, B; de la Torre- D\u00edez, I; L\u00f3pez- Coronado, M. <em>Mobile Health Applications for the Most Prevalent Conditions by the World Health Organization: Review and Analysis<\/em>. Journal of Medical Internet Research, 14 de junio de 2013 [acceso: 26 de agosto de 2013] . Disponible en: <a href=\"http:\/\/www.jmir.org\/2013\/6\/e120\/\">http:\/\/www.jmir.org\/2013\/6\/e120\/<\/a><\/p>\n<p>&nbsp;<\/p>\n","protected":false},"author":21,"featured_media":6636,"menu_order":0,"template":"","meta":{"_acf_changed":false,"inline_featured_image":false},"etiqueta":[],"tipus":[],"topic":[],"class_list":["post-1158","noticia","type-noticia","status-publish","has-post-thumbnail","hentry"],"acf":{"imatge":6636,"autor":"Adri\u00e0 G.Font"},"yoast_head":"<!-- This site is optimized with the Yoast SEO plugin v27.1.1 - https:\/\/yoast.com\/product\/yoast-seo-wordpress\/ -->\n<title>Faltan apps para algunas de las enfermedades m\u00e1s extendidas en el mundo, como la anemia, la p\u00e9rdida auditiva o la baja visi\u00f3n - Fundaci\u00f3 TIC Salut i Social<\/title>\n<meta name=\"robots\" content=\"index, follow, max-snippet:-1, max-image-preview:large, max-video-preview:-1\" \/>\n<link rel=\"canonical\" href=\"https:\/\/ticsalutsocial.atoom.space\/es\/noticia\/faltan-apps-para-algunas-de-las-enfermedades-mas-extendidas-en-el-mundo-como-la-anemia-la-perdida-auditiva-o-la-baja-vision\/\" \/>\n<meta property=\"og:locale\" content=\"es_ES\" \/>\n<meta property=\"og:type\" content=\"article\" \/>\n<meta property=\"og:title\" content=\"Faltan apps para algunas de las enfermedades m\u00e1s extendidas en el mundo, como la anemia, la p\u00e9rdida auditiva o la baja visi\u00f3n - Fundaci\u00f3 TIC Salut i Social\" \/>\n<meta property=\"og:description\" content=\"Seg\u00fan la actualizaci\u00f3n m\u00e1s reciente (2004) de la Carga Mundial de Morbilidad de la OMS, las ocho enfermedades m\u00e1s comunes en el mundo son, en este orden, la anemia por deficiencia de hierro, la p\u00e9rdida de audici\u00f3n, la migra\u00f1a, la baja visi\u00f3n, el asma, la diabetes mellitus, la artrosis y los trastornos depresivos unipolares. A [&hellip;]\" \/>\n<meta property=\"og:url\" content=\"https:\/\/ticsalutsocial.atoom.space\/es\/noticia\/faltan-apps-para-algunas-de-las-enfermedades-mas-extendidas-en-el-mundo-como-la-anemia-la-perdida-auditiva-o-la-baja-vision\/\" \/>\n<meta property=\"og:site_name\" content=\"Fundaci\u00f3 TIC Salut i Social\" \/>\n<meta property=\"article:modified_time\" content=\"2021-07-21T13:24:48+00:00\" \/>\n<meta property=\"og:image\" content=\"https:\/\/ticsalutsocial.atoom.space\/wp-content\/uploads\/2013\/09\/appticsalut_centre_79_7.jpg\" \/>\n\t<meta property=\"og:image:width\" content=\"300\" \/>\n\t<meta property=\"og:image:height\" content=\"200\" \/>\n\t<meta property=\"og:image:type\" content=\"image\/jpeg\" \/>\n<meta name=\"twitter:card\" content=\"summary_large_image\" \/>\n<meta name=\"twitter:label1\" content=\"Tiempo de lectura\" \/>\n\t<meta name=\"twitter:data1\" content=\"4 minutos\" \/>\n<script type=\"application\/ld+json\" class=\"yoast-schema-graph\">{\"@context\":\"https:\/\/schema.org\",\"@graph\":[{\"@type\":\"WebPage\",\"@id\":\"https:\/\/ticsalutsocial.atoom.space\/es\/noticia\/faltan-apps-para-algunas-de-las-enfermedades-mas-extendidas-en-el-mundo-como-la-anemia-la-perdida-auditiva-o-la-baja-vision\/\",\"url\":\"https:\/\/ticsalutsocial.atoom.space\/es\/noticia\/faltan-apps-para-algunas-de-las-enfermedades-mas-extendidas-en-el-mundo-como-la-anemia-la-perdida-auditiva-o-la-baja-vision\/\",\"name\":\"Faltan apps para algunas de las enfermedades m\u00e1s extendidas en el mundo, como la anemia, la p\u00e9rdida auditiva o la baja visi\u00f3n - Fundaci\u00f3 TIC Salut i Social\",\"isPartOf\":{\"@id\":\"https:\/\/ticsalutsocial.atoom.space\/es\/#website\"},\"primaryImageOfPage\":{\"@id\":\"https:\/\/ticsalutsocial.atoom.space\/es\/noticia\/faltan-apps-para-algunas-de-las-enfermedades-mas-extendidas-en-el-mundo-como-la-anemia-la-perdida-auditiva-o-la-baja-vision\/#primaryimage\"},\"image\":{\"@id\":\"https:\/\/ticsalutsocial.atoom.space\/es\/noticia\/faltan-apps-para-algunas-de-las-enfermedades-mas-extendidas-en-el-mundo-como-la-anemia-la-perdida-auditiva-o-la-baja-vision\/#primaryimage\"},\"thumbnailUrl\":\"https:\/\/ticsalutsocial.atoom.space\/wp-content\/uploads\/2013\/09\/appticsalut_centre_79_7.jpg\",\"datePublished\":\"2013-09-04T15:28:40+00:00\",\"dateModified\":\"2021-07-21T13:24:48+00:00\",\"breadcrumb\":{\"@id\":\"https:\/\/ticsalutsocial.atoom.space\/es\/noticia\/faltan-apps-para-algunas-de-las-enfermedades-mas-extendidas-en-el-mundo-como-la-anemia-la-perdida-auditiva-o-la-baja-vision\/#breadcrumb\"},\"inLanguage\":\"es\",\"potentialAction\":[{\"@type\":\"ReadAction\",\"target\":[\"https:\/\/ticsalutsocial.atoom.space\/es\/noticia\/faltan-apps-para-algunas-de-las-enfermedades-mas-extendidas-en-el-mundo-como-la-anemia-la-perdida-auditiva-o-la-baja-vision\/\"]}]},{\"@type\":\"ImageObject\",\"inLanguage\":\"es\",\"@id\":\"https:\/\/ticsalutsocial.atoom.space\/es\/noticia\/faltan-apps-para-algunas-de-las-enfermedades-mas-extendidas-en-el-mundo-como-la-anemia-la-perdida-auditiva-o-la-baja-vision\/#primaryimage\",\"url\":\"https:\/\/ticsalutsocial.atoom.space\/wp-content\/uploads\/2013\/09\/appticsalut_centre_79_7.jpg\",\"contentUrl\":\"https:\/\/ticsalutsocial.atoom.space\/wp-content\/uploads\/2013\/09\/appticsalut_centre_79_7.jpg\",\"width\":300,\"height\":200},{\"@type\":\"BreadcrumbList\",\"@id\":\"https:\/\/ticsalutsocial.atoom.space\/es\/noticia\/faltan-apps-para-algunas-de-las-enfermedades-mas-extendidas-en-el-mundo-como-la-anemia-la-perdida-auditiva-o-la-baja-vision\/#breadcrumb\",\"itemListElement\":[{\"@type\":\"ListItem\",\"position\":1,\"name\":\"Inici\",\"item\":\"https:\/\/ticsalutsocial.atoom.space\/es\/\"},{\"@type\":\"ListItem\",\"position\":2,\"name\":\"Faltan apps para algunas de las enfermedades m\u00e1s extendidas en el mundo, como la anemia, la p\u00e9rdida auditiva o la baja visi\u00f3n\"}]},{\"@type\":\"WebSite\",\"@id\":\"https:\/\/ticsalutsocial.atoom.space\/es\/#website\",\"url\":\"https:\/\/ticsalutsocial.atoom.space\/es\/\",\"name\":\"Fundaci\u00f3 TIC Salut i Social\",\"description\":\"\",\"potentialAction\":[{\"@type\":\"SearchAction\",\"target\":{\"@type\":\"EntryPoint\",\"urlTemplate\":\"https:\/\/ticsalutsocial.atoom.space\/es\/?s={search_term_string}\"},\"query-input\":{\"@type\":\"PropertyValueSpecification\",\"valueRequired\":true,\"valueName\":\"search_term_string\"}}],\"inLanguage\":\"es\"}]}<\/script>\n<!-- \/ Yoast SEO plugin. -->","yoast_head_json":{"title":"Faltan apps para algunas de las enfermedades m\u00e1s extendidas en el mundo, como la anemia, la p\u00e9rdida auditiva o la baja visi\u00f3n - Fundaci\u00f3 TIC Salut i Social","robots":{"index":"index","follow":"follow","max-snippet":"max-snippet:-1","max-image-preview":"max-image-preview:large","max-video-preview":"max-video-preview:-1"},"canonical":"https:\/\/ticsalutsocial.atoom.space\/es\/noticia\/faltan-apps-para-algunas-de-las-enfermedades-mas-extendidas-en-el-mundo-como-la-anemia-la-perdida-auditiva-o-la-baja-vision\/","og_locale":"es_ES","og_type":"article","og_title":"Faltan apps para algunas de las enfermedades m\u00e1s extendidas en el mundo, como la anemia, la p\u00e9rdida auditiva o la baja visi\u00f3n - Fundaci\u00f3 TIC Salut i Social","og_description":"Seg\u00fan la actualizaci\u00f3n m\u00e1s reciente (2004) de la Carga Mundial de Morbilidad de la OMS, las ocho enfermedades m\u00e1s comunes en el mundo son, en este orden, la anemia por deficiencia de hierro, la p\u00e9rdida de audici\u00f3n, la migra\u00f1a, la baja visi\u00f3n, el asma, la diabetes mellitus, la artrosis y los trastornos depresivos unipolares. A [&hellip;]","og_url":"https:\/\/ticsalutsocial.atoom.space\/es\/noticia\/faltan-apps-para-algunas-de-las-enfermedades-mas-extendidas-en-el-mundo-como-la-anemia-la-perdida-auditiva-o-la-baja-vision\/","og_site_name":"Fundaci\u00f3 TIC Salut i Social","article_modified_time":"2021-07-21T13:24:48+00:00","og_image":[{"width":300,"height":200,"url":"https:\/\/ticsalutsocial.atoom.space\/wp-content\/uploads\/2013\/09\/appticsalut_centre_79_7.jpg","type":"image\/jpeg"}],"twitter_card":"summary_large_image","twitter_misc":{"Tiempo de lectura":"4 minutos"},"schema":{"@context":"https:\/\/schema.org","@graph":[{"@type":"WebPage","@id":"https:\/\/ticsalutsocial.atoom.space\/es\/noticia\/faltan-apps-para-algunas-de-las-enfermedades-mas-extendidas-en-el-mundo-como-la-anemia-la-perdida-auditiva-o-la-baja-vision\/","url":"https:\/\/ticsalutsocial.atoom.space\/es\/noticia\/faltan-apps-para-algunas-de-las-enfermedades-mas-extendidas-en-el-mundo-como-la-anemia-la-perdida-auditiva-o-la-baja-vision\/","name":"Faltan apps para algunas de las enfermedades m\u00e1s extendidas en el mundo, como la anemia, la p\u00e9rdida auditiva o la baja visi\u00f3n - Fundaci\u00f3 TIC Salut i Social","isPartOf":{"@id":"https:\/\/ticsalutsocial.atoom.space\/es\/#website"},"primaryImageOfPage":{"@id":"https:\/\/ticsalutsocial.atoom.space\/es\/noticia\/faltan-apps-para-algunas-de-las-enfermedades-mas-extendidas-en-el-mundo-como-la-anemia-la-perdida-auditiva-o-la-baja-vision\/#primaryimage"},"image":{"@id":"https:\/\/ticsalutsocial.atoom.space\/es\/noticia\/faltan-apps-para-algunas-de-las-enfermedades-mas-extendidas-en-el-mundo-como-la-anemia-la-perdida-auditiva-o-la-baja-vision\/#primaryimage"},"thumbnailUrl":"https:\/\/ticsalutsocial.atoom.space\/wp-content\/uploads\/2013\/09\/appticsalut_centre_79_7.jpg","datePublished":"2013-09-04T15:28:40+00:00","dateModified":"2021-07-21T13:24:48+00:00","breadcrumb":{"@id":"https:\/\/ticsalutsocial.atoom.space\/es\/noticia\/faltan-apps-para-algunas-de-las-enfermedades-mas-extendidas-en-el-mundo-como-la-anemia-la-perdida-auditiva-o-la-baja-vision\/#breadcrumb"},"inLanguage":"es","potentialAction":[{"@type":"ReadAction","target":["https:\/\/ticsalutsocial.atoom.space\/es\/noticia\/faltan-apps-para-algunas-de-las-enfermedades-mas-extendidas-en-el-mundo-como-la-anemia-la-perdida-auditiva-o-la-baja-vision\/"]}]},{"@type":"ImageObject","inLanguage":"es","@id":"https:\/\/ticsalutsocial.atoom.space\/es\/noticia\/faltan-apps-para-algunas-de-las-enfermedades-mas-extendidas-en-el-mundo-como-la-anemia-la-perdida-auditiva-o-la-baja-vision\/#primaryimage","url":"https:\/\/ticsalutsocial.atoom.space\/wp-content\/uploads\/2013\/09\/appticsalut_centre_79_7.jpg","contentUrl":"https:\/\/ticsalutsocial.atoom.space\/wp-content\/uploads\/2013\/09\/appticsalut_centre_79_7.jpg","width":300,"height":200},{"@type":"BreadcrumbList","@id":"https:\/\/ticsalutsocial.atoom.space\/es\/noticia\/faltan-apps-para-algunas-de-las-enfermedades-mas-extendidas-en-el-mundo-como-la-anemia-la-perdida-auditiva-o-la-baja-vision\/#breadcrumb","itemListElement":[{"@type":"ListItem","position":1,"name":"Inici","item":"https:\/\/ticsalutsocial.atoom.space\/es\/"},{"@type":"ListItem","position":2,"name":"Faltan apps para algunas de las enfermedades m\u00e1s extendidas en el mundo, como la anemia, la p\u00e9rdida auditiva o la baja visi\u00f3n"}]},{"@type":"WebSite","@id":"https:\/\/ticsalutsocial.atoom.space\/es\/#website","url":"https:\/\/ticsalutsocial.atoom.space\/es\/","name":"Fundaci\u00f3 TIC Salut i Social","description":"","potentialAction":[{"@type":"SearchAction","target":{"@type":"EntryPoint","urlTemplate":"https:\/\/ticsalutsocial.atoom.space\/es\/?s={search_term_string}"},"query-input":{"@type":"PropertyValueSpecification","valueRequired":true,"valueName":"search_term_string"}}],"inLanguage":"es"}]}},"_links":{"self":[{"href":"https:\/\/ticsalutsocial.atoom.space\/es\/wp-json\/wp\/v2\/noticia\/1158","targetHints":{"allow":["GET"]}}],"collection":[{"href":"https:\/\/ticsalutsocial.atoom.space\/es\/wp-json\/wp\/v2\/noticia"}],"about":[{"href":"https:\/\/ticsalutsocial.atoom.space\/es\/wp-json\/wp\/v2\/types\/noticia"}],"author":[{"embeddable":true,"href":"https:\/\/ticsalutsocial.atoom.space\/es\/wp-json\/wp\/v2\/users\/21"}],"wp:featuredmedia":[{"embeddable":true,"href":"https:\/\/ticsalutsocial.atoom.space\/es\/wp-json\/wp\/v2\/media\/6636"}],"wp:attachment":[{"href":"https:\/\/ticsalutsocial.atoom.space\/es\/wp-json\/wp\/v2\/media?parent=1158"}],"wp:term":[{"taxonomy":"etiqueta","embeddable":true,"href":"https:\/\/ticsalutsocial.atoom.space\/es\/wp-json\/wp\/v2\/etiqueta?post=1158"},{"taxonomy":"tipus","embeddable":true,"href":"https:\/\/ticsalutsocial.atoom.space\/es\/wp-json\/wp\/v2\/tipus?post=1158"},{"taxonomy":"topic","embeddable":true,"href":"https:\/\/ticsalutsocial.atoom.space\/es\/wp-json\/wp\/v2\/topic?post=1158"}],"curies":[{"name":"wp","href":"https:\/\/api.w.org\/{rel}","templated":true}]}}