
{"id":1163,"date":"2013-09-09T13:01:15","date_gmt":"2013-09-09T11:01:15","guid":{"rendered":"https:\/\/ticsalutsocial.atoom.space\/?post_type=noticia&#038;p=1163"},"modified":"2021-07-21T15:24:56","modified_gmt":"2021-07-21T13:24:56","slug":"ya-se-puede-consultar-el-documento-plan-estrategico-2013-2017-y-memoria-2012-de-la-fundacion-ticsalut","status":"publish","type":"noticia","link":"https:\/\/ticsalutsocial.atoom.space\/es\/noticia\/ya-se-puede-consultar-el-documento-plan-estrategico-2013-2017-y-memoria-2012-de-la-fundacion-ticsalut\/","title":{"rendered":"Ya se puede consultar el documento \u00abPlan Estrat\u00e9gico 2013-2017 y Memoria 2012\u00bb de la Fundaci\u00f3n TicSalut"},"content":{"rendered":"<h4>&nbsp;<\/h4>\n<ul>\n<li>\n<h4><a href=\"http:\/\/www.ticsalut.cat\/media\/memoria\/2012\/\">Consultad el documento en catal\u00e1n para ordenador aqu\u00ed<\/a><\/h4>\n<\/li>\n<li>\n<h4><a href=\"http:\/\/www.ticsalut.cat\/media\/memoria\/2012\/mobile\/\">Consultad el documento en catal\u00e1n para dispositivos m\u00f3viles (iPad y <em>smartphone<\/em>) aqu\u00ed<\/a><\/h4>\n<\/li>\n<\/ul>\n<p>&quot;La Generalitat de Catalunya apost\u00f3 por las TIC en 2006 con la creaci\u00f3n de la Fundaci\u00f3n TicSalut, que toma un nuevo impulso con este Plan. Gracias a la integraci\u00f3n de los sectores sanitario y social en su gobernanza, <strong>puede actuar de forma m\u00e1s activa como catalizador de las necesidades y los requerimientos de estos sectores y tambi\u00e9n del tecnol\u00f3gico<\/strong>&quot;, escribe el <a href=\"http:\/\/www.gencat.cat\/salut\/ticsalut\/flashticsalut\/html\/es\/articulos\/doc36288.html\">Dr.&nbsp; Francesc Garcia Cuy\u00e0s<\/a>, Coordinador General de las TIC del Departament de Salut y Director de la Fundaci\u00f3n TicSalut, en la publicaci\u00f3n que la fundaci\u00f3n acaba de editar.<\/p>\n<p>El documento <a href=\"http:\/\/www.ticsalut.cat\/media\/memoria\/2012\/\"><em>Plan Estrat\u00e9gico 2013-2017 y Memoria 2012,<\/em><\/a> por el momento s\u00f3lo disponible en catal\u00e1n, pero pr\u00f3ximamente traducida al castellano e ingl\u00e9s, presenta la Fundaci\u00f3n TicSalut como una organizaci\u00f3n con voluntad de transformaci\u00f3n. Esta publicaci\u00f3n recoge su misi\u00f3n, su visi\u00f3n y sus valores, as\u00ed como el organigrama y las herramientas de trabajo que ha dispuesto TicSalut en el \u00faltimo a\u00f1o para alcanzar las siguientes ocho l\u00edneas estrat\u00e9gicas:<\/p>\n<ul style=\"margin-left: 40px;\">\n<li>Ser referente en gesti\u00f3n de la demanda en salud y social.<\/li>\n<li>Ser referente en normalizaci\u00f3n e interoperabilidad.<\/li>\n<li>Ser referente como observatorio de innovaci\u00f3n aplicada a las TIC.<\/li>\n<li>Implicar, participar e informar al sector y las empresas mediante la comunicaci\u00f3n.<\/li>\n<li>Impulsar la proyecci\u00f3n externa internacional de las TIC en salud y social.<\/li>\n<li>Potenciar la gesti\u00f3n y transferencia del conocimiento. Formaci\u00f3n.<\/li>\n<li>Promover, facilitar e impulsar proyectos de innovaci\u00f3n.<\/li>\n<li>Garantizar la sostenibilidad.<\/li>\n<\/ul>\n<p>Por otra parte, <a href=\"http:\/\/www.ticsalut.cat\/media\/memoria\/2012\/\">el documento<\/a> tambi\u00e9n hace visibles las prioridades de la Fundaci\u00f3n TicSalut para 2013, alineadas con la estrategia del Plan de Salud de Catalunya 2011-2015:<\/p>\n<ul style=\"margin-left: 40px;\">\n<li>Recoger las demandas y mejoras del sector propuestas a los integrantes de la red iSalut.cat.<\/li>\n<li>Construir el nuevo modelo com\u00fan de mensajer\u00eda para iSalut.cat.<\/li>\n<li>Orientar el sector en las tendencias en TIC y trabajar con el CatSalut para incentivar la extensi\u00f3n de las tendencias en el sector.<\/li>\n<li>Vehicular la integraci\u00f3n de los sistemas de informaci\u00f3n del \u00e1mbito del Departament de Benestar i Fam\u00edlia en iSalut.cat.<\/li>\n<li>Reformular el espacio web de la Fundaci\u00f3n e incorporar su nueva cartera de servicios y su modelo de colaboraci\u00f3n.<\/li>\n<li>Llegar a acuerdos marco de colaboraci\u00f3n con las universidades para potenciar la funci\u00f3n de formaci\u00f3n del \u00e1mbito TIC en salud.<\/li>\n<li>Potenciar la relaci\u00f3n con el \u00e1mbito empresarial lanzando el nuevo modelo de colaboraci\u00f3n con la fundaci\u00f3n.<\/li>\n<li>Reordenar internamente la fundaci\u00f3n.<\/li>\n<li>Garantizar el equilibrio econ\u00f3mico desarrollando el contrato programa con la Agencia de Calidad y Evaluaci\u00f3n Sanitarias de Catalunya (AQuAS).<\/li>\n<\/ul>\n<h4>&nbsp;<br \/>\nM\u00e1s informaci\u00f3n<\/h4>\n<p>El nuevo Plan Estrat\u00e9gico convertir\u00e1 la Fundaci\u00f3n TicSalut en agente clave para transformar la asistencia sanitaria y social, FlashTicSalut, abril de 2013 [acceso: 9 de septiembre de 2013]. Disponible en: <a href=\"http:\/\/www.gencat.cat\/salut\/ticsalut\/flashticsalut\/html\/es\/articulos\/doc36439.html\">http:\/\/www.gencat.cat\/&#8230;<\/a><\/p>\n","protected":false},"author":21,"featured_media":6639,"menu_order":0,"template":"","meta":{"_acf_changed":false,"inline_featured_image":false},"etiqueta":[],"tipus":[],"topic":[],"class_list":["post-1163","noticia","type-noticia","status-publish","has-post-thumbnail","hentry"],"acf":{"imatge":6639,"autor":"Adri\u00e0 G.Font"},"yoast_head":"<!-- This site is optimized with the Yoast SEO plugin v27.1.1 - https:\/\/yoast.com\/product\/yoast-seo-wordpress\/ -->\n<title>Ya se puede consultar el documento &quot;Plan Estrat\u00e9gico 2013-2017 y Memoria 2012&quot; de la Fundaci\u00f3n TicSalut - Fundaci\u00f3 TIC Salut i Social<\/title>\n<meta name=\"robots\" content=\"index, follow, max-snippet:-1, max-image-preview:large, max-video-preview:-1\" \/>\n<link rel=\"canonical\" href=\"https:\/\/ticsalutsocial.atoom.space\/es\/noticia\/ya-se-puede-consultar-el-documento-plan-estrategico-2013-2017-y-memoria-2012-de-la-fundacion-ticsalut\/\" \/>\n<meta property=\"og:locale\" content=\"es_ES\" \/>\n<meta property=\"og:type\" content=\"article\" \/>\n<meta property=\"og:title\" content=\"Ya se puede consultar el documento &quot;Plan Estrat\u00e9gico 2013-2017 y Memoria 2012&quot; de la Fundaci\u00f3n TicSalut - Fundaci\u00f3 TIC Salut i Social\" \/>\n<meta property=\"og:description\" content=\"&nbsp; Consultad el documento en catal\u00e1n para ordenador aqu\u00ed Consultad el documento en catal\u00e1n para dispositivos m\u00f3viles (iPad y smartphone) aqu\u00ed &quot;La Generalitat de Catalunya apost\u00f3 por las TIC en 2006 con la creaci\u00f3n de la Fundaci\u00f3n TicSalut, que toma un nuevo impulso con este Plan. Gracias a la integraci\u00f3n de los sectores sanitario y [&hellip;]\" \/>\n<meta property=\"og:url\" content=\"https:\/\/ticsalutsocial.atoom.space\/es\/noticia\/ya-se-puede-consultar-el-documento-plan-estrategico-2013-2017-y-memoria-2012-de-la-fundacion-ticsalut\/\" \/>\n<meta property=\"og:site_name\" content=\"Fundaci\u00f3 TIC Salut i Social\" \/>\n<meta property=\"article:modified_time\" content=\"2021-07-21T13:24:56+00:00\" \/>\n<meta property=\"og:image\" content=\"https:\/\/ticsalutsocial.atoom.space\/wp-content\/uploads\/2013\/09\/banner-pla-estrategic_centre_79_5.jpg\" \/>\n\t<meta property=\"og:image:width\" content=\"600\" \/>\n\t<meta property=\"og:image:height\" content=\"200\" \/>\n\t<meta property=\"og:image:type\" content=\"image\/jpeg\" \/>\n<meta name=\"twitter:card\" content=\"summary_large_image\" \/>\n<meta name=\"twitter:label1\" content=\"Tiempo de lectura\" \/>\n\t<meta name=\"twitter:data1\" content=\"3 minutos\" \/>\n<script type=\"application\/ld+json\" class=\"yoast-schema-graph\">{\"@context\":\"https:\/\/schema.org\",\"@graph\":[{\"@type\":\"WebPage\",\"@id\":\"https:\/\/ticsalutsocial.atoom.space\/es\/noticia\/ya-se-puede-consultar-el-documento-plan-estrategico-2013-2017-y-memoria-2012-de-la-fundacion-ticsalut\/\",\"url\":\"https:\/\/ticsalutsocial.atoom.space\/es\/noticia\/ya-se-puede-consultar-el-documento-plan-estrategico-2013-2017-y-memoria-2012-de-la-fundacion-ticsalut\/\",\"name\":\"Ya se puede consultar el documento \\\"Plan Estrat\u00e9gico 2013-2017 y Memoria 2012\\\" de la Fundaci\u00f3n TicSalut - Fundaci\u00f3 TIC Salut i Social\",\"isPartOf\":{\"@id\":\"https:\/\/ticsalutsocial.atoom.space\/es\/#website\"},\"primaryImageOfPage\":{\"@id\":\"https:\/\/ticsalutsocial.atoom.space\/es\/noticia\/ya-se-puede-consultar-el-documento-plan-estrategico-2013-2017-y-memoria-2012-de-la-fundacion-ticsalut\/#primaryimage\"},\"image\":{\"@id\":\"https:\/\/ticsalutsocial.atoom.space\/es\/noticia\/ya-se-puede-consultar-el-documento-plan-estrategico-2013-2017-y-memoria-2012-de-la-fundacion-ticsalut\/#primaryimage\"},\"thumbnailUrl\":\"https:\/\/ticsalutsocial.atoom.space\/wp-content\/uploads\/2013\/09\/banner-pla-estrategic_centre_79_5.jpg\",\"datePublished\":\"2013-09-09T11:01:15+00:00\",\"dateModified\":\"2021-07-21T13:24:56+00:00\",\"breadcrumb\":{\"@id\":\"https:\/\/ticsalutsocial.atoom.space\/es\/noticia\/ya-se-puede-consultar-el-documento-plan-estrategico-2013-2017-y-memoria-2012-de-la-fundacion-ticsalut\/#breadcrumb\"},\"inLanguage\":\"es\",\"potentialAction\":[{\"@type\":\"ReadAction\",\"target\":[\"https:\/\/ticsalutsocial.atoom.space\/es\/noticia\/ya-se-puede-consultar-el-documento-plan-estrategico-2013-2017-y-memoria-2012-de-la-fundacion-ticsalut\/\"]}]},{\"@type\":\"ImageObject\",\"inLanguage\":\"es\",\"@id\":\"https:\/\/ticsalutsocial.atoom.space\/es\/noticia\/ya-se-puede-consultar-el-documento-plan-estrategico-2013-2017-y-memoria-2012-de-la-fundacion-ticsalut\/#primaryimage\",\"url\":\"https:\/\/ticsalutsocial.atoom.space\/wp-content\/uploads\/2013\/09\/banner-pla-estrategic_centre_79_5.jpg\",\"contentUrl\":\"https:\/\/ticsalutsocial.atoom.space\/wp-content\/uploads\/2013\/09\/banner-pla-estrategic_centre_79_5.jpg\",\"width\":600,\"height\":200},{\"@type\":\"BreadcrumbList\",\"@id\":\"https:\/\/ticsalutsocial.atoom.space\/es\/noticia\/ya-se-puede-consultar-el-documento-plan-estrategico-2013-2017-y-memoria-2012-de-la-fundacion-ticsalut\/#breadcrumb\",\"itemListElement\":[{\"@type\":\"ListItem\",\"position\":1,\"name\":\"Inici\",\"item\":\"https:\/\/ticsalutsocial.atoom.space\/es\/\"},{\"@type\":\"ListItem\",\"position\":2,\"name\":\"Ya se puede consultar el documento &#8220;Plan Estrat\u00e9gico 2013-2017 y Memoria 2012&#8221; de la Fundaci\u00f3n TicSalut\"}]},{\"@type\":\"WebSite\",\"@id\":\"https:\/\/ticsalutsocial.atoom.space\/es\/#website\",\"url\":\"https:\/\/ticsalutsocial.atoom.space\/es\/\",\"name\":\"Fundaci\u00f3 TIC Salut i Social\",\"description\":\"\",\"potentialAction\":[{\"@type\":\"SearchAction\",\"target\":{\"@type\":\"EntryPoint\",\"urlTemplate\":\"https:\/\/ticsalutsocial.atoom.space\/es\/?s={search_term_string}\"},\"query-input\":{\"@type\":\"PropertyValueSpecification\",\"valueRequired\":true,\"valueName\":\"search_term_string\"}}],\"inLanguage\":\"es\"}]}<\/script>\n<!-- \/ Yoast SEO plugin. -->","yoast_head_json":{"title":"Ya se puede consultar el documento \"Plan Estrat\u00e9gico 2013-2017 y Memoria 2012\" de la Fundaci\u00f3n TicSalut - Fundaci\u00f3 TIC Salut i Social","robots":{"index":"index","follow":"follow","max-snippet":"max-snippet:-1","max-image-preview":"max-image-preview:large","max-video-preview":"max-video-preview:-1"},"canonical":"https:\/\/ticsalutsocial.atoom.space\/es\/noticia\/ya-se-puede-consultar-el-documento-plan-estrategico-2013-2017-y-memoria-2012-de-la-fundacion-ticsalut\/","og_locale":"es_ES","og_type":"article","og_title":"Ya se puede consultar el documento \"Plan Estrat\u00e9gico 2013-2017 y Memoria 2012\" de la Fundaci\u00f3n TicSalut - Fundaci\u00f3 TIC Salut i Social","og_description":"&nbsp; Consultad el documento en catal\u00e1n para ordenador aqu\u00ed Consultad el documento en catal\u00e1n para dispositivos m\u00f3viles (iPad y smartphone) aqu\u00ed &quot;La Generalitat de Catalunya apost\u00f3 por las TIC en 2006 con la creaci\u00f3n de la Fundaci\u00f3n TicSalut, que toma un nuevo impulso con este Plan. Gracias a la integraci\u00f3n de los sectores sanitario y [&hellip;]","og_url":"https:\/\/ticsalutsocial.atoom.space\/es\/noticia\/ya-se-puede-consultar-el-documento-plan-estrategico-2013-2017-y-memoria-2012-de-la-fundacion-ticsalut\/","og_site_name":"Fundaci\u00f3 TIC Salut i Social","article_modified_time":"2021-07-21T13:24:56+00:00","og_image":[{"width":600,"height":200,"url":"https:\/\/ticsalutsocial.atoom.space\/wp-content\/uploads\/2013\/09\/banner-pla-estrategic_centre_79_5.jpg","type":"image\/jpeg"}],"twitter_card":"summary_large_image","twitter_misc":{"Tiempo de lectura":"3 minutos"},"schema":{"@context":"https:\/\/schema.org","@graph":[{"@type":"WebPage","@id":"https:\/\/ticsalutsocial.atoom.space\/es\/noticia\/ya-se-puede-consultar-el-documento-plan-estrategico-2013-2017-y-memoria-2012-de-la-fundacion-ticsalut\/","url":"https:\/\/ticsalutsocial.atoom.space\/es\/noticia\/ya-se-puede-consultar-el-documento-plan-estrategico-2013-2017-y-memoria-2012-de-la-fundacion-ticsalut\/","name":"Ya se puede consultar el documento \"Plan Estrat\u00e9gico 2013-2017 y Memoria 2012\" de la Fundaci\u00f3n TicSalut - Fundaci\u00f3 TIC Salut i Social","isPartOf":{"@id":"https:\/\/ticsalutsocial.atoom.space\/es\/#website"},"primaryImageOfPage":{"@id":"https:\/\/ticsalutsocial.atoom.space\/es\/noticia\/ya-se-puede-consultar-el-documento-plan-estrategico-2013-2017-y-memoria-2012-de-la-fundacion-ticsalut\/#primaryimage"},"image":{"@id":"https:\/\/ticsalutsocial.atoom.space\/es\/noticia\/ya-se-puede-consultar-el-documento-plan-estrategico-2013-2017-y-memoria-2012-de-la-fundacion-ticsalut\/#primaryimage"},"thumbnailUrl":"https:\/\/ticsalutsocial.atoom.space\/wp-content\/uploads\/2013\/09\/banner-pla-estrategic_centre_79_5.jpg","datePublished":"2013-09-09T11:01:15+00:00","dateModified":"2021-07-21T13:24:56+00:00","breadcrumb":{"@id":"https:\/\/ticsalutsocial.atoom.space\/es\/noticia\/ya-se-puede-consultar-el-documento-plan-estrategico-2013-2017-y-memoria-2012-de-la-fundacion-ticsalut\/#breadcrumb"},"inLanguage":"es","potentialAction":[{"@type":"ReadAction","target":["https:\/\/ticsalutsocial.atoom.space\/es\/noticia\/ya-se-puede-consultar-el-documento-plan-estrategico-2013-2017-y-memoria-2012-de-la-fundacion-ticsalut\/"]}]},{"@type":"ImageObject","inLanguage":"es","@id":"https:\/\/ticsalutsocial.atoom.space\/es\/noticia\/ya-se-puede-consultar-el-documento-plan-estrategico-2013-2017-y-memoria-2012-de-la-fundacion-ticsalut\/#primaryimage","url":"https:\/\/ticsalutsocial.atoom.space\/wp-content\/uploads\/2013\/09\/banner-pla-estrategic_centre_79_5.jpg","contentUrl":"https:\/\/ticsalutsocial.atoom.space\/wp-content\/uploads\/2013\/09\/banner-pla-estrategic_centre_79_5.jpg","width":600,"height":200},{"@type":"BreadcrumbList","@id":"https:\/\/ticsalutsocial.atoom.space\/es\/noticia\/ya-se-puede-consultar-el-documento-plan-estrategico-2013-2017-y-memoria-2012-de-la-fundacion-ticsalut\/#breadcrumb","itemListElement":[{"@type":"ListItem","position":1,"name":"Inici","item":"https:\/\/ticsalutsocial.atoom.space\/es\/"},{"@type":"ListItem","position":2,"name":"Ya se puede consultar el documento &#8220;Plan Estrat\u00e9gico 2013-2017 y Memoria 2012&#8221; de la Fundaci\u00f3n TicSalut"}]},{"@type":"WebSite","@id":"https:\/\/ticsalutsocial.atoom.space\/es\/#website","url":"https:\/\/ticsalutsocial.atoom.space\/es\/","name":"Fundaci\u00f3 TIC Salut i Social","description":"","potentialAction":[{"@type":"SearchAction","target":{"@type":"EntryPoint","urlTemplate":"https:\/\/ticsalutsocial.atoom.space\/es\/?s={search_term_string}"},"query-input":{"@type":"PropertyValueSpecification","valueRequired":true,"valueName":"search_term_string"}}],"inLanguage":"es"}]}},"_links":{"self":[{"href":"https:\/\/ticsalutsocial.atoom.space\/es\/wp-json\/wp\/v2\/noticia\/1163","targetHints":{"allow":["GET"]}}],"collection":[{"href":"https:\/\/ticsalutsocial.atoom.space\/es\/wp-json\/wp\/v2\/noticia"}],"about":[{"href":"https:\/\/ticsalutsocial.atoom.space\/es\/wp-json\/wp\/v2\/types\/noticia"}],"author":[{"embeddable":true,"href":"https:\/\/ticsalutsocial.atoom.space\/es\/wp-json\/wp\/v2\/users\/21"}],"wp:featuredmedia":[{"embeddable":true,"href":"https:\/\/ticsalutsocial.atoom.space\/es\/wp-json\/wp\/v2\/media\/6639"}],"wp:attachment":[{"href":"https:\/\/ticsalutsocial.atoom.space\/es\/wp-json\/wp\/v2\/media?parent=1163"}],"wp:term":[{"taxonomy":"etiqueta","embeddable":true,"href":"https:\/\/ticsalutsocial.atoom.space\/es\/wp-json\/wp\/v2\/etiqueta?post=1163"},{"taxonomy":"tipus","embeddable":true,"href":"https:\/\/ticsalutsocial.atoom.space\/es\/wp-json\/wp\/v2\/tipus?post=1163"},{"taxonomy":"topic","embeddable":true,"href":"https:\/\/ticsalutsocial.atoom.space\/es\/wp-json\/wp\/v2\/topic?post=1163"}],"curies":[{"name":"wp","href":"https:\/\/api.w.org\/{rel}","templated":true}]}}