
{"id":1173,"date":"2013-10-07T12:38:08","date_gmt":"2013-10-07T10:38:08","guid":{"rendered":"https:\/\/ticsalutsocial.atoom.space\/?post_type=noticia&#038;p=1173"},"modified":"2021-07-21T15:25:01","modified_gmt":"2021-07-21T13:25:01","slug":"la-infermera-virtual-apuesta-por-los-videoconsejos-de-salud-para-hacer-mas-accesibles-los-contenidos-a-los-usuarios","status":"publish","type":"noticia","link":"https:\/\/ticsalutsocial.atoom.space\/es\/noticia\/la-infermera-virtual-apuesta-por-los-videoconsejos-de-salud-para-hacer-mas-accesibles-los-contenidos-a-los-usuarios\/","title":{"rendered":"La \u201cInfermera Virtual\u201d apuesta por los v\u00eddeoconsejos de salud para hacer m\u00e1s accesibles los contenidos a los usuarios"},"content":{"rendered":"<p>El portal web <a href=\"http:\/\/www.infermeravirtual.com\/esp\">&ldquo;Infermera Virtual&rdquo;<\/a> [enfermera virtual, en castellano], que el pasado mes de mayo estren\u00f3 nueva imagen, <strong>es un recurso 2.0 para la promoci\u00f3n y educaci\u00f3n para la salud<\/strong>, que pretende adelantarse a la prevenci\u00f3n de la enfermedad y, a la vez, ser un instrumento de trabajo y de prescripci\u00f3n de consejos en Internet para todos los profesionales de la salud. El equipo del COIB ha apostado ahora por incluir en la web <a href=\"http:\/\/www.infermeravirtual.com\/cat\/area_professional\/videos\/consells_de_salut\"><strong>un espacio de v\u00eddeos de elaboraci\u00f3n propia con consejos de salud<\/strong><\/a>, en una fructuosa primera experiencia de colaboraci\u00f3n entre una facultad y este colegio profesional.<\/p>\n<p>La Delegaci\u00f3n Comarcal del COIB del Maresme ha proporcionado el asesoramiento necesario en materia de enfermer\u00eda al equipo de rodaje. Seg\u00fan Laura Curell, delegada comarcal del COIB en el Maresme, <strong>&ldquo;los audiovisuales nos permiten a las enfermeras desarrollar una extensi\u00f3n de nuestra labor ya que hacen que las explicaciones complejas sean m\u00e1s f\u00e1ciles de entender. Adem\u00e1s, se pueden consultar en cualquier momento desde cualquier ordenador&rdquo;<\/strong>.<\/p>\n<p>&ldquo;Puedo decir que todo el equipo ha disfrutado de la experiencia de trabajo conjunto y de apoyo a un alumno en su Trabajo Final de Grado&rdquo;, explica Gisel Fontanet, directora del proyecto &ldquo;Infermera Virtual&rdquo;. De hecho, los contenidos de la &ldquo;Infermera Virtual&rdquo; se elaboran siempre de manera colaborativa y est\u00e1n sujetos a un equipo revisor y a constantes adaptaciones.<\/p>\n<p>Oleguer Rocafull, miembro de la primera promoci\u00f3n de estudiantes que finalizan el Grado en Medios Audiovisuales del Tecnocampus, reflexiona sobre el reto de producir videos sobre salud: <strong>&ldquo;hay que conseguir que se entienda bien el mensaje<\/strong>. En una cuesti\u00f3n tan delicada, es necesario que todo quede muy claro y que el v\u00eddeo no genere dudas o provoque asociaciones equivocadas&rdquo;.<\/p>\n<p>Los v\u00eddeoconsejos de la &ldquo;Infermera Virtual&rdquo; fruto de este convenio son los siguientes:<\/p>\n<ul>\n<li><strong>C\u00e1ncer y ejercicio f\u00edsico<\/strong><\/li>\n<\/ul>\n<p>&nbsp;&nbsp;&nbsp;&nbsp;&nbsp;&nbsp;&nbsp;&nbsp;&nbsp;&nbsp;&nbsp;&nbsp;&nbsp;&nbsp;&nbsp;&nbsp;&nbsp;&nbsp;&nbsp;&nbsp;&nbsp; <a href=\"http:\/\/www.youtube.com\/watch?v=crUVbOWDjzs&amp;feature=c4-overview&amp;list=UUoE-TGoTctBYW0kP6_nJ1IA\"><img loading=\"lazy\" decoding=\"async\" alt=\"C\u00e1ncer y ejercicio f\u00edsico\" height=\"225\" src=\"\/media\/upload\/\/imatges\/flashticsalut\/cancer-ejercicio-esp.jpg\" width=\"374\" \/><\/a><\/p>\n<ul>\n<li><strong>Higiene para prevenir las llagas bucales<\/strong><\/li>\n<\/ul>\n<p>&nbsp;&nbsp;&nbsp;&nbsp;&nbsp;&nbsp;&nbsp;&nbsp;&nbsp;&nbsp;&nbsp;&nbsp;&nbsp;&nbsp;&nbsp;&nbsp;&nbsp;&nbsp;&nbsp;&nbsp;&nbsp; <a href=\"http:\/\/www.infermeravirtual.com\/esp\/area_profesional\/videos\/consejos_de_salud#aftas\"><img loading=\"lazy\" decoding=\"async\" alt=\"\" height=\"210\" src=\"\/media\/upload\/\/imatges\/flashticsalut\/cancer-higiene-esp.jpg\" width=\"374\" \/><\/a><\/p>\n<ul>\n<li><strong>Alimentaci\u00f3n para evitar las aftas bucales<\/strong>\n<p>&nbsp;&nbsp;&nbsp;&nbsp;&nbsp;&nbsp;&nbsp;&nbsp;&nbsp;&nbsp;&nbsp; <a href=\"http:\/\/www.infermeravirtual.com\/esp\/area_profesional\/videos\/consejos_de_salud#aftas\"><img loading=\"lazy\" decoding=\"async\" alt=\"Higiene para prevenir las llagas bucales\" height=\"225\" src=\"\/media\/upload\/\/imatges\/flashticsalut\/cancer-aftas-esp.jpg\" width=\"374\" \/><\/a><\/p>\n<\/li>\n<li><strong>Consejos de descanso para las personas con c\u00e1ncer<\/strong><\/li>\n<\/ul>\n<p>&nbsp; &nbsp; &nbsp; &nbsp; &nbsp; &nbsp; &nbsp; &nbsp; &nbsp; &nbsp; &nbsp; <a href=\"http:\/\/www.infermeravirtual.com\/esp\/area_profesional\/videos\/consejos_de_salud#descansar\"><img loading=\"lazy\" decoding=\"async\" alt=\"\" height=\"227\" src=\"\/media\/upload\/\/imatges\/flashticsalut\/descanso-cancer-esp.jpg\" width=\"375\" \/><\/a><\/p>\n<ul>\n<li><strong>Control del dolor mediante la respiraci\u00f3n.<\/strong><\/li>\n<\/ul>\n<p>&nbsp;&nbsp;&nbsp;&nbsp;&nbsp;&nbsp;&nbsp;&nbsp;&nbsp;&nbsp;&nbsp;&nbsp;&nbsp;&nbsp;&nbsp;&nbsp;&nbsp;&nbsp;&nbsp;&nbsp;&nbsp; <a href=\"http:\/\/www.infermeravirtual.com\/esp\/area_profesional\/videos\/consejos_de_salud#respiracion\"><img loading=\"lazy\" decoding=\"async\" alt=\"\" height=\"228\" src=\"\/media\/upload\/\/imatges\/flashticsalut\/dolor%20respiracion%20esp.jpg\" width=\"376\" \/><\/a><\/p>\n<p><strong>Pr\u00f3ximamente se prev\u00e9 la publicaci\u00f3n de nuevos videos de esta serie.<\/strong> El proyecto tendr\u00e1 continuidad con la incorporaci\u00f3n de un nuevo estudiante del <a href=\"http:\/\/www.tecnocampus.cat\/es\/grado-audiovisuales-presentacion\">Grado en Medios Audiovisuales del Tecnocampus Matar\u00f3<\/a> al proyecto durante el curso 2013\/2014.<\/p>\n<p>&ldquo;Valoramos muy positivamente el grado de implicaci\u00f3n del alumno y su dedicaci\u00f3n para elaborar el material audiovisual. <strong>El esfuerzo que ha supuesto la tutorizaci\u00f3n de esta tarea se ha visto ampliamente recompensado por los magn\u00edficos resultados&rdquo;<\/strong>, se\u00f1ala Gisel Fontanet sobre la experiencia. &quot;Los videos han tenido gran aceptaci\u00f3n, as\u00ed como la colaboraci\u00f3n entre una facultad y un colegio profesional, en este caso el COIB. Seguro que se abrir\u00e1n nuevas l\u00edneas y oportunidades de colaboraci\u00f3n. Por lo menos, as\u00ed lo deseamos&rdquo;, asegura la responsable del proyecto.<\/p>\n<p>El Hospital de Matar\u00f3 tambi\u00e9n ha tenido un papel destacado en la elaboraci\u00f3n de los primeros contenidos en formato audiovisual de &ldquo;Infermera Virtual&rdquo;, ya que cedi\u00f3 sus instalaciones para grabar v\u00eddeos. A ra\u00edz de esta colaboraci\u00f3n, el Consorci Sanitari del Maresme ha firmado un acuerdo oficial con el COIB para incorporar la &ldquo;Infermera Virtual&rdquo; como <strong>herramienta de prescripci\u00f3n de consejos y h\u00e1bitos de vida saludable para los 1.500 profesionales sanitarios que trabajan en sus centros<\/strong>.<\/p>\n<h4>&nbsp;<br \/>\nM\u00e1s informaci\u00f3n<\/h4>\n<p>Gisel Fontanet. La Infermera Virtual: un actiu per a la salut. bepSalut, C\u00e1tedra de Promoci\u00f3n de la Salud, Universitat de Girona , n&ordm; 4, septiembre de 2013 [acceso: 7 de octubre de 2013] . Disponible en: <a href=\"http:\/\/www.udg.edu\/catedres\/PromociodelaSalut\/Butlleti\/Reculldarticles\/tabid\/18712\/Article\/2250\/language\/ca-ES\/La-Infermera-virtual-un-actiu-per-a-la-salut.aspx\">http:\/\/www.udg.edu\/catedres\/&#8230;<\/a><\/p>\n","protected":false},"author":21,"featured_media":6645,"menu_order":0,"template":"","meta":{"_acf_changed":false,"inline_featured_image":false},"etiqueta":[],"tipus":[],"topic":[],"class_list":["post-1173","noticia","type-noticia","status-publish","has-post-thumbnail","hentry"],"acf":{"imatge":6645,"autor":"Adri\u00e0 G.Font"},"yoast_head":"<!-- This site is optimized with the Yoast SEO plugin v27.1.1 - https:\/\/yoast.com\/product\/yoast-seo-wordpress\/ -->\n<title>La \u201cInfermera Virtual\u201d apuesta por los v\u00eddeoconsejos de salud para hacer m\u00e1s accesibles los contenidos a los usuarios - Fundaci\u00f3 TIC Salut i Social<\/title>\n<meta name=\"robots\" content=\"index, follow, max-snippet:-1, max-image-preview:large, max-video-preview:-1\" \/>\n<link rel=\"canonical\" href=\"https:\/\/ticsalutsocial.atoom.space\/es\/noticia\/la-infermera-virtual-apuesta-por-los-videoconsejos-de-salud-para-hacer-mas-accesibles-los-contenidos-a-los-usuarios\/\" \/>\n<meta property=\"og:locale\" content=\"es_ES\" \/>\n<meta property=\"og:type\" content=\"article\" \/>\n<meta property=\"og:title\" content=\"La \u201cInfermera Virtual\u201d apuesta por los v\u00eddeoconsejos de salud para hacer m\u00e1s accesibles los contenidos a los usuarios - Fundaci\u00f3 TIC Salut i Social\" \/>\n<meta property=\"og:description\" content=\"El portal web &ldquo;Infermera Virtual&rdquo; [enfermera virtual, en castellano], que el pasado mes de mayo estren\u00f3 nueva imagen, es un recurso 2.0 para la promoci\u00f3n y educaci\u00f3n para la salud, que pretende adelantarse a la prevenci\u00f3n de la enfermedad y, a la vez, ser un instrumento de trabajo y de prescripci\u00f3n de consejos en Internet [&hellip;]\" \/>\n<meta property=\"og:url\" content=\"https:\/\/ticsalutsocial.atoom.space\/es\/noticia\/la-infermera-virtual-apuesta-por-los-videoconsejos-de-salud-para-hacer-mas-accesibles-los-contenidos-a-los-usuarios\/\" \/>\n<meta property=\"og:site_name\" content=\"Fundaci\u00f3 TIC Salut i Social\" \/>\n<meta property=\"article:modified_time\" content=\"2021-07-21T13:25:01+00:00\" \/>\n<meta property=\"og:image\" content=\"https:\/\/ticsalutsocial.atoom.space\/wp-content\/uploads\/2013\/10\/iv_centre_79_15.jpg\" \/>\n\t<meta property=\"og:image:width\" content=\"300\" \/>\n\t<meta property=\"og:image:height\" content=\"145\" \/>\n\t<meta property=\"og:image:type\" content=\"image\/jpeg\" \/>\n<meta name=\"twitter:card\" content=\"summary_large_image\" \/>\n<meta name=\"twitter:label1\" content=\"Tiempo de lectura\" \/>\n\t<meta name=\"twitter:data1\" content=\"4 minutos\" \/>\n<script type=\"application\/ld+json\" class=\"yoast-schema-graph\">{\"@context\":\"https:\/\/schema.org\",\"@graph\":[{\"@type\":\"WebPage\",\"@id\":\"https:\/\/ticsalutsocial.atoom.space\/es\/noticia\/la-infermera-virtual-apuesta-por-los-videoconsejos-de-salud-para-hacer-mas-accesibles-los-contenidos-a-los-usuarios\/\",\"url\":\"https:\/\/ticsalutsocial.atoom.space\/es\/noticia\/la-infermera-virtual-apuesta-por-los-videoconsejos-de-salud-para-hacer-mas-accesibles-los-contenidos-a-los-usuarios\/\",\"name\":\"La \u201cInfermera Virtual\u201d apuesta por los v\u00eddeoconsejos de salud para hacer m\u00e1s accesibles los contenidos a los usuarios - Fundaci\u00f3 TIC Salut i Social\",\"isPartOf\":{\"@id\":\"https:\/\/ticsalutsocial.atoom.space\/es\/#website\"},\"primaryImageOfPage\":{\"@id\":\"https:\/\/ticsalutsocial.atoom.space\/es\/noticia\/la-infermera-virtual-apuesta-por-los-videoconsejos-de-salud-para-hacer-mas-accesibles-los-contenidos-a-los-usuarios\/#primaryimage\"},\"image\":{\"@id\":\"https:\/\/ticsalutsocial.atoom.space\/es\/noticia\/la-infermera-virtual-apuesta-por-los-videoconsejos-de-salud-para-hacer-mas-accesibles-los-contenidos-a-los-usuarios\/#primaryimage\"},\"thumbnailUrl\":\"https:\/\/ticsalutsocial.atoom.space\/wp-content\/uploads\/2013\/10\/iv_centre_79_15.jpg\",\"datePublished\":\"2013-10-07T10:38:08+00:00\",\"dateModified\":\"2021-07-21T13:25:01+00:00\",\"breadcrumb\":{\"@id\":\"https:\/\/ticsalutsocial.atoom.space\/es\/noticia\/la-infermera-virtual-apuesta-por-los-videoconsejos-de-salud-para-hacer-mas-accesibles-los-contenidos-a-los-usuarios\/#breadcrumb\"},\"inLanguage\":\"es\",\"potentialAction\":[{\"@type\":\"ReadAction\",\"target\":[\"https:\/\/ticsalutsocial.atoom.space\/es\/noticia\/la-infermera-virtual-apuesta-por-los-videoconsejos-de-salud-para-hacer-mas-accesibles-los-contenidos-a-los-usuarios\/\"]}]},{\"@type\":\"ImageObject\",\"inLanguage\":\"es\",\"@id\":\"https:\/\/ticsalutsocial.atoom.space\/es\/noticia\/la-infermera-virtual-apuesta-por-los-videoconsejos-de-salud-para-hacer-mas-accesibles-los-contenidos-a-los-usuarios\/#primaryimage\",\"url\":\"https:\/\/ticsalutsocial.atoom.space\/wp-content\/uploads\/2013\/10\/iv_centre_79_15.jpg\",\"contentUrl\":\"https:\/\/ticsalutsocial.atoom.space\/wp-content\/uploads\/2013\/10\/iv_centre_79_15.jpg\",\"width\":300,\"height\":145},{\"@type\":\"BreadcrumbList\",\"@id\":\"https:\/\/ticsalutsocial.atoom.space\/es\/noticia\/la-infermera-virtual-apuesta-por-los-videoconsejos-de-salud-para-hacer-mas-accesibles-los-contenidos-a-los-usuarios\/#breadcrumb\",\"itemListElement\":[{\"@type\":\"ListItem\",\"position\":1,\"name\":\"Inici\",\"item\":\"https:\/\/ticsalutsocial.atoom.space\/es\/\"},{\"@type\":\"ListItem\",\"position\":2,\"name\":\"La \u201cInfermera Virtual\u201d apuesta por los v\u00eddeoconsejos de salud para hacer m\u00e1s accesibles los contenidos a los usuarios\"}]},{\"@type\":\"WebSite\",\"@id\":\"https:\/\/ticsalutsocial.atoom.space\/es\/#website\",\"url\":\"https:\/\/ticsalutsocial.atoom.space\/es\/\",\"name\":\"Fundaci\u00f3 TIC Salut i Social\",\"description\":\"\",\"potentialAction\":[{\"@type\":\"SearchAction\",\"target\":{\"@type\":\"EntryPoint\",\"urlTemplate\":\"https:\/\/ticsalutsocial.atoom.space\/es\/?s={search_term_string}\"},\"query-input\":{\"@type\":\"PropertyValueSpecification\",\"valueRequired\":true,\"valueName\":\"search_term_string\"}}],\"inLanguage\":\"es\"}]}<\/script>\n<!-- \/ Yoast SEO plugin. -->","yoast_head_json":{"title":"La \u201cInfermera Virtual\u201d apuesta por los v\u00eddeoconsejos de salud para hacer m\u00e1s accesibles los contenidos a los usuarios - Fundaci\u00f3 TIC Salut i Social","robots":{"index":"index","follow":"follow","max-snippet":"max-snippet:-1","max-image-preview":"max-image-preview:large","max-video-preview":"max-video-preview:-1"},"canonical":"https:\/\/ticsalutsocial.atoom.space\/es\/noticia\/la-infermera-virtual-apuesta-por-los-videoconsejos-de-salud-para-hacer-mas-accesibles-los-contenidos-a-los-usuarios\/","og_locale":"es_ES","og_type":"article","og_title":"La \u201cInfermera Virtual\u201d apuesta por los v\u00eddeoconsejos de salud para hacer m\u00e1s accesibles los contenidos a los usuarios - Fundaci\u00f3 TIC Salut i Social","og_description":"El portal web &ldquo;Infermera Virtual&rdquo; [enfermera virtual, en castellano], que el pasado mes de mayo estren\u00f3 nueva imagen, es un recurso 2.0 para la promoci\u00f3n y educaci\u00f3n para la salud, que pretende adelantarse a la prevenci\u00f3n de la enfermedad y, a la vez, ser un instrumento de trabajo y de prescripci\u00f3n de consejos en Internet [&hellip;]","og_url":"https:\/\/ticsalutsocial.atoom.space\/es\/noticia\/la-infermera-virtual-apuesta-por-los-videoconsejos-de-salud-para-hacer-mas-accesibles-los-contenidos-a-los-usuarios\/","og_site_name":"Fundaci\u00f3 TIC Salut i Social","article_modified_time":"2021-07-21T13:25:01+00:00","og_image":[{"width":300,"height":145,"url":"https:\/\/ticsalutsocial.atoom.space\/wp-content\/uploads\/2013\/10\/iv_centre_79_15.jpg","type":"image\/jpeg"}],"twitter_card":"summary_large_image","twitter_misc":{"Tiempo de lectura":"4 minutos"},"schema":{"@context":"https:\/\/schema.org","@graph":[{"@type":"WebPage","@id":"https:\/\/ticsalutsocial.atoom.space\/es\/noticia\/la-infermera-virtual-apuesta-por-los-videoconsejos-de-salud-para-hacer-mas-accesibles-los-contenidos-a-los-usuarios\/","url":"https:\/\/ticsalutsocial.atoom.space\/es\/noticia\/la-infermera-virtual-apuesta-por-los-videoconsejos-de-salud-para-hacer-mas-accesibles-los-contenidos-a-los-usuarios\/","name":"La \u201cInfermera Virtual\u201d apuesta por los v\u00eddeoconsejos de salud para hacer m\u00e1s accesibles los contenidos a los usuarios - Fundaci\u00f3 TIC Salut i Social","isPartOf":{"@id":"https:\/\/ticsalutsocial.atoom.space\/es\/#website"},"primaryImageOfPage":{"@id":"https:\/\/ticsalutsocial.atoom.space\/es\/noticia\/la-infermera-virtual-apuesta-por-los-videoconsejos-de-salud-para-hacer-mas-accesibles-los-contenidos-a-los-usuarios\/#primaryimage"},"image":{"@id":"https:\/\/ticsalutsocial.atoom.space\/es\/noticia\/la-infermera-virtual-apuesta-por-los-videoconsejos-de-salud-para-hacer-mas-accesibles-los-contenidos-a-los-usuarios\/#primaryimage"},"thumbnailUrl":"https:\/\/ticsalutsocial.atoom.space\/wp-content\/uploads\/2013\/10\/iv_centre_79_15.jpg","datePublished":"2013-10-07T10:38:08+00:00","dateModified":"2021-07-21T13:25:01+00:00","breadcrumb":{"@id":"https:\/\/ticsalutsocial.atoom.space\/es\/noticia\/la-infermera-virtual-apuesta-por-los-videoconsejos-de-salud-para-hacer-mas-accesibles-los-contenidos-a-los-usuarios\/#breadcrumb"},"inLanguage":"es","potentialAction":[{"@type":"ReadAction","target":["https:\/\/ticsalutsocial.atoom.space\/es\/noticia\/la-infermera-virtual-apuesta-por-los-videoconsejos-de-salud-para-hacer-mas-accesibles-los-contenidos-a-los-usuarios\/"]}]},{"@type":"ImageObject","inLanguage":"es","@id":"https:\/\/ticsalutsocial.atoom.space\/es\/noticia\/la-infermera-virtual-apuesta-por-los-videoconsejos-de-salud-para-hacer-mas-accesibles-los-contenidos-a-los-usuarios\/#primaryimage","url":"https:\/\/ticsalutsocial.atoom.space\/wp-content\/uploads\/2013\/10\/iv_centre_79_15.jpg","contentUrl":"https:\/\/ticsalutsocial.atoom.space\/wp-content\/uploads\/2013\/10\/iv_centre_79_15.jpg","width":300,"height":145},{"@type":"BreadcrumbList","@id":"https:\/\/ticsalutsocial.atoom.space\/es\/noticia\/la-infermera-virtual-apuesta-por-los-videoconsejos-de-salud-para-hacer-mas-accesibles-los-contenidos-a-los-usuarios\/#breadcrumb","itemListElement":[{"@type":"ListItem","position":1,"name":"Inici","item":"https:\/\/ticsalutsocial.atoom.space\/es\/"},{"@type":"ListItem","position":2,"name":"La \u201cInfermera Virtual\u201d apuesta por los v\u00eddeoconsejos de salud para hacer m\u00e1s accesibles los contenidos a los usuarios"}]},{"@type":"WebSite","@id":"https:\/\/ticsalutsocial.atoom.space\/es\/#website","url":"https:\/\/ticsalutsocial.atoom.space\/es\/","name":"Fundaci\u00f3 TIC Salut i Social","description":"","potentialAction":[{"@type":"SearchAction","target":{"@type":"EntryPoint","urlTemplate":"https:\/\/ticsalutsocial.atoom.space\/es\/?s={search_term_string}"},"query-input":{"@type":"PropertyValueSpecification","valueRequired":true,"valueName":"search_term_string"}}],"inLanguage":"es"}]}},"_links":{"self":[{"href":"https:\/\/ticsalutsocial.atoom.space\/es\/wp-json\/wp\/v2\/noticia\/1173","targetHints":{"allow":["GET"]}}],"collection":[{"href":"https:\/\/ticsalutsocial.atoom.space\/es\/wp-json\/wp\/v2\/noticia"}],"about":[{"href":"https:\/\/ticsalutsocial.atoom.space\/es\/wp-json\/wp\/v2\/types\/noticia"}],"author":[{"embeddable":true,"href":"https:\/\/ticsalutsocial.atoom.space\/es\/wp-json\/wp\/v2\/users\/21"}],"wp:featuredmedia":[{"embeddable":true,"href":"https:\/\/ticsalutsocial.atoom.space\/es\/wp-json\/wp\/v2\/media\/6645"}],"wp:attachment":[{"href":"https:\/\/ticsalutsocial.atoom.space\/es\/wp-json\/wp\/v2\/media?parent=1173"}],"wp:term":[{"taxonomy":"etiqueta","embeddable":true,"href":"https:\/\/ticsalutsocial.atoom.space\/es\/wp-json\/wp\/v2\/etiqueta?post=1173"},{"taxonomy":"tipus","embeddable":true,"href":"https:\/\/ticsalutsocial.atoom.space\/es\/wp-json\/wp\/v2\/tipus?post=1173"},{"taxonomy":"topic","embeddable":true,"href":"https:\/\/ticsalutsocial.atoom.space\/es\/wp-json\/wp\/v2\/topic?post=1173"}],"curies":[{"name":"wp","href":"https:\/\/api.w.org\/{rel}","templated":true}]}}