
{"id":1178,"date":"2013-10-07T13:45:00","date_gmt":"2013-10-07T11:45:00","guid":{"rendered":"https:\/\/ticsalutsocial.atoom.space\/?post_type=noticia&#038;p=1178"},"modified":"2021-07-21T15:25:04","modified_gmt":"2021-07-21T13:25:04","slug":"catalunya-explica-en-suecia-como-impulsa-la-innovacion-en-envejecimiento-activo-y-saludable-junto-con-otras-regiones-europeas","status":"publish","type":"noticia","link":"https:\/\/ticsalutsocial.atoom.space\/es\/noticia\/catalunya-explica-en-suecia-como-impulsa-la-innovacion-en-envejecimiento-activo-y-saludable-junto-con-otras-regiones-europeas\/","title":{"rendered":"Catalunya explica en Suecia c\u00f3mo impulsa la innovaci\u00f3n en envejecimiento activo y saludable junto con otras regiones europeas"},"content":{"rendered":"<p><em>Fotograf\u00eda: CORAL.<\/em><\/p>\n<p>La vicepresidenta de la Comisi\u00f3n Europea y comisaria de la Agenda Digital, Neelie Kroes, dio la bienvenida a la sesi\u00f3n paralela al <a href=\"http:\/\/www.aal-europe.eu\/aal-forum-2013\/\">AAL Forum 2013<\/a> mediante un <a href=\"http:\/\/www.youtube.com\/watch?v=JWywNpjcjAs&amp;list=PLnNqSOGe1KUUVA34BI-Bu5ngdDwVrhUn4&amp;index=5\">mensaje en v\u00eddeo<\/a> para los asistentes. Kroes asegur\u00f3 que &quot;el problema no es hallar ejemplos de innovaci\u00f3n en Europa, sino saber c\u00f3mo usarla y sacar beneficio&quot; e hizo hincapi\u00e9 en el papel determinante de las regiones y las redes europeas en la definici\u00f3n y la implementaci\u00f3n de pol\u00edticas y estrategias en el \u00e1mbito del envejecimiento activo y saludable. De hecho, el <a href=\"http:\/\/www.aal-europe.eu\/\">AAL Joint Programme<\/a> es un pilar importante de la <a href=\"http:\/\/www.aal-europe.eu\/\">European Innovation Partnership on Active and Healthy Ageing<\/a> (EIP AHA), impulsado por la Comisi\u00f3n Europea.<\/p>\n<p>En el &#39;talk show&#39; intervinieron altos cargos pol\u00edticos y responsables de innovaci\u00f3n y TIC de las regiones de <a href=\"http:\/\/www.youtube.com\/watch?v=mxHZMd80L-s&amp;list=PLnNqSOGe1KUUVA34BI-Bu5ngdDwVrhUn4&amp;index=2\">Noord-Brabant<\/a> (Holanda), <a href=\"http:\/\/www.youtube.com\/watch?v=huPi06SZhGo&amp;list=PLnNqSOGe1KUUVA34BI-Bu5ngdDwVrhUn4&amp;index=3],\">Zealand <\/a>(Dinamarca), Halland y Norrbotten (Suecia), Escocia (Reino Unido), <a href=\"http:\/\/www.youtube.com\/watch?v=hOxDhjXbbGs&amp;list=PLnNqSOGe1KUUVA34BI-Bu5ngdDwVrhUn4&amp;index=4\">Dinamarca del Sur<\/a> y <a href=\"http:\/\/www.youtube.com\/watch?v=7lUGigp_658&amp;list=PLnNqSOGe1KUUVA34BI-Bu5ngdDwVrhUn4&amp;index=6\">Limousin <\/a>(Francia), adem\u00e1s de Catalunya. El debate gir\u00f3 en torno a la implicaci\u00f3n a nivel regional y<strong> el rol esencial de los gobiernos y de los cl\u00fasteres de innovaci\u00f3n locales en la ejecuci\u00f3n y la adaptaci\u00f3n de soluciones inteligentes para permitir la vida independiente y la atenci\u00f3n integral<\/strong>. Durante la sesi\u00f3n, se proyectaron videos cortos de cada una de las regiones invitadas, con el objetivo de descubrir casos de \u00e9xito europeos dise\u00f1ados para mejorar el bienestar en la tercera edad.<\/p>\n<p><iframe loading=\"lazy\" allowfullscreen=\"\" frameborder=\"0\" height=\"315\" mozallowfullscreen=\"\" src=\"\/\/player.vimeo.com\/video\/76031199\" webkitallowfullscreen=\"\" width=\"560\"><\/iframe><\/p>\n<p>En cuanto a la presentaci\u00f3n de Catalunya, el Dr. Francesc Garcia Cuy\u00e0s intervino en un v\u00eddeo en el que present\u00f3 el <a href=\"http:\/\/www20.gencat.cat\/docs\/salut\/Home\/Destaquem\/Documents\/plasalut_vfinal.pdf\">Plan de Salud 2011-2015 del Departament de Salut<\/a>, el cual contempla estrategias en eSalud y TIC, y expuso la activa participaci\u00f3n de Catalunya en redes e iniciativas de la Comisi\u00f3n Europea, adem\u00e1s de los retos y oportunidades de futuro para la atenci\u00f3n sanitaria del territorio. &ldquo;Trabajamos en el <a href=\"http:\/\/www.gencat.cat\/salut\/ticsalut\/flashticsalut\/html\/ca\/articles\/doc36509.html\">Smart Health Ecosystem Catalunya<\/a> y en el <a href=\"http:\/\/www.ticsalut.cat\/actualitat\/flashticsalut\/video\/1\/que-es-el-reference-site-ticsalut-innohealth-hub-catalunya\">Reference Site<\/a> con el fin de sumar esfuerzos para trabajar para Europa&rdquo;, expuso el Director de la Fundaci\u00f3n TicSalut.<\/p>\n<p>&ldquo;Es esencial que Europa aborde la aplicaci\u00f3n a gran escala de la innovaci\u00f3n en salud y atenci\u00f3n social&rdquo;, insisti\u00f3 Aneta Granstr\u00f6m, concejala del condado de Norrbotten (Suecia) y presidenta de la e-he@lth network de la Asamblea de las Regiones de Europa durante la sesi\u00f3n. <strong>&ldquo;Por ahora s\u00f3lo tenemos oasis de innovaci\u00f3n en Europa&rdquo;<\/strong>, a\u00f1adi\u00f3 Granstr\u00f6m. Los participantes del &#39;talk show&#39; coincidieron en que &ldquo;hay que encontrar la forma de multiplicar las acciones que se est\u00e1n llevando a cabo&rdquo;.<\/p>\n<p>El evento permiti\u00f3 que los participantes regresaran a sus regiones con nuevas ideas para poner en marcha. La sesi\u00f3n, paralela al AAL Forum 2013, estuvo coorganizada por la <a href=\"http:\/\/www.coral-europe.eu\/\">Community of Regions for Assisted Living (CORAL)<\/a>, la <a href=\"http:\/\/www.euregha.net\/\">European Regional and Local Health Authorities (EUREGHA)<\/a>, la comunidad de aprendizaje <a href=\"http:\/\/www.engaged-innovation.eu\/\">ENGANGED <\/a>y la <a href=\"http:\/\/www.aer.eu\/en\/events\/healthsocial\/2013\/connecting-regional-experiences-on-active-and-healthy-ageing.html\">Asamblea de las Regiones de Europa (AER)<\/a>, que entre sus miembros cuenta con once regiones reconocidas como Reference Site por la Comisi\u00f3n Europea. De hecho, Catalunya cuenta con el <a href=\"http:\/\/www.ticsalut.cat\/actualitat\/flashticsalut\/video\/1\/que-es-el-reference-site-ticsalut-innohealth-hub-catalunya\">m\u00e1ximo reconocimiento<\/a>, tres estrellas.<\/p>\n<h4>&nbsp;<br \/>\nM\u00e1s informaci\u00f3n<\/h4>\n<ul>\n<li><a href=\"http:\/\/www.youtube.com\/playlist?list=PLnNqSOGe1KUUVA34BI-Bu5ngdDwVrhUn4&amp;feature=em-share_playlist_user\">Playlist en YouTube los v\u00eddeos proyectados durante el Talk Show.<\/a><\/li>\n<li>Talkshow with regional politicians at the AAL Forum 2013 in Sweden. Coral (Regional Policies for Active and Healthy Ageing), 1 de octubre de 2013 [acceso: 7 de octubre de 2013]. Disponible en: <a href=\"http:\/\/www.coral-europe.eu\/2013\/10\/talkshow-with-regional-politicians-at-the-aal-forum-2013-in-sweden\/\">http:\/\/www.coral-europe.eu\/&#8230;<\/a><\/li>\n<li>AAL Forum, plataforma anual para incrementar la comunidad europea de Ambient Assisted Living: <a href=\"http:\/\/www.aalforum.eu\/\">http:\/\/www.aalforum.eu\/<\/a><\/li>\n<\/ul>\n<p>&nbsp;<\/p>\n","protected":false},"author":21,"featured_media":6648,"menu_order":0,"template":"","meta":{"_acf_changed":false,"inline_featured_image":false},"etiqueta":[],"tipus":[],"topic":[],"class_list":["post-1178","noticia","type-noticia","status-publish","has-post-thumbnail","hentry"],"acf":{"imatge":6648,"autor":"Adri\u00e0 G.Font"},"yoast_head":"<!-- This site is optimized with the Yoast SEO plugin v27.1.1 - https:\/\/yoast.com\/product\/yoast-seo-wordpress\/ -->\n<title>Catalunya explica en Suecia c\u00f3mo impulsa la innovaci\u00f3n en envejecimiento activo y saludable junto con otras regiones europeas - Fundaci\u00f3 TIC Salut i Social<\/title>\n<meta name=\"robots\" content=\"index, follow, max-snippet:-1, max-image-preview:large, max-video-preview:-1\" \/>\n<link rel=\"canonical\" href=\"https:\/\/ticsalutsocial.atoom.space\/es\/noticia\/catalunya-explica-en-suecia-como-impulsa-la-innovacion-en-envejecimiento-activo-y-saludable-junto-con-otras-regiones-europeas\/\" \/>\n<meta property=\"og:locale\" content=\"es_ES\" \/>\n<meta property=\"og:type\" content=\"article\" \/>\n<meta property=\"og:title\" content=\"Catalunya explica en Suecia c\u00f3mo impulsa la innovaci\u00f3n en envejecimiento activo y saludable junto con otras regiones europeas - Fundaci\u00f3 TIC Salut i Social\" \/>\n<meta property=\"og:description\" content=\"Fotograf\u00eda: CORAL. La vicepresidenta de la Comisi\u00f3n Europea y comisaria de la Agenda Digital, Neelie Kroes, dio la bienvenida a la sesi\u00f3n paralela al AAL Forum 2013 mediante un mensaje en v\u00eddeo para los asistentes. Kroes asegur\u00f3 que &quot;el problema no es hallar ejemplos de innovaci\u00f3n en Europa, sino saber c\u00f3mo usarla y sacar beneficio&quot; [&hellip;]\" \/>\n<meta property=\"og:url\" content=\"https:\/\/ticsalutsocial.atoom.space\/es\/noticia\/catalunya-explica-en-suecia-como-impulsa-la-innovacion-en-envejecimiento-activo-y-saludable-junto-con-otras-regiones-europeas\/\" \/>\n<meta property=\"og:site_name\" content=\"Fundaci\u00f3 TIC Salut i Social\" \/>\n<meta property=\"article:modified_time\" content=\"2021-07-21T13:25:04+00:00\" \/>\n<meta property=\"og:image\" content=\"https:\/\/ticsalutsocial.atoom.space\/wp-content\/uploads\/2013\/10\/talkshow_centre_79_14.jpg\" \/>\n\t<meta property=\"og:image:width\" content=\"600\" \/>\n\t<meta property=\"og:image:height\" content=\"200\" \/>\n\t<meta property=\"og:image:type\" content=\"image\/jpeg\" \/>\n<meta name=\"twitter:card\" content=\"summary_large_image\" \/>\n<meta name=\"twitter:label1\" content=\"Tiempo de lectura\" \/>\n\t<meta name=\"twitter:data1\" content=\"3 minutos\" \/>\n<script type=\"application\/ld+json\" class=\"yoast-schema-graph\">{\"@context\":\"https:\/\/schema.org\",\"@graph\":[{\"@type\":\"WebPage\",\"@id\":\"https:\/\/ticsalutsocial.atoom.space\/es\/noticia\/catalunya-explica-en-suecia-como-impulsa-la-innovacion-en-envejecimiento-activo-y-saludable-junto-con-otras-regiones-europeas\/\",\"url\":\"https:\/\/ticsalutsocial.atoom.space\/es\/noticia\/catalunya-explica-en-suecia-como-impulsa-la-innovacion-en-envejecimiento-activo-y-saludable-junto-con-otras-regiones-europeas\/\",\"name\":\"Catalunya explica en Suecia c\u00f3mo impulsa la innovaci\u00f3n en envejecimiento activo y saludable junto con otras regiones europeas - Fundaci\u00f3 TIC Salut i Social\",\"isPartOf\":{\"@id\":\"https:\/\/ticsalutsocial.atoom.space\/es\/#website\"},\"primaryImageOfPage\":{\"@id\":\"https:\/\/ticsalutsocial.atoom.space\/es\/noticia\/catalunya-explica-en-suecia-como-impulsa-la-innovacion-en-envejecimiento-activo-y-saludable-junto-con-otras-regiones-europeas\/#primaryimage\"},\"image\":{\"@id\":\"https:\/\/ticsalutsocial.atoom.space\/es\/noticia\/catalunya-explica-en-suecia-como-impulsa-la-innovacion-en-envejecimiento-activo-y-saludable-junto-con-otras-regiones-europeas\/#primaryimage\"},\"thumbnailUrl\":\"https:\/\/ticsalutsocial.atoom.space\/wp-content\/uploads\/2013\/10\/talkshow_centre_79_14.jpg\",\"datePublished\":\"2013-10-07T11:45:00+00:00\",\"dateModified\":\"2021-07-21T13:25:04+00:00\",\"breadcrumb\":{\"@id\":\"https:\/\/ticsalutsocial.atoom.space\/es\/noticia\/catalunya-explica-en-suecia-como-impulsa-la-innovacion-en-envejecimiento-activo-y-saludable-junto-con-otras-regiones-europeas\/#breadcrumb\"},\"inLanguage\":\"es\",\"potentialAction\":[{\"@type\":\"ReadAction\",\"target\":[\"https:\/\/ticsalutsocial.atoom.space\/es\/noticia\/catalunya-explica-en-suecia-como-impulsa-la-innovacion-en-envejecimiento-activo-y-saludable-junto-con-otras-regiones-europeas\/\"]}]},{\"@type\":\"ImageObject\",\"inLanguage\":\"es\",\"@id\":\"https:\/\/ticsalutsocial.atoom.space\/es\/noticia\/catalunya-explica-en-suecia-como-impulsa-la-innovacion-en-envejecimiento-activo-y-saludable-junto-con-otras-regiones-europeas\/#primaryimage\",\"url\":\"https:\/\/ticsalutsocial.atoom.space\/wp-content\/uploads\/2013\/10\/talkshow_centre_79_14.jpg\",\"contentUrl\":\"https:\/\/ticsalutsocial.atoom.space\/wp-content\/uploads\/2013\/10\/talkshow_centre_79_14.jpg\",\"width\":600,\"height\":200},{\"@type\":\"BreadcrumbList\",\"@id\":\"https:\/\/ticsalutsocial.atoom.space\/es\/noticia\/catalunya-explica-en-suecia-como-impulsa-la-innovacion-en-envejecimiento-activo-y-saludable-junto-con-otras-regiones-europeas\/#breadcrumb\",\"itemListElement\":[{\"@type\":\"ListItem\",\"position\":1,\"name\":\"Inici\",\"item\":\"https:\/\/ticsalutsocial.atoom.space\/es\/\"},{\"@type\":\"ListItem\",\"position\":2,\"name\":\"Catalunya explica en Suecia c\u00f3mo impulsa la innovaci\u00f3n en envejecimiento activo y saludable junto con otras regiones europeas\"}]},{\"@type\":\"WebSite\",\"@id\":\"https:\/\/ticsalutsocial.atoom.space\/es\/#website\",\"url\":\"https:\/\/ticsalutsocial.atoom.space\/es\/\",\"name\":\"Fundaci\u00f3 TIC Salut i Social\",\"description\":\"\",\"potentialAction\":[{\"@type\":\"SearchAction\",\"target\":{\"@type\":\"EntryPoint\",\"urlTemplate\":\"https:\/\/ticsalutsocial.atoom.space\/es\/?s={search_term_string}\"},\"query-input\":{\"@type\":\"PropertyValueSpecification\",\"valueRequired\":true,\"valueName\":\"search_term_string\"}}],\"inLanguage\":\"es\"}]}<\/script>\n<!-- \/ Yoast SEO plugin. -->","yoast_head_json":{"title":"Catalunya explica en Suecia c\u00f3mo impulsa la innovaci\u00f3n en envejecimiento activo y saludable junto con otras regiones europeas - Fundaci\u00f3 TIC Salut i Social","robots":{"index":"index","follow":"follow","max-snippet":"max-snippet:-1","max-image-preview":"max-image-preview:large","max-video-preview":"max-video-preview:-1"},"canonical":"https:\/\/ticsalutsocial.atoom.space\/es\/noticia\/catalunya-explica-en-suecia-como-impulsa-la-innovacion-en-envejecimiento-activo-y-saludable-junto-con-otras-regiones-europeas\/","og_locale":"es_ES","og_type":"article","og_title":"Catalunya explica en Suecia c\u00f3mo impulsa la innovaci\u00f3n en envejecimiento activo y saludable junto con otras regiones europeas - Fundaci\u00f3 TIC Salut i Social","og_description":"Fotograf\u00eda: CORAL. La vicepresidenta de la Comisi\u00f3n Europea y comisaria de la Agenda Digital, Neelie Kroes, dio la bienvenida a la sesi\u00f3n paralela al AAL Forum 2013 mediante un mensaje en v\u00eddeo para los asistentes. Kroes asegur\u00f3 que &quot;el problema no es hallar ejemplos de innovaci\u00f3n en Europa, sino saber c\u00f3mo usarla y sacar beneficio&quot; [&hellip;]","og_url":"https:\/\/ticsalutsocial.atoom.space\/es\/noticia\/catalunya-explica-en-suecia-como-impulsa-la-innovacion-en-envejecimiento-activo-y-saludable-junto-con-otras-regiones-europeas\/","og_site_name":"Fundaci\u00f3 TIC Salut i Social","article_modified_time":"2021-07-21T13:25:04+00:00","og_image":[{"width":600,"height":200,"url":"https:\/\/ticsalutsocial.atoom.space\/wp-content\/uploads\/2013\/10\/talkshow_centre_79_14.jpg","type":"image\/jpeg"}],"twitter_card":"summary_large_image","twitter_misc":{"Tiempo de lectura":"3 minutos"},"schema":{"@context":"https:\/\/schema.org","@graph":[{"@type":"WebPage","@id":"https:\/\/ticsalutsocial.atoom.space\/es\/noticia\/catalunya-explica-en-suecia-como-impulsa-la-innovacion-en-envejecimiento-activo-y-saludable-junto-con-otras-regiones-europeas\/","url":"https:\/\/ticsalutsocial.atoom.space\/es\/noticia\/catalunya-explica-en-suecia-como-impulsa-la-innovacion-en-envejecimiento-activo-y-saludable-junto-con-otras-regiones-europeas\/","name":"Catalunya explica en Suecia c\u00f3mo impulsa la innovaci\u00f3n en envejecimiento activo y saludable junto con otras regiones europeas - Fundaci\u00f3 TIC Salut i Social","isPartOf":{"@id":"https:\/\/ticsalutsocial.atoom.space\/es\/#website"},"primaryImageOfPage":{"@id":"https:\/\/ticsalutsocial.atoom.space\/es\/noticia\/catalunya-explica-en-suecia-como-impulsa-la-innovacion-en-envejecimiento-activo-y-saludable-junto-con-otras-regiones-europeas\/#primaryimage"},"image":{"@id":"https:\/\/ticsalutsocial.atoom.space\/es\/noticia\/catalunya-explica-en-suecia-como-impulsa-la-innovacion-en-envejecimiento-activo-y-saludable-junto-con-otras-regiones-europeas\/#primaryimage"},"thumbnailUrl":"https:\/\/ticsalutsocial.atoom.space\/wp-content\/uploads\/2013\/10\/talkshow_centre_79_14.jpg","datePublished":"2013-10-07T11:45:00+00:00","dateModified":"2021-07-21T13:25:04+00:00","breadcrumb":{"@id":"https:\/\/ticsalutsocial.atoom.space\/es\/noticia\/catalunya-explica-en-suecia-como-impulsa-la-innovacion-en-envejecimiento-activo-y-saludable-junto-con-otras-regiones-europeas\/#breadcrumb"},"inLanguage":"es","potentialAction":[{"@type":"ReadAction","target":["https:\/\/ticsalutsocial.atoom.space\/es\/noticia\/catalunya-explica-en-suecia-como-impulsa-la-innovacion-en-envejecimiento-activo-y-saludable-junto-con-otras-regiones-europeas\/"]}]},{"@type":"ImageObject","inLanguage":"es","@id":"https:\/\/ticsalutsocial.atoom.space\/es\/noticia\/catalunya-explica-en-suecia-como-impulsa-la-innovacion-en-envejecimiento-activo-y-saludable-junto-con-otras-regiones-europeas\/#primaryimage","url":"https:\/\/ticsalutsocial.atoom.space\/wp-content\/uploads\/2013\/10\/talkshow_centre_79_14.jpg","contentUrl":"https:\/\/ticsalutsocial.atoom.space\/wp-content\/uploads\/2013\/10\/talkshow_centre_79_14.jpg","width":600,"height":200},{"@type":"BreadcrumbList","@id":"https:\/\/ticsalutsocial.atoom.space\/es\/noticia\/catalunya-explica-en-suecia-como-impulsa-la-innovacion-en-envejecimiento-activo-y-saludable-junto-con-otras-regiones-europeas\/#breadcrumb","itemListElement":[{"@type":"ListItem","position":1,"name":"Inici","item":"https:\/\/ticsalutsocial.atoom.space\/es\/"},{"@type":"ListItem","position":2,"name":"Catalunya explica en Suecia c\u00f3mo impulsa la innovaci\u00f3n en envejecimiento activo y saludable junto con otras regiones europeas"}]},{"@type":"WebSite","@id":"https:\/\/ticsalutsocial.atoom.space\/es\/#website","url":"https:\/\/ticsalutsocial.atoom.space\/es\/","name":"Fundaci\u00f3 TIC Salut i Social","description":"","potentialAction":[{"@type":"SearchAction","target":{"@type":"EntryPoint","urlTemplate":"https:\/\/ticsalutsocial.atoom.space\/es\/?s={search_term_string}"},"query-input":{"@type":"PropertyValueSpecification","valueRequired":true,"valueName":"search_term_string"}}],"inLanguage":"es"}]}},"_links":{"self":[{"href":"https:\/\/ticsalutsocial.atoom.space\/es\/wp-json\/wp\/v2\/noticia\/1178","targetHints":{"allow":["GET"]}}],"collection":[{"href":"https:\/\/ticsalutsocial.atoom.space\/es\/wp-json\/wp\/v2\/noticia"}],"about":[{"href":"https:\/\/ticsalutsocial.atoom.space\/es\/wp-json\/wp\/v2\/types\/noticia"}],"author":[{"embeddable":true,"href":"https:\/\/ticsalutsocial.atoom.space\/es\/wp-json\/wp\/v2\/users\/21"}],"wp:featuredmedia":[{"embeddable":true,"href":"https:\/\/ticsalutsocial.atoom.space\/es\/wp-json\/wp\/v2\/media\/6648"}],"wp:attachment":[{"href":"https:\/\/ticsalutsocial.atoom.space\/es\/wp-json\/wp\/v2\/media?parent=1178"}],"wp:term":[{"taxonomy":"etiqueta","embeddable":true,"href":"https:\/\/ticsalutsocial.atoom.space\/es\/wp-json\/wp\/v2\/etiqueta?post=1178"},{"taxonomy":"tipus","embeddable":true,"href":"https:\/\/ticsalutsocial.atoom.space\/es\/wp-json\/wp\/v2\/tipus?post=1178"},{"taxonomy":"topic","embeddable":true,"href":"https:\/\/ticsalutsocial.atoom.space\/es\/wp-json\/wp\/v2\/topic?post=1178"}],"curies":[{"name":"wp","href":"https:\/\/api.w.org\/{rel}","templated":true}]}}