
{"id":1188,"date":"2013-11-06T10:58:30","date_gmt":"2013-11-06T08:58:30","guid":{"rendered":"https:\/\/ticsalutsocial.atoom.space\/?post_type=noticia&#038;p=1188"},"modified":"2021-07-21T15:25:08","modified_gmt":"2021-07-21T13:25:08","slug":"dr-garcia-cuyas-la-coordinacion-entre-los-diferentes-niveles-asistenciales-es-un-reto-pero-las-tic-nos-ayudaran","status":"publish","type":"noticia","link":"https:\/\/ticsalutsocial.atoom.space\/es\/noticia\/dr-garcia-cuyas-la-coordinacion-entre-los-diferentes-niveles-asistenciales-es-un-reto-pero-las-tic-nos-ayudaran\/","title":{"rendered":"Dr. Garc\u00eda Cuy\u00e0s: \u00abLa coordinaci\u00f3n entre los diferentes niveles asistenciales es un reto, pero las TIC nos ayudar\u00e1n\u00bb"},"content":{"rendered":"<p>La coordinaci\u00f3n asistencial -entre atenci\u00f3n primaria, especializada, sociosanitaria y salud mental- debe permitir el paso entre los distintos niveles, dependiendo de la gesti\u00f3n de la patolog\u00eda a medida que var\u00eda de intensidad y gravedad. Las gu\u00edas y las rutas de pr\u00e1ctica cl\u00ednica, basadas en el consenso, y la aplicaci\u00f3n de las TIC en los diferentes niveles asistenciales contribuyen a la integraci\u00f3n.<\/p>\n<p><strong>&ldquo;La necesidad de desarrollar modelos de integraci\u00f3n no es nueva, pero resulta m\u00e1s urgente en el contexto de cambio actual&rdquo;<\/strong>, asegur\u00f3 el Dr. Garc\u00eda Cuy\u00e0s durante la <a href=\"http:\/\/www.forumcis.cat\/i2tic\">jornada t\u00e9cnica i2TIC, Estudios de Ciencias de la Salud y F\u00f2rumCIS<\/a>. &ldquo;Hay que realizar esfuerzos para integrar la informaci\u00f3n para poder tratarla de forma m\u00e1s eficiente y beneficiosa&rdquo;, a\u00f1adi\u00f3 el Coordinador General de las TIC del Departament de Salut, que considera que <strong>la integraci\u00f3n asistencial es un elemento clave en la coyuntura actual de debate sobre la sostenibilidad del sistema sanitario<\/strong>, as\u00ed como la transparencia en la informaci\u00f3n y la rendici\u00f3n de cuentas ante los ciudadanos.<\/p>\n<p>Sin embargo, <strong>la apuesta por la integraci\u00f3n conlleva vencer dificultades<\/strong> t\u00e9cnicas, legales, de organizaci\u00f3n de las resistencias del entorno y de desarrollo de habilidades de los profesionales del sistema sanitario. &ldquo;El reto ahora es garantizar que seguimos avanzando hacia una mayor interoperabilidad entre los actores clave del sistema, con voluntad y equilibrio&quot;, seg\u00fan el director de TicSalut.<\/p>\n<h4>Informaci\u00f3n, integraci\u00f3n e interacci\u00f3n para apoyar el sistema de salud<\/h4>\n<p>En el momento actual, <strong>el Departament de Salut apuesta por la interoperabilidad<\/strong>, pero potenciando la autonom\u00eda de gesti\u00f3n de cada uno de los centros sanitarios. En concreto, <a href=\"http:\/\/www20.gencat.cat\/docs\/salut\/Home\/Destaquem\/Documents\/plasalut_vfinal.pdf\">el Plan de Salud de Catalunya 2011-2015<\/a> pone las TIC como instrumento de cambio para lograr el nuevo modelo asistencial.<\/p>\n<p>De hecho, el Plan de Salud se centra en el ciudadano, a quien se implica y se corresponsabiliza en el cuidado de su propia salud. La <a href=\"http:\/\/www.ticsalut.cat\/es_index\/\">Fundaci\u00f3n TicSalut<\/a> y la <a href=\"http:\/\/www.gencat.cat\/salut\/ticsalut\/html\/ca\/dir1771\/doc16047.html\">Oficina de Est\u00e1ndares e Interoperabilidad<\/a> trabajan para transformar la <a href=\"http:\/\/www.gencat.cat\/salut\/ticsalut\/flashticsalut\/html\/ca\/entrevistes\/doc36493.html\">Historia Cl\u00ednica Compartida (HC3)<\/a> en una red de informaci\u00f3n y servicios para facilitar la integraci\u00f3n entre todos los agentes de salud y sociales (iSalut.cat) y para garantizar las infraestructuras y servicios necesarios para consolidar este nuevo modelo asistencial.<\/p>\n<p>Durante la presentaci\u00f3n, se profundiz\u00f3 en la movilidad y en las diferentes herramientas de telemonitorizaci\u00f3n integradas en el nuevo modelo asistencial no presencial, que ya mejoran de forma progresiva la calidad de la atenci\u00f3n sanitaria y la calidad de vida de los pacientes. A pesar de ello, el Dr. Garc\u00eda Cuy\u00e0s dedic\u00f3 un momento a la reflexi\u00f3n e hizo hincapi\u00e9 en que <strong>&ldquo;las TIC son un instrumento al servicio del sistema sanitario, donde no debemos perder de vista el contacto del profesional con el ciudadano<\/strong>, potenciando este marco de confianza con independencia de las distancias&quot;.<\/p>\n<p>M\u00e1s informaci\u00f3n y acceso a las presentaciones de la jornada t\u00e9cnica del F\u00f2rumCIS en: <a href=\"http:\/\/forumcis.cat\/i2tic\">http:\/\/forumcis.cat\/i2tic<\/a><\/p>\n","protected":false},"author":21,"featured_media":6654,"menu_order":0,"template":"","meta":{"_acf_changed":false,"inline_featured_image":false},"etiqueta":[],"tipus":[],"topic":[],"class_list":["post-1188","noticia","type-noticia","status-publish","has-post-thumbnail","hentry"],"acf":{"imatge":6654,"autor":"Adri\u00e0 G.Font"},"yoast_head":"<!-- This site is optimized with the Yoast SEO plugin v27.1.1 - https:\/\/yoast.com\/product\/yoast-seo-wordpress\/ -->\n<title>Dr. Garc\u00eda Cuy\u00e0s: &quot;La coordinaci\u00f3n entre los diferentes niveles asistenciales es un reto, pero las TIC nos ayudar\u00e1n&quot; - Fundaci\u00f3 TIC Salut i Social<\/title>\n<meta name=\"robots\" content=\"index, follow, max-snippet:-1, max-image-preview:large, max-video-preview:-1\" \/>\n<link rel=\"canonical\" href=\"https:\/\/ticsalutsocial.atoom.space\/es\/noticia\/dr-garcia-cuyas-la-coordinacion-entre-los-diferentes-niveles-asistenciales-es-un-reto-pero-las-tic-nos-ayudaran\/\" \/>\n<meta property=\"og:locale\" content=\"es_ES\" \/>\n<meta property=\"og:type\" content=\"article\" \/>\n<meta property=\"og:title\" content=\"Dr. Garc\u00eda Cuy\u00e0s: &quot;La coordinaci\u00f3n entre los diferentes niveles asistenciales es un reto, pero las TIC nos ayudar\u00e1n&quot; - Fundaci\u00f3 TIC Salut i Social\" \/>\n<meta property=\"og:description\" content=\"La coordinaci\u00f3n asistencial -entre atenci\u00f3n primaria, especializada, sociosanitaria y salud mental- debe permitir el paso entre los distintos niveles, dependiendo de la gesti\u00f3n de la patolog\u00eda a medida que var\u00eda de intensidad y gravedad. Las gu\u00edas y las rutas de pr\u00e1ctica cl\u00ednica, basadas en el consenso, y la aplicaci\u00f3n de las TIC en los diferentes [&hellip;]\" \/>\n<meta property=\"og:url\" content=\"https:\/\/ticsalutsocial.atoom.space\/es\/noticia\/dr-garcia-cuyas-la-coordinacion-entre-los-diferentes-niveles-asistenciales-es-un-reto-pero-las-tic-nos-ayudaran\/\" \/>\n<meta property=\"og:site_name\" content=\"Fundaci\u00f3 TIC Salut i Social\" \/>\n<meta property=\"article:modified_time\" content=\"2021-07-21T13:25:08+00:00\" \/>\n<meta property=\"og:image\" content=\"https:\/\/ticsalutsocial.atoom.space\/wp-content\/uploads\/2013\/11\/integracio2_centre_79_21.jpg\" \/>\n\t<meta property=\"og:image:width\" content=\"575\" \/>\n\t<meta property=\"og:image:height\" content=\"371\" \/>\n\t<meta property=\"og:image:type\" content=\"image\/jpeg\" \/>\n<meta name=\"twitter:card\" content=\"summary_large_image\" \/>\n<meta name=\"twitter:label1\" content=\"Tiempo de lectura\" \/>\n\t<meta name=\"twitter:data1\" content=\"3 minutos\" \/>\n<script type=\"application\/ld+json\" class=\"yoast-schema-graph\">{\"@context\":\"https:\/\/schema.org\",\"@graph\":[{\"@type\":\"WebPage\",\"@id\":\"https:\/\/ticsalutsocial.atoom.space\/es\/noticia\/dr-garcia-cuyas-la-coordinacion-entre-los-diferentes-niveles-asistenciales-es-un-reto-pero-las-tic-nos-ayudaran\/\",\"url\":\"https:\/\/ticsalutsocial.atoom.space\/es\/noticia\/dr-garcia-cuyas-la-coordinacion-entre-los-diferentes-niveles-asistenciales-es-un-reto-pero-las-tic-nos-ayudaran\/\",\"name\":\"Dr. Garc\u00eda Cuy\u00e0s: \\\"La coordinaci\u00f3n entre los diferentes niveles asistenciales es un reto, pero las TIC nos ayudar\u00e1n\\\" - Fundaci\u00f3 TIC Salut i Social\",\"isPartOf\":{\"@id\":\"https:\/\/ticsalutsocial.atoom.space\/es\/#website\"},\"primaryImageOfPage\":{\"@id\":\"https:\/\/ticsalutsocial.atoom.space\/es\/noticia\/dr-garcia-cuyas-la-coordinacion-entre-los-diferentes-niveles-asistenciales-es-un-reto-pero-las-tic-nos-ayudaran\/#primaryimage\"},\"image\":{\"@id\":\"https:\/\/ticsalutsocial.atoom.space\/es\/noticia\/dr-garcia-cuyas-la-coordinacion-entre-los-diferentes-niveles-asistenciales-es-un-reto-pero-las-tic-nos-ayudaran\/#primaryimage\"},\"thumbnailUrl\":\"https:\/\/ticsalutsocial.atoom.space\/wp-content\/uploads\/2013\/11\/integracio2_centre_79_21.jpg\",\"datePublished\":\"2013-11-06T08:58:30+00:00\",\"dateModified\":\"2021-07-21T13:25:08+00:00\",\"breadcrumb\":{\"@id\":\"https:\/\/ticsalutsocial.atoom.space\/es\/noticia\/dr-garcia-cuyas-la-coordinacion-entre-los-diferentes-niveles-asistenciales-es-un-reto-pero-las-tic-nos-ayudaran\/#breadcrumb\"},\"inLanguage\":\"es\",\"potentialAction\":[{\"@type\":\"ReadAction\",\"target\":[\"https:\/\/ticsalutsocial.atoom.space\/es\/noticia\/dr-garcia-cuyas-la-coordinacion-entre-los-diferentes-niveles-asistenciales-es-un-reto-pero-las-tic-nos-ayudaran\/\"]}]},{\"@type\":\"ImageObject\",\"inLanguage\":\"es\",\"@id\":\"https:\/\/ticsalutsocial.atoom.space\/es\/noticia\/dr-garcia-cuyas-la-coordinacion-entre-los-diferentes-niveles-asistenciales-es-un-reto-pero-las-tic-nos-ayudaran\/#primaryimage\",\"url\":\"https:\/\/ticsalutsocial.atoom.space\/wp-content\/uploads\/2013\/11\/integracio2_centre_79_21.jpg\",\"contentUrl\":\"https:\/\/ticsalutsocial.atoom.space\/wp-content\/uploads\/2013\/11\/integracio2_centre_79_21.jpg\",\"width\":575,\"height\":371},{\"@type\":\"BreadcrumbList\",\"@id\":\"https:\/\/ticsalutsocial.atoom.space\/es\/noticia\/dr-garcia-cuyas-la-coordinacion-entre-los-diferentes-niveles-asistenciales-es-un-reto-pero-las-tic-nos-ayudaran\/#breadcrumb\",\"itemListElement\":[{\"@type\":\"ListItem\",\"position\":1,\"name\":\"Inici\",\"item\":\"https:\/\/ticsalutsocial.atoom.space\/es\/\"},{\"@type\":\"ListItem\",\"position\":2,\"name\":\"Dr. Garc\u00eda Cuy\u00e0s: \u00abLa coordinaci\u00f3n entre los diferentes niveles asistenciales es un reto, pero las TIC nos ayudar\u00e1n\u00bb\"}]},{\"@type\":\"WebSite\",\"@id\":\"https:\/\/ticsalutsocial.atoom.space\/es\/#website\",\"url\":\"https:\/\/ticsalutsocial.atoom.space\/es\/\",\"name\":\"Fundaci\u00f3 TIC Salut i Social\",\"description\":\"\",\"potentialAction\":[{\"@type\":\"SearchAction\",\"target\":{\"@type\":\"EntryPoint\",\"urlTemplate\":\"https:\/\/ticsalutsocial.atoom.space\/es\/?s={search_term_string}\"},\"query-input\":{\"@type\":\"PropertyValueSpecification\",\"valueRequired\":true,\"valueName\":\"search_term_string\"}}],\"inLanguage\":\"es\"}]}<\/script>\n<!-- \/ Yoast SEO plugin. -->","yoast_head_json":{"title":"Dr. Garc\u00eda Cuy\u00e0s: \"La coordinaci\u00f3n entre los diferentes niveles asistenciales es un reto, pero las TIC nos ayudar\u00e1n\" - Fundaci\u00f3 TIC Salut i Social","robots":{"index":"index","follow":"follow","max-snippet":"max-snippet:-1","max-image-preview":"max-image-preview:large","max-video-preview":"max-video-preview:-1"},"canonical":"https:\/\/ticsalutsocial.atoom.space\/es\/noticia\/dr-garcia-cuyas-la-coordinacion-entre-los-diferentes-niveles-asistenciales-es-un-reto-pero-las-tic-nos-ayudaran\/","og_locale":"es_ES","og_type":"article","og_title":"Dr. Garc\u00eda Cuy\u00e0s: \"La coordinaci\u00f3n entre los diferentes niveles asistenciales es un reto, pero las TIC nos ayudar\u00e1n\" - Fundaci\u00f3 TIC Salut i Social","og_description":"La coordinaci\u00f3n asistencial -entre atenci\u00f3n primaria, especializada, sociosanitaria y salud mental- debe permitir el paso entre los distintos niveles, dependiendo de la gesti\u00f3n de la patolog\u00eda a medida que var\u00eda de intensidad y gravedad. Las gu\u00edas y las rutas de pr\u00e1ctica cl\u00ednica, basadas en el consenso, y la aplicaci\u00f3n de las TIC en los diferentes [&hellip;]","og_url":"https:\/\/ticsalutsocial.atoom.space\/es\/noticia\/dr-garcia-cuyas-la-coordinacion-entre-los-diferentes-niveles-asistenciales-es-un-reto-pero-las-tic-nos-ayudaran\/","og_site_name":"Fundaci\u00f3 TIC Salut i Social","article_modified_time":"2021-07-21T13:25:08+00:00","og_image":[{"width":575,"height":371,"url":"https:\/\/ticsalutsocial.atoom.space\/wp-content\/uploads\/2013\/11\/integracio2_centre_79_21.jpg","type":"image\/jpeg"}],"twitter_card":"summary_large_image","twitter_misc":{"Tiempo de lectura":"3 minutos"},"schema":{"@context":"https:\/\/schema.org","@graph":[{"@type":"WebPage","@id":"https:\/\/ticsalutsocial.atoom.space\/es\/noticia\/dr-garcia-cuyas-la-coordinacion-entre-los-diferentes-niveles-asistenciales-es-un-reto-pero-las-tic-nos-ayudaran\/","url":"https:\/\/ticsalutsocial.atoom.space\/es\/noticia\/dr-garcia-cuyas-la-coordinacion-entre-los-diferentes-niveles-asistenciales-es-un-reto-pero-las-tic-nos-ayudaran\/","name":"Dr. Garc\u00eda Cuy\u00e0s: \"La coordinaci\u00f3n entre los diferentes niveles asistenciales es un reto, pero las TIC nos ayudar\u00e1n\" - Fundaci\u00f3 TIC Salut i Social","isPartOf":{"@id":"https:\/\/ticsalutsocial.atoom.space\/es\/#website"},"primaryImageOfPage":{"@id":"https:\/\/ticsalutsocial.atoom.space\/es\/noticia\/dr-garcia-cuyas-la-coordinacion-entre-los-diferentes-niveles-asistenciales-es-un-reto-pero-las-tic-nos-ayudaran\/#primaryimage"},"image":{"@id":"https:\/\/ticsalutsocial.atoom.space\/es\/noticia\/dr-garcia-cuyas-la-coordinacion-entre-los-diferentes-niveles-asistenciales-es-un-reto-pero-las-tic-nos-ayudaran\/#primaryimage"},"thumbnailUrl":"https:\/\/ticsalutsocial.atoom.space\/wp-content\/uploads\/2013\/11\/integracio2_centre_79_21.jpg","datePublished":"2013-11-06T08:58:30+00:00","dateModified":"2021-07-21T13:25:08+00:00","breadcrumb":{"@id":"https:\/\/ticsalutsocial.atoom.space\/es\/noticia\/dr-garcia-cuyas-la-coordinacion-entre-los-diferentes-niveles-asistenciales-es-un-reto-pero-las-tic-nos-ayudaran\/#breadcrumb"},"inLanguage":"es","potentialAction":[{"@type":"ReadAction","target":["https:\/\/ticsalutsocial.atoom.space\/es\/noticia\/dr-garcia-cuyas-la-coordinacion-entre-los-diferentes-niveles-asistenciales-es-un-reto-pero-las-tic-nos-ayudaran\/"]}]},{"@type":"ImageObject","inLanguage":"es","@id":"https:\/\/ticsalutsocial.atoom.space\/es\/noticia\/dr-garcia-cuyas-la-coordinacion-entre-los-diferentes-niveles-asistenciales-es-un-reto-pero-las-tic-nos-ayudaran\/#primaryimage","url":"https:\/\/ticsalutsocial.atoom.space\/wp-content\/uploads\/2013\/11\/integracio2_centre_79_21.jpg","contentUrl":"https:\/\/ticsalutsocial.atoom.space\/wp-content\/uploads\/2013\/11\/integracio2_centre_79_21.jpg","width":575,"height":371},{"@type":"BreadcrumbList","@id":"https:\/\/ticsalutsocial.atoom.space\/es\/noticia\/dr-garcia-cuyas-la-coordinacion-entre-los-diferentes-niveles-asistenciales-es-un-reto-pero-las-tic-nos-ayudaran\/#breadcrumb","itemListElement":[{"@type":"ListItem","position":1,"name":"Inici","item":"https:\/\/ticsalutsocial.atoom.space\/es\/"},{"@type":"ListItem","position":2,"name":"Dr. Garc\u00eda Cuy\u00e0s: \u00abLa coordinaci\u00f3n entre los diferentes niveles asistenciales es un reto, pero las TIC nos ayudar\u00e1n\u00bb"}]},{"@type":"WebSite","@id":"https:\/\/ticsalutsocial.atoom.space\/es\/#website","url":"https:\/\/ticsalutsocial.atoom.space\/es\/","name":"Fundaci\u00f3 TIC Salut i Social","description":"","potentialAction":[{"@type":"SearchAction","target":{"@type":"EntryPoint","urlTemplate":"https:\/\/ticsalutsocial.atoom.space\/es\/?s={search_term_string}"},"query-input":{"@type":"PropertyValueSpecification","valueRequired":true,"valueName":"search_term_string"}}],"inLanguage":"es"}]}},"_links":{"self":[{"href":"https:\/\/ticsalutsocial.atoom.space\/es\/wp-json\/wp\/v2\/noticia\/1188","targetHints":{"allow":["GET"]}}],"collection":[{"href":"https:\/\/ticsalutsocial.atoom.space\/es\/wp-json\/wp\/v2\/noticia"}],"about":[{"href":"https:\/\/ticsalutsocial.atoom.space\/es\/wp-json\/wp\/v2\/types\/noticia"}],"author":[{"embeddable":true,"href":"https:\/\/ticsalutsocial.atoom.space\/es\/wp-json\/wp\/v2\/users\/21"}],"wp:featuredmedia":[{"embeddable":true,"href":"https:\/\/ticsalutsocial.atoom.space\/es\/wp-json\/wp\/v2\/media\/6654"}],"wp:attachment":[{"href":"https:\/\/ticsalutsocial.atoom.space\/es\/wp-json\/wp\/v2\/media?parent=1188"}],"wp:term":[{"taxonomy":"etiqueta","embeddable":true,"href":"https:\/\/ticsalutsocial.atoom.space\/es\/wp-json\/wp\/v2\/etiqueta?post=1188"},{"taxonomy":"tipus","embeddable":true,"href":"https:\/\/ticsalutsocial.atoom.space\/es\/wp-json\/wp\/v2\/tipus?post=1188"},{"taxonomy":"topic","embeddable":true,"href":"https:\/\/ticsalutsocial.atoom.space\/es\/wp-json\/wp\/v2\/topic?post=1188"}],"curies":[{"name":"wp","href":"https:\/\/api.w.org\/{rel}","templated":true}]}}