
{"id":1203,"date":"2013-12-10T19:48:12","date_gmt":"2013-12-10T17:48:12","guid":{"rendered":"https:\/\/ticsalutsocial.atoom.space\/?post_type=noticia&#038;p=1203"},"modified":"2021-07-21T15:25:16","modified_gmt":"2021-07-21T13:25:16","slug":"la-fundacion-ticsalut-les-invita-al-acto-de-presentacion-del-mapa-de-tendencias-2013-este-proximo-20-de-diciembre","status":"publish","type":"noticia","link":"https:\/\/ticsalutsocial.atoom.space\/es\/noticia\/la-fundacion-ticsalut-les-invita-al-acto-de-presentacion-del-mapa-de-tendencias-2013-este-proximo-20-de-diciembre\/","title":{"rendered":"La Fundaci\u00f3n TicSalut les invita al acto de presentaci\u00f3n del Mapa de Tendencias 2013 este pr\u00f3ximo 20 de diciembre"},"content":{"rendered":"<p>Durante este acto se dar\u00e1n a conocer <strong>los resultados de la Encuesta TIC y Salud 2013<\/strong> en el \u00e1mbito de los centros de salud de Catalunya, que este a\u00f1o ha conseguido el 100% de respuesta, y se presentar\u00e1n <strong>las cinco principales tendencias internacionales en la aplicaci\u00f3n de las TIC en salud.<\/strong> Por otro lado, se expondr\u00e1n las conclusiones del monogr\u00e1fico anual, que en este 2013 se centra en el modelo asistencial no presencial, y se presentar\u00e1 la implicaci\u00f3n de las TIC en el marco de las diferentes l\u00edneas estrat\u00e9gicas del Plan de Salud de la Generalitat de Catalunya, adem\u00e1s del <strong>impacto socioecon\u00f3mico en mHealth.<\/strong><\/p>\n<p>El Hble. Sr. Boi Ruiz, Conseller de Salut, y el Ilmo. Sr. Joan Mora, alcalde de Matar\u00f3, cerrar\u00e1n con sus intervenciones el evento.<\/p>\n<p>Desde el a\u00f1o 2007, y por encargo del Departament de Salut, la Fundaci\u00f3n TicSalut lleva a cabo la <a href=\"http:\/\/www.ticsalut.cat\/observatori\/es_enquesta-tic-salut\/\">Encuesta TIC y Salud<\/a> de forma anual. Esta Encuesta se ha convertido en un referente para el sector sanitario, ya que aporta una visi\u00f3n objetiva de la realidad sobre la evoluci\u00f3n de las TIC en la red de centros sanitarios y sociosanitarios p\u00fablicos catalanes. Los documentos de las pasadas ediciones se pueden consultar <a href=\"http:\/\/www.ticsalut.cat\/observatori\/es_enquesta-tic-salut\/\">en la web de la Fundaci\u00f3n TicSalut<\/a>.<\/p>\n<p>Adem\u00e1s, la Encuesta se complementa con un estudio monogr\u00e1fico y un <a href=\"http:\/\/www.ticsalut.cat\/observatori\/es_tendencies-internacionals\/\">informe de an\u00e1lisis e interpretaci\u00f3n de las tendencias internacionales<\/a> que est\u00e1n modificando los modelos tradicionales de la sanidad, tanto desde un enfoque tecnol\u00f3gico como desde la perspectiva de cambios organizativos e individuales.<\/p>\n<h1>A tener en cuenta:<\/h1>\n<ul>\n<li><strong>Hay que formalizar la inscripci\u00f3n mediante&nbsp;<a href=\"http:\/\/www.ticsalut.cat\/mapatendencies\/\">este formulario<\/a>.<\/strong><\/li>\n<li>Puede consultar el programa del acto&nbsp;<a href=\"http:\/\/www.ticsalut.cat\/media\/upload\/pdf\/\/mt_programa_2013_editora_32_24_1.pdf\">en este enlace<\/a>.<\/li>\n<li><a href=\"http:\/\/www.tecnocampus.cat\/es\/localizacion\">&iquest;C\u00f3mo se llega al Tecnocampus Matar\u00f3-Maresme?<\/a><\/li>\n<\/ul>\n","protected":false},"author":21,"featured_media":6663,"menu_order":0,"template":"","meta":{"_acf_changed":false,"inline_featured_image":false},"etiqueta":[],"tipus":[],"topic":[],"class_list":["post-1203","noticia","type-noticia","status-publish","has-post-thumbnail","hentry"],"acf":{"imatge":6663,"autor":"Adri\u00e0 G.Font"},"yoast_head":"<!-- This site is optimized with the Yoast SEO plugin v27.1.1 - https:\/\/yoast.com\/product\/yoast-seo-wordpress\/ -->\n<title>La Fundaci\u00f3n TicSalut les invita al acto de presentaci\u00f3n del Mapa de Tendencias 2013 este pr\u00f3ximo 20 de diciembre - Fundaci\u00f3 TIC Salut i Social<\/title>\n<meta name=\"robots\" content=\"index, follow, max-snippet:-1, max-image-preview:large, max-video-preview:-1\" \/>\n<link rel=\"canonical\" href=\"https:\/\/ticsalutsocial.atoom.space\/es\/noticia\/la-fundacion-ticsalut-les-invita-al-acto-de-presentacion-del-mapa-de-tendencias-2013-este-proximo-20-de-diciembre\/\" \/>\n<meta property=\"og:locale\" content=\"es_ES\" \/>\n<meta property=\"og:type\" content=\"article\" \/>\n<meta property=\"og:title\" content=\"La Fundaci\u00f3n TicSalut les invita al acto de presentaci\u00f3n del Mapa de Tendencias 2013 este pr\u00f3ximo 20 de diciembre - Fundaci\u00f3 TIC Salut i Social\" \/>\n<meta property=\"og:description\" content=\"Durante este acto se dar\u00e1n a conocer los resultados de la Encuesta TIC y Salud 2013 en el \u00e1mbito de los centros de salud de Catalunya, que este a\u00f1o ha conseguido el 100% de respuesta, y se presentar\u00e1n las cinco principales tendencias internacionales en la aplicaci\u00f3n de las TIC en salud. Por otro lado, se [&hellip;]\" \/>\n<meta property=\"og:url\" content=\"https:\/\/ticsalutsocial.atoom.space\/es\/noticia\/la-fundacion-ticsalut-les-invita-al-acto-de-presentacion-del-mapa-de-tendencias-2013-este-proximo-20-de-diciembre\/\" \/>\n<meta property=\"og:site_name\" content=\"Fundaci\u00f3 TIC Salut i Social\" \/>\n<meta property=\"article:modified_time\" content=\"2021-07-21T13:25:16+00:00\" \/>\n<meta property=\"og:image\" content=\"https:\/\/ticsalutsocial.atoom.space\/wp-content\/uploads\/2013\/12\/mapatendencies1_centre_79_32.png\" \/>\n\t<meta property=\"og:image:width\" content=\"600\" \/>\n\t<meta property=\"og:image:height\" content=\"200\" \/>\n\t<meta property=\"og:image:type\" content=\"image\/png\" \/>\n<meta name=\"twitter:card\" content=\"summary_large_image\" \/>\n<meta name=\"twitter:label1\" content=\"Tiempo de lectura\" \/>\n\t<meta name=\"twitter:data1\" content=\"2 minutos\" \/>\n<script type=\"application\/ld+json\" class=\"yoast-schema-graph\">{\"@context\":\"https:\/\/schema.org\",\"@graph\":[{\"@type\":\"WebPage\",\"@id\":\"https:\/\/ticsalutsocial.atoom.space\/es\/noticia\/la-fundacion-ticsalut-les-invita-al-acto-de-presentacion-del-mapa-de-tendencias-2013-este-proximo-20-de-diciembre\/\",\"url\":\"https:\/\/ticsalutsocial.atoom.space\/es\/noticia\/la-fundacion-ticsalut-les-invita-al-acto-de-presentacion-del-mapa-de-tendencias-2013-este-proximo-20-de-diciembre\/\",\"name\":\"La Fundaci\u00f3n TicSalut les invita al acto de presentaci\u00f3n del Mapa de Tendencias 2013 este pr\u00f3ximo 20 de diciembre - Fundaci\u00f3 TIC Salut i Social\",\"isPartOf\":{\"@id\":\"https:\/\/ticsalutsocial.atoom.space\/es\/#website\"},\"primaryImageOfPage\":{\"@id\":\"https:\/\/ticsalutsocial.atoom.space\/es\/noticia\/la-fundacion-ticsalut-les-invita-al-acto-de-presentacion-del-mapa-de-tendencias-2013-este-proximo-20-de-diciembre\/#primaryimage\"},\"image\":{\"@id\":\"https:\/\/ticsalutsocial.atoom.space\/es\/noticia\/la-fundacion-ticsalut-les-invita-al-acto-de-presentacion-del-mapa-de-tendencias-2013-este-proximo-20-de-diciembre\/#primaryimage\"},\"thumbnailUrl\":\"https:\/\/ticsalutsocial.atoom.space\/wp-content\/uploads\/2013\/12\/mapatendencies1_centre_79_32.png\",\"datePublished\":\"2013-12-10T17:48:12+00:00\",\"dateModified\":\"2021-07-21T13:25:16+00:00\",\"breadcrumb\":{\"@id\":\"https:\/\/ticsalutsocial.atoom.space\/es\/noticia\/la-fundacion-ticsalut-les-invita-al-acto-de-presentacion-del-mapa-de-tendencias-2013-este-proximo-20-de-diciembre\/#breadcrumb\"},\"inLanguage\":\"es\",\"potentialAction\":[{\"@type\":\"ReadAction\",\"target\":[\"https:\/\/ticsalutsocial.atoom.space\/es\/noticia\/la-fundacion-ticsalut-les-invita-al-acto-de-presentacion-del-mapa-de-tendencias-2013-este-proximo-20-de-diciembre\/\"]}]},{\"@type\":\"ImageObject\",\"inLanguage\":\"es\",\"@id\":\"https:\/\/ticsalutsocial.atoom.space\/es\/noticia\/la-fundacion-ticsalut-les-invita-al-acto-de-presentacion-del-mapa-de-tendencias-2013-este-proximo-20-de-diciembre\/#primaryimage\",\"url\":\"https:\/\/ticsalutsocial.atoom.space\/wp-content\/uploads\/2013\/12\/mapatendencies1_centre_79_32.png\",\"contentUrl\":\"https:\/\/ticsalutsocial.atoom.space\/wp-content\/uploads\/2013\/12\/mapatendencies1_centre_79_32.png\",\"width\":600,\"height\":200},{\"@type\":\"BreadcrumbList\",\"@id\":\"https:\/\/ticsalutsocial.atoom.space\/es\/noticia\/la-fundacion-ticsalut-les-invita-al-acto-de-presentacion-del-mapa-de-tendencias-2013-este-proximo-20-de-diciembre\/#breadcrumb\",\"itemListElement\":[{\"@type\":\"ListItem\",\"position\":1,\"name\":\"Inici\",\"item\":\"https:\/\/ticsalutsocial.atoom.space\/es\/\"},{\"@type\":\"ListItem\",\"position\":2,\"name\":\"La Fundaci\u00f3n TicSalut les invita al acto de presentaci\u00f3n del Mapa de Tendencias 2013 este pr\u00f3ximo 20 de diciembre\"}]},{\"@type\":\"WebSite\",\"@id\":\"https:\/\/ticsalutsocial.atoom.space\/es\/#website\",\"url\":\"https:\/\/ticsalutsocial.atoom.space\/es\/\",\"name\":\"Fundaci\u00f3 TIC Salut i Social\",\"description\":\"\",\"potentialAction\":[{\"@type\":\"SearchAction\",\"target\":{\"@type\":\"EntryPoint\",\"urlTemplate\":\"https:\/\/ticsalutsocial.atoom.space\/es\/?s={search_term_string}\"},\"query-input\":{\"@type\":\"PropertyValueSpecification\",\"valueRequired\":true,\"valueName\":\"search_term_string\"}}],\"inLanguage\":\"es\"}]}<\/script>\n<!-- \/ Yoast SEO plugin. -->","yoast_head_json":{"title":"La Fundaci\u00f3n TicSalut les invita al acto de presentaci\u00f3n del Mapa de Tendencias 2013 este pr\u00f3ximo 20 de diciembre - Fundaci\u00f3 TIC Salut i Social","robots":{"index":"index","follow":"follow","max-snippet":"max-snippet:-1","max-image-preview":"max-image-preview:large","max-video-preview":"max-video-preview:-1"},"canonical":"https:\/\/ticsalutsocial.atoom.space\/es\/noticia\/la-fundacion-ticsalut-les-invita-al-acto-de-presentacion-del-mapa-de-tendencias-2013-este-proximo-20-de-diciembre\/","og_locale":"es_ES","og_type":"article","og_title":"La Fundaci\u00f3n TicSalut les invita al acto de presentaci\u00f3n del Mapa de Tendencias 2013 este pr\u00f3ximo 20 de diciembre - Fundaci\u00f3 TIC Salut i Social","og_description":"Durante este acto se dar\u00e1n a conocer los resultados de la Encuesta TIC y Salud 2013 en el \u00e1mbito de los centros de salud de Catalunya, que este a\u00f1o ha conseguido el 100% de respuesta, y se presentar\u00e1n las cinco principales tendencias internacionales en la aplicaci\u00f3n de las TIC en salud. Por otro lado, se [&hellip;]","og_url":"https:\/\/ticsalutsocial.atoom.space\/es\/noticia\/la-fundacion-ticsalut-les-invita-al-acto-de-presentacion-del-mapa-de-tendencias-2013-este-proximo-20-de-diciembre\/","og_site_name":"Fundaci\u00f3 TIC Salut i Social","article_modified_time":"2021-07-21T13:25:16+00:00","og_image":[{"width":600,"height":200,"url":"https:\/\/ticsalutsocial.atoom.space\/wp-content\/uploads\/2013\/12\/mapatendencies1_centre_79_32.png","type":"image\/png"}],"twitter_card":"summary_large_image","twitter_misc":{"Tiempo de lectura":"2 minutos"},"schema":{"@context":"https:\/\/schema.org","@graph":[{"@type":"WebPage","@id":"https:\/\/ticsalutsocial.atoom.space\/es\/noticia\/la-fundacion-ticsalut-les-invita-al-acto-de-presentacion-del-mapa-de-tendencias-2013-este-proximo-20-de-diciembre\/","url":"https:\/\/ticsalutsocial.atoom.space\/es\/noticia\/la-fundacion-ticsalut-les-invita-al-acto-de-presentacion-del-mapa-de-tendencias-2013-este-proximo-20-de-diciembre\/","name":"La Fundaci\u00f3n TicSalut les invita al acto de presentaci\u00f3n del Mapa de Tendencias 2013 este pr\u00f3ximo 20 de diciembre - Fundaci\u00f3 TIC Salut i Social","isPartOf":{"@id":"https:\/\/ticsalutsocial.atoom.space\/es\/#website"},"primaryImageOfPage":{"@id":"https:\/\/ticsalutsocial.atoom.space\/es\/noticia\/la-fundacion-ticsalut-les-invita-al-acto-de-presentacion-del-mapa-de-tendencias-2013-este-proximo-20-de-diciembre\/#primaryimage"},"image":{"@id":"https:\/\/ticsalutsocial.atoom.space\/es\/noticia\/la-fundacion-ticsalut-les-invita-al-acto-de-presentacion-del-mapa-de-tendencias-2013-este-proximo-20-de-diciembre\/#primaryimage"},"thumbnailUrl":"https:\/\/ticsalutsocial.atoom.space\/wp-content\/uploads\/2013\/12\/mapatendencies1_centre_79_32.png","datePublished":"2013-12-10T17:48:12+00:00","dateModified":"2021-07-21T13:25:16+00:00","breadcrumb":{"@id":"https:\/\/ticsalutsocial.atoom.space\/es\/noticia\/la-fundacion-ticsalut-les-invita-al-acto-de-presentacion-del-mapa-de-tendencias-2013-este-proximo-20-de-diciembre\/#breadcrumb"},"inLanguage":"es","potentialAction":[{"@type":"ReadAction","target":["https:\/\/ticsalutsocial.atoom.space\/es\/noticia\/la-fundacion-ticsalut-les-invita-al-acto-de-presentacion-del-mapa-de-tendencias-2013-este-proximo-20-de-diciembre\/"]}]},{"@type":"ImageObject","inLanguage":"es","@id":"https:\/\/ticsalutsocial.atoom.space\/es\/noticia\/la-fundacion-ticsalut-les-invita-al-acto-de-presentacion-del-mapa-de-tendencias-2013-este-proximo-20-de-diciembre\/#primaryimage","url":"https:\/\/ticsalutsocial.atoom.space\/wp-content\/uploads\/2013\/12\/mapatendencies1_centre_79_32.png","contentUrl":"https:\/\/ticsalutsocial.atoom.space\/wp-content\/uploads\/2013\/12\/mapatendencies1_centre_79_32.png","width":600,"height":200},{"@type":"BreadcrumbList","@id":"https:\/\/ticsalutsocial.atoom.space\/es\/noticia\/la-fundacion-ticsalut-les-invita-al-acto-de-presentacion-del-mapa-de-tendencias-2013-este-proximo-20-de-diciembre\/#breadcrumb","itemListElement":[{"@type":"ListItem","position":1,"name":"Inici","item":"https:\/\/ticsalutsocial.atoom.space\/es\/"},{"@type":"ListItem","position":2,"name":"La Fundaci\u00f3n TicSalut les invita al acto de presentaci\u00f3n del Mapa de Tendencias 2013 este pr\u00f3ximo 20 de diciembre"}]},{"@type":"WebSite","@id":"https:\/\/ticsalutsocial.atoom.space\/es\/#website","url":"https:\/\/ticsalutsocial.atoom.space\/es\/","name":"Fundaci\u00f3 TIC Salut i Social","description":"","potentialAction":[{"@type":"SearchAction","target":{"@type":"EntryPoint","urlTemplate":"https:\/\/ticsalutsocial.atoom.space\/es\/?s={search_term_string}"},"query-input":{"@type":"PropertyValueSpecification","valueRequired":true,"valueName":"search_term_string"}}],"inLanguage":"es"}]}},"_links":{"self":[{"href":"https:\/\/ticsalutsocial.atoom.space\/es\/wp-json\/wp\/v2\/noticia\/1203","targetHints":{"allow":["GET"]}}],"collection":[{"href":"https:\/\/ticsalutsocial.atoom.space\/es\/wp-json\/wp\/v2\/noticia"}],"about":[{"href":"https:\/\/ticsalutsocial.atoom.space\/es\/wp-json\/wp\/v2\/types\/noticia"}],"author":[{"embeddable":true,"href":"https:\/\/ticsalutsocial.atoom.space\/es\/wp-json\/wp\/v2\/users\/21"}],"wp:featuredmedia":[{"embeddable":true,"href":"https:\/\/ticsalutsocial.atoom.space\/es\/wp-json\/wp\/v2\/media\/6663"}],"wp:attachment":[{"href":"https:\/\/ticsalutsocial.atoom.space\/es\/wp-json\/wp\/v2\/media?parent=1203"}],"wp:term":[{"taxonomy":"etiqueta","embeddable":true,"href":"https:\/\/ticsalutsocial.atoom.space\/es\/wp-json\/wp\/v2\/etiqueta?post=1203"},{"taxonomy":"tipus","embeddable":true,"href":"https:\/\/ticsalutsocial.atoom.space\/es\/wp-json\/wp\/v2\/tipus?post=1203"},{"taxonomy":"topic","embeddable":true,"href":"https:\/\/ticsalutsocial.atoom.space\/es\/wp-json\/wp\/v2\/topic?post=1203"}],"curies":[{"name":"wp","href":"https:\/\/api.w.org\/{rel}","templated":true}]}}