
{"id":1213,"date":"2014-01-14T11:27:53","date_gmt":"2014-01-14T09:27:53","guid":{"rendered":"https:\/\/ticsalutsocial.atoom.space\/?post_type=noticia&#038;p=1213"},"modified":"2021-07-21T15:25:21","modified_gmt":"2021-07-21T13:25:21","slug":"el-mapa-de-tendencias-2013-diagnostica-el-buen-estado-de-salud-de-las-tic-aplicadas-a-la-sanidad-catalana","status":"publish","type":"noticia","link":"https:\/\/ticsalutsocial.atoom.space\/es\/noticia\/el-mapa-de-tendencias-2013-diagnostica-el-buen-estado-de-salud-de-las-tic-aplicadas-a-la-sanidad-catalana\/","title":{"rendered":"El Mapa de Tendencias 2013 diagnostica el buen estado de salud de las TIC aplicadas a la sanidad catalana"},"content":{"rendered":"<p>Desde el a\u00f1o 2006, la Fundaci\u00f3n TicSalut elabora anualmente el Mapa de Tendencias, por encargo del Departament de Salut. Este estudio se organiza en tres partes:<\/p>\n<ul>\n<li><a href=\"http:\/\/www.ticsalut.cat\/actualitat\/es_flashticsalut\/article\/41\/un-70-de-los-hospitales-y-centros-de-primaria-utilizan-herramientas-tic-moviles-segun-la-encuesta-tic-y-salud-2013\"><strong>La&nbsp;<\/strong><\/a><strong><a href=\"http:\/\/www.ticsalut.cat\/actualitat\/es_flashticsalut\/article\/41\/un-70-de-los-hospitales-y-centros-de-primaria-utilizan-herramientas-tic-moviles-segun-la-encuesta-tic-y-salud-2013\">Encuesta TIC y salud<\/a><\/strong>, que incluye datos sobre la implantaci\u00f3n y el uso de las TIC en el sistema p\u00fablico de salud catal\u00e1n (SISCAT), y que ha contado por segundo a\u00f1o consecutivo con una participaci\u00f3n del 100% de las entidades proveedoras de salud catalanas.<\/li>\n<li><a href=\"http:\/\/www.ticsalut.cat\/actualitat\/es_flashticsalut\/article\/42\/cinco-tendencias-internacionales-en-tic-y-salud-que-se-centran-en-el-paciente-y-en-los-datos\"><strong>El Informe de Tendencias Internacionales<\/strong><\/a>, que resume en cinco conceptos claves las iniciativas mundiales en el \u00e1mbito de la salud que Catalu\u00f1a observa con el fin de adaptarlas al territorio.<\/li>\n<li><a href=\"http:\/\/www.ticsalut.cat\/actualitat\/es_flashticsalut\/article\/43\/la-formula-de-la-telesalud-contenido-contexto-implementacion\"><strong>El Estudio Monogr\u00e1fico<\/strong><\/a>, que en 2013 se ha dedicado a los modelos asistenciales no presenciales, elaborado por la <a href=\"http:\/\/www.fadq.org\/\">Fundaci\u00f3n Avedis Donabedian &#8211; UAB<\/a> e impulsado por la Fundaci\u00f3n TicSalut.<\/li>\n<\/ul>\n<p>Durante el Mapa de Tendencias 2013, se han puesto de manifiesto los objetivos clave de la Fundaci\u00f3n TicSalut para este 2014, alineados con la estrategia del <a href=\"http:\/\/www20.gencat.cat\/docs\/salut\/Home\/Destaquem\/Documents\/plasalut_vfinal.pdf\">Plan de Salud de Catalunya 2011-2015<\/a>, entre los que se encuentra <strong>el desarrollo del Plan Maestro de Movilidad de Salud y Social<\/strong>, con el apoyo de la <a href=\"http:\/\/mobileworldcapital.com\/\">Fundaci\u00f3n Mobile World Capital Barcelona<\/a>.<\/p>\n<p>El <strong>Secretario de Salud P\u00fablica, Antoni Mateu,<\/strong> ha expuesto cu\u00e1les son los pr\u00f3ximos pasos en mHealth en Catalunya y, m\u00e1s concretamente, ha hecho referencia al pr\u00f3ximo lanzamiento de una app sobre vacunaciones en Catalunya, coincidiendo con el Mobile World Congress de febrero, que tendr\u00e1 lugar en Barcelona:<\/p>\n<p><iframe loading=\"lazy\" allowfullscreen=\"\" frameborder=\"0\" height=\"300\" mozallowfullscreen=\"\" src=\"\/\/player.vimeo.com\/video\/83575563\" webkitallowfullscreen=\"\" width=\"550\"><\/iframe><\/p>\n<ul>\n<li><a href=\"http:\/\/www.ticsalut.cat\/media\/upload\/\/arxius\/mtendencies%202013\/amateumapatendencies%206.pdf\">Presentaci\u00f3n de Antoni Mateu en formato pdf<\/a><\/li>\n<\/ul>\n<p>\nEn 2014 la Fundaci\u00f3n TicSalut tambi\u00e9n trabajar\u00e1 en <strong>la implantaci\u00f3n de un nuevo modelo de gobernanza TIC<\/strong> basado en el consenso, la corresponsabilizaci\u00f3n y el respeto a la autonom\u00eda de gesti\u00f3n TIC de los proveedores de salud. Se desarrollar\u00e1 una plataforma de intercambio de informaci\u00f3n basada en est\u00e1ndares mundiales, que estar\u00e1 a disposici\u00f3n de todo el sector con el objetivo de facilitar la continuidad asistencial. <strong>El Gerente de Planificaci\u00f3n, Compra y Evaluaci\u00f3n de Servicios Asistenciales del Servicio Catal\u00e1n de la Salud, \u00c0lex Guarga<\/strong>, ha hablado de ello:<\/p>\n<p><iframe loading=\"lazy\" allowfullscreen=\"\" frameborder=\"0\" height=\"301\" mozallowfullscreen=\"\" src=\"\/\/player.vimeo.com\/video\/83574152\" webkitallowfullscreen=\"\" width=\"550\"><\/iframe><\/p>\n<p>&quot;La interoperabilidad nos permite trabajar con Europa y con el mundo&quot;, ha hecho \u00e9nfasis <strong>la Secretaria General de Salud, Roser Fern\u00e0ndez<\/strong>, en la importancia de la labor que realiza la Fundaci\u00f3n TicSalut. Durante su intervenci\u00f3n insisti\u00f3 en que &quot;este es un proyecto conjunto que vale la pena, sobre todo por lo que supone superar las resistencias al cambio de actitudes y de aptitudes&quot;.<\/p>\n<p><iframe loading=\"lazy\" allowfullscreen=\"\" frameborder=\"0\" height=\"301\" mozallowfullscreen=\"\" src=\"\/\/player.vimeo.com\/video\/83234527\" webkitallowfullscreen=\"\" width=\"550\"><\/iframe><\/p>\n<p>Por otra parte, otro gran tema de la jornada del Mapa de Tendencias 2013 fue<strong> la incorporaci\u00f3n del Departament de Benestar Social y Fam\u00edlia al Patronato de la Fundaci\u00f3n TicSalut.<\/strong> En palabras del Director de TicSalut y Coordinador General de las TIC, el Dr. Francesc Garc\u00eda Cuy\u00e0s, &quot;es una responsabilidad pero tambi\u00e9n una gran oportunidad&quot;.<strong> La Directora General del ICASS, Carmela Fortuny<\/strong>, expuso la idea de compartir circuitos y optimizar recursos junto con el Departament de Salut para ser m\u00e1s eficientes:<\/p>\n<p><iframe loading=\"lazy\" allowfullscreen=\"\" frameborder=\"0\" height=\"301\" mozallowfullscreen=\"\" src=\"\/\/player.vimeo.com\/video\/83301415\" webkitallowfullscreen=\"\" width=\"550\"><\/iframe><\/p>\n<ul>\n<li><a href=\"http:\/\/www.ticsalut.cat\/media\/upload\/\/arxius\/mtendencies%202013\/Carmela%20Fortuny%20Presentacio%20Mapa%20Tendencies%20TicSalut%202013_PIV.pdf\">Presentaci\u00f3n de Carmela Fortuny en formato pdf<\/a><\/li>\n<\/ul>\n<p>En esta l\u00ednea de trabajo, <strong>el Director del Programa de Prevenci\u00f3n y Atenci\u00f3n a la Cronicidad (PAC) de Catalunya, Albert Ledesma<\/strong>, ha hecho hincapi\u00e9 en la prioridad de promover la implicaci\u00f3n de las personas en el cuidado de su salud a trav\u00e9s de las TIC, como la Historia Cl\u00ednica Compartida Sanitaria y Social:<\/p>\n<p><iframe loading=\"lazy\" allowfullscreen=\"\" frameborder=\"0\" height=\"301\" mozallowfullscreen=\"\" src=\"\/\/player.vimeo.com\/video\/83573013\" webkitallowfullscreen=\"\" width=\"550\"><\/iframe><\/p>\n<ul>\n<li><a href=\"http:\/\/www.ticsalut.cat\/media\/upload\/\/arxius\/mtendencies%202013\/Albert%20Ledesma.pdf\">Presentaci\u00f3n de Albert Ledesma en pdf<\/a><\/li>\n<\/ul>\n<p>Adem\u00e1s, este ser\u00e1 tambi\u00e9n un a\u00f1o en que se trabajar\u00e1 para dar valor a la informaci\u00f3n que genera el sistema sanitario para obtener un retorno para la ciudadan\u00eda. El <strong>Director del AQuAS, Josep M. Argimon<\/strong>, lo ha explicado en su ponencia:<\/p>\n<p><iframe loading=\"lazy\" allowfullscreen=\"\" frameborder=\"0\" height=\"301\" mozallowfullscreen=\"\" src=\"\/\/player.vimeo.com\/video\/83574156\" webkitallowfullscreen=\"\" width=\"550\"><\/iframe><\/p>\n<ul>\n<li><a href=\"http:\/\/www.ticsalut.cat\/media\/upload\/\/arxius\/mtendencies%202013\/Josep%20M%20Argimon%20Presentacio%20mapa%20de%20tendencies%202013.pdf\">Presentaci\u00f3n de Josep M. Argimon en formato pdf<\/a><\/li>\n<\/ul>\n<p>En \u00faltima instancia, <strong>la Fundaci\u00f3n TicSalut reiter\u00f3 su compromiso de continuar trabajando junto con <a href=\"http:\/\/www.tecnocampus.cat\/\">el TecnoCampus Matar\u00f3-Maresme<\/a><\/strong> para crear un Cl\u00faster TIC y salud de empresas del sector en el emplazamiento. El <strong>Presidente de la Fundaci\u00f3n TecnoCampus y Concejal de Promoci\u00f3n Econ\u00f3mica e Innovaci\u00f3n del Ayuntamiento de Matar\u00f3, Miquel Rey<\/strong>, ha insistido en la voluntad de colaboraci\u00f3n, tanto del parque como del consistorio, a fin de crear, potenciar y retener el talento y la innovaci\u00f3n en la ciudad:<\/p>\n<p>&nbsp;<\/p>\n<p><iframe loading=\"lazy\" allowfullscreen=\"\" frameborder=\"0\" height=\"301\" mozallowfullscreen=\"\" src=\"\/\/player.vimeo.com\/video\/83234526\" webkitallowfullscreen=\"\" width=\"550\"><\/iframe><\/p>\n","protected":false},"author":21,"featured_media":6669,"menu_order":0,"template":"","meta":{"_acf_changed":false,"inline_featured_image":false},"etiqueta":[],"tipus":[],"topic":[],"class_list":["post-1213","noticia","type-noticia","status-publish","has-post-thumbnail","hentry"],"acf":{"imatge":6669,"autor":"Adri\u00e0 G.Font"},"yoast_head":"<!-- This site is optimized with the Yoast SEO plugin v27.1.1 - https:\/\/yoast.com\/product\/yoast-seo-wordpress\/ -->\n<title>El Mapa de Tendencias 2013 diagnostica el buen estado de salud de las TIC aplicadas a la sanidad catalana - Fundaci\u00f3 TIC Salut i Social<\/title>\n<meta name=\"robots\" content=\"index, follow, max-snippet:-1, max-image-preview:large, max-video-preview:-1\" \/>\n<link rel=\"canonical\" href=\"https:\/\/ticsalutsocial.atoom.space\/es\/noticia\/el-mapa-de-tendencias-2013-diagnostica-el-buen-estado-de-salud-de-las-tic-aplicadas-a-la-sanidad-catalana\/\" \/>\n<meta property=\"og:locale\" content=\"es_ES\" \/>\n<meta property=\"og:type\" content=\"article\" \/>\n<meta property=\"og:title\" content=\"El Mapa de Tendencias 2013 diagnostica el buen estado de salud de las TIC aplicadas a la sanidad catalana - Fundaci\u00f3 TIC Salut i Social\" \/>\n<meta property=\"og:description\" content=\"Desde el a\u00f1o 2006, la Fundaci\u00f3n TicSalut elabora anualmente el Mapa de Tendencias, por encargo del Departament de Salut. Este estudio se organiza en tres partes: La&nbsp;Encuesta TIC y salud, que incluye datos sobre la implantaci\u00f3n y el uso de las TIC en el sistema p\u00fablico de salud catal\u00e1n (SISCAT), y que ha contado por [&hellip;]\" \/>\n<meta property=\"og:url\" content=\"https:\/\/ticsalutsocial.atoom.space\/es\/noticia\/el-mapa-de-tendencias-2013-diagnostica-el-buen-estado-de-salud-de-las-tic-aplicadas-a-la-sanidad-catalana\/\" \/>\n<meta property=\"og:site_name\" content=\"Fundaci\u00f3 TIC Salut i Social\" \/>\n<meta property=\"article:modified_time\" content=\"2021-07-21T13:25:21+00:00\" \/>\n<meta property=\"og:image\" content=\"https:\/\/ticsalutsocial.atoom.space\/wp-content\/uploads\/2014\/01\/mapa_centre_79_40.png\" \/>\n\t<meta property=\"og:image:width\" content=\"951\" \/>\n\t<meta property=\"og:image:height\" content=\"317\" \/>\n\t<meta property=\"og:image:type\" content=\"image\/png\" \/>\n<meta name=\"twitter:card\" content=\"summary_large_image\" \/>\n<meta name=\"twitter:label1\" content=\"Tiempo de lectura\" \/>\n\t<meta name=\"twitter:data1\" content=\"4 minutos\" \/>\n<script type=\"application\/ld+json\" class=\"yoast-schema-graph\">{\"@context\":\"https:\/\/schema.org\",\"@graph\":[{\"@type\":\"WebPage\",\"@id\":\"https:\/\/ticsalutsocial.atoom.space\/es\/noticia\/el-mapa-de-tendencias-2013-diagnostica-el-buen-estado-de-salud-de-las-tic-aplicadas-a-la-sanidad-catalana\/\",\"url\":\"https:\/\/ticsalutsocial.atoom.space\/es\/noticia\/el-mapa-de-tendencias-2013-diagnostica-el-buen-estado-de-salud-de-las-tic-aplicadas-a-la-sanidad-catalana\/\",\"name\":\"El Mapa de Tendencias 2013 diagnostica el buen estado de salud de las TIC aplicadas a la sanidad catalana - Fundaci\u00f3 TIC Salut i Social\",\"isPartOf\":{\"@id\":\"https:\/\/ticsalutsocial.atoom.space\/es\/#website\"},\"primaryImageOfPage\":{\"@id\":\"https:\/\/ticsalutsocial.atoom.space\/es\/noticia\/el-mapa-de-tendencias-2013-diagnostica-el-buen-estado-de-salud-de-las-tic-aplicadas-a-la-sanidad-catalana\/#primaryimage\"},\"image\":{\"@id\":\"https:\/\/ticsalutsocial.atoom.space\/es\/noticia\/el-mapa-de-tendencias-2013-diagnostica-el-buen-estado-de-salud-de-las-tic-aplicadas-a-la-sanidad-catalana\/#primaryimage\"},\"thumbnailUrl\":\"https:\/\/ticsalutsocial.atoom.space\/wp-content\/uploads\/2014\/01\/mapa_centre_79_40.png\",\"datePublished\":\"2014-01-14T09:27:53+00:00\",\"dateModified\":\"2021-07-21T13:25:21+00:00\",\"breadcrumb\":{\"@id\":\"https:\/\/ticsalutsocial.atoom.space\/es\/noticia\/el-mapa-de-tendencias-2013-diagnostica-el-buen-estado-de-salud-de-las-tic-aplicadas-a-la-sanidad-catalana\/#breadcrumb\"},\"inLanguage\":\"es\",\"potentialAction\":[{\"@type\":\"ReadAction\",\"target\":[\"https:\/\/ticsalutsocial.atoom.space\/es\/noticia\/el-mapa-de-tendencias-2013-diagnostica-el-buen-estado-de-salud-de-las-tic-aplicadas-a-la-sanidad-catalana\/\"]}]},{\"@type\":\"ImageObject\",\"inLanguage\":\"es\",\"@id\":\"https:\/\/ticsalutsocial.atoom.space\/es\/noticia\/el-mapa-de-tendencias-2013-diagnostica-el-buen-estado-de-salud-de-las-tic-aplicadas-a-la-sanidad-catalana\/#primaryimage\",\"url\":\"https:\/\/ticsalutsocial.atoom.space\/wp-content\/uploads\/2014\/01\/mapa_centre_79_40.png\",\"contentUrl\":\"https:\/\/ticsalutsocial.atoom.space\/wp-content\/uploads\/2014\/01\/mapa_centre_79_40.png\",\"width\":951,\"height\":317},{\"@type\":\"BreadcrumbList\",\"@id\":\"https:\/\/ticsalutsocial.atoom.space\/es\/noticia\/el-mapa-de-tendencias-2013-diagnostica-el-buen-estado-de-salud-de-las-tic-aplicadas-a-la-sanidad-catalana\/#breadcrumb\",\"itemListElement\":[{\"@type\":\"ListItem\",\"position\":1,\"name\":\"Inici\",\"item\":\"https:\/\/ticsalutsocial.atoom.space\/es\/\"},{\"@type\":\"ListItem\",\"position\":2,\"name\":\"El Mapa de Tendencias 2013 diagnostica el buen estado de salud de las TIC aplicadas a la sanidad catalana\"}]},{\"@type\":\"WebSite\",\"@id\":\"https:\/\/ticsalutsocial.atoom.space\/es\/#website\",\"url\":\"https:\/\/ticsalutsocial.atoom.space\/es\/\",\"name\":\"Fundaci\u00f3 TIC Salut i Social\",\"description\":\"\",\"potentialAction\":[{\"@type\":\"SearchAction\",\"target\":{\"@type\":\"EntryPoint\",\"urlTemplate\":\"https:\/\/ticsalutsocial.atoom.space\/es\/?s={search_term_string}\"},\"query-input\":{\"@type\":\"PropertyValueSpecification\",\"valueRequired\":true,\"valueName\":\"search_term_string\"}}],\"inLanguage\":\"es\"}]}<\/script>\n<!-- \/ Yoast SEO plugin. -->","yoast_head_json":{"title":"El Mapa de Tendencias 2013 diagnostica el buen estado de salud de las TIC aplicadas a la sanidad catalana - Fundaci\u00f3 TIC Salut i Social","robots":{"index":"index","follow":"follow","max-snippet":"max-snippet:-1","max-image-preview":"max-image-preview:large","max-video-preview":"max-video-preview:-1"},"canonical":"https:\/\/ticsalutsocial.atoom.space\/es\/noticia\/el-mapa-de-tendencias-2013-diagnostica-el-buen-estado-de-salud-de-las-tic-aplicadas-a-la-sanidad-catalana\/","og_locale":"es_ES","og_type":"article","og_title":"El Mapa de Tendencias 2013 diagnostica el buen estado de salud de las TIC aplicadas a la sanidad catalana - Fundaci\u00f3 TIC Salut i Social","og_description":"Desde el a\u00f1o 2006, la Fundaci\u00f3n TicSalut elabora anualmente el Mapa de Tendencias, por encargo del Departament de Salut. Este estudio se organiza en tres partes: La&nbsp;Encuesta TIC y salud, que incluye datos sobre la implantaci\u00f3n y el uso de las TIC en el sistema p\u00fablico de salud catal\u00e1n (SISCAT), y que ha contado por [&hellip;]","og_url":"https:\/\/ticsalutsocial.atoom.space\/es\/noticia\/el-mapa-de-tendencias-2013-diagnostica-el-buen-estado-de-salud-de-las-tic-aplicadas-a-la-sanidad-catalana\/","og_site_name":"Fundaci\u00f3 TIC Salut i Social","article_modified_time":"2021-07-21T13:25:21+00:00","og_image":[{"width":951,"height":317,"url":"https:\/\/ticsalutsocial.atoom.space\/wp-content\/uploads\/2014\/01\/mapa_centre_79_40.png","type":"image\/png"}],"twitter_card":"summary_large_image","twitter_misc":{"Tiempo de lectura":"4 minutos"},"schema":{"@context":"https:\/\/schema.org","@graph":[{"@type":"WebPage","@id":"https:\/\/ticsalutsocial.atoom.space\/es\/noticia\/el-mapa-de-tendencias-2013-diagnostica-el-buen-estado-de-salud-de-las-tic-aplicadas-a-la-sanidad-catalana\/","url":"https:\/\/ticsalutsocial.atoom.space\/es\/noticia\/el-mapa-de-tendencias-2013-diagnostica-el-buen-estado-de-salud-de-las-tic-aplicadas-a-la-sanidad-catalana\/","name":"El Mapa de Tendencias 2013 diagnostica el buen estado de salud de las TIC aplicadas a la sanidad catalana - Fundaci\u00f3 TIC Salut i Social","isPartOf":{"@id":"https:\/\/ticsalutsocial.atoom.space\/es\/#website"},"primaryImageOfPage":{"@id":"https:\/\/ticsalutsocial.atoom.space\/es\/noticia\/el-mapa-de-tendencias-2013-diagnostica-el-buen-estado-de-salud-de-las-tic-aplicadas-a-la-sanidad-catalana\/#primaryimage"},"image":{"@id":"https:\/\/ticsalutsocial.atoom.space\/es\/noticia\/el-mapa-de-tendencias-2013-diagnostica-el-buen-estado-de-salud-de-las-tic-aplicadas-a-la-sanidad-catalana\/#primaryimage"},"thumbnailUrl":"https:\/\/ticsalutsocial.atoom.space\/wp-content\/uploads\/2014\/01\/mapa_centre_79_40.png","datePublished":"2014-01-14T09:27:53+00:00","dateModified":"2021-07-21T13:25:21+00:00","breadcrumb":{"@id":"https:\/\/ticsalutsocial.atoom.space\/es\/noticia\/el-mapa-de-tendencias-2013-diagnostica-el-buen-estado-de-salud-de-las-tic-aplicadas-a-la-sanidad-catalana\/#breadcrumb"},"inLanguage":"es","potentialAction":[{"@type":"ReadAction","target":["https:\/\/ticsalutsocial.atoom.space\/es\/noticia\/el-mapa-de-tendencias-2013-diagnostica-el-buen-estado-de-salud-de-las-tic-aplicadas-a-la-sanidad-catalana\/"]}]},{"@type":"ImageObject","inLanguage":"es","@id":"https:\/\/ticsalutsocial.atoom.space\/es\/noticia\/el-mapa-de-tendencias-2013-diagnostica-el-buen-estado-de-salud-de-las-tic-aplicadas-a-la-sanidad-catalana\/#primaryimage","url":"https:\/\/ticsalutsocial.atoom.space\/wp-content\/uploads\/2014\/01\/mapa_centre_79_40.png","contentUrl":"https:\/\/ticsalutsocial.atoom.space\/wp-content\/uploads\/2014\/01\/mapa_centre_79_40.png","width":951,"height":317},{"@type":"BreadcrumbList","@id":"https:\/\/ticsalutsocial.atoom.space\/es\/noticia\/el-mapa-de-tendencias-2013-diagnostica-el-buen-estado-de-salud-de-las-tic-aplicadas-a-la-sanidad-catalana\/#breadcrumb","itemListElement":[{"@type":"ListItem","position":1,"name":"Inici","item":"https:\/\/ticsalutsocial.atoom.space\/es\/"},{"@type":"ListItem","position":2,"name":"El Mapa de Tendencias 2013 diagnostica el buen estado de salud de las TIC aplicadas a la sanidad catalana"}]},{"@type":"WebSite","@id":"https:\/\/ticsalutsocial.atoom.space\/es\/#website","url":"https:\/\/ticsalutsocial.atoom.space\/es\/","name":"Fundaci\u00f3 TIC Salut i Social","description":"","potentialAction":[{"@type":"SearchAction","target":{"@type":"EntryPoint","urlTemplate":"https:\/\/ticsalutsocial.atoom.space\/es\/?s={search_term_string}"},"query-input":{"@type":"PropertyValueSpecification","valueRequired":true,"valueName":"search_term_string"}}],"inLanguage":"es"}]}},"_links":{"self":[{"href":"https:\/\/ticsalutsocial.atoom.space\/es\/wp-json\/wp\/v2\/noticia\/1213","targetHints":{"allow":["GET"]}}],"collection":[{"href":"https:\/\/ticsalutsocial.atoom.space\/es\/wp-json\/wp\/v2\/noticia"}],"about":[{"href":"https:\/\/ticsalutsocial.atoom.space\/es\/wp-json\/wp\/v2\/types\/noticia"}],"author":[{"embeddable":true,"href":"https:\/\/ticsalutsocial.atoom.space\/es\/wp-json\/wp\/v2\/users\/21"}],"wp:featuredmedia":[{"embeddable":true,"href":"https:\/\/ticsalutsocial.atoom.space\/es\/wp-json\/wp\/v2\/media\/6669"}],"wp:attachment":[{"href":"https:\/\/ticsalutsocial.atoom.space\/es\/wp-json\/wp\/v2\/media?parent=1213"}],"wp:term":[{"taxonomy":"etiqueta","embeddable":true,"href":"https:\/\/ticsalutsocial.atoom.space\/es\/wp-json\/wp\/v2\/etiqueta?post=1213"},{"taxonomy":"tipus","embeddable":true,"href":"https:\/\/ticsalutsocial.atoom.space\/es\/wp-json\/wp\/v2\/tipus?post=1213"},{"taxonomy":"topic","embeddable":true,"href":"https:\/\/ticsalutsocial.atoom.space\/es\/wp-json\/wp\/v2\/topic?post=1213"}],"curies":[{"name":"wp","href":"https:\/\/api.w.org\/{rel}","templated":true}]}}