
{"id":1228,"date":"2014-01-14T12:35:39","date_gmt":"2014-01-14T10:35:39","guid":{"rendered":"https:\/\/ticsalutsocial.atoom.space\/?post_type=noticia&#038;p=1228"},"modified":"2021-07-21T15:25:29","modified_gmt":"2021-07-21T13:25:29","slug":"cinco-tendencias-internacionales-en-tic-y-salud-que-se-centran-en-el-paciente-y-en-los-datos","status":"publish","type":"noticia","link":"https:\/\/ticsalutsocial.atoom.space\/es\/noticia\/cinco-tendencias-internacionales-en-tic-y-salud-que-se-centran-en-el-paciente-y-en-los-datos\/","title":{"rendered":"Cinco tendencias internacionales en TIC y salud que se centran en el paciente y en los datos"},"content":{"rendered":"<p>Adem\u00e1s de estudiar el estado de la cuesti\u00f3n de las TIC en salud de Catalunya, la Fundaci\u00f3n TicSalut funciona como observatorio de las principales palancas de cambio de los modelos tradicionales de la sanidad en todo el mundo, con el objetivo de poderlas incorporar en la estrategia del Plan de Salud. En esta edici\u00f3n se han identificado cinco tendencias que tienen que ver con la revoluci\u00f3n de los datos y los nuevos modelos asistenciales centrados en el paciente. La Fundaci\u00f3n TicSalut ha contado este a\u00f1o con la colaboraci\u00f3n de cinco expertos: Jaume Ravent\u00f3s (Telef\u00f3nica), Javier Olaizola (IBM), Josep Palet (Deloitte), Vicente Yeves (Itteria) y Miguel \u00c1ngel Montero (Inform\u00e1tica El Corte Ingl\u00e9s).<\/p>\n<h2>1. LA PRESCRIPCI\u00d3N TECNOL\u00d3GICA<\/h2>\n<p>&quot;Con el uso de los servicios de Gesti\u00f3n Remota de Pacientes estamos abriendo un nuevo canal de relaci\u00f3n paciente\/profesional, como ya ha ocurrido otras veces en la relaci\u00f3n asistencial&quot;, ha explicado <strong>Jaume Ravent\u00f3s, director de eHealth de <a href=\"http:\/\/info.telefonica.es\/es\/home\/\">Telef\u00f3nica Espa\u00f1a<\/a><\/strong>.<\/p>\n<p><iframe loading=\"lazy\" allowfullscreen=\"\" frameborder=\"0\" height=\"301\" mozallowfullscreen=\"\" src=\"\/\/player.vimeo.com\/video\/83422313\" webkitallowfullscreen=\"\" width=\"550\"><\/iframe><\/p>\n<p>Este tipo de servicio tiene como objetivo mejorar los resultados cl\u00ednicos y al mismo tiempo buscar la sostenibilidad del sistema sanitario, bas\u00e1ndose en el seguimiento del paciente en todo momento en su entorno natural, ya sea en el domicilio o en cualquier otro lugar. Sin embargo, &quot;hay que introducir en las tareas asistenciales el concepto de &#39;prescripci\u00f3n tecnol\u00f3gica&#39;, es decir, en funci\u00f3n del tipo de paciente se deber\u00e1 usar una soluci\u00f3n TIC u otra&quot;, ha expuesto Ravent\u00f3s.<\/p>\n<ul>\n<li><a href=\"http:\/\/www.ticsalut.cat\/media\/upload\/\/arxius\/mtendencies%202013\/Jaume%20Raventos%20Mapa%20deTendencias%20Internacionales%20Cronicos%2020131210-jaume%20raventos.pdf\">Presentaci\u00f3n del Sr. Jaume Ravent\u00f3s [formato pdf]<\/a><\/li>\n<\/ul>\n<h2>2. COMUNICACI\u00d3N ABIERTA LOW COST EN LOS ENTORNOS SANITARIOS<\/h2>\n<p>&quot;En 1998 la OMS ya se refer\u00eda a la comunicaci\u00f3n en salud como una estrat\u00e9gica clave y el NHS brit\u00e1nico ha demostrado que tiene una visi\u00f3n hol\u00edstica de conjunto acerca de ello&quot;, ha apuntado <strong>el director de Sanidad y Servicios Sociales de <a href=\"http:\/\/www.iecisa.com\/web\/es;jsessionid=ACCBC4122EA54576E4CC0C76D0356275\">Inform\u00e1tica El Corte Ingl\u00e9s<\/a><\/strong>. Seg\u00fan <strong>Miguel \u00c1ngel Montero<\/strong>, &quot;hay que replantearse como se est\u00e1 comunicando en sanidad&quot; y no s\u00f3lo en cuanto a las notificaciones cl\u00ednicas, sino en temas como la concienciaci\u00f3n de h\u00e1bitos saludables, las campa\u00f1as de salud p\u00fablica y la comunicaci\u00f3n de crisis sanitaria.<\/p>\n<p><iframe loading=\"lazy\" allowfullscreen=\"\" frameborder=\"0\" height=\"301\" mozallowfullscreen=\"\" src=\"\/\/player.vimeo.com\/video\/83422312\" webkitallowfullscreen=\"\" width=\"550\"><\/iframe><\/p>\n<p>En el escenario actual, en el que se cuestiona la viabilidad de los servicios sanitarios p\u00fablicos, los mecanismos de comunicaci\u00f3n tradicionales (prensa, televisi\u00f3n, radio) resultan caros. Adem\u00e1s, la ciudadan\u00eda se ha acostumbrado a la inmediatez de respuesta y hay que adaptar la comunicaci\u00f3n a la nueva realidad. Se debe apostar por el social media y el open government y, en este camino, resultar\u00e1 esencial la escucha activa y el Business Intelligence. &quot;Ahora ya disponemos de las herramientas, pero debemos ser m\u00e1s proactivos y transparentes&quot;, pidi\u00f3 Montero durante su presentaci\u00f3n en el Mapa de Tendencias 2013.<\/p>\n<ul>\n<li><a href=\"http:\/\/www.ticsalut.cat\/media\/upload\/\/arxius\/mtendencies%202013\/Miguel%20Angel%20Montero%20Tendencia%20comunicacion_v1%20Miguel%20Angel%20Montero%20Martinez.pdf\">Presenaci\u00f3n del Sr. Miguel \u00c1ngel Montero [formato pdf]<\/a><\/li>\n<\/ul>\n<h2>3. LA REVOLUCI\u00d3N DEL BIG DATA<\/h2>\n<p>&quot;&iquest;Qu\u00e9 hacemos con todos los datos que tenemos? &quot;, plante\u00f3 <strong>Vicente Yeves, de la tecnol\u00f3gica catalana <a href=\"http:\/\/www.itteria.cat\/\">Itteria<\/a><\/strong>, en el auditorio del TecnoCampus Matar\u00f3- Maresme. La respuesta es el big data: &quot;en el \u00e1mbito sanitario, analizar los datos nos permitir\u00e1 tomar medidas y extraer conclusiones para el tratamiento y la prevenci\u00f3n de enfermedades&quot;.<\/p>\n<p><iframe loading=\"lazy\" allowfullscreen=\"\" frameborder=\"0\" height=\"301\" mozallowfullscreen=\"\" src=\"\/\/player.vimeo.com\/video\/83301411\" webkitallowfullscreen=\"\" width=\"550\"><\/iframe><\/p>\n<p>El impacto del big data se har\u00e1 extensivo a todos los actores del sector salud. Por ahora, las herramientas tecnol\u00f3gicas para su explotaci\u00f3n ya se han democratizado. S\u00f3lo falta la voluntad pol\u00edtica de poner de acuerdo a los actores principales: las autoridades sanitarias, los proveedores de servicios y las empresas del sector.<\/p>\n<ul>\n<li><a href=\"http:\/\/www.ticsalut.cat\/media\/upload\/\/arxius\/mtendencies%202013\/Vicencs%20Yeves%20Tendencies%20Internacionals-2013-v1%20Big%20Data%20II%20Vicents%20Yeves.pdf\">Presentaci\u00f3n del Sr. Vicent Yeves [formato pdf]<\/a><\/li>\n<\/ul>\n<h2>4. NUEVOS MODELOS DE GESTI\u00d3N DE LAS TIC: COLABORACI\u00d3N P\u00daBLICO-PRIVADA<\/h2>\n<p>&quot;Creemos que nos encontramos en el momento justo para que los planteamientos de colaboraci\u00f3n p\u00fablico-privada vuelvan a ser relevantes y se deban analizar con sumo cuidado, en este caso circunscritos al \u00e1mbito de la tecnolog\u00eda&quot;, seg\u00fan <strong>Josep Palet, socio de Sector P\u00fablico en <a href=\"http:\/\/www.deloitte.com\/view\/es_ES\/es\/index.htm\">Deloitte<\/a>.<\/strong><\/p>\n<p><iframe loading=\"lazy\" allowfullscreen=\"\" frameborder=\"0\" height=\"301\" mozallowfullscreen=\"\" src=\"\/\/player.vimeo.com\/video\/83581762\" webkitallowfullscreen=\"\" width=\"550\"><\/iframe><\/p>\n<p>&quot;Este tipo de acuerdo permite compartir riesgos y responsabilidad, pero tambi\u00e9n oportunidades y conocimiento entre ambos sectores&quot;, asegur\u00f3 Palet. En el marco de la mesa redonda de tendencias internacionales se present\u00f3 el proyecto del nuevo modelo del Centro de Telecomunicaciones y Tecnolog\u00edas de la Informaci\u00f3n (CTTI) de la Generalitat de Catalunya, galardonado como mejor pr\u00e1ctica en la categor\u00eda regional de los <a href=\"http:\/\/www.epsa2013.eu\/en\/content\/show\/&amp;tid=169#.UtUhXvTuI5M\">premios EPSA 2013<\/a> del European Institute of Public Administration.<\/p>\n<ul>\n<li><a href=\"http:\/\/www.ticsalut.cat\/media\/upload\/\/arxius\/mtendencies%202013\/Josep%20Palet%20Tendencies%20Internacionals_2013_008-Palet.pdf\">Presentaci\u00f3n del Sr. Josep Palet [formato pdf]<\/a><\/li>\n<\/ul>\n<h2>5. LAS ORGANIZACIONES ACTIVADAS POR PACIENTES<\/h2>\n<p>&quot;Los responsables de los gobiernos prev\u00e9n un mayor incremento de la interacci\u00f3n social y digital, junto con una mayor apertura de la informaci\u00f3n en la sanidad en el sector p\u00fablico&quot;, asegur\u00f3 <strong>Javier Olaizola, Spain Healthcare Industry Leader de <a href=\"http:\/\/www.ibm.com\/es\/es\/\">IBM<\/a><\/strong>, refiri\u00e9ndose a un estudio elaborado por el <a href=\"http:\/\/www-935.ibm.com\/services\/us\/gbs\/thoughtleadership\/\">Institute for Business Value<\/a> de la empresa estadounidense, en el que han participado m\u00e1s de 4.000 organizaciones en todo el mundo con el objetivo de analizar tendencias para los pr\u00f3ximos cinco a\u00f1os.<\/p>\n<p><iframe loading=\"lazy\" allowfullscreen=\"\" frameborder=\"0\" height=\"301\" mozallowfullscreen=\"\" src=\"\/\/player.vimeo.com\/video\/83301410\" webkitallowfullscreen=\"\" width=\"550\"><\/iframe><\/p>\n<p>En la nueva era de la conectividad, los equipos de direcci\u00f3n est\u00e1n prepar\u00e1ndose para el futuro con la apertura a ciudadanos y pacientes, buscando ser pioneros en la innovaci\u00f3n f\u00edsico-digital, y desarrollando experiencias vinculantes con el ciudadano. &quot;Estamos a las puertas de la convergencia f\u00edsica-digital, de considerar los datos como un activo estrat\u00e9gico, de co-crear con los ciudadanos y de la revoluci\u00f3n m\u00f3vil&quot;, seg\u00fan el responsable de IBM.<\/p>\n<ul>\n<li><a href=\"http:\/\/www.ticsalut.cat\/media\/upload\/\/arxius\/mtendencies%202013\/Javier%20Olaizola%20Tendencies%20Internacionals-2013-IBMJavier%20Olaizola%20Casin.pdf\">Presentaci\u00f3n del Sr. Javier Olaizola [formato pdf]<\/a><\/li>\n<\/ul>\n<p>Para ilustrar la realidad emergente, Olaizola quiso mostrar en el auditorio del TecnoCampus un v\u00eddeo de Kaiser Permanente:<\/p>\n<p><iframe loading=\"lazy\" allowfullscreen=\"\" frameborder=\"0\" height=\"315\" src=\"\/\/www.youtube.com\/embed\/gxz9ZVvduGc\" width=\"550\"><\/iframe><\/p>\n<h2>M\u00e1s informaci\u00f3n<\/h2>\n<p>Se pueden consultar los informes de las anteriores seis ediciones del Mapa de Tendencias en <a href=\"http:\/\/www.ticsalut.cat\/observatori\/tendencies-internacionals\/\">este enlace<\/a>.<\/p>\n","protected":false},"author":21,"featured_media":6678,"menu_order":0,"template":"","meta":{"_acf_changed":false,"inline_featured_image":false},"etiqueta":[],"tipus":[],"topic":[],"class_list":["post-1228","noticia","type-noticia","status-publish","has-post-thumbnail","hentry"],"acf":{"imatge":6678,"autor":"Adri\u00e0 G.Font"},"yoast_head":"<!-- This site is optimized with the Yoast SEO plugin v27.1.1 - https:\/\/yoast.com\/product\/yoast-seo-wordpress\/ -->\n<title>Cinco tendencias internacionales en TIC y salud que se centran en el paciente y en los datos - Fundaci\u00f3 TIC Salut i Social<\/title>\n<meta name=\"robots\" content=\"index, follow, max-snippet:-1, max-image-preview:large, max-video-preview:-1\" \/>\n<link rel=\"canonical\" href=\"https:\/\/ticsalutsocial.atoom.space\/es\/noticia\/cinco-tendencias-internacionales-en-tic-y-salud-que-se-centran-en-el-paciente-y-en-los-datos\/\" \/>\n<meta property=\"og:locale\" content=\"es_ES\" \/>\n<meta property=\"og:type\" content=\"article\" \/>\n<meta property=\"og:title\" content=\"Cinco tendencias internacionales en TIC y salud que se centran en el paciente y en los datos - Fundaci\u00f3 TIC Salut i Social\" \/>\n<meta property=\"og:description\" content=\"Adem\u00e1s de estudiar el estado de la cuesti\u00f3n de las TIC en salud de Catalunya, la Fundaci\u00f3n TicSalut funciona como observatorio de las principales palancas de cambio de los modelos tradicionales de la sanidad en todo el mundo, con el objetivo de poderlas incorporar en la estrategia del Plan de Salud. En esta edici\u00f3n se [&hellip;]\" \/>\n<meta property=\"og:url\" content=\"https:\/\/ticsalutsocial.atoom.space\/es\/noticia\/cinco-tendencias-internacionales-en-tic-y-salud-que-se-centran-en-el-paciente-y-en-los-datos\/\" \/>\n<meta property=\"og:site_name\" content=\"Fundaci\u00f3 TIC Salut i Social\" \/>\n<meta property=\"article:modified_time\" content=\"2021-07-21T13:25:29+00:00\" \/>\n<meta property=\"og:image\" content=\"https:\/\/ticsalutsocial.atoom.space\/wp-content\/uploads\/2014\/01\/tendenciesint_centre_79_42.jpg\" \/>\n\t<meta property=\"og:image:width\" content=\"300\" \/>\n\t<meta property=\"og:image:height\" content=\"200\" \/>\n\t<meta property=\"og:image:type\" content=\"image\/jpeg\" \/>\n<meta name=\"twitter:card\" content=\"summary_large_image\" \/>\n<meta name=\"twitter:label1\" content=\"Tiempo de lectura\" \/>\n\t<meta name=\"twitter:data1\" content=\"5 minutos\" \/>\n<script type=\"application\/ld+json\" class=\"yoast-schema-graph\">{\"@context\":\"https:\/\/schema.org\",\"@graph\":[{\"@type\":\"WebPage\",\"@id\":\"https:\/\/ticsalutsocial.atoom.space\/es\/noticia\/cinco-tendencias-internacionales-en-tic-y-salud-que-se-centran-en-el-paciente-y-en-los-datos\/\",\"url\":\"https:\/\/ticsalutsocial.atoom.space\/es\/noticia\/cinco-tendencias-internacionales-en-tic-y-salud-que-se-centran-en-el-paciente-y-en-los-datos\/\",\"name\":\"Cinco tendencias internacionales en TIC y salud que se centran en el paciente y en los datos - Fundaci\u00f3 TIC Salut i Social\",\"isPartOf\":{\"@id\":\"https:\/\/ticsalutsocial.atoom.space\/es\/#website\"},\"primaryImageOfPage\":{\"@id\":\"https:\/\/ticsalutsocial.atoom.space\/es\/noticia\/cinco-tendencias-internacionales-en-tic-y-salud-que-se-centran-en-el-paciente-y-en-los-datos\/#primaryimage\"},\"image\":{\"@id\":\"https:\/\/ticsalutsocial.atoom.space\/es\/noticia\/cinco-tendencias-internacionales-en-tic-y-salud-que-se-centran-en-el-paciente-y-en-los-datos\/#primaryimage\"},\"thumbnailUrl\":\"https:\/\/ticsalutsocial.atoom.space\/wp-content\/uploads\/2014\/01\/tendenciesint_centre_79_42.jpg\",\"datePublished\":\"2014-01-14T10:35:39+00:00\",\"dateModified\":\"2021-07-21T13:25:29+00:00\",\"breadcrumb\":{\"@id\":\"https:\/\/ticsalutsocial.atoom.space\/es\/noticia\/cinco-tendencias-internacionales-en-tic-y-salud-que-se-centran-en-el-paciente-y-en-los-datos\/#breadcrumb\"},\"inLanguage\":\"es\",\"potentialAction\":[{\"@type\":\"ReadAction\",\"target\":[\"https:\/\/ticsalutsocial.atoom.space\/es\/noticia\/cinco-tendencias-internacionales-en-tic-y-salud-que-se-centran-en-el-paciente-y-en-los-datos\/\"]}]},{\"@type\":\"ImageObject\",\"inLanguage\":\"es\",\"@id\":\"https:\/\/ticsalutsocial.atoom.space\/es\/noticia\/cinco-tendencias-internacionales-en-tic-y-salud-que-se-centran-en-el-paciente-y-en-los-datos\/#primaryimage\",\"url\":\"https:\/\/ticsalutsocial.atoom.space\/wp-content\/uploads\/2014\/01\/tendenciesint_centre_79_42.jpg\",\"contentUrl\":\"https:\/\/ticsalutsocial.atoom.space\/wp-content\/uploads\/2014\/01\/tendenciesint_centre_79_42.jpg\",\"width\":300,\"height\":200},{\"@type\":\"BreadcrumbList\",\"@id\":\"https:\/\/ticsalutsocial.atoom.space\/es\/noticia\/cinco-tendencias-internacionales-en-tic-y-salud-que-se-centran-en-el-paciente-y-en-los-datos\/#breadcrumb\",\"itemListElement\":[{\"@type\":\"ListItem\",\"position\":1,\"name\":\"Inici\",\"item\":\"https:\/\/ticsalutsocial.atoom.space\/es\/\"},{\"@type\":\"ListItem\",\"position\":2,\"name\":\"Cinco tendencias internacionales en TIC y salud que se centran en el paciente y en los datos\"}]},{\"@type\":\"WebSite\",\"@id\":\"https:\/\/ticsalutsocial.atoom.space\/es\/#website\",\"url\":\"https:\/\/ticsalutsocial.atoom.space\/es\/\",\"name\":\"Fundaci\u00f3 TIC Salut i Social\",\"description\":\"\",\"potentialAction\":[{\"@type\":\"SearchAction\",\"target\":{\"@type\":\"EntryPoint\",\"urlTemplate\":\"https:\/\/ticsalutsocial.atoom.space\/es\/?s={search_term_string}\"},\"query-input\":{\"@type\":\"PropertyValueSpecification\",\"valueRequired\":true,\"valueName\":\"search_term_string\"}}],\"inLanguage\":\"es\"}]}<\/script>\n<!-- \/ Yoast SEO plugin. -->","yoast_head_json":{"title":"Cinco tendencias internacionales en TIC y salud que se centran en el paciente y en los datos - Fundaci\u00f3 TIC Salut i Social","robots":{"index":"index","follow":"follow","max-snippet":"max-snippet:-1","max-image-preview":"max-image-preview:large","max-video-preview":"max-video-preview:-1"},"canonical":"https:\/\/ticsalutsocial.atoom.space\/es\/noticia\/cinco-tendencias-internacionales-en-tic-y-salud-que-se-centran-en-el-paciente-y-en-los-datos\/","og_locale":"es_ES","og_type":"article","og_title":"Cinco tendencias internacionales en TIC y salud que se centran en el paciente y en los datos - Fundaci\u00f3 TIC Salut i Social","og_description":"Adem\u00e1s de estudiar el estado de la cuesti\u00f3n de las TIC en salud de Catalunya, la Fundaci\u00f3n TicSalut funciona como observatorio de las principales palancas de cambio de los modelos tradicionales de la sanidad en todo el mundo, con el objetivo de poderlas incorporar en la estrategia del Plan de Salud. En esta edici\u00f3n se [&hellip;]","og_url":"https:\/\/ticsalutsocial.atoom.space\/es\/noticia\/cinco-tendencias-internacionales-en-tic-y-salud-que-se-centran-en-el-paciente-y-en-los-datos\/","og_site_name":"Fundaci\u00f3 TIC Salut i Social","article_modified_time":"2021-07-21T13:25:29+00:00","og_image":[{"width":300,"height":200,"url":"https:\/\/ticsalutsocial.atoom.space\/wp-content\/uploads\/2014\/01\/tendenciesint_centre_79_42.jpg","type":"image\/jpeg"}],"twitter_card":"summary_large_image","twitter_misc":{"Tiempo de lectura":"5 minutos"},"schema":{"@context":"https:\/\/schema.org","@graph":[{"@type":"WebPage","@id":"https:\/\/ticsalutsocial.atoom.space\/es\/noticia\/cinco-tendencias-internacionales-en-tic-y-salud-que-se-centran-en-el-paciente-y-en-los-datos\/","url":"https:\/\/ticsalutsocial.atoom.space\/es\/noticia\/cinco-tendencias-internacionales-en-tic-y-salud-que-se-centran-en-el-paciente-y-en-los-datos\/","name":"Cinco tendencias internacionales en TIC y salud que se centran en el paciente y en los datos - Fundaci\u00f3 TIC Salut i Social","isPartOf":{"@id":"https:\/\/ticsalutsocial.atoom.space\/es\/#website"},"primaryImageOfPage":{"@id":"https:\/\/ticsalutsocial.atoom.space\/es\/noticia\/cinco-tendencias-internacionales-en-tic-y-salud-que-se-centran-en-el-paciente-y-en-los-datos\/#primaryimage"},"image":{"@id":"https:\/\/ticsalutsocial.atoom.space\/es\/noticia\/cinco-tendencias-internacionales-en-tic-y-salud-que-se-centran-en-el-paciente-y-en-los-datos\/#primaryimage"},"thumbnailUrl":"https:\/\/ticsalutsocial.atoom.space\/wp-content\/uploads\/2014\/01\/tendenciesint_centre_79_42.jpg","datePublished":"2014-01-14T10:35:39+00:00","dateModified":"2021-07-21T13:25:29+00:00","breadcrumb":{"@id":"https:\/\/ticsalutsocial.atoom.space\/es\/noticia\/cinco-tendencias-internacionales-en-tic-y-salud-que-se-centran-en-el-paciente-y-en-los-datos\/#breadcrumb"},"inLanguage":"es","potentialAction":[{"@type":"ReadAction","target":["https:\/\/ticsalutsocial.atoom.space\/es\/noticia\/cinco-tendencias-internacionales-en-tic-y-salud-que-se-centran-en-el-paciente-y-en-los-datos\/"]}]},{"@type":"ImageObject","inLanguage":"es","@id":"https:\/\/ticsalutsocial.atoom.space\/es\/noticia\/cinco-tendencias-internacionales-en-tic-y-salud-que-se-centran-en-el-paciente-y-en-los-datos\/#primaryimage","url":"https:\/\/ticsalutsocial.atoom.space\/wp-content\/uploads\/2014\/01\/tendenciesint_centre_79_42.jpg","contentUrl":"https:\/\/ticsalutsocial.atoom.space\/wp-content\/uploads\/2014\/01\/tendenciesint_centre_79_42.jpg","width":300,"height":200},{"@type":"BreadcrumbList","@id":"https:\/\/ticsalutsocial.atoom.space\/es\/noticia\/cinco-tendencias-internacionales-en-tic-y-salud-que-se-centran-en-el-paciente-y-en-los-datos\/#breadcrumb","itemListElement":[{"@type":"ListItem","position":1,"name":"Inici","item":"https:\/\/ticsalutsocial.atoom.space\/es\/"},{"@type":"ListItem","position":2,"name":"Cinco tendencias internacionales en TIC y salud que se centran en el paciente y en los datos"}]},{"@type":"WebSite","@id":"https:\/\/ticsalutsocial.atoom.space\/es\/#website","url":"https:\/\/ticsalutsocial.atoom.space\/es\/","name":"Fundaci\u00f3 TIC Salut i Social","description":"","potentialAction":[{"@type":"SearchAction","target":{"@type":"EntryPoint","urlTemplate":"https:\/\/ticsalutsocial.atoom.space\/es\/?s={search_term_string}"},"query-input":{"@type":"PropertyValueSpecification","valueRequired":true,"valueName":"search_term_string"}}],"inLanguage":"es"}]}},"_links":{"self":[{"href":"https:\/\/ticsalutsocial.atoom.space\/es\/wp-json\/wp\/v2\/noticia\/1228","targetHints":{"allow":["GET"]}}],"collection":[{"href":"https:\/\/ticsalutsocial.atoom.space\/es\/wp-json\/wp\/v2\/noticia"}],"about":[{"href":"https:\/\/ticsalutsocial.atoom.space\/es\/wp-json\/wp\/v2\/types\/noticia"}],"author":[{"embeddable":true,"href":"https:\/\/ticsalutsocial.atoom.space\/es\/wp-json\/wp\/v2\/users\/21"}],"wp:featuredmedia":[{"embeddable":true,"href":"https:\/\/ticsalutsocial.atoom.space\/es\/wp-json\/wp\/v2\/media\/6678"}],"wp:attachment":[{"href":"https:\/\/ticsalutsocial.atoom.space\/es\/wp-json\/wp\/v2\/media?parent=1228"}],"wp:term":[{"taxonomy":"etiqueta","embeddable":true,"href":"https:\/\/ticsalutsocial.atoom.space\/es\/wp-json\/wp\/v2\/etiqueta?post=1228"},{"taxonomy":"tipus","embeddable":true,"href":"https:\/\/ticsalutsocial.atoom.space\/es\/wp-json\/wp\/v2\/tipus?post=1228"},{"taxonomy":"topic","embeddable":true,"href":"https:\/\/ticsalutsocial.atoom.space\/es\/wp-json\/wp\/v2\/topic?post=1228"}],"curies":[{"name":"wp","href":"https:\/\/api.w.org\/{rel}","templated":true}]}}