
{"id":1233,"date":"2014-02-12T19:30:30","date_gmt":"2014-02-12T17:30:30","guid":{"rendered":"https:\/\/ticsalutsocial.atoom.space\/?post_type=noticia&#038;p=1233"},"modified":"2021-07-21T15:25:32","modified_gmt":"2021-07-21T13:25:32","slug":"que-es-horizon-2020-y-como-se-puede-aprovechar-la-oportunidad-para-innovar-en-el-ambito-de-la-salud-y-social","status":"publish","type":"noticia","link":"https:\/\/ticsalutsocial.atoom.space\/es\/noticia\/que-es-horizon-2020-y-como-se-puede-aprovechar-la-oportunidad-para-innovar-en-el-ambito-de-la-salud-y-social\/","title":{"rendered":"\u00bfQu\u00e9 es Horizon 2020 y c\u00f3mo se puede aprovechar la oportunidad para innovar en el \u00e1mbito de la salud y social?"},"content":{"rendered":"<p><a href=\"https:\/\/magic.piktochart.com\/output\/1271354-horizon-2020-esp\"><img decoding=\"async\" alt=\"\" src=\"\/media\/upload\/\/imatges\/flashticsalut\/Horizon%202020%20ESP.png\" \/><\/a><\/p>\n<p>La&nbsp;<a href=\"http:\/\/ec.europa.eu\/index_es.htm\">Comisi\u00f3n Europea<\/a>&nbsp;destinar\u00e1 m\u00e1s de 15.000 millones de euros del&nbsp;<a href=\"http:\/\/ec.europa.eu\/programmes\/horizon2020\/en\/what-horizon-2020\">Programa Horizon 2020<\/a>&nbsp;durante los dos pr\u00f3ximos a\u00f1os al impulso de la econom\u00eda del conocimiento en Europa y a la b\u00fasqueda de soluciones para mejorar la vida de las personas. La&nbsp;<a href=\"http:\/\/www.ticsalut.cat\">Fundaci\u00f3n TicSalut<\/a>&nbsp;ha presentado al Departament de Salut<strong>&nbsp;las principales oportunidades de financiaci\u00f3n<\/strong>&nbsp;para proveedores de servicios de salud y social, centros tecnol\u00f3gicos, grupos de investigaci\u00f3n de universidades y empresas de Catalunya.<\/p>\n<p>n la jornada, Elsa Alonso, de <a href=\"http:\/\/www10.gencat.cat\/agaur_web\/AppJava\/catala\/index.jsp\">AGAUR<\/a>, y Cristina Pe\u00f1a, de <a href=\"http:\/\/accio.gencat.cat\/cat\/\">ACCI\u00d3<\/a>, introdujeron el Programa Horizon 2020, que a pesar de agrupar en uno solo todos los programas de investigaci\u00f3n e innovaci\u00f3n (<a href=\"http:\/\/eit.europa.eu\/\">EIT<\/a>, <a href=\"http:\/\/ec.europa.eu\/cip\/\">CIP <\/a>y <a href=\"http:\/\/ec.europa.eu\/research\/fp7\/pdf\/fp7-brochure_es.pdf\">FP7<\/a>), contar\u00e1 con menos convocatorias. Por otra parte, las l\u00edneas de financiaci\u00f3n del programa son ahora m\u00e1s abiertas y se valorar\u00e1 fundamentalmente el impacto real de los proyectos en la sociedad. Adem\u00e1s, por primera vez el programa proporcionar\u00e1 financiaci\u00f3n a todas las etapas del proceso de innovaci\u00f3n, desde la investigaci\u00f3n b\u00e1sica y la generaci\u00f3n del conocimiento hasta el momento en que el producto llega al mercado.<\/p>\n<p>&nbsp;<\/p>\n<h2>Horizon 2020 y el sector TIC y salud<\/h2>\n<p>En concreto, para el periodo 2014-2015, la Comisi\u00f3n Europea ha establecido doce temas prioritarios, entre los que se encuentra la <strong>asistencia sanitaria personalizada<\/strong>, con un presupuesto de financiaci\u00f3n asignado de 549 millones de euros para 2014.<\/p>\n<p>En el contexto de aumento de la<strong> poblaci\u00f3n envejecida y de las enfermedades cr\u00f3nicas<\/strong>, se dedicar\u00e1n fondos a proyectos para explotar el big data para entender la salud y las enfermedades, para la promoci\u00f3n de la salud y la prevenci\u00f3n de enfermedades, y para la implementaci\u00f3n de las TIC para el apoyo en el envejecimiento activo y saludable, entre otras cuestiones. Por otra parte, la seguridad digital y el impulso de las ciudades y comunidades inteligentes son dos cuestiones m\u00e1s a tener en cuenta. Ignasi Garcia-Mil\u00e0, EU Project Manager de la <a href=\"http:\/\/www.ticsalut.cat\">Fundaci\u00f3n TicSalut<\/a>, present\u00f3 durante la jornada la alineaci\u00f3n de estos temas con las l\u00edneas estrat\u00e9gicas del <a href=\"http:\/\/www20.gencat.cat\/docs\/salut\/Home\/Destaquem\/Documents\/plasalut_vfinal.pdf\">Plan de Salud 2011-2015<\/a>.<\/p>\n<p>Todas estas convocatorias son publicadas por la Comisi\u00f3n Europea en el <a href=\"http:\/\/ec.europa.eu\/research\/participants\/portal\/desktop\/en\/home.html\">Participant Portal<\/a>. En esta web, los investigadores, universidades, empresas -pymes incluidas- pueden presentar sus proyectos. Margarita Hospedales, tambi\u00e9n EU Project Manager de <a href=\"http:\/\/www.ticsalut.cat\">TicSalut<\/a>, explic\u00f3 los pasos a seguir para presentarse a las convocatorias.<\/p>\n<p>Durante la jornada, <strong>la <a href=\"http:\/\/www.ticsalut.cat\">Fundaci\u00f3n TicSalut <\/a>se ofreci\u00f3 a todos los actores del sistema (proveedores de servicios de salud y social, centros tecnol\u00f3gicos y empresas TIC y de servicios) para encontrar socios y conseguir que sus proyectos tengan impacto, tanto a nivel local como a nivel europeo.<\/strong><\/p>\n<p>En la parte final de la jornada, Javier Ech\u00e1varri, t\u00e9cnico de la Direcci\u00f3n de Mercados Innovadores del <a href=\"http:\/\/www.cdti.es\/\">Centro para el Desarrollo Tecnol\u00f3gico Industrial (CDTI)<\/a>, hizo referencia a c\u00f3mo este ente, dependiente del Ministerio de Econom\u00eda y Competitividad, puede tambi\u00e9n ayudar a las pymes a presentarse a las convocatorias de Horizon 2020.<\/p>\n<p>&nbsp;<\/p>\n<h4>M\u00e1s informaci\u00f3n<\/h4>\n<ul>\n<li>Se pueden consultar las presentaciones de los ponentes de la Jornada Horizon 2020 en<a href=\"http:\/\/www.slideshare.net\/ticsalut\"> este enlace<\/a>.<\/li>\n<li>Otros recursos de inter\u00e9s sobre Horizon 2020 y el sector salud y social:\n<ul>\n<li><a href=\"http:\/\/ec.europa.eu\/research\/participants\/portal\/desktop\/en\/home.html\">Portal de convocatorias de Horizon 2020<\/a><\/li>\n<li><a href=\"http:\/\/ec.europa.eu\/programmes\/horizon2020\/en\/h2020-section\/health-demographic-change-and-wellbeing\">Secci\u00f3n de Salud, Cambio Demogr\u00e1fico y Bienestar en la web institucional de Horizon 2020<\/a><\/li>\n<li><a href=\"http:\/\/ec.europa.eu\/research\/participants\/data\/ref\/h2020\/wp\/2014_2015\/main\/h2020-wp1415-health_en.pdf\">Programa de trabajo 2014-2015 para Horizon 2020 en Salud, Cambio Demogr\u00e1fico y Bienestar<\/a><\/li>\n<\/ul>\n<\/li>\n<\/ul>\n<p>&nbsp;<\/p>\n<p>&nbsp;<\/p>\n","protected":false},"author":21,"featured_media":6681,"menu_order":0,"template":"","meta":{"_acf_changed":false,"inline_featured_image":false},"etiqueta":[],"tipus":[],"topic":[],"class_list":["post-1233","noticia","type-noticia","status-publish","has-post-thumbnail","hentry"],"acf":{"imatge":6681,"autor":"Adri\u00e0 G.Font"},"yoast_head":"<!-- This site is optimized with the Yoast SEO plugin v27.1.1 - https:\/\/yoast.com\/product\/yoast-seo-wordpress\/ -->\n<title>\u00bfQu\u00e9 es Horizon 2020 y c\u00f3mo se puede aprovechar la oportunidad para innovar en el \u00e1mbito de la salud y social? - Fundaci\u00f3 TIC Salut i Social<\/title>\n<meta name=\"robots\" content=\"index, follow, max-snippet:-1, max-image-preview:large, max-video-preview:-1\" \/>\n<link rel=\"canonical\" href=\"https:\/\/ticsalutsocial.atoom.space\/es\/noticia\/que-es-horizon-2020-y-como-se-puede-aprovechar-la-oportunidad-para-innovar-en-el-ambito-de-la-salud-y-social\/\" \/>\n<meta property=\"og:locale\" content=\"es_ES\" \/>\n<meta property=\"og:type\" content=\"article\" \/>\n<meta property=\"og:title\" content=\"\u00bfQu\u00e9 es Horizon 2020 y c\u00f3mo se puede aprovechar la oportunidad para innovar en el \u00e1mbito de la salud y social? - Fundaci\u00f3 TIC Salut i Social\" \/>\n<meta property=\"og:description\" content=\"La&nbsp;Comisi\u00f3n Europea&nbsp;destinar\u00e1 m\u00e1s de 15.000 millones de euros del&nbsp;Programa Horizon 2020&nbsp;durante los dos pr\u00f3ximos a\u00f1os al impulso de la econom\u00eda del conocimiento en Europa y a la b\u00fasqueda de soluciones para mejorar la vida de las personas. La&nbsp;Fundaci\u00f3n TicSalut&nbsp;ha presentado al Departament de Salut&nbsp;las principales oportunidades de financiaci\u00f3n&nbsp;para proveedores de servicios de salud y social, [&hellip;]\" \/>\n<meta property=\"og:url\" content=\"https:\/\/ticsalutsocial.atoom.space\/es\/noticia\/que-es-horizon-2020-y-como-se-puede-aprovechar-la-oportunidad-para-innovar-en-el-ambito-de-la-salud-y-social\/\" \/>\n<meta property=\"og:site_name\" content=\"Fundaci\u00f3 TIC Salut i Social\" \/>\n<meta property=\"article:modified_time\" content=\"2021-07-21T13:25:32+00:00\" \/>\n<meta property=\"og:image\" content=\"https:\/\/ticsalutsocial.atoom.space\/wp-content\/uploads\/2014\/02\/portadaticsalut_centre_79_55.gif\" \/>\n\t<meta property=\"og:image:width\" content=\"1046\" \/>\n\t<meta property=\"og:image:height\" content=\"348\" \/>\n\t<meta property=\"og:image:type\" content=\"image\/gif\" \/>\n<meta name=\"twitter:card\" content=\"summary_large_image\" \/>\n<meta name=\"twitter:label1\" content=\"Tiempo de lectura\" \/>\n\t<meta name=\"twitter:data1\" content=\"3 minutos\" \/>\n<script type=\"application\/ld+json\" class=\"yoast-schema-graph\">{\"@context\":\"https:\/\/schema.org\",\"@graph\":[{\"@type\":\"WebPage\",\"@id\":\"https:\/\/ticsalutsocial.atoom.space\/es\/noticia\/que-es-horizon-2020-y-como-se-puede-aprovechar-la-oportunidad-para-innovar-en-el-ambito-de-la-salud-y-social\/\",\"url\":\"https:\/\/ticsalutsocial.atoom.space\/es\/noticia\/que-es-horizon-2020-y-como-se-puede-aprovechar-la-oportunidad-para-innovar-en-el-ambito-de-la-salud-y-social\/\",\"name\":\"\u00bfQu\u00e9 es Horizon 2020 y c\u00f3mo se puede aprovechar la oportunidad para innovar en el \u00e1mbito de la salud y social? - Fundaci\u00f3 TIC Salut i Social\",\"isPartOf\":{\"@id\":\"https:\/\/ticsalutsocial.atoom.space\/es\/#website\"},\"primaryImageOfPage\":{\"@id\":\"https:\/\/ticsalutsocial.atoom.space\/es\/noticia\/que-es-horizon-2020-y-como-se-puede-aprovechar-la-oportunidad-para-innovar-en-el-ambito-de-la-salud-y-social\/#primaryimage\"},\"image\":{\"@id\":\"https:\/\/ticsalutsocial.atoom.space\/es\/noticia\/que-es-horizon-2020-y-como-se-puede-aprovechar-la-oportunidad-para-innovar-en-el-ambito-de-la-salud-y-social\/#primaryimage\"},\"thumbnailUrl\":\"https:\/\/ticsalutsocial.atoom.space\/wp-content\/uploads\/2014\/02\/portadaticsalut_centre_79_55.gif\",\"datePublished\":\"2014-02-12T17:30:30+00:00\",\"dateModified\":\"2021-07-21T13:25:32+00:00\",\"breadcrumb\":{\"@id\":\"https:\/\/ticsalutsocial.atoom.space\/es\/noticia\/que-es-horizon-2020-y-como-se-puede-aprovechar-la-oportunidad-para-innovar-en-el-ambito-de-la-salud-y-social\/#breadcrumb\"},\"inLanguage\":\"es\",\"potentialAction\":[{\"@type\":\"ReadAction\",\"target\":[\"https:\/\/ticsalutsocial.atoom.space\/es\/noticia\/que-es-horizon-2020-y-como-se-puede-aprovechar-la-oportunidad-para-innovar-en-el-ambito-de-la-salud-y-social\/\"]}]},{\"@type\":\"ImageObject\",\"inLanguage\":\"es\",\"@id\":\"https:\/\/ticsalutsocial.atoom.space\/es\/noticia\/que-es-horizon-2020-y-como-se-puede-aprovechar-la-oportunidad-para-innovar-en-el-ambito-de-la-salud-y-social\/#primaryimage\",\"url\":\"https:\/\/ticsalutsocial.atoom.space\/wp-content\/uploads\/2014\/02\/portadaticsalut_centre_79_55.gif\",\"contentUrl\":\"https:\/\/ticsalutsocial.atoom.space\/wp-content\/uploads\/2014\/02\/portadaticsalut_centre_79_55.gif\",\"width\":1046,\"height\":348},{\"@type\":\"BreadcrumbList\",\"@id\":\"https:\/\/ticsalutsocial.atoom.space\/es\/noticia\/que-es-horizon-2020-y-como-se-puede-aprovechar-la-oportunidad-para-innovar-en-el-ambito-de-la-salud-y-social\/#breadcrumb\",\"itemListElement\":[{\"@type\":\"ListItem\",\"position\":1,\"name\":\"Inici\",\"item\":\"https:\/\/ticsalutsocial.atoom.space\/es\/\"},{\"@type\":\"ListItem\",\"position\":2,\"name\":\"\u00bfQu\u00e9 es Horizon 2020 y c\u00f3mo se puede aprovechar la oportunidad para innovar en el \u00e1mbito de la salud y social?\"}]},{\"@type\":\"WebSite\",\"@id\":\"https:\/\/ticsalutsocial.atoom.space\/es\/#website\",\"url\":\"https:\/\/ticsalutsocial.atoom.space\/es\/\",\"name\":\"Fundaci\u00f3 TIC Salut i Social\",\"description\":\"\",\"potentialAction\":[{\"@type\":\"SearchAction\",\"target\":{\"@type\":\"EntryPoint\",\"urlTemplate\":\"https:\/\/ticsalutsocial.atoom.space\/es\/?s={search_term_string}\"},\"query-input\":{\"@type\":\"PropertyValueSpecification\",\"valueRequired\":true,\"valueName\":\"search_term_string\"}}],\"inLanguage\":\"es\"}]}<\/script>\n<!-- \/ Yoast SEO plugin. -->","yoast_head_json":{"title":"\u00bfQu\u00e9 es Horizon 2020 y c\u00f3mo se puede aprovechar la oportunidad para innovar en el \u00e1mbito de la salud y social? - Fundaci\u00f3 TIC Salut i Social","robots":{"index":"index","follow":"follow","max-snippet":"max-snippet:-1","max-image-preview":"max-image-preview:large","max-video-preview":"max-video-preview:-1"},"canonical":"https:\/\/ticsalutsocial.atoom.space\/es\/noticia\/que-es-horizon-2020-y-como-se-puede-aprovechar-la-oportunidad-para-innovar-en-el-ambito-de-la-salud-y-social\/","og_locale":"es_ES","og_type":"article","og_title":"\u00bfQu\u00e9 es Horizon 2020 y c\u00f3mo se puede aprovechar la oportunidad para innovar en el \u00e1mbito de la salud y social? - Fundaci\u00f3 TIC Salut i Social","og_description":"La&nbsp;Comisi\u00f3n Europea&nbsp;destinar\u00e1 m\u00e1s de 15.000 millones de euros del&nbsp;Programa Horizon 2020&nbsp;durante los dos pr\u00f3ximos a\u00f1os al impulso de la econom\u00eda del conocimiento en Europa y a la b\u00fasqueda de soluciones para mejorar la vida de las personas. La&nbsp;Fundaci\u00f3n TicSalut&nbsp;ha presentado al Departament de Salut&nbsp;las principales oportunidades de financiaci\u00f3n&nbsp;para proveedores de servicios de salud y social, [&hellip;]","og_url":"https:\/\/ticsalutsocial.atoom.space\/es\/noticia\/que-es-horizon-2020-y-como-se-puede-aprovechar-la-oportunidad-para-innovar-en-el-ambito-de-la-salud-y-social\/","og_site_name":"Fundaci\u00f3 TIC Salut i Social","article_modified_time":"2021-07-21T13:25:32+00:00","og_image":[{"width":1046,"height":348,"url":"https:\/\/ticsalutsocial.atoom.space\/wp-content\/uploads\/2014\/02\/portadaticsalut_centre_79_55.gif","type":"image\/gif"}],"twitter_card":"summary_large_image","twitter_misc":{"Tiempo de lectura":"3 minutos"},"schema":{"@context":"https:\/\/schema.org","@graph":[{"@type":"WebPage","@id":"https:\/\/ticsalutsocial.atoom.space\/es\/noticia\/que-es-horizon-2020-y-como-se-puede-aprovechar-la-oportunidad-para-innovar-en-el-ambito-de-la-salud-y-social\/","url":"https:\/\/ticsalutsocial.atoom.space\/es\/noticia\/que-es-horizon-2020-y-como-se-puede-aprovechar-la-oportunidad-para-innovar-en-el-ambito-de-la-salud-y-social\/","name":"\u00bfQu\u00e9 es Horizon 2020 y c\u00f3mo se puede aprovechar la oportunidad para innovar en el \u00e1mbito de la salud y social? - Fundaci\u00f3 TIC Salut i Social","isPartOf":{"@id":"https:\/\/ticsalutsocial.atoom.space\/es\/#website"},"primaryImageOfPage":{"@id":"https:\/\/ticsalutsocial.atoom.space\/es\/noticia\/que-es-horizon-2020-y-como-se-puede-aprovechar-la-oportunidad-para-innovar-en-el-ambito-de-la-salud-y-social\/#primaryimage"},"image":{"@id":"https:\/\/ticsalutsocial.atoom.space\/es\/noticia\/que-es-horizon-2020-y-como-se-puede-aprovechar-la-oportunidad-para-innovar-en-el-ambito-de-la-salud-y-social\/#primaryimage"},"thumbnailUrl":"https:\/\/ticsalutsocial.atoom.space\/wp-content\/uploads\/2014\/02\/portadaticsalut_centre_79_55.gif","datePublished":"2014-02-12T17:30:30+00:00","dateModified":"2021-07-21T13:25:32+00:00","breadcrumb":{"@id":"https:\/\/ticsalutsocial.atoom.space\/es\/noticia\/que-es-horizon-2020-y-como-se-puede-aprovechar-la-oportunidad-para-innovar-en-el-ambito-de-la-salud-y-social\/#breadcrumb"},"inLanguage":"es","potentialAction":[{"@type":"ReadAction","target":["https:\/\/ticsalutsocial.atoom.space\/es\/noticia\/que-es-horizon-2020-y-como-se-puede-aprovechar-la-oportunidad-para-innovar-en-el-ambito-de-la-salud-y-social\/"]}]},{"@type":"ImageObject","inLanguage":"es","@id":"https:\/\/ticsalutsocial.atoom.space\/es\/noticia\/que-es-horizon-2020-y-como-se-puede-aprovechar-la-oportunidad-para-innovar-en-el-ambito-de-la-salud-y-social\/#primaryimage","url":"https:\/\/ticsalutsocial.atoom.space\/wp-content\/uploads\/2014\/02\/portadaticsalut_centre_79_55.gif","contentUrl":"https:\/\/ticsalutsocial.atoom.space\/wp-content\/uploads\/2014\/02\/portadaticsalut_centre_79_55.gif","width":1046,"height":348},{"@type":"BreadcrumbList","@id":"https:\/\/ticsalutsocial.atoom.space\/es\/noticia\/que-es-horizon-2020-y-como-se-puede-aprovechar-la-oportunidad-para-innovar-en-el-ambito-de-la-salud-y-social\/#breadcrumb","itemListElement":[{"@type":"ListItem","position":1,"name":"Inici","item":"https:\/\/ticsalutsocial.atoom.space\/es\/"},{"@type":"ListItem","position":2,"name":"\u00bfQu\u00e9 es Horizon 2020 y c\u00f3mo se puede aprovechar la oportunidad para innovar en el \u00e1mbito de la salud y social?"}]},{"@type":"WebSite","@id":"https:\/\/ticsalutsocial.atoom.space\/es\/#website","url":"https:\/\/ticsalutsocial.atoom.space\/es\/","name":"Fundaci\u00f3 TIC Salut i Social","description":"","potentialAction":[{"@type":"SearchAction","target":{"@type":"EntryPoint","urlTemplate":"https:\/\/ticsalutsocial.atoom.space\/es\/?s={search_term_string}"},"query-input":{"@type":"PropertyValueSpecification","valueRequired":true,"valueName":"search_term_string"}}],"inLanguage":"es"}]}},"_links":{"self":[{"href":"https:\/\/ticsalutsocial.atoom.space\/es\/wp-json\/wp\/v2\/noticia\/1233","targetHints":{"allow":["GET"]}}],"collection":[{"href":"https:\/\/ticsalutsocial.atoom.space\/es\/wp-json\/wp\/v2\/noticia"}],"about":[{"href":"https:\/\/ticsalutsocial.atoom.space\/es\/wp-json\/wp\/v2\/types\/noticia"}],"author":[{"embeddable":true,"href":"https:\/\/ticsalutsocial.atoom.space\/es\/wp-json\/wp\/v2\/users\/21"}],"wp:featuredmedia":[{"embeddable":true,"href":"https:\/\/ticsalutsocial.atoom.space\/es\/wp-json\/wp\/v2\/media\/6681"}],"wp:attachment":[{"href":"https:\/\/ticsalutsocial.atoom.space\/es\/wp-json\/wp\/v2\/media?parent=1233"}],"wp:term":[{"taxonomy":"etiqueta","embeddable":true,"href":"https:\/\/ticsalutsocial.atoom.space\/es\/wp-json\/wp\/v2\/etiqueta?post=1233"},{"taxonomy":"tipus","embeddable":true,"href":"https:\/\/ticsalutsocial.atoom.space\/es\/wp-json\/wp\/v2\/tipus?post=1233"},{"taxonomy":"topic","embeddable":true,"href":"https:\/\/ticsalutsocial.atoom.space\/es\/wp-json\/wp\/v2\/topic?post=1233"}],"curies":[{"name":"wp","href":"https:\/\/api.w.org\/{rel}","templated":true}]}}