
{"id":1243,"date":"2014-02-12T20:05:23","date_gmt":"2014-02-12T18:05:23","guid":{"rendered":"https:\/\/ticsalutsocial.atoom.space\/?post_type=noticia&#038;p=1243"},"modified":"2021-07-21T15:25:37","modified_gmt":"2021-07-21T13:25:37","slug":"nace-la-catedra-de-tic-y-salud-fruto-de-un-convenio-entre-la-universitat-de-vic-y-la-fundacion-ticsalut","status":"publish","type":"noticia","link":"https:\/\/ticsalutsocial.atoom.space\/es\/noticia\/nace-la-catedra-de-tic-y-salud-fruto-de-un-convenio-entre-la-universitat-de-vic-y-la-fundacion-ticsalut\/","title":{"rendered":"Nace la C\u00e1tedra de TIC y Salud, fruto de un convenio entre la Universitat de Vic y la Fundaci\u00f3n TicSalut"},"content":{"rendered":"<p>La <a href=\"http:\/\/www.ticsalut.cat\">Fundaci\u00f3n TicSalut<\/a>, con la voluntad de establecer v\u00ednculos de conocimiento con las facultades catalanas para desarrollar, profundizar y difundir las TIC dentro del sector salud y social, ha firmado un convenio de colaboraci\u00f3n con la <a href=\"http:\/\/www.uvic.es\/\">Universitat de Vic<\/a>. A ra\u00edz de este acuerdo, <strong>ha nacido la C\u00e1tedra de TIC y Salud, que ser\u00e1 dirigida por el Dr. Francesc Garc\u00eda Cuy\u00e0s, director de la fundaci\u00f3n<\/strong>. Esta c\u00e1tedra incluir\u00e1 actividades docentes, de transferencia de conocimiento y de divulgaci\u00f3n cient\u00edfica, adem\u00e1s de investigaci\u00f3n aplicada e innovaci\u00f3n.<\/p>\n<p>La C\u00e1tedra de TIC y Salud, que tendr\u00e1 su sede institucional en el <a href=\"http:\/\/www.uvic.es\/cess\">Centro de Estudios Sanitarios y Sociales de Vic<\/a>, tendr\u00e1 como l\u00edneas de trabajo \u00e9stas y otras cuestiones que se ir\u00e1n desarrollando:<\/p>\n<ul>\n<li>La identificaci\u00f3n de proyectos de investigaci\u00f3n e innovaci\u00f3n<\/li>\n<li>La definici\u00f3n de un marco de competencias profesionales en el \u00e1mbito de las TIC y la salud<\/li>\n<li>El uso racional de la telemedicina para hacer operativo el modelo asistencial no presencial.<\/li>\n<\/ul>\n<p>En concreto, <strong>uno de sus primeros proyectos girar\u00e1 en torno al uso de la movilidad <\/strong>y, en particular, de la aplicaci\u00f3n de las apps dentro del sector salud y social.<\/p>\n<p>La C\u00e1tedra contar\u00e1 con un Consejo Cient\u00edfico, presidido por el Dr. Garc\u00eda Cuy\u00e0s, del que formar\u00e1n parte de entre cinco y diez miembros, con experiencia en sus \u00e1mbitos de especializaci\u00f3n, el entorno territorial, todos ellos referentes de \u00e1mbito nacional e internacional. Adem\u00e1s, contar\u00e1 con una Comisi\u00f3n Mixta paritaria, que ser\u00e1 la garante del Plan Estrat\u00e9gico, y una Comisi\u00f3n T\u00e9cnica de Seguimiento, que har\u00e1 la propuesta anual y preparar\u00e1 la memoria anual de las actividades docentes e investigadoras realizadas, as\u00ed como la memoria econ\u00f3mica.<\/p>\n<h4>Se crear\u00e1n sinergias en el \u00e1mbito TIC y el sector salud y social<\/h4>\n<p>La c\u00e1tedra tiene como objetivo adicional <strong>colaborar con las instituciones sanitarias y sociosanitarias de Catalunya para promover proyectos e iniciativas de investigaci\u00f3n<\/strong>. Tambi\u00e9n se promover\u00e1n pol\u00edticas de actuaci\u00f3n conjuntas para mejorar la calidad asistencial, hacer m\u00e1s eficiente el sistema sanitario y social y, a la vez, establecer un nuevo modelo de relaci\u00f3n entre el ciudadano y el sistema de salud y social, mediante el uso de las TIC.<\/p>\n<p>Por otra parte, la C\u00e1tedra de TIC y Salud ser\u00e1 un instrumento para favorecer el trabajo conjunto entre las entidades proveedoras de salud y servicios sociales, las empresas, los investigadores de la Universitat de Vic y la Fundaci\u00f3n TicSalut. <strong>El convenio favorecer\u00e1 la colaboraci\u00f3n entre agentes acad\u00e9micos y profesionales reconocidos internacionalmente<\/strong> con el personal de la <a href=\"http:\/\/www.uvic.es\/\">UVic<\/a> y <a href=\"http:\/\/www.ticsalut.cat\">TicSalut<\/a> y otros profesionales del sector.<\/p>\n<p>Adem\u00e1s, la C\u00e1tedra dar\u00e1 respuesta a <strong>la necesidad de formar a los estudiantes de Grado en Medicina en Sistemas de Informaci\u00f3n y TIC<\/strong>. De esta manera, se trabajar\u00e1 para garantizar que alcancen y dispongan de los conocimientos b\u00e1sicos en estas materias en el momento de incorporarse a su puesto de trabajo.<\/p>\n<p>El acto de firma del acuerdo, <strong>presidido por el Conseller de Salut, Boi Ruiz<\/strong>, tuvo lugar el pasado 16 de diciembre. Esta presentaci\u00f3n cont\u00f3 con la presencia del rector de la UVic, Jordi Monta\u00f1a, el concejal de Ciudad del Conocimiento de Vic y patr\u00f3n de la Fundaci\u00f3n Universitaria Balmes, Josep Arimany, la vicerrectora de Investigaci\u00f3n y Conocimiento, Marta Otero, el director general de la Fundaci\u00f3n Universitaria Balmes, Joan Turr\u00f3, el presidente del Consorcio Hospitalario de Vic, Jaume Port\u00fas, y el gerente de la regi\u00f3n sanitaria Catalunya Central, Oriol Morera.<\/p>\n<p>&nbsp;<\/p>\n","protected":false},"author":21,"featured_media":6687,"menu_order":0,"template":"","meta":{"_acf_changed":false,"inline_featured_image":false},"etiqueta":[],"tipus":[],"topic":[],"class_list":["post-1243","noticia","type-noticia","status-publish","has-post-thumbnail","hentry"],"acf":{"imatge":6687,"autor":"Adri\u00e0 G.Font"},"yoast_head":"<!-- This site is optimized with the Yoast SEO plugin v27.1.1 - https:\/\/yoast.com\/product\/yoast-seo-wordpress\/ -->\n<title>Nace la C\u00e1tedra de TIC y Salud, fruto de un convenio entre la Universitat de Vic y la Fundaci\u00f3n TicSalut - Fundaci\u00f3 TIC Salut i Social<\/title>\n<meta name=\"robots\" content=\"index, follow, max-snippet:-1, max-image-preview:large, max-video-preview:-1\" \/>\n<link rel=\"canonical\" href=\"https:\/\/ticsalutsocial.atoom.space\/es\/noticia\/nace-la-catedra-de-tic-y-salud-fruto-de-un-convenio-entre-la-universitat-de-vic-y-la-fundacion-ticsalut\/\" \/>\n<meta property=\"og:locale\" content=\"es_ES\" \/>\n<meta property=\"og:type\" content=\"article\" \/>\n<meta property=\"og:title\" content=\"Nace la C\u00e1tedra de TIC y Salud, fruto de un convenio entre la Universitat de Vic y la Fundaci\u00f3n TicSalut - Fundaci\u00f3 TIC Salut i Social\" \/>\n<meta property=\"og:description\" content=\"La Fundaci\u00f3n TicSalut, con la voluntad de establecer v\u00ednculos de conocimiento con las facultades catalanas para desarrollar, profundizar y difundir las TIC dentro del sector salud y social, ha firmado un convenio de colaboraci\u00f3n con la Universitat de Vic. A ra\u00edz de este acuerdo, ha nacido la C\u00e1tedra de TIC y Salud, que ser\u00e1 dirigida [&hellip;]\" \/>\n<meta property=\"og:url\" content=\"https:\/\/ticsalutsocial.atoom.space\/es\/noticia\/nace-la-catedra-de-tic-y-salud-fruto-de-un-convenio-entre-la-universitat-de-vic-y-la-fundacion-ticsalut\/\" \/>\n<meta property=\"og:site_name\" content=\"Fundaci\u00f3 TIC Salut i Social\" \/>\n<meta property=\"article:modified_time\" content=\"2021-07-21T13:25:37+00:00\" \/>\n<meta property=\"og:image\" content=\"https:\/\/ticsalutsocial.atoom.space\/wp-content\/uploads\/2014\/02\/nova-catedra_centre_79_57.jpg\" \/>\n\t<meta property=\"og:image:width\" content=\"300\" \/>\n\t<meta property=\"og:image:height\" content=\"200\" \/>\n\t<meta property=\"og:image:type\" content=\"image\/jpeg\" \/>\n<meta name=\"twitter:card\" content=\"summary_large_image\" \/>\n<meta name=\"twitter:label1\" content=\"Tiempo de lectura\" \/>\n\t<meta name=\"twitter:data1\" content=\"3 minutos\" \/>\n<script type=\"application\/ld+json\" class=\"yoast-schema-graph\">{\"@context\":\"https:\/\/schema.org\",\"@graph\":[{\"@type\":\"WebPage\",\"@id\":\"https:\/\/ticsalutsocial.atoom.space\/es\/noticia\/nace-la-catedra-de-tic-y-salud-fruto-de-un-convenio-entre-la-universitat-de-vic-y-la-fundacion-ticsalut\/\",\"url\":\"https:\/\/ticsalutsocial.atoom.space\/es\/noticia\/nace-la-catedra-de-tic-y-salud-fruto-de-un-convenio-entre-la-universitat-de-vic-y-la-fundacion-ticsalut\/\",\"name\":\"Nace la C\u00e1tedra de TIC y Salud, fruto de un convenio entre la Universitat de Vic y la Fundaci\u00f3n TicSalut - Fundaci\u00f3 TIC Salut i Social\",\"isPartOf\":{\"@id\":\"https:\/\/ticsalutsocial.atoom.space\/es\/#website\"},\"primaryImageOfPage\":{\"@id\":\"https:\/\/ticsalutsocial.atoom.space\/es\/noticia\/nace-la-catedra-de-tic-y-salud-fruto-de-un-convenio-entre-la-universitat-de-vic-y-la-fundacion-ticsalut\/#primaryimage\"},\"image\":{\"@id\":\"https:\/\/ticsalutsocial.atoom.space\/es\/noticia\/nace-la-catedra-de-tic-y-salud-fruto-de-un-convenio-entre-la-universitat-de-vic-y-la-fundacion-ticsalut\/#primaryimage\"},\"thumbnailUrl\":\"https:\/\/ticsalutsocial.atoom.space\/wp-content\/uploads\/2014\/02\/nova-catedra_centre_79_57.jpg\",\"datePublished\":\"2014-02-12T18:05:23+00:00\",\"dateModified\":\"2021-07-21T13:25:37+00:00\",\"breadcrumb\":{\"@id\":\"https:\/\/ticsalutsocial.atoom.space\/es\/noticia\/nace-la-catedra-de-tic-y-salud-fruto-de-un-convenio-entre-la-universitat-de-vic-y-la-fundacion-ticsalut\/#breadcrumb\"},\"inLanguage\":\"es\",\"potentialAction\":[{\"@type\":\"ReadAction\",\"target\":[\"https:\/\/ticsalutsocial.atoom.space\/es\/noticia\/nace-la-catedra-de-tic-y-salud-fruto-de-un-convenio-entre-la-universitat-de-vic-y-la-fundacion-ticsalut\/\"]}]},{\"@type\":\"ImageObject\",\"inLanguage\":\"es\",\"@id\":\"https:\/\/ticsalutsocial.atoom.space\/es\/noticia\/nace-la-catedra-de-tic-y-salud-fruto-de-un-convenio-entre-la-universitat-de-vic-y-la-fundacion-ticsalut\/#primaryimage\",\"url\":\"https:\/\/ticsalutsocial.atoom.space\/wp-content\/uploads\/2014\/02\/nova-catedra_centre_79_57.jpg\",\"contentUrl\":\"https:\/\/ticsalutsocial.atoom.space\/wp-content\/uploads\/2014\/02\/nova-catedra_centre_79_57.jpg\",\"width\":300,\"height\":200},{\"@type\":\"BreadcrumbList\",\"@id\":\"https:\/\/ticsalutsocial.atoom.space\/es\/noticia\/nace-la-catedra-de-tic-y-salud-fruto-de-un-convenio-entre-la-universitat-de-vic-y-la-fundacion-ticsalut\/#breadcrumb\",\"itemListElement\":[{\"@type\":\"ListItem\",\"position\":1,\"name\":\"Inici\",\"item\":\"https:\/\/ticsalutsocial.atoom.space\/es\/\"},{\"@type\":\"ListItem\",\"position\":2,\"name\":\"Nace la C\u00e1tedra de TIC y Salud, fruto de un convenio entre la Universitat de Vic y la Fundaci\u00f3n TicSalut\"}]},{\"@type\":\"WebSite\",\"@id\":\"https:\/\/ticsalutsocial.atoom.space\/es\/#website\",\"url\":\"https:\/\/ticsalutsocial.atoom.space\/es\/\",\"name\":\"Fundaci\u00f3 TIC Salut i Social\",\"description\":\"\",\"potentialAction\":[{\"@type\":\"SearchAction\",\"target\":{\"@type\":\"EntryPoint\",\"urlTemplate\":\"https:\/\/ticsalutsocial.atoom.space\/es\/?s={search_term_string}\"},\"query-input\":{\"@type\":\"PropertyValueSpecification\",\"valueRequired\":true,\"valueName\":\"search_term_string\"}}],\"inLanguage\":\"es\"}]}<\/script>\n<!-- \/ Yoast SEO plugin. -->","yoast_head_json":{"title":"Nace la C\u00e1tedra de TIC y Salud, fruto de un convenio entre la Universitat de Vic y la Fundaci\u00f3n TicSalut - Fundaci\u00f3 TIC Salut i Social","robots":{"index":"index","follow":"follow","max-snippet":"max-snippet:-1","max-image-preview":"max-image-preview:large","max-video-preview":"max-video-preview:-1"},"canonical":"https:\/\/ticsalutsocial.atoom.space\/es\/noticia\/nace-la-catedra-de-tic-y-salud-fruto-de-un-convenio-entre-la-universitat-de-vic-y-la-fundacion-ticsalut\/","og_locale":"es_ES","og_type":"article","og_title":"Nace la C\u00e1tedra de TIC y Salud, fruto de un convenio entre la Universitat de Vic y la Fundaci\u00f3n TicSalut - Fundaci\u00f3 TIC Salut i Social","og_description":"La Fundaci\u00f3n TicSalut, con la voluntad de establecer v\u00ednculos de conocimiento con las facultades catalanas para desarrollar, profundizar y difundir las TIC dentro del sector salud y social, ha firmado un convenio de colaboraci\u00f3n con la Universitat de Vic. A ra\u00edz de este acuerdo, ha nacido la C\u00e1tedra de TIC y Salud, que ser\u00e1 dirigida [&hellip;]","og_url":"https:\/\/ticsalutsocial.atoom.space\/es\/noticia\/nace-la-catedra-de-tic-y-salud-fruto-de-un-convenio-entre-la-universitat-de-vic-y-la-fundacion-ticsalut\/","og_site_name":"Fundaci\u00f3 TIC Salut i Social","article_modified_time":"2021-07-21T13:25:37+00:00","og_image":[{"width":300,"height":200,"url":"https:\/\/ticsalutsocial.atoom.space\/wp-content\/uploads\/2014\/02\/nova-catedra_centre_79_57.jpg","type":"image\/jpeg"}],"twitter_card":"summary_large_image","twitter_misc":{"Tiempo de lectura":"3 minutos"},"schema":{"@context":"https:\/\/schema.org","@graph":[{"@type":"WebPage","@id":"https:\/\/ticsalutsocial.atoom.space\/es\/noticia\/nace-la-catedra-de-tic-y-salud-fruto-de-un-convenio-entre-la-universitat-de-vic-y-la-fundacion-ticsalut\/","url":"https:\/\/ticsalutsocial.atoom.space\/es\/noticia\/nace-la-catedra-de-tic-y-salud-fruto-de-un-convenio-entre-la-universitat-de-vic-y-la-fundacion-ticsalut\/","name":"Nace la C\u00e1tedra de TIC y Salud, fruto de un convenio entre la Universitat de Vic y la Fundaci\u00f3n TicSalut - Fundaci\u00f3 TIC Salut i Social","isPartOf":{"@id":"https:\/\/ticsalutsocial.atoom.space\/es\/#website"},"primaryImageOfPage":{"@id":"https:\/\/ticsalutsocial.atoom.space\/es\/noticia\/nace-la-catedra-de-tic-y-salud-fruto-de-un-convenio-entre-la-universitat-de-vic-y-la-fundacion-ticsalut\/#primaryimage"},"image":{"@id":"https:\/\/ticsalutsocial.atoom.space\/es\/noticia\/nace-la-catedra-de-tic-y-salud-fruto-de-un-convenio-entre-la-universitat-de-vic-y-la-fundacion-ticsalut\/#primaryimage"},"thumbnailUrl":"https:\/\/ticsalutsocial.atoom.space\/wp-content\/uploads\/2014\/02\/nova-catedra_centre_79_57.jpg","datePublished":"2014-02-12T18:05:23+00:00","dateModified":"2021-07-21T13:25:37+00:00","breadcrumb":{"@id":"https:\/\/ticsalutsocial.atoom.space\/es\/noticia\/nace-la-catedra-de-tic-y-salud-fruto-de-un-convenio-entre-la-universitat-de-vic-y-la-fundacion-ticsalut\/#breadcrumb"},"inLanguage":"es","potentialAction":[{"@type":"ReadAction","target":["https:\/\/ticsalutsocial.atoom.space\/es\/noticia\/nace-la-catedra-de-tic-y-salud-fruto-de-un-convenio-entre-la-universitat-de-vic-y-la-fundacion-ticsalut\/"]}]},{"@type":"ImageObject","inLanguage":"es","@id":"https:\/\/ticsalutsocial.atoom.space\/es\/noticia\/nace-la-catedra-de-tic-y-salud-fruto-de-un-convenio-entre-la-universitat-de-vic-y-la-fundacion-ticsalut\/#primaryimage","url":"https:\/\/ticsalutsocial.atoom.space\/wp-content\/uploads\/2014\/02\/nova-catedra_centre_79_57.jpg","contentUrl":"https:\/\/ticsalutsocial.atoom.space\/wp-content\/uploads\/2014\/02\/nova-catedra_centre_79_57.jpg","width":300,"height":200},{"@type":"BreadcrumbList","@id":"https:\/\/ticsalutsocial.atoom.space\/es\/noticia\/nace-la-catedra-de-tic-y-salud-fruto-de-un-convenio-entre-la-universitat-de-vic-y-la-fundacion-ticsalut\/#breadcrumb","itemListElement":[{"@type":"ListItem","position":1,"name":"Inici","item":"https:\/\/ticsalutsocial.atoom.space\/es\/"},{"@type":"ListItem","position":2,"name":"Nace la C\u00e1tedra de TIC y Salud, fruto de un convenio entre la Universitat de Vic y la Fundaci\u00f3n TicSalut"}]},{"@type":"WebSite","@id":"https:\/\/ticsalutsocial.atoom.space\/es\/#website","url":"https:\/\/ticsalutsocial.atoom.space\/es\/","name":"Fundaci\u00f3 TIC Salut i Social","description":"","potentialAction":[{"@type":"SearchAction","target":{"@type":"EntryPoint","urlTemplate":"https:\/\/ticsalutsocial.atoom.space\/es\/?s={search_term_string}"},"query-input":{"@type":"PropertyValueSpecification","valueRequired":true,"valueName":"search_term_string"}}],"inLanguage":"es"}]}},"_links":{"self":[{"href":"https:\/\/ticsalutsocial.atoom.space\/es\/wp-json\/wp\/v2\/noticia\/1243","targetHints":{"allow":["GET"]}}],"collection":[{"href":"https:\/\/ticsalutsocial.atoom.space\/es\/wp-json\/wp\/v2\/noticia"}],"about":[{"href":"https:\/\/ticsalutsocial.atoom.space\/es\/wp-json\/wp\/v2\/types\/noticia"}],"author":[{"embeddable":true,"href":"https:\/\/ticsalutsocial.atoom.space\/es\/wp-json\/wp\/v2\/users\/21"}],"wp:featuredmedia":[{"embeddable":true,"href":"https:\/\/ticsalutsocial.atoom.space\/es\/wp-json\/wp\/v2\/media\/6687"}],"wp:attachment":[{"href":"https:\/\/ticsalutsocial.atoom.space\/es\/wp-json\/wp\/v2\/media?parent=1243"}],"wp:term":[{"taxonomy":"etiqueta","embeddable":true,"href":"https:\/\/ticsalutsocial.atoom.space\/es\/wp-json\/wp\/v2\/etiqueta?post=1243"},{"taxonomy":"tipus","embeddable":true,"href":"https:\/\/ticsalutsocial.atoom.space\/es\/wp-json\/wp\/v2\/tipus?post=1243"},{"taxonomy":"topic","embeddable":true,"href":"https:\/\/ticsalutsocial.atoom.space\/es\/wp-json\/wp\/v2\/topic?post=1243"}],"curies":[{"name":"wp","href":"https:\/\/api.w.org\/{rel}","templated":true}]}}