
{"id":1248,"date":"2014-02-13T16:51:03","date_gmt":"2014-02-13T14:51:03","guid":{"rendered":"https:\/\/ticsalutsocial.atoom.space\/?post_type=noticia&#038;p=1248"},"modified":"2021-07-21T15:25:40","modified_gmt":"2021-07-21T13:25:40","slug":"la-salud-tiene-cada-vez-mas-protagonismo-en-el-mobile-world-congress","status":"publish","type":"noticia","link":"https:\/\/ticsalutsocial.atoom.space\/es\/noticia\/la-salud-tiene-cada-vez-mas-protagonismo-en-el-mobile-world-congress\/","title":{"rendered":"La salud tiene cada vez m\u00e1s protagonismo en el Mobile World Congress"},"content":{"rendered":"<p>De algunos pocos actos a convertirse en uno de los temas destacados de la agenda del Mobile World Congress: se hablar\u00e1 de salud durante todos los d\u00edas del evento, en mayor o menor grado, en la edici\u00f3n de 2014. As\u00ed, el congreso de la capital del m\u00f3vil vuelve a ser una cita ineludible para los profesionales y expertos en mHealth. Este a\u00f1o en Barcelona se ha organizado el &quot;<a href=\"http:\/\/www.b2match.eu\/echalliance-at-mobileworldcongress2014\">Health &amp; Wellness ECHAlliance @ MWC<\/a>&quot;, un programa de dos d\u00edas con keynotes y ponentes de primera l\u00ednea mundial en la Feria de Montju\u00efc, y el seminario &quot;<a href=\"http:\/\/www.gsma.com\/connectedliving\/mobile-world-capital-mhealth-competence-center-at-congress\/\">Implementing mHealth<\/a>&quot; del GSMA en la Fira Gran Via. El <a href=\"http:\/\/www.ministerialprogramme.com\/\">Ministerial Programme<\/a> tambi\u00e9n incluye un taller tem\u00e1tico sobre salud m\u00f3vil.&nbsp;<\/p>\n<p>La Fundaci\u00f3n TicSalut tendr\u00e1 un papel activo durante todo el MWC.<\/p>\n<h4>La agenda de la mHealth en el MWC14<\/h4>\n<h2>Lunes, 24 de febrero de 2014<\/h2>\n<ul>\n<li><a href=\"http:\/\/www.mobileworldcongress.com\/mpowered-industries-keynotes\/\"><strong>mPowered Industry Keynotes<\/strong><\/a><\/li>\n<\/ul>\n<p style=\"margin-left: 40px;\"><em>Marcas, Marketing y Media en el M\u00f3vil. El poder transformador del m\u00f3vil: casos de \u00e9xito globales de estudio<\/em><\/p>\n<p style=\"margin-left: 40px;\">Participar\u00e1n el Dr. Oliver Harrison (Ithaca Health), Michael Cohen-Duman (Oral-B, P&amp;G ) y Vinayak Prasad (OMS).<\/p>\n<p style=\"margin-left: 40px;\"><strong>Lugar: Hall M5 &#8211; Feria de Montju\u00efc. Hora: 14.00h &#8211; 17.15h<\/strong><\/p>\n<ul>\n<li><a href=\"http:\/\/www.ministerialprogramme.com\/\"><strong>Taller tem\u00e1tico de Salud M\u00f3vil &#8211; Ministerial Programme<\/strong><\/a><\/li>\n<\/ul>\n<p style=\"margin-left: 40px;\">Este es un programa paralelo al MWC. Se trata de una plataforma \u00fanica donde se re\u00fanen los l\u00edderes m\u00e1s influyentes del sector de las TIC, las instituciones gubernamentales y otros sectores implicados.<\/p>\n<p style=\"margin-left: 40px;\"><strong>Lugar: Auditorio B. Fira Gran Via.<\/strong><\/p>\n<h2>Martes 25 de febrero de 2014<\/h2>\n<ul>\n<li><strong><a href=\"http:\/\/www.b2match.eu\/echalliance-at-mobileworldcongress2014\">Health &amp; Wellness ECHAlliance @ Mobile World Congress 2014<\/a><\/strong><\/li>\n<\/ul>\n<p style=\"margin-left: 40px;\">Por primera vez se celebra este evento centrado en la salud y el bienestar, que quiere ser el punto de encuentro en el congreso de los agentes implicados en la mHealth. Se identificar\u00e1n los obst\u00e1culos que retrasan el progreso de la salud m\u00f3vil, con el fin de eliminarlos, y se buscar\u00e1n oportunidades para la industria y ciudadanos.<\/p>\n<p style=\"margin-left: 40px;\">En las sesiones del martes, destacan ponentes como Mich\u00e8le Delaunay, ministro de Francia responsable de las personas mayores; C\u00e9line Deswarte, responsable de pol\u00edticas de salud y bienestar de la DG CONNECT de la Comisi\u00f3n Europea, o el profesor Georges Crooks, director m\u00e9dico del NHS 24 &#8211; Uk.<\/p>\n<p style=\"margin-left: 40px;\"><strong>Lugar: Hall H8 &#8211; Feria de Montju\u00efc. Hora: 09.00h &#8211; 19.00h<\/strong><\/p>\n<h2>Mi\u00e9rcoles, 26 de febrero de 2014<\/h2>\n<ul>\n<li><strong><a href=\"http:\/\/www.gsma.com\/connectedliving\/mhealth-in-the-gsma-seminars-2\/\">Seminario GSMA. Connected Living Mobilising the Internet of Things.<\/a><\/strong><\/li>\n<\/ul>\n<p style=\"margin-left: 40px;\">El Internet de las Cosas jugar\u00e1 un papel importante en la salud en el futuro. Se tratar\u00e1n temas de telecomunicaciones, est\u00e1ndares y retos para los operadores y sectores adyacentes, en un mercado con un crecimiento muy r\u00e1pido.<\/p>\n<p style=\"margin-left: 40px;\"><strong>Lugar: Seminar Theatre 1 CC1.1 &#8211; Feria de Montju\u00efc. Hora: 08.30h &#8211; 12.15h<\/strong><\/p>\n<ul>\n<li><strong><a href=\"http:\/\/www.b2match.eu\/echalliance-at-mobileworldcongress2014\">Health &amp; Wellness ECHAlliance @ Mobile World Congress 2014<\/a><\/strong><\/li>\n<\/ul>\n<p style=\"margin-left: 40px;\">En la sesi\u00f3n del mi\u00e9rcoles, se abordar\u00e1n casos de \u00e9xito de uso de tecnolog\u00edas m\u00f3viles para la promoci\u00f3n de la salud, prevenci\u00f3n, educaci\u00f3n, detecci\u00f3n de enfermedades y gesti\u00f3n sanitaria. Tambi\u00e9n se hablar\u00e1 de atenci\u00f3n sanitaria remota y de financiaci\u00f3n. A las 15.45h se har\u00e1 una sesi\u00f3n para analizar las conclusiones de los dos d\u00edas de conferencias y keynotes. En el marco de las jornadas de ECHAlliance se ha organizado un Marketplace y un Speaker&#39;s Corner.<\/p>\n<p style=\"margin-left: 40px;\">Participar\u00e1n expertos como Michael Strubin, director de proyectos de mHealth de GSMA, Joan Cornet, director del Competence Centre en mHealth de la Fundaci\u00f3n MWC Barcelona, o Brian O&#39;Connor, presidente de la ECHAlliance.<\/p>\n<p style=\"margin-left: 40px;\"><strong>Lugar: Hall H8 &#8211; Feria de Montju\u00efc. Hora: 09.00h &#8211; 16.00h.<\/strong><\/p>\n<h2>Jueves, 27 de febrero de 2014<\/h2>\n<ul>\n<li><strong><a href=\"http:\/\/www.gsma.com\/connectedliving\/mobile-world-capital-mhealth-competence-center-at-congress\/\">Seminario GSMA. Mobile World Capital: Implementing mHealth<\/a><\/strong><\/li>\n<\/ul>\n<p style=\"margin-left: 40px;\">Durante este seminario, se presentar\u00e1 la evoluci\u00f3n del <strong>Competence Centre en mHealth de Barcelona<\/strong>, con la participaci\u00f3n de expertos en este \u00e1mbito. Se hablar\u00e1 de la <strong>Carpeta Personal de Salud<\/strong> y las pruebas pilotos que se est\u00e1n llevando a cabo en Catalu\u00f1a, el <strong>iCOR project<\/strong> para la asistencia y seguimiento de pacientes con enfermedades cardiovasculares, las <strong>tarjetas electr\u00f3nicas para los reci\u00e9n nacidos<\/strong>, y el proyecto<strong> Zero Maternal Mortality<\/strong>, dirigido a las mujeres en \u00c1frica. Adem\u00e1s, se introducir\u00e1 a los asistentes el&nbsp;<strong>Task Force for mHealth Deployment<\/strong>.<\/p>\n<p style=\"margin-left: 40px;\"><strong>Lugar: Teatro 2, CC1.1 &#8211; Feria de Montju\u00efc. Hora: 08.30h &#8211; 10.30h.<\/strong><\/p>\n<h3>Exposiciones:&nbsp;<\/h3>\n<ul>\n<li><strong>Hall M8 (mPowered Industries). Feria de Montju\u00efc:&nbsp;<\/strong>European Connected Health Alliance<\/li>\n<li><strong>Hall Congress Square. Feria de Montju\u00efc:<\/strong>\n<ul>\n<li>Health &amp; Sportlab<\/li>\n<li>Primum Health\/Minerva<\/li>\n<li>FitBit<\/li>\n<\/ul>\n<\/li>\n<\/ul>\n","protected":false},"author":21,"featured_media":6690,"menu_order":0,"template":"","meta":{"_acf_changed":false,"inline_featured_image":false},"etiqueta":[],"tipus":[],"topic":[],"class_list":["post-1248","noticia","type-noticia","status-publish","has-post-thumbnail","hentry"],"acf":{"imatge":6690,"autor":"Adri\u00e0 G.Font"},"yoast_head":"<!-- This site is optimized with the Yoast SEO plugin v27.1.1 - https:\/\/yoast.com\/product\/yoast-seo-wordpress\/ -->\n<title>La salud tiene cada vez m\u00e1s protagonismo en el Mobile World Congress - Fundaci\u00f3 TIC Salut i Social<\/title>\n<meta name=\"robots\" content=\"index, follow, max-snippet:-1, max-image-preview:large, max-video-preview:-1\" \/>\n<link rel=\"canonical\" href=\"https:\/\/ticsalutsocial.atoom.space\/es\/noticia\/la-salud-tiene-cada-vez-mas-protagonismo-en-el-mobile-world-congress\/\" \/>\n<meta property=\"og:locale\" content=\"es_ES\" \/>\n<meta property=\"og:type\" content=\"article\" \/>\n<meta property=\"og:title\" content=\"La salud tiene cada vez m\u00e1s protagonismo en el Mobile World Congress - Fundaci\u00f3 TIC Salut i Social\" \/>\n<meta property=\"og:description\" content=\"De algunos pocos actos a convertirse en uno de los temas destacados de la agenda del Mobile World Congress: se hablar\u00e1 de salud durante todos los d\u00edas del evento, en mayor o menor grado, en la edici\u00f3n de 2014. As\u00ed, el congreso de la capital del m\u00f3vil vuelve a ser una cita ineludible para los [&hellip;]\" \/>\n<meta property=\"og:url\" content=\"https:\/\/ticsalutsocial.atoom.space\/es\/noticia\/la-salud-tiene-cada-vez-mas-protagonismo-en-el-mobile-world-congress\/\" \/>\n<meta property=\"og:site_name\" content=\"Fundaci\u00f3 TIC Salut i Social\" \/>\n<meta property=\"article:modified_time\" content=\"2021-07-21T13:25:40+00:00\" \/>\n<meta property=\"og:image\" content=\"https:\/\/ticsalutsocial.atoom.space\/wp-content\/uploads\/2014\/02\/echalliance-health-wellness-mwc2014_centre_79_56.jpg\" \/>\n\t<meta property=\"og:image:width\" content=\"499\" \/>\n\t<meta property=\"og:image:height\" content=\"333\" \/>\n\t<meta property=\"og:image:type\" content=\"image\/jpeg\" \/>\n<meta name=\"twitter:card\" content=\"summary_large_image\" \/>\n<meta name=\"twitter:label1\" content=\"Tiempo de lectura\" \/>\n\t<meta name=\"twitter:data1\" content=\"4 minutos\" \/>\n<script type=\"application\/ld+json\" class=\"yoast-schema-graph\">{\"@context\":\"https:\/\/schema.org\",\"@graph\":[{\"@type\":\"WebPage\",\"@id\":\"https:\/\/ticsalutsocial.atoom.space\/es\/noticia\/la-salud-tiene-cada-vez-mas-protagonismo-en-el-mobile-world-congress\/\",\"url\":\"https:\/\/ticsalutsocial.atoom.space\/es\/noticia\/la-salud-tiene-cada-vez-mas-protagonismo-en-el-mobile-world-congress\/\",\"name\":\"La salud tiene cada vez m\u00e1s protagonismo en el Mobile World Congress - Fundaci\u00f3 TIC Salut i Social\",\"isPartOf\":{\"@id\":\"https:\/\/ticsalutsocial.atoom.space\/es\/#website\"},\"primaryImageOfPage\":{\"@id\":\"https:\/\/ticsalutsocial.atoom.space\/es\/noticia\/la-salud-tiene-cada-vez-mas-protagonismo-en-el-mobile-world-congress\/#primaryimage\"},\"image\":{\"@id\":\"https:\/\/ticsalutsocial.atoom.space\/es\/noticia\/la-salud-tiene-cada-vez-mas-protagonismo-en-el-mobile-world-congress\/#primaryimage\"},\"thumbnailUrl\":\"https:\/\/ticsalutsocial.atoom.space\/wp-content\/uploads\/2014\/02\/echalliance-health-wellness-mwc2014_centre_79_56.jpg\",\"datePublished\":\"2014-02-13T14:51:03+00:00\",\"dateModified\":\"2021-07-21T13:25:40+00:00\",\"breadcrumb\":{\"@id\":\"https:\/\/ticsalutsocial.atoom.space\/es\/noticia\/la-salud-tiene-cada-vez-mas-protagonismo-en-el-mobile-world-congress\/#breadcrumb\"},\"inLanguage\":\"es\",\"potentialAction\":[{\"@type\":\"ReadAction\",\"target\":[\"https:\/\/ticsalutsocial.atoom.space\/es\/noticia\/la-salud-tiene-cada-vez-mas-protagonismo-en-el-mobile-world-congress\/\"]}]},{\"@type\":\"ImageObject\",\"inLanguage\":\"es\",\"@id\":\"https:\/\/ticsalutsocial.atoom.space\/es\/noticia\/la-salud-tiene-cada-vez-mas-protagonismo-en-el-mobile-world-congress\/#primaryimage\",\"url\":\"https:\/\/ticsalutsocial.atoom.space\/wp-content\/uploads\/2014\/02\/echalliance-health-wellness-mwc2014_centre_79_56.jpg\",\"contentUrl\":\"https:\/\/ticsalutsocial.atoom.space\/wp-content\/uploads\/2014\/02\/echalliance-health-wellness-mwc2014_centre_79_56.jpg\",\"width\":499,\"height\":333},{\"@type\":\"BreadcrumbList\",\"@id\":\"https:\/\/ticsalutsocial.atoom.space\/es\/noticia\/la-salud-tiene-cada-vez-mas-protagonismo-en-el-mobile-world-congress\/#breadcrumb\",\"itemListElement\":[{\"@type\":\"ListItem\",\"position\":1,\"name\":\"Inici\",\"item\":\"https:\/\/ticsalutsocial.atoom.space\/es\/\"},{\"@type\":\"ListItem\",\"position\":2,\"name\":\"La salud tiene cada vez m\u00e1s protagonismo en el Mobile World Congress\"}]},{\"@type\":\"WebSite\",\"@id\":\"https:\/\/ticsalutsocial.atoom.space\/es\/#website\",\"url\":\"https:\/\/ticsalutsocial.atoom.space\/es\/\",\"name\":\"Fundaci\u00f3 TIC Salut i Social\",\"description\":\"\",\"potentialAction\":[{\"@type\":\"SearchAction\",\"target\":{\"@type\":\"EntryPoint\",\"urlTemplate\":\"https:\/\/ticsalutsocial.atoom.space\/es\/?s={search_term_string}\"},\"query-input\":{\"@type\":\"PropertyValueSpecification\",\"valueRequired\":true,\"valueName\":\"search_term_string\"}}],\"inLanguage\":\"es\"}]}<\/script>\n<!-- \/ Yoast SEO plugin. -->","yoast_head_json":{"title":"La salud tiene cada vez m\u00e1s protagonismo en el Mobile World Congress - Fundaci\u00f3 TIC Salut i Social","robots":{"index":"index","follow":"follow","max-snippet":"max-snippet:-1","max-image-preview":"max-image-preview:large","max-video-preview":"max-video-preview:-1"},"canonical":"https:\/\/ticsalutsocial.atoom.space\/es\/noticia\/la-salud-tiene-cada-vez-mas-protagonismo-en-el-mobile-world-congress\/","og_locale":"es_ES","og_type":"article","og_title":"La salud tiene cada vez m\u00e1s protagonismo en el Mobile World Congress - Fundaci\u00f3 TIC Salut i Social","og_description":"De algunos pocos actos a convertirse en uno de los temas destacados de la agenda del Mobile World Congress: se hablar\u00e1 de salud durante todos los d\u00edas del evento, en mayor o menor grado, en la edici\u00f3n de 2014. As\u00ed, el congreso de la capital del m\u00f3vil vuelve a ser una cita ineludible para los [&hellip;]","og_url":"https:\/\/ticsalutsocial.atoom.space\/es\/noticia\/la-salud-tiene-cada-vez-mas-protagonismo-en-el-mobile-world-congress\/","og_site_name":"Fundaci\u00f3 TIC Salut i Social","article_modified_time":"2021-07-21T13:25:40+00:00","og_image":[{"width":499,"height":333,"url":"https:\/\/ticsalutsocial.atoom.space\/wp-content\/uploads\/2014\/02\/echalliance-health-wellness-mwc2014_centre_79_56.jpg","type":"image\/jpeg"}],"twitter_card":"summary_large_image","twitter_misc":{"Tiempo de lectura":"4 minutos"},"schema":{"@context":"https:\/\/schema.org","@graph":[{"@type":"WebPage","@id":"https:\/\/ticsalutsocial.atoom.space\/es\/noticia\/la-salud-tiene-cada-vez-mas-protagonismo-en-el-mobile-world-congress\/","url":"https:\/\/ticsalutsocial.atoom.space\/es\/noticia\/la-salud-tiene-cada-vez-mas-protagonismo-en-el-mobile-world-congress\/","name":"La salud tiene cada vez m\u00e1s protagonismo en el Mobile World Congress - Fundaci\u00f3 TIC Salut i Social","isPartOf":{"@id":"https:\/\/ticsalutsocial.atoom.space\/es\/#website"},"primaryImageOfPage":{"@id":"https:\/\/ticsalutsocial.atoom.space\/es\/noticia\/la-salud-tiene-cada-vez-mas-protagonismo-en-el-mobile-world-congress\/#primaryimage"},"image":{"@id":"https:\/\/ticsalutsocial.atoom.space\/es\/noticia\/la-salud-tiene-cada-vez-mas-protagonismo-en-el-mobile-world-congress\/#primaryimage"},"thumbnailUrl":"https:\/\/ticsalutsocial.atoom.space\/wp-content\/uploads\/2014\/02\/echalliance-health-wellness-mwc2014_centre_79_56.jpg","datePublished":"2014-02-13T14:51:03+00:00","dateModified":"2021-07-21T13:25:40+00:00","breadcrumb":{"@id":"https:\/\/ticsalutsocial.atoom.space\/es\/noticia\/la-salud-tiene-cada-vez-mas-protagonismo-en-el-mobile-world-congress\/#breadcrumb"},"inLanguage":"es","potentialAction":[{"@type":"ReadAction","target":["https:\/\/ticsalutsocial.atoom.space\/es\/noticia\/la-salud-tiene-cada-vez-mas-protagonismo-en-el-mobile-world-congress\/"]}]},{"@type":"ImageObject","inLanguage":"es","@id":"https:\/\/ticsalutsocial.atoom.space\/es\/noticia\/la-salud-tiene-cada-vez-mas-protagonismo-en-el-mobile-world-congress\/#primaryimage","url":"https:\/\/ticsalutsocial.atoom.space\/wp-content\/uploads\/2014\/02\/echalliance-health-wellness-mwc2014_centre_79_56.jpg","contentUrl":"https:\/\/ticsalutsocial.atoom.space\/wp-content\/uploads\/2014\/02\/echalliance-health-wellness-mwc2014_centre_79_56.jpg","width":499,"height":333},{"@type":"BreadcrumbList","@id":"https:\/\/ticsalutsocial.atoom.space\/es\/noticia\/la-salud-tiene-cada-vez-mas-protagonismo-en-el-mobile-world-congress\/#breadcrumb","itemListElement":[{"@type":"ListItem","position":1,"name":"Inici","item":"https:\/\/ticsalutsocial.atoom.space\/es\/"},{"@type":"ListItem","position":2,"name":"La salud tiene cada vez m\u00e1s protagonismo en el Mobile World Congress"}]},{"@type":"WebSite","@id":"https:\/\/ticsalutsocial.atoom.space\/es\/#website","url":"https:\/\/ticsalutsocial.atoom.space\/es\/","name":"Fundaci\u00f3 TIC Salut i Social","description":"","potentialAction":[{"@type":"SearchAction","target":{"@type":"EntryPoint","urlTemplate":"https:\/\/ticsalutsocial.atoom.space\/es\/?s={search_term_string}"},"query-input":{"@type":"PropertyValueSpecification","valueRequired":true,"valueName":"search_term_string"}}],"inLanguage":"es"}]}},"_links":{"self":[{"href":"https:\/\/ticsalutsocial.atoom.space\/es\/wp-json\/wp\/v2\/noticia\/1248","targetHints":{"allow":["GET"]}}],"collection":[{"href":"https:\/\/ticsalutsocial.atoom.space\/es\/wp-json\/wp\/v2\/noticia"}],"about":[{"href":"https:\/\/ticsalutsocial.atoom.space\/es\/wp-json\/wp\/v2\/types\/noticia"}],"author":[{"embeddable":true,"href":"https:\/\/ticsalutsocial.atoom.space\/es\/wp-json\/wp\/v2\/users\/21"}],"wp:featuredmedia":[{"embeddable":true,"href":"https:\/\/ticsalutsocial.atoom.space\/es\/wp-json\/wp\/v2\/media\/6690"}],"wp:attachment":[{"href":"https:\/\/ticsalutsocial.atoom.space\/es\/wp-json\/wp\/v2\/media?parent=1248"}],"wp:term":[{"taxonomy":"etiqueta","embeddable":true,"href":"https:\/\/ticsalutsocial.atoom.space\/es\/wp-json\/wp\/v2\/etiqueta?post=1248"},{"taxonomy":"tipus","embeddable":true,"href":"https:\/\/ticsalutsocial.atoom.space\/es\/wp-json\/wp\/v2\/tipus?post=1248"},{"taxonomy":"topic","embeddable":true,"href":"https:\/\/ticsalutsocial.atoom.space\/es\/wp-json\/wp\/v2\/topic?post=1248"}],"curies":[{"name":"wp","href":"https:\/\/api.w.org\/{rel}","templated":true}]}}