
{"id":1253,"date":"2014-03-12T19:30:36","date_gmt":"2014-03-12T17:30:36","guid":{"rendered":"https:\/\/ticsalutsocial.atoom.space\/?post_type=noticia&#038;p=1253"},"modified":"2021-07-21T15:25:42","modified_gmt":"2021-07-21T13:25:42","slug":"ticsalut-presenta-en-el-mwc-una-solucion-movil-para-autentificar-la-identidad-en-el-acceso-al-canal-personal-de-salud","status":"publish","type":"noticia","link":"https:\/\/ticsalutsocial.atoom.space\/es\/noticia\/ticsalut-presenta-en-el-mwc-una-solucion-movil-para-autentificar-la-identidad-en-el-acceso-al-canal-personal-de-salud\/","title":{"rendered":"TicSalut presenta en el MWC una soluci\u00f3n m\u00f3vil para autentificar la identidad en el acceso al Canal Personal de Salud"},"content":{"rendered":"<p>Gracias a Mobile Connect, <strong>los ciudadanos catalanes podr\u00e1n acceder a sus datos m\u00e9dicos con total seguridad, <\/strong>mediante la autentificaci\u00f3n con el tel\u00e9fono m\u00f3vil en el acceso al Canal Personal de Salud. Esto tambi\u00e9n les permitir\u00e1 interactuar con los profesionales de la salud, tal y como ha anunciado el Director de la Fundaci\u00f3n TicSalut, el Dr. Francesc Garc\u00eda Cuy\u00e0s, durante el Mobile World Congress. Este banco de pruebas real cuenta con una base de usuarios potenciales de cinco millones de ciudadanos.<\/p>\n<p><strong>&quot;La movilidad es uno de los elementos clave que nos llevar\u00e1n hacia el futuro en salud, ya que refuerza el papel activo de los ciudadanos en la gesti\u00f3n de su salud&quot;<\/strong>, ha declarado el Dr. Garc\u00eda Cuy\u00e0s. Gracias a esta iniciativa en el \u00e1rea de salud m\u00f3vil, adem\u00e1s de facilitar el acceso de los pacientes a las propias historias m\u00e9dicas, se crear\u00e1 el entorno adecuado para poner en marcha nuevos servicios y aplicaciones dirigidas a los ciudadanos.<\/p>\n<p>M\u00e1s concretamente, Mobile Connect es una soluci\u00f3n basada en la tarjeta SIM que funciona en cualquier tel\u00e9fono con cobertura m\u00f3vil b\u00e1sica. El sistema estar\u00e1 completamente integrado en el tel\u00e9fono m\u00f3vil, <strong>con el objetivo de que los datos del usuario no queden en manos de los operadores ni se compartan involuntariamente con terceras personas.<\/strong> Esta caracter\u00edstica la hace especialmente \u00fatil para ciertos sectores como la salud, la banca o la Administraci\u00f3n, que necesitan trabajar con sistemas de seguridad y protecci\u00f3n de datos robustos y fiables.<\/p>\n<p>Por otra parte, el servicio Mobile Connect utilizar\u00e1 el <strong>protocolo OpenID<\/strong>, que permite la interoperabilidad entre operadores m\u00f3viles y proveedores de servicios, adem\u00e1s de garantizar una experiencia sin incidencias para los usuarios.<\/p>\n<p><strong>&quot;El acceso seguro a los registros personales de salud es nuestra prioridad.<\/strong> Estamos contentos de que iniciativas como la de Mobile Connect nos hagan m\u00e1s f\u00e1cil el camino, ofreci\u00e9ndonos una soluci\u00f3n simple e interoperable&quot;, seg\u00fan Joan Cornet, director del <a href=\"http:\/\/www.mobilehealthglobal.com\/who-we-are\/\">Competence Centre en mHealth<\/a> de la <a href=\"http:\/\/mobileworldcapital.com\/\">Fundaci\u00f3n Mobile World Capital Barcelona<\/a>. Anne Bouveron, directora general de <a href=\"http:\/\/www.gsma.com\/\">GSMA<\/a>, ha a\u00f1adido que &quot;los operadores m\u00f3viles pueden proporcionar las capacidades de autentificaci\u00f3n que hacen falta para hacer posible que los ciudadanos, empresas y la administraci\u00f3n interact\u00faen y puedan acceder a servicios en un entorno privado, seguro y de confianza&quot;.<\/p>\n<p>El proyecto nace en el marco de la <a href=\"http:\/\/www.gsma.com\/newsroom\/leading-mobile-operators-unveil-mobile-connect-initiative\/\">GSMA Mobile Connect Initiative<\/a>, con el objetivo de crear nuevas soluciones con consistencia e interoperabilidad para gestionar la identidad digital. La iniciativa cuenta con el apoyo de los principales operadores m\u00f3viles y otros actores del ecosistema TIC, como Dailymotion, Deezer, Gemalto, Giesecke &amp; Devrient, Morpho, Oberthur y VALID.<\/p>\n<p>&nbsp;<\/p>\n<h2>Presencia activa de la Fundaci\u00f3n TicSalut en el Mobile World Congress&nbsp;<\/h2>\n<p>Adem\u00e1s de presentar el proyecto piloto de Mobile Connect, la Fundaci\u00f3n TicSalut ha participado activamente en los actos sobre mHealth programados durante el Mobile World Congress 2014.<\/p>\n<p><img decoding=\"async\" alt=\"\" src=\"\/media\/upload\/\/imatges\/flashticsalut\/ticsalut1.jpg\" \/>Durante las jornadas <a href=\"http:\/\/www.b2match.eu\/echalliance-at-mobileworldcongress2014\">Health &amp; Wellness<\/a>, organizadas por <a href=\"http:\/\/www.echalliance.com\/\">ECHAlliance<\/a>, <strong>Tino Mart\u00edn, del \u00c1rea Internacional de TicSalut<\/strong> ofreci\u00f3 una<a href=\"http:\/\/www.b2match.eu\/system\/echalliance-at-mobileworldcongress2014\/files\/1.TINO_MART_MWC_2014_TM_Secure_Font.pdf?1393844952\"> keynote sobre las pol\u00edticas de salud conectada y salud m\u00f3viles de Catalunya<\/a>, adem\u00e1s de hacer una introducci\u00f3n a la estrategia de eSalud en torno al Canal Personal de Salud. Adem\u00e1s, se presentaron los resultados del <strong>proyecto Tel\u00e8mac<\/strong>, del Institut Catal\u00e0 de la Salut.<\/p>\n<p>En el GSMA Seminar &ldquo;Implementing mHealth&rdquo;, el <strong>Dr. Jordi Mart\u00ednez, Director de Innovaci\u00f3n de la Fundaci\u00f3n TicSalut,<\/strong> habl\u00f3 sobre los retos m\u00e1s importantes de la Carpeta Personal de Salud: lograr la interoperabilidad del sistema y facilitar el acceso al usuario final, tanto adulto como menor de edad. Por otra parte, el Departament de Salut present\u00f3 <a href=\"http:\/\/www.ticsalut.cat\/actualitat\/noticies\/seccio\/31\/63\/el-departament-de-salut-presenta-la-primera-aplicacio-mobil-que-facilitara-el-compliment-del-calendari-de-vacunacions\">la primera aplicaci\u00f3n m\u00f3vil para facilitar el cumplimiento del calendario de vacunaci\u00f3n<\/a>, que cuenta con la colaboraci\u00f3n de Sanofi Pasteur MSD.<\/p>\n<h2>M\u00e1s informaci\u00f3n<\/h2>\n<p>Leading mobile operators unveil GSMA Mobile Connect Initiative to provide consistent and interoperable approach to managing digital identity. GSMA, 24 de febrero de 2014 [acceso: 10 de marzo de 2014]. Disponible en: <a href=\"http:\/\/www.gsma.com\/newsroom\/leading-mobile-operators-unveil-mobile-connect-initiative\/\">http:\/\/www.gsma.com\/ &#8230;<\/a><\/p>\n","protected":false},"author":21,"featured_media":6693,"menu_order":0,"template":"","meta":{"_acf_changed":false,"inline_featured_image":false},"etiqueta":[],"tipus":[],"topic":[],"class_list":["post-1253","noticia","type-noticia","status-publish","has-post-thumbnail","hentry"],"acf":{"imatge":6693,"autor":"Adri\u00e0 G.Font"},"yoast_head":"<!-- This site is optimized with the Yoast SEO plugin v27.1.1 - https:\/\/yoast.com\/product\/yoast-seo-wordpress\/ -->\n<title>TicSalut presenta en el MWC una soluci\u00f3n m\u00f3vil para autentificar la identidad en el acceso al Canal Personal de Salud - Fundaci\u00f3 TIC Salut i Social<\/title>\n<meta name=\"robots\" content=\"index, follow, max-snippet:-1, max-image-preview:large, max-video-preview:-1\" \/>\n<link rel=\"canonical\" href=\"https:\/\/ticsalutsocial.atoom.space\/es\/noticia\/ticsalut-presenta-en-el-mwc-una-solucion-movil-para-autentificar-la-identidad-en-el-acceso-al-canal-personal-de-salud\/\" \/>\n<meta property=\"og:locale\" content=\"es_ES\" \/>\n<meta property=\"og:type\" content=\"article\" \/>\n<meta property=\"og:title\" content=\"TicSalut presenta en el MWC una soluci\u00f3n m\u00f3vil para autentificar la identidad en el acceso al Canal Personal de Salud - Fundaci\u00f3 TIC Salut i Social\" \/>\n<meta property=\"og:description\" content=\"Gracias a Mobile Connect, los ciudadanos catalanes podr\u00e1n acceder a sus datos m\u00e9dicos con total seguridad, mediante la autentificaci\u00f3n con el tel\u00e9fono m\u00f3vil en el acceso al Canal Personal de Salud. Esto tambi\u00e9n les permitir\u00e1 interactuar con los profesionales de la salud, tal y como ha anunciado el Director de la Fundaci\u00f3n TicSalut, el Dr. [&hellip;]\" \/>\n<meta property=\"og:url\" content=\"https:\/\/ticsalutsocial.atoom.space\/es\/noticia\/ticsalut-presenta-en-el-mwc-una-solucion-movil-para-autentificar-la-identidad-en-el-acceso-al-canal-personal-de-salud\/\" \/>\n<meta property=\"og:site_name\" content=\"Fundaci\u00f3 TIC Salut i Social\" \/>\n<meta property=\"article:modified_time\" content=\"2021-07-21T13:25:42+00:00\" \/>\n<meta property=\"og:image\" content=\"https:\/\/ticsalutsocial.atoom.space\/wp-content\/uploads\/2014\/03\/canalsalut2_centre_79_64.png\" \/>\n\t<meta property=\"og:image:width\" content=\"600\" \/>\n\t<meta property=\"og:image:height\" content=\"200\" \/>\n\t<meta property=\"og:image:type\" content=\"image\/png\" \/>\n<meta name=\"twitter:card\" content=\"summary_large_image\" \/>\n<meta name=\"twitter:label1\" content=\"Tiempo de lectura\" \/>\n\t<meta name=\"twitter:data1\" content=\"4 minutos\" \/>\n<script type=\"application\/ld+json\" class=\"yoast-schema-graph\">{\"@context\":\"https:\/\/schema.org\",\"@graph\":[{\"@type\":\"WebPage\",\"@id\":\"https:\/\/ticsalutsocial.atoom.space\/es\/noticia\/ticsalut-presenta-en-el-mwc-una-solucion-movil-para-autentificar-la-identidad-en-el-acceso-al-canal-personal-de-salud\/\",\"url\":\"https:\/\/ticsalutsocial.atoom.space\/es\/noticia\/ticsalut-presenta-en-el-mwc-una-solucion-movil-para-autentificar-la-identidad-en-el-acceso-al-canal-personal-de-salud\/\",\"name\":\"TicSalut presenta en el MWC una soluci\u00f3n m\u00f3vil para autentificar la identidad en el acceso al Canal Personal de Salud - Fundaci\u00f3 TIC Salut i Social\",\"isPartOf\":{\"@id\":\"https:\/\/ticsalutsocial.atoom.space\/es\/#website\"},\"primaryImageOfPage\":{\"@id\":\"https:\/\/ticsalutsocial.atoom.space\/es\/noticia\/ticsalut-presenta-en-el-mwc-una-solucion-movil-para-autentificar-la-identidad-en-el-acceso-al-canal-personal-de-salud\/#primaryimage\"},\"image\":{\"@id\":\"https:\/\/ticsalutsocial.atoom.space\/es\/noticia\/ticsalut-presenta-en-el-mwc-una-solucion-movil-para-autentificar-la-identidad-en-el-acceso-al-canal-personal-de-salud\/#primaryimage\"},\"thumbnailUrl\":\"https:\/\/ticsalutsocial.atoom.space\/wp-content\/uploads\/2014\/03\/canalsalut2_centre_79_64.png\",\"datePublished\":\"2014-03-12T17:30:36+00:00\",\"dateModified\":\"2021-07-21T13:25:42+00:00\",\"breadcrumb\":{\"@id\":\"https:\/\/ticsalutsocial.atoom.space\/es\/noticia\/ticsalut-presenta-en-el-mwc-una-solucion-movil-para-autentificar-la-identidad-en-el-acceso-al-canal-personal-de-salud\/#breadcrumb\"},\"inLanguage\":\"es\",\"potentialAction\":[{\"@type\":\"ReadAction\",\"target\":[\"https:\/\/ticsalutsocial.atoom.space\/es\/noticia\/ticsalut-presenta-en-el-mwc-una-solucion-movil-para-autentificar-la-identidad-en-el-acceso-al-canal-personal-de-salud\/\"]}]},{\"@type\":\"ImageObject\",\"inLanguage\":\"es\",\"@id\":\"https:\/\/ticsalutsocial.atoom.space\/es\/noticia\/ticsalut-presenta-en-el-mwc-una-solucion-movil-para-autentificar-la-identidad-en-el-acceso-al-canal-personal-de-salud\/#primaryimage\",\"url\":\"https:\/\/ticsalutsocial.atoom.space\/wp-content\/uploads\/2014\/03\/canalsalut2_centre_79_64.png\",\"contentUrl\":\"https:\/\/ticsalutsocial.atoom.space\/wp-content\/uploads\/2014\/03\/canalsalut2_centre_79_64.png\",\"width\":600,\"height\":200},{\"@type\":\"BreadcrumbList\",\"@id\":\"https:\/\/ticsalutsocial.atoom.space\/es\/noticia\/ticsalut-presenta-en-el-mwc-una-solucion-movil-para-autentificar-la-identidad-en-el-acceso-al-canal-personal-de-salud\/#breadcrumb\",\"itemListElement\":[{\"@type\":\"ListItem\",\"position\":1,\"name\":\"Inici\",\"item\":\"https:\/\/ticsalutsocial.atoom.space\/es\/\"},{\"@type\":\"ListItem\",\"position\":2,\"name\":\"TicSalut presenta en el MWC una soluci\u00f3n m\u00f3vil para autentificar la identidad en el acceso al Canal Personal de Salud\"}]},{\"@type\":\"WebSite\",\"@id\":\"https:\/\/ticsalutsocial.atoom.space\/es\/#website\",\"url\":\"https:\/\/ticsalutsocial.atoom.space\/es\/\",\"name\":\"Fundaci\u00f3 TIC Salut i Social\",\"description\":\"\",\"potentialAction\":[{\"@type\":\"SearchAction\",\"target\":{\"@type\":\"EntryPoint\",\"urlTemplate\":\"https:\/\/ticsalutsocial.atoom.space\/es\/?s={search_term_string}\"},\"query-input\":{\"@type\":\"PropertyValueSpecification\",\"valueRequired\":true,\"valueName\":\"search_term_string\"}}],\"inLanguage\":\"es\"}]}<\/script>\n<!-- \/ Yoast SEO plugin. -->","yoast_head_json":{"title":"TicSalut presenta en el MWC una soluci\u00f3n m\u00f3vil para autentificar la identidad en el acceso al Canal Personal de Salud - Fundaci\u00f3 TIC Salut i Social","robots":{"index":"index","follow":"follow","max-snippet":"max-snippet:-1","max-image-preview":"max-image-preview:large","max-video-preview":"max-video-preview:-1"},"canonical":"https:\/\/ticsalutsocial.atoom.space\/es\/noticia\/ticsalut-presenta-en-el-mwc-una-solucion-movil-para-autentificar-la-identidad-en-el-acceso-al-canal-personal-de-salud\/","og_locale":"es_ES","og_type":"article","og_title":"TicSalut presenta en el MWC una soluci\u00f3n m\u00f3vil para autentificar la identidad en el acceso al Canal Personal de Salud - Fundaci\u00f3 TIC Salut i Social","og_description":"Gracias a Mobile Connect, los ciudadanos catalanes podr\u00e1n acceder a sus datos m\u00e9dicos con total seguridad, mediante la autentificaci\u00f3n con el tel\u00e9fono m\u00f3vil en el acceso al Canal Personal de Salud. Esto tambi\u00e9n les permitir\u00e1 interactuar con los profesionales de la salud, tal y como ha anunciado el Director de la Fundaci\u00f3n TicSalut, el Dr. [&hellip;]","og_url":"https:\/\/ticsalutsocial.atoom.space\/es\/noticia\/ticsalut-presenta-en-el-mwc-una-solucion-movil-para-autentificar-la-identidad-en-el-acceso-al-canal-personal-de-salud\/","og_site_name":"Fundaci\u00f3 TIC Salut i Social","article_modified_time":"2021-07-21T13:25:42+00:00","og_image":[{"width":600,"height":200,"url":"https:\/\/ticsalutsocial.atoom.space\/wp-content\/uploads\/2014\/03\/canalsalut2_centre_79_64.png","type":"image\/png"}],"twitter_card":"summary_large_image","twitter_misc":{"Tiempo de lectura":"4 minutos"},"schema":{"@context":"https:\/\/schema.org","@graph":[{"@type":"WebPage","@id":"https:\/\/ticsalutsocial.atoom.space\/es\/noticia\/ticsalut-presenta-en-el-mwc-una-solucion-movil-para-autentificar-la-identidad-en-el-acceso-al-canal-personal-de-salud\/","url":"https:\/\/ticsalutsocial.atoom.space\/es\/noticia\/ticsalut-presenta-en-el-mwc-una-solucion-movil-para-autentificar-la-identidad-en-el-acceso-al-canal-personal-de-salud\/","name":"TicSalut presenta en el MWC una soluci\u00f3n m\u00f3vil para autentificar la identidad en el acceso al Canal Personal de Salud - Fundaci\u00f3 TIC Salut i Social","isPartOf":{"@id":"https:\/\/ticsalutsocial.atoom.space\/es\/#website"},"primaryImageOfPage":{"@id":"https:\/\/ticsalutsocial.atoom.space\/es\/noticia\/ticsalut-presenta-en-el-mwc-una-solucion-movil-para-autentificar-la-identidad-en-el-acceso-al-canal-personal-de-salud\/#primaryimage"},"image":{"@id":"https:\/\/ticsalutsocial.atoom.space\/es\/noticia\/ticsalut-presenta-en-el-mwc-una-solucion-movil-para-autentificar-la-identidad-en-el-acceso-al-canal-personal-de-salud\/#primaryimage"},"thumbnailUrl":"https:\/\/ticsalutsocial.atoom.space\/wp-content\/uploads\/2014\/03\/canalsalut2_centre_79_64.png","datePublished":"2014-03-12T17:30:36+00:00","dateModified":"2021-07-21T13:25:42+00:00","breadcrumb":{"@id":"https:\/\/ticsalutsocial.atoom.space\/es\/noticia\/ticsalut-presenta-en-el-mwc-una-solucion-movil-para-autentificar-la-identidad-en-el-acceso-al-canal-personal-de-salud\/#breadcrumb"},"inLanguage":"es","potentialAction":[{"@type":"ReadAction","target":["https:\/\/ticsalutsocial.atoom.space\/es\/noticia\/ticsalut-presenta-en-el-mwc-una-solucion-movil-para-autentificar-la-identidad-en-el-acceso-al-canal-personal-de-salud\/"]}]},{"@type":"ImageObject","inLanguage":"es","@id":"https:\/\/ticsalutsocial.atoom.space\/es\/noticia\/ticsalut-presenta-en-el-mwc-una-solucion-movil-para-autentificar-la-identidad-en-el-acceso-al-canal-personal-de-salud\/#primaryimage","url":"https:\/\/ticsalutsocial.atoom.space\/wp-content\/uploads\/2014\/03\/canalsalut2_centre_79_64.png","contentUrl":"https:\/\/ticsalutsocial.atoom.space\/wp-content\/uploads\/2014\/03\/canalsalut2_centre_79_64.png","width":600,"height":200},{"@type":"BreadcrumbList","@id":"https:\/\/ticsalutsocial.atoom.space\/es\/noticia\/ticsalut-presenta-en-el-mwc-una-solucion-movil-para-autentificar-la-identidad-en-el-acceso-al-canal-personal-de-salud\/#breadcrumb","itemListElement":[{"@type":"ListItem","position":1,"name":"Inici","item":"https:\/\/ticsalutsocial.atoom.space\/es\/"},{"@type":"ListItem","position":2,"name":"TicSalut presenta en el MWC una soluci\u00f3n m\u00f3vil para autentificar la identidad en el acceso al Canal Personal de Salud"}]},{"@type":"WebSite","@id":"https:\/\/ticsalutsocial.atoom.space\/es\/#website","url":"https:\/\/ticsalutsocial.atoom.space\/es\/","name":"Fundaci\u00f3 TIC Salut i Social","description":"","potentialAction":[{"@type":"SearchAction","target":{"@type":"EntryPoint","urlTemplate":"https:\/\/ticsalutsocial.atoom.space\/es\/?s={search_term_string}"},"query-input":{"@type":"PropertyValueSpecification","valueRequired":true,"valueName":"search_term_string"}}],"inLanguage":"es"}]}},"_links":{"self":[{"href":"https:\/\/ticsalutsocial.atoom.space\/es\/wp-json\/wp\/v2\/noticia\/1253","targetHints":{"allow":["GET"]}}],"collection":[{"href":"https:\/\/ticsalutsocial.atoom.space\/es\/wp-json\/wp\/v2\/noticia"}],"about":[{"href":"https:\/\/ticsalutsocial.atoom.space\/es\/wp-json\/wp\/v2\/types\/noticia"}],"author":[{"embeddable":true,"href":"https:\/\/ticsalutsocial.atoom.space\/es\/wp-json\/wp\/v2\/users\/21"}],"wp:featuredmedia":[{"embeddable":true,"href":"https:\/\/ticsalutsocial.atoom.space\/es\/wp-json\/wp\/v2\/media\/6693"}],"wp:attachment":[{"href":"https:\/\/ticsalutsocial.atoom.space\/es\/wp-json\/wp\/v2\/media?parent=1253"}],"wp:term":[{"taxonomy":"etiqueta","embeddable":true,"href":"https:\/\/ticsalutsocial.atoom.space\/es\/wp-json\/wp\/v2\/etiqueta?post=1253"},{"taxonomy":"tipus","embeddable":true,"href":"https:\/\/ticsalutsocial.atoom.space\/es\/wp-json\/wp\/v2\/tipus?post=1253"},{"taxonomy":"topic","embeddable":true,"href":"https:\/\/ticsalutsocial.atoom.space\/es\/wp-json\/wp\/v2\/topic?post=1253"}],"curies":[{"name":"wp","href":"https:\/\/api.w.org\/{rel}","templated":true}]}}