
{"id":13699,"date":"2022-08-11T14:18:38","date_gmt":"2022-08-11T12:18:38","guid":{"rendered":"https:\/\/ticsalutsocial.atoom.space\/noticia\/interoperabilitat-qualitat-i-sostenibilitat-tres-aspectes-claus-de-la-transformacio-digital-que-garanteix-la-fundacio-al-projecte-innobics-sahs\/"},"modified":"2022-08-11T14:18:38","modified_gmt":"2022-08-11T12:18:38","slug":"interoperabilitat-qualitat-i-sostenibilitat-tres-aspectes-claus-de-la-transformacio-digital-que-garanteix-la-fundacio-al-projecte-innobics-sahs","status":"publish","type":"noticia","link":"https:\/\/ticsalutsocial.atoom.space\/es\/noticia\/interoperabilitat-qualitat-i-sostenibilitat-tres-aspectes-claus-de-la-transformacio-digital-que-garanteix-la-fundacio-al-projecte-innobics-sahs\/","title":{"rendered":"Interoperabilitat, qualitat i sostenibilitat: tres aspectes clau de la transformaci\u00f3 digital que garanteix la Fundaci\u00f3 al projecte INNOBICS-SAHS"},"content":{"rendered":"\n<p>La Fundaci\u00f3 TIC Salut Social \u00e9s una de les nou entitats europees que participen al projecte <a href=\"https:\/\/www.innobics-sahs.eu\/\" target=\"_blank\" rel=\"noreferrer noopener\">INNOBICS-SAHS<\/a>, cofinan\u00e7at per EIT Health i liderat per l\u2019Institut Catal\u00e0 de la Salut de Girona i l\u2019Institut d&#8217;Investigaci\u00f3 Biom\u00e8dica de Girona Dr. Josep Trueta. L\u2019objectiu del projecte \u00e9s millorar el diagn\u00f2stic i tractament de l\u2019apnea obstructiva del son als centres d\u2019atenci\u00f3 prim\u00e0ria.<\/p>\n\n\n\n<p>El responsable d\u2019INNOBICS-SAHS a la Fundaci\u00f3, <strong>Jes\u00fas Berd\u00fan<\/strong>, explica el paper cabdal de la Fundaci\u00f3 en el projecte: <strong>\u201cidentificarem quins s\u00f3n els punts del proc\u00e9s assistencial que es poden complementar amb la tecnologia, assegurant que aquest nou proc\u00e9s assistencial suportat per la tecnologia sigui interoperable i garanteixi els m\u00ednims de qualitat i sostenibilitat tant per al sector sanitari com per a l\u2019entorn del pacient\u201d.<\/strong><\/p>\n\n\n\n<figure class=\"wp-block-embed is-type-video is-provider-youtube wp-block-embed-youtube wp-embed-aspect-16-9 wp-has-aspect-ratio\"><div class=\"wp-block-embed__wrapper\">\n<iframe loading=\"lazy\" title=\"El paper de la Fundaci\u00f3 TIC Salut Social al projecte INNOBICS-SAHS sobre apnea obstructiva del son\" width=\"500\" height=\"281\" src=\"https:\/\/www.youtube.com\/embed\/sa6hRVmYI24?feature=oembed\" frameborder=\"0\" allow=\"accelerometer; autoplay; clipboard-write; encrypted-media; gyroscope; picture-in-picture; web-share\" referrerpolicy=\"strict-origin-when-cross-origin\" allowfullscreen><\/iframe>\n<\/div><\/figure>\n\n\n\n<p>El projecte facilitar\u00e0 la transformaci\u00f3 digital del proc\u00e9s diagn\u00f2stic mitjan\u00e7ant la integraci\u00f3 de dades i la creaci\u00f3 d\u2019una unitat virtual de suport. Un fet que permetr\u00e0 dotar d&#8217;eines l\u2019atenci\u00f3 prim\u00e0ria per millorar el proc\u00e9s assistencial, i reportar\u00e0 beneficis directes per als pacients.<\/p>\n\n\n\n<p>L\u2019apnea obstructiva del son \u00e9s el trastorn respiratori m\u00e9s com\u00fa relacionat amb el son i \u00e9s causada per un col\u00b7lapse repetitiu de les vies respirat\u00f2ries superiors durant el son. S\u2019estima que afecta una de cada quatre persones de 30 a 70 anys, i comporta una elevada mortalitat i morbiditat si no es tracta a temps. Segons els investigadors, actualment nom\u00e9s es diagnostiquen el 10% dels casos a les unitats hospital\u00e0ries especialitzades a l\u2019Estat espanyol, que acostumen a tenir llistes d\u2019espera superiors a un any. INNOBICS-SAHS s\u2019ha proposat millorar en un 300% el seu diagn\u00f2stic.<\/p>\n\n\n\n<h2 class=\"wp-block-heading\"><strong>M\u00e9s informaci\u00f3 sobre el projecte:<\/strong><\/h2>\n\n\n\n<p><a href=\"https:\/\/ticsalutsocial.atoom.space\/noticia\/girona-lidera-un-nou-projecte-europeu-per-millorar-el-diagnostic-i-tractament-de-lapnea-obstructiva-del-son\/\">Nota de premsa sobre l\u2019inici del projecte<\/a><br><a href=\"https:\/\/innobics-sahs.eu\/\" target=\"_blank\" rel=\"noreferrer noopener\">P\u00e0gina web d\u2019INNOBICS-SAHS<\/a><\/p>\n\n\n\n<p><\/p>\n","protected":false},"author":12,"featured_media":12998,"menu_order":0,"template":"","meta":{"_acf_changed":false,"inline_featured_image":false},"etiqueta":[],"tipus":[],"topic":[126],"class_list":["post-13699","noticia","type-noticia","status-publish","has-post-thumbnail","hentry","topic-implementacio"],"acf":{"autor":"","imatge":null,"textos_destacats":"","documents":null,"shortcode_cf":null,"finalitzat":"0","tipus_plantilla":"objectius","frase_intro":null,"template_seccions":null,"template_objectius":""},"yoast_head":"<!-- This site is optimized with the Yoast SEO plugin v27.1.1 - https:\/\/yoast.com\/product\/yoast-seo-wordpress\/ -->\n<title>Interoperabilitat, qualitat i sostenibilitat: tres aspectes clau de la transformaci\u00f3 digital que garanteix la Fundaci\u00f3 al projecte INNOBICS-SAHS - Fundaci\u00f3 TIC Salut i Social<\/title>\n<meta name=\"description\" content=\"La Fundaci\u00f3 TIC Salut Social \u00e9s una de les nou entitats europees que participen al projecte INNOBICS-SAHS sobre l&#039;apnea del son, cofinan\u00e7at per EIT Health.\" \/>\n<meta name=\"robots\" content=\"index, follow, max-snippet:-1, max-image-preview:large, max-video-preview:-1\" \/>\n<link rel=\"canonical\" href=\"https:\/\/ticsalutsocial.atoom.space\/es\/noticia\/interoperabilitat-qualitat-i-sostenibilitat-tres-aspectes-claus-de-la-transformacio-digital-que-garanteix-la-fundacio-al-projecte-innobics-sahs\/\" \/>\n<meta property=\"og:locale\" content=\"es_ES\" \/>\n<meta property=\"og:type\" content=\"article\" \/>\n<meta property=\"og:title\" content=\"Interoperabilitat, qualitat i sostenibilitat: tres aspectes clau de la transformaci\u00f3 digital que garanteix la Fundaci\u00f3 al projecte INNOBICS-SAHS - Fundaci\u00f3 TIC Salut i Social\" \/>\n<meta property=\"og:description\" content=\"La Fundaci\u00f3 TIC Salut Social \u00e9s una de les nou entitats europees que participen al projecte INNOBICS-SAHS sobre l&#039;apnea del son, cofinan\u00e7at per EIT Health.\" \/>\n<meta property=\"og:url\" content=\"https:\/\/ticsalutsocial.atoom.space\/es\/noticia\/interoperabilitat-qualitat-i-sostenibilitat-tres-aspectes-claus-de-la-transformacio-digital-que-garanteix-la-fundacio-al-projecte-innobics-sahs\/\" \/>\n<meta property=\"og:site_name\" content=\"Fundaci\u00f3 TIC Salut i Social\" \/>\n<meta property=\"og:image\" content=\"https:\/\/ticsalutsocial.atoom.space\/wp-content\/uploads\/2022\/08\/IMG_20220427_110346-scaled.jpg\" \/>\n\t<meta property=\"og:image:width\" content=\"2560\" \/>\n\t<meta property=\"og:image:height\" content=\"1152\" \/>\n\t<meta property=\"og:image:type\" content=\"image\/jpeg\" \/>\n<meta name=\"twitter:card\" content=\"summary_large_image\" \/>\n<meta name=\"twitter:label1\" content=\"Tiempo de lectura\" \/>\n\t<meta name=\"twitter:data1\" content=\"2 minutos\" \/>\n<script type=\"application\/ld+json\" class=\"yoast-schema-graph\">{\"@context\":\"https:\/\/schema.org\",\"@graph\":[{\"@type\":\"WebPage\",\"@id\":\"https:\/\/ticsalutsocial.atoom.space\/es\/noticia\/interoperabilitat-qualitat-i-sostenibilitat-tres-aspectes-claus-de-la-transformacio-digital-que-garanteix-la-fundacio-al-projecte-innobics-sahs\/\",\"url\":\"https:\/\/ticsalutsocial.atoom.space\/es\/noticia\/interoperabilitat-qualitat-i-sostenibilitat-tres-aspectes-claus-de-la-transformacio-digital-que-garanteix-la-fundacio-al-projecte-innobics-sahs\/\",\"name\":\"Interoperabilitat, qualitat i sostenibilitat: tres aspectes clau de la transformaci\u00f3 digital que garanteix la Fundaci\u00f3 al projecte INNOBICS-SAHS - Fundaci\u00f3 TIC Salut i Social\",\"isPartOf\":{\"@id\":\"https:\/\/ticsalutsocial.atoom.space\/es\/#website\"},\"primaryImageOfPage\":{\"@id\":\"https:\/\/ticsalutsocial.atoom.space\/es\/noticia\/interoperabilitat-qualitat-i-sostenibilitat-tres-aspectes-claus-de-la-transformacio-digital-que-garanteix-la-fundacio-al-projecte-innobics-sahs\/#primaryimage\"},\"image\":{\"@id\":\"https:\/\/ticsalutsocial.atoom.space\/es\/noticia\/interoperabilitat-qualitat-i-sostenibilitat-tres-aspectes-claus-de-la-transformacio-digital-que-garanteix-la-fundacio-al-projecte-innobics-sahs\/#primaryimage\"},\"thumbnailUrl\":\"https:\/\/ticsalutsocial.atoom.space\/wp-content\/uploads\/2022\/08\/IMG_20220427_110346-scaled.jpg\",\"datePublished\":\"2022-08-11T12:18:38+00:00\",\"description\":\"La Fundaci\u00f3 TIC Salut Social \u00e9s una de les nou entitats europees que participen al projecte INNOBICS-SAHS sobre l'apnea del son, cofinan\u00e7at per EIT Health.\",\"breadcrumb\":{\"@id\":\"https:\/\/ticsalutsocial.atoom.space\/es\/noticia\/interoperabilitat-qualitat-i-sostenibilitat-tres-aspectes-claus-de-la-transformacio-digital-que-garanteix-la-fundacio-al-projecte-innobics-sahs\/#breadcrumb\"},\"inLanguage\":\"es\",\"potentialAction\":[{\"@type\":\"ReadAction\",\"target\":[\"https:\/\/ticsalutsocial.atoom.space\/es\/noticia\/interoperabilitat-qualitat-i-sostenibilitat-tres-aspectes-claus-de-la-transformacio-digital-que-garanteix-la-fundacio-al-projecte-innobics-sahs\/\"]}]},{\"@type\":\"ImageObject\",\"inLanguage\":\"es\",\"@id\":\"https:\/\/ticsalutsocial.atoom.space\/es\/noticia\/interoperabilitat-qualitat-i-sostenibilitat-tres-aspectes-claus-de-la-transformacio-digital-que-garanteix-la-fundacio-al-projecte-innobics-sahs\/#primaryimage\",\"url\":\"https:\/\/ticsalutsocial.atoom.space\/wp-content\/uploads\/2022\/08\/IMG_20220427_110346-scaled.jpg\",\"contentUrl\":\"https:\/\/ticsalutsocial.atoom.space\/wp-content\/uploads\/2022\/08\/IMG_20220427_110346-scaled.jpg\",\"width\":2560,\"height\":1152,\"caption\":\"INNOBICS-SAHS\"},{\"@type\":\"BreadcrumbList\",\"@id\":\"https:\/\/ticsalutsocial.atoom.space\/es\/noticia\/interoperabilitat-qualitat-i-sostenibilitat-tres-aspectes-claus-de-la-transformacio-digital-que-garanteix-la-fundacio-al-projecte-innobics-sahs\/#breadcrumb\",\"itemListElement\":[{\"@type\":\"ListItem\",\"position\":1,\"name\":\"Inici\",\"item\":\"https:\/\/ticsalutsocial.atoom.space\/es\/\"},{\"@type\":\"ListItem\",\"position\":2,\"name\":\"Interoperabilitat, qualitat i sostenibilitat: tres aspectes clau de la transformaci\u00f3 digital que garanteix la Fundaci\u00f3 al projecte INNOBICS-SAHS\"}]},{\"@type\":\"WebSite\",\"@id\":\"https:\/\/ticsalutsocial.atoom.space\/es\/#website\",\"url\":\"https:\/\/ticsalutsocial.atoom.space\/es\/\",\"name\":\"Fundaci\u00f3 TIC Salut i Social\",\"description\":\"\",\"potentialAction\":[{\"@type\":\"SearchAction\",\"target\":{\"@type\":\"EntryPoint\",\"urlTemplate\":\"https:\/\/ticsalutsocial.atoom.space\/es\/?s={search_term_string}\"},\"query-input\":{\"@type\":\"PropertyValueSpecification\",\"valueRequired\":true,\"valueName\":\"search_term_string\"}}],\"inLanguage\":\"es\"}]}<\/script>\n<!-- \/ Yoast SEO plugin. -->","yoast_head_json":{"title":"Interoperabilitat, qualitat i sostenibilitat: tres aspectes clau de la transformaci\u00f3 digital que garanteix la Fundaci\u00f3 al projecte INNOBICS-SAHS - Fundaci\u00f3 TIC Salut i Social","description":"La Fundaci\u00f3 TIC Salut Social \u00e9s una de les nou entitats europees que participen al projecte INNOBICS-SAHS sobre l'apnea del son, cofinan\u00e7at per EIT Health.","robots":{"index":"index","follow":"follow","max-snippet":"max-snippet:-1","max-image-preview":"max-image-preview:large","max-video-preview":"max-video-preview:-1"},"canonical":"https:\/\/ticsalutsocial.atoom.space\/es\/noticia\/interoperabilitat-qualitat-i-sostenibilitat-tres-aspectes-claus-de-la-transformacio-digital-que-garanteix-la-fundacio-al-projecte-innobics-sahs\/","og_locale":"es_ES","og_type":"article","og_title":"Interoperabilitat, qualitat i sostenibilitat: tres aspectes clau de la transformaci\u00f3 digital que garanteix la Fundaci\u00f3 al projecte INNOBICS-SAHS - Fundaci\u00f3 TIC Salut i Social","og_description":"La Fundaci\u00f3 TIC Salut Social \u00e9s una de les nou entitats europees que participen al projecte INNOBICS-SAHS sobre l'apnea del son, cofinan\u00e7at per EIT Health.","og_url":"https:\/\/ticsalutsocial.atoom.space\/es\/noticia\/interoperabilitat-qualitat-i-sostenibilitat-tres-aspectes-claus-de-la-transformacio-digital-que-garanteix-la-fundacio-al-projecte-innobics-sahs\/","og_site_name":"Fundaci\u00f3 TIC Salut i Social","og_image":[{"width":2560,"height":1152,"url":"https:\/\/ticsalutsocial.atoom.space\/wp-content\/uploads\/2022\/08\/IMG_20220427_110346-scaled.jpg","type":"image\/jpeg"}],"twitter_card":"summary_large_image","twitter_misc":{"Tiempo de lectura":"2 minutos"},"schema":{"@context":"https:\/\/schema.org","@graph":[{"@type":"WebPage","@id":"https:\/\/ticsalutsocial.atoom.space\/es\/noticia\/interoperabilitat-qualitat-i-sostenibilitat-tres-aspectes-claus-de-la-transformacio-digital-que-garanteix-la-fundacio-al-projecte-innobics-sahs\/","url":"https:\/\/ticsalutsocial.atoom.space\/es\/noticia\/interoperabilitat-qualitat-i-sostenibilitat-tres-aspectes-claus-de-la-transformacio-digital-que-garanteix-la-fundacio-al-projecte-innobics-sahs\/","name":"Interoperabilitat, qualitat i sostenibilitat: tres aspectes clau de la transformaci\u00f3 digital que garanteix la Fundaci\u00f3 al projecte INNOBICS-SAHS - Fundaci\u00f3 TIC Salut i Social","isPartOf":{"@id":"https:\/\/ticsalutsocial.atoom.space\/es\/#website"},"primaryImageOfPage":{"@id":"https:\/\/ticsalutsocial.atoom.space\/es\/noticia\/interoperabilitat-qualitat-i-sostenibilitat-tres-aspectes-claus-de-la-transformacio-digital-que-garanteix-la-fundacio-al-projecte-innobics-sahs\/#primaryimage"},"image":{"@id":"https:\/\/ticsalutsocial.atoom.space\/es\/noticia\/interoperabilitat-qualitat-i-sostenibilitat-tres-aspectes-claus-de-la-transformacio-digital-que-garanteix-la-fundacio-al-projecte-innobics-sahs\/#primaryimage"},"thumbnailUrl":"https:\/\/ticsalutsocial.atoom.space\/wp-content\/uploads\/2022\/08\/IMG_20220427_110346-scaled.jpg","datePublished":"2022-08-11T12:18:38+00:00","description":"La Fundaci\u00f3 TIC Salut Social \u00e9s una de les nou entitats europees que participen al projecte INNOBICS-SAHS sobre l'apnea del son, cofinan\u00e7at per EIT Health.","breadcrumb":{"@id":"https:\/\/ticsalutsocial.atoom.space\/es\/noticia\/interoperabilitat-qualitat-i-sostenibilitat-tres-aspectes-claus-de-la-transformacio-digital-que-garanteix-la-fundacio-al-projecte-innobics-sahs\/#breadcrumb"},"inLanguage":"es","potentialAction":[{"@type":"ReadAction","target":["https:\/\/ticsalutsocial.atoom.space\/es\/noticia\/interoperabilitat-qualitat-i-sostenibilitat-tres-aspectes-claus-de-la-transformacio-digital-que-garanteix-la-fundacio-al-projecte-innobics-sahs\/"]}]},{"@type":"ImageObject","inLanguage":"es","@id":"https:\/\/ticsalutsocial.atoom.space\/es\/noticia\/interoperabilitat-qualitat-i-sostenibilitat-tres-aspectes-claus-de-la-transformacio-digital-que-garanteix-la-fundacio-al-projecte-innobics-sahs\/#primaryimage","url":"https:\/\/ticsalutsocial.atoom.space\/wp-content\/uploads\/2022\/08\/IMG_20220427_110346-scaled.jpg","contentUrl":"https:\/\/ticsalutsocial.atoom.space\/wp-content\/uploads\/2022\/08\/IMG_20220427_110346-scaled.jpg","width":2560,"height":1152,"caption":"INNOBICS-SAHS"},{"@type":"BreadcrumbList","@id":"https:\/\/ticsalutsocial.atoom.space\/es\/noticia\/interoperabilitat-qualitat-i-sostenibilitat-tres-aspectes-claus-de-la-transformacio-digital-que-garanteix-la-fundacio-al-projecte-innobics-sahs\/#breadcrumb","itemListElement":[{"@type":"ListItem","position":1,"name":"Inici","item":"https:\/\/ticsalutsocial.atoom.space\/es\/"},{"@type":"ListItem","position":2,"name":"Interoperabilitat, qualitat i sostenibilitat: tres aspectes clau de la transformaci\u00f3 digital que garanteix la Fundaci\u00f3 al projecte INNOBICS-SAHS"}]},{"@type":"WebSite","@id":"https:\/\/ticsalutsocial.atoom.space\/es\/#website","url":"https:\/\/ticsalutsocial.atoom.space\/es\/","name":"Fundaci\u00f3 TIC Salut i Social","description":"","potentialAction":[{"@type":"SearchAction","target":{"@type":"EntryPoint","urlTemplate":"https:\/\/ticsalutsocial.atoom.space\/es\/?s={search_term_string}"},"query-input":{"@type":"PropertyValueSpecification","valueRequired":true,"valueName":"search_term_string"}}],"inLanguage":"es"}]}},"_links":{"self":[{"href":"https:\/\/ticsalutsocial.atoom.space\/es\/wp-json\/wp\/v2\/noticia\/13699","targetHints":{"allow":["GET"]}}],"collection":[{"href":"https:\/\/ticsalutsocial.atoom.space\/es\/wp-json\/wp\/v2\/noticia"}],"about":[{"href":"https:\/\/ticsalutsocial.atoom.space\/es\/wp-json\/wp\/v2\/types\/noticia"}],"author":[{"embeddable":true,"href":"https:\/\/ticsalutsocial.atoom.space\/es\/wp-json\/wp\/v2\/users\/12"}],"wp:featuredmedia":[{"embeddable":true,"href":"https:\/\/ticsalutsocial.atoom.space\/es\/wp-json\/wp\/v2\/media\/12998"}],"wp:attachment":[{"href":"https:\/\/ticsalutsocial.atoom.space\/es\/wp-json\/wp\/v2\/media?parent=13699"}],"wp:term":[{"taxonomy":"etiqueta","embeddable":true,"href":"https:\/\/ticsalutsocial.atoom.space\/es\/wp-json\/wp\/v2\/etiqueta?post=13699"},{"taxonomy":"tipus","embeddable":true,"href":"https:\/\/ticsalutsocial.atoom.space\/es\/wp-json\/wp\/v2\/tipus?post=13699"},{"taxonomy":"topic","embeddable":true,"href":"https:\/\/ticsalutsocial.atoom.space\/es\/wp-json\/wp\/v2\/topic?post=13699"}],"curies":[{"name":"wp","href":"https:\/\/api.w.org\/{rel}","templated":true}]}}