
{"id":13703,"date":"2022-07-27T10:43:55","date_gmt":"2022-07-27T08:43:55","guid":{"rendered":"https:\/\/ticsalutsocial.atoom.space\/noticia\/en-la-realitzacio-de-les-practiques-vaig-ampliar-el-meu-coneixement-sobre-la-intelligencia-artificial-i-vaig-descobrir-lexplicabilitat-de-manera-detallada\/"},"modified":"2022-07-27T10:43:55","modified_gmt":"2022-07-27T08:43:55","slug":"en-la-realitzacio-de-les-practiques-vaig-ampliar-el-meu-coneixement-sobre-la-intelligencia-artificial-i-vaig-descobrir-lexplicabilitat-de-manera-detallada","status":"publish","type":"noticia","link":"https:\/\/ticsalutsocial.atoom.space\/es\/noticia\/en-la-realitzacio-de-les-practiques-vaig-ampliar-el-meu-coneixement-sobre-la-intelligencia-artificial-i-vaig-descobrir-lexplicabilitat-de-manera-detallada\/","title":{"rendered":"\u201cEn la realitzaci\u00f3 de les pr\u00e0ctiques vaig ampliar el meu coneixement sobre la Intel\u00b7lig\u00e8ncia Artificial i vaig descobrir l\u2019explicabilitat de manera detallada\u201d"},"content":{"rendered":"\n<p><\/p>\n\n\n\n<p>La <strong>Mariona Quintana<\/strong>, de 22 anys, ha treballat durant 8 mesos amb l\u2019equip d\u2019Intel\u00b7lig\u00e8ncia Artificial de la Fundaci\u00f3 TIC Salut Social per fer les pr\u00e0ctiques curriculars i el Treball de Final de Grau (TFG) d\u2019Enginyeria Biom\u00e8dica a la Universitat Polit\u00e8cnica de Barcelona.<\/p>\n\n\n\n<p>Fa uns dies, la universitat li ha notificat la nota del TFG: un 10 amb proposta per matr\u00edcula d\u2019honor! Parlem amb ella per con\u00e8ixer m\u00e9s sobre el seu treball, motivaci\u00f3 i seg\u00fcents passes professionals. &nbsp;<\/p>\n\n\n\n<p><strong>De qu\u00e8 ha tractat el teu Treball de Final de Grau?<\/strong><br>El treball ha consistit en realitzar un estudi sobre l\u2019aplicaci\u00f3 de diverses t\u00e8cniques d\u2019explicabilitat a un algorisme d\u2019intel\u00b7lig\u00e8ncia artificial basat en imatge m\u00e8dica. Es va partir d\u2019un model entrenat amb un conjunt de dades que corresponien a radiografies de t\u00f2rax de nadons d\u2019un a cinc anys. El prop\u00f2sit de l\u2019algorisme era la detecci\u00f3 de pneum\u00f2nia. Posteriorment, se li van implementar els m\u00e8todes d\u2019explicabilitat per realitzar una parametritzaci\u00f3 per l\u2019optimitzaci\u00f3 dels resultats i, finalment, una comparaci\u00f3 entre els diferents m\u00e8todes.<\/p>\n\n\n\n<p><strong>Qu\u00e8 et va motivar a especialitzar-te en l&#8217;\u00e0mbit de la Intel\u00b7lig\u00e8ncia Artificial?<\/strong><br>El projecte va sorgir de la realitzaci\u00f3 de les pr\u00e0ctiques curriculars a la Fundaci\u00f3 TIC Salut Social, en el departament d\u2019Intel\u00b7lig\u00e8ncia Artificial (IA), on vaig estar realitzant tasques dins del context de la IA, per\u00f2 la meva principal funci\u00f3 es va centrar en donar suport a la definici\u00f3 de les metodologies m\u00e9s apropiades per l\u2019explicabilitat de solucions de IA a l&#8217;entorn de Salut. Gr\u00e0cies a aquesta labor vaig ser coneixedora d\u2019aquest \u00e0mbit i \u00e9s quan va sorgir el meu gran inter\u00e8s. D\u2019aquesta manera em van donar l\u2019oportunitat de posar en pr\u00e0ctica tots els coneixements que havia adquirit durant l\u2019estada duent a terme el treball de fi de grau amb la seva col\u00b7laboraci\u00f3.<\/p>\n\n\n\n<p><strong>Com ha estat la teva experi\u00e8ncia a la Fundaci\u00f3 TIC Salut Social?<\/strong><br>L\u2019experi\u00e8ncia a la Fundaci\u00f3 TIC Salut Social ha estat molt enriquidora. En la realitzaci\u00f3 de les pr\u00e0ctiques he ampliat el meu coneixement sobre la Intel\u00b7lig\u00e8ncia Artificial i descobert l\u2019explicabilitat de manera detallada. En tot moment tenia el suport dels companys i m\u2019ajudaven amb tot el que fes falta, tant quan es treballava de manera presencial com fent teletreball. En la segona part de la meva estada, realitzant el TFG, vaig tenir el seguiment constant dels meus dos tutors de la Fundaci\u00f3. Cada setmana revis\u00e0vem la feina feta i intent\u00e0vem solucionar els problemes que sorgien. Vaig sentir que es valorava molt la feina que estava realitzant i estic molt contenta d\u2019haver tingut l&#8217;oportunitat de treballar en un entorn professional al mateix temps que estava duent a terme el meu TFG.<\/p>\n\n\n\n<p><strong>I ara, quin nou cam\u00ed inicies?<\/strong><br>El projecte m\u2019ha fet descobrir el m\u00f3n de la imatge m\u00e8dica amb tot el potencial que t\u00e9 en l\u2019\u00e0mbit de la salut i per aquesta ra\u00f3 el curs vinent iniciar\u00e9 el M\u00e0ster en Medical Image Computing (MIC) de la Universitat de Girona (UdG). Ofereix un ensenyament d&#8217;alta qualitat en les \u00e0rees d&#8217;Intel\u00b7lig\u00e8ncia Artificial i desenvolupament d\u2019aplicacions <em>software<\/em> per al diagn\u00f2stic assistit per ordinador en entorns m\u00e8dics, abastant tamb\u00e9 una introducci\u00f3 a les aplicacions rob\u00f2tiques en aquest entorn.<\/p>\n","protected":false},"author":12,"featured_media":12525,"menu_order":0,"template":"","meta":{"_acf_changed":false,"inline_featured_image":false},"etiqueta":[],"tipus":[718],"topic":[13],"class_list":["post-13703","noticia","type-noticia","status-publish","has-post-thumbnail","hentry","tipus-intelligencia-artificial","topic-la-fundacio"],"acf":{"autor":"","textos_destacats":[{"texte":"La Mariona Quintana, de 22 anys, ha treballat durant 8 mesos amb l\u2019equip d\u2019Intel\u00b7lig\u00e8ncia Artificial de la Fundaci\u00f3 TIC Salut Social per fer les pr\u00e0ctiques curriculars i el Treball de Final de Grau."}]},"yoast_head":"<!-- This site is optimized with the Yoast SEO plugin v27.1.1 - https:\/\/yoast.com\/product\/yoast-seo-wordpress\/ -->\n<title>\u201cEn la realitzaci\u00f3 de les pr\u00e0ctiques vaig ampliar el meu coneixement sobre la Intel\u00b7lig\u00e8ncia Artificial i vaig descobrir l\u2019explicabilitat de manera detallada\u201d - Fundaci\u00f3 TIC Salut i Social<\/title>\n<meta name=\"description\" content=\"La Mariona Quintana, de 22 anys, ha treballat durant 8 mesos amb l\u2019equip d\u2019Intel\u00b7lig\u00e8ncia Artificial de la Fundaci\u00f3 TIC Salut Social per fer les pr\u00e0ctiques curriculars i el Treball de Final de Grau (TFG) d\u2019Enginyeria Biom\u00e8dica a la Universitat Polit\u00e8cnica de Barcelona.\" \/>\n<meta name=\"robots\" content=\"index, follow, max-snippet:-1, max-image-preview:large, max-video-preview:-1\" \/>\n<link rel=\"canonical\" href=\"https:\/\/ticsalutsocial.atoom.space\/es\/noticia\/en-la-realitzacio-de-les-practiques-vaig-ampliar-el-meu-coneixement-sobre-la-intelligencia-artificial-i-vaig-descobrir-lexplicabilitat-de-manera-detallada\/\" \/>\n<meta property=\"og:locale\" content=\"es_ES\" \/>\n<meta property=\"og:type\" content=\"article\" \/>\n<meta property=\"og:title\" content=\"\u201cEn la realitzaci\u00f3 de les pr\u00e0ctiques vaig ampliar el meu coneixement sobre la Intel\u00b7lig\u00e8ncia Artificial i vaig descobrir l\u2019explicabilitat de manera detallada\u201d - Fundaci\u00f3 TIC Salut i Social\" \/>\n<meta property=\"og:description\" content=\"La Mariona Quintana, de 22 anys, ha treballat durant 8 mesos amb l\u2019equip d\u2019Intel\u00b7lig\u00e8ncia Artificial de la Fundaci\u00f3 TIC Salut Social per fer les pr\u00e0ctiques curriculars i el Treball de Final de Grau (TFG) d\u2019Enginyeria Biom\u00e8dica a la Universitat Polit\u00e8cnica de Barcelona.\" \/>\n<meta property=\"og:url\" content=\"https:\/\/ticsalutsocial.atoom.space\/es\/noticia\/en-la-realitzacio-de-les-practiques-vaig-ampliar-el-meu-coneixement-sobre-la-intelligencia-artificial-i-vaig-descobrir-lexplicabilitat-de-manera-detallada\/\" \/>\n<meta property=\"og:site_name\" content=\"Fundaci\u00f3 TIC Salut i Social\" \/>\n<meta property=\"og:image\" content=\"https:\/\/ticsalutsocial.atoom.space\/wp-content\/uploads\/2022\/07\/mariona-quintana.jpg\" \/>\n\t<meta property=\"og:image:width\" content=\"1600\" \/>\n\t<meta property=\"og:image:height\" content=\"1200\" \/>\n\t<meta property=\"og:image:type\" content=\"image\/jpeg\" \/>\n<meta name=\"twitter:card\" content=\"summary_large_image\" \/>\n<meta name=\"twitter:label1\" content=\"Tiempo de lectura\" \/>\n\t<meta name=\"twitter:data1\" content=\"3 minutos\" \/>\n<script type=\"application\/ld+json\" class=\"yoast-schema-graph\">{\"@context\":\"https:\/\/schema.org\",\"@graph\":[{\"@type\":\"WebPage\",\"@id\":\"https:\/\/ticsalutsocial.atoom.space\/es\/noticia\/en-la-realitzacio-de-les-practiques-vaig-ampliar-el-meu-coneixement-sobre-la-intelligencia-artificial-i-vaig-descobrir-lexplicabilitat-de-manera-detallada\/\",\"url\":\"https:\/\/ticsalutsocial.atoom.space\/es\/noticia\/en-la-realitzacio-de-les-practiques-vaig-ampliar-el-meu-coneixement-sobre-la-intelligencia-artificial-i-vaig-descobrir-lexplicabilitat-de-manera-detallada\/\",\"name\":\"\u201cEn la realitzaci\u00f3 de les pr\u00e0ctiques vaig ampliar el meu coneixement sobre la Intel\u00b7lig\u00e8ncia Artificial i vaig descobrir l\u2019explicabilitat de manera detallada\u201d - Fundaci\u00f3 TIC Salut i Social\",\"isPartOf\":{\"@id\":\"https:\/\/ticsalutsocial.atoom.space\/es\/#website\"},\"primaryImageOfPage\":{\"@id\":\"https:\/\/ticsalutsocial.atoom.space\/es\/noticia\/en-la-realitzacio-de-les-practiques-vaig-ampliar-el-meu-coneixement-sobre-la-intelligencia-artificial-i-vaig-descobrir-lexplicabilitat-de-manera-detallada\/#primaryimage\"},\"image\":{\"@id\":\"https:\/\/ticsalutsocial.atoom.space\/es\/noticia\/en-la-realitzacio-de-les-practiques-vaig-ampliar-el-meu-coneixement-sobre-la-intelligencia-artificial-i-vaig-descobrir-lexplicabilitat-de-manera-detallada\/#primaryimage\"},\"thumbnailUrl\":\"https:\/\/ticsalutsocial.atoom.space\/wp-content\/uploads\/2022\/07\/mariona-quintana.jpg\",\"datePublished\":\"2022-07-27T08:43:55+00:00\",\"description\":\"La Mariona Quintana, de 22 anys, ha treballat durant 8 mesos amb l\u2019equip d\u2019Intel\u00b7lig\u00e8ncia Artificial de la Fundaci\u00f3 TIC Salut Social per fer les pr\u00e0ctiques curriculars i el Treball de Final de Grau (TFG) d\u2019Enginyeria Biom\u00e8dica a la Universitat Polit\u00e8cnica de Barcelona.\",\"breadcrumb\":{\"@id\":\"https:\/\/ticsalutsocial.atoom.space\/es\/noticia\/en-la-realitzacio-de-les-practiques-vaig-ampliar-el-meu-coneixement-sobre-la-intelligencia-artificial-i-vaig-descobrir-lexplicabilitat-de-manera-detallada\/#breadcrumb\"},\"inLanguage\":\"es\",\"potentialAction\":[{\"@type\":\"ReadAction\",\"target\":[\"https:\/\/ticsalutsocial.atoom.space\/es\/noticia\/en-la-realitzacio-de-les-practiques-vaig-ampliar-el-meu-coneixement-sobre-la-intelligencia-artificial-i-vaig-descobrir-lexplicabilitat-de-manera-detallada\/\"]}]},{\"@type\":\"ImageObject\",\"inLanguage\":\"es\",\"@id\":\"https:\/\/ticsalutsocial.atoom.space\/es\/noticia\/en-la-realitzacio-de-les-practiques-vaig-ampliar-el-meu-coneixement-sobre-la-intelligencia-artificial-i-vaig-descobrir-lexplicabilitat-de-manera-detallada\/#primaryimage\",\"url\":\"https:\/\/ticsalutsocial.atoom.space\/wp-content\/uploads\/2022\/07\/mariona-quintana.jpg\",\"contentUrl\":\"https:\/\/ticsalutsocial.atoom.space\/wp-content\/uploads\/2022\/07\/mariona-quintana.jpg\",\"width\":1600,\"height\":1200,\"caption\":\"Mariona Quintana defensant el seu TFG\"},{\"@type\":\"BreadcrumbList\",\"@id\":\"https:\/\/ticsalutsocial.atoom.space\/es\/noticia\/en-la-realitzacio-de-les-practiques-vaig-ampliar-el-meu-coneixement-sobre-la-intelligencia-artificial-i-vaig-descobrir-lexplicabilitat-de-manera-detallada\/#breadcrumb\",\"itemListElement\":[{\"@type\":\"ListItem\",\"position\":1,\"name\":\"Inici\",\"item\":\"https:\/\/ticsalutsocial.atoom.space\/es\/\"},{\"@type\":\"ListItem\",\"position\":2,\"name\":\"\u201cEn la realitzaci\u00f3 de les pr\u00e0ctiques vaig ampliar el meu coneixement sobre la Intel\u00b7lig\u00e8ncia Artificial i vaig descobrir l\u2019explicabilitat de manera detallada\u201d\"}]},{\"@type\":\"WebSite\",\"@id\":\"https:\/\/ticsalutsocial.atoom.space\/es\/#website\",\"url\":\"https:\/\/ticsalutsocial.atoom.space\/es\/\",\"name\":\"Fundaci\u00f3 TIC Salut i Social\",\"description\":\"\",\"potentialAction\":[{\"@type\":\"SearchAction\",\"target\":{\"@type\":\"EntryPoint\",\"urlTemplate\":\"https:\/\/ticsalutsocial.atoom.space\/es\/?s={search_term_string}\"},\"query-input\":{\"@type\":\"PropertyValueSpecification\",\"valueRequired\":true,\"valueName\":\"search_term_string\"}}],\"inLanguage\":\"es\"}]}<\/script>\n<!-- \/ Yoast SEO plugin. -->","yoast_head_json":{"title":"\u201cEn la realitzaci\u00f3 de les pr\u00e0ctiques vaig ampliar el meu coneixement sobre la Intel\u00b7lig\u00e8ncia Artificial i vaig descobrir l\u2019explicabilitat de manera detallada\u201d - Fundaci\u00f3 TIC Salut i Social","description":"La Mariona Quintana, de 22 anys, ha treballat durant 8 mesos amb l\u2019equip d\u2019Intel\u00b7lig\u00e8ncia Artificial de la Fundaci\u00f3 TIC Salut Social per fer les pr\u00e0ctiques curriculars i el Treball de Final de Grau (TFG) d\u2019Enginyeria Biom\u00e8dica a la Universitat Polit\u00e8cnica de Barcelona.","robots":{"index":"index","follow":"follow","max-snippet":"max-snippet:-1","max-image-preview":"max-image-preview:large","max-video-preview":"max-video-preview:-1"},"canonical":"https:\/\/ticsalutsocial.atoom.space\/es\/noticia\/en-la-realitzacio-de-les-practiques-vaig-ampliar-el-meu-coneixement-sobre-la-intelligencia-artificial-i-vaig-descobrir-lexplicabilitat-de-manera-detallada\/","og_locale":"es_ES","og_type":"article","og_title":"\u201cEn la realitzaci\u00f3 de les pr\u00e0ctiques vaig ampliar el meu coneixement sobre la Intel\u00b7lig\u00e8ncia Artificial i vaig descobrir l\u2019explicabilitat de manera detallada\u201d - Fundaci\u00f3 TIC Salut i Social","og_description":"La Mariona Quintana, de 22 anys, ha treballat durant 8 mesos amb l\u2019equip d\u2019Intel\u00b7lig\u00e8ncia Artificial de la Fundaci\u00f3 TIC Salut Social per fer les pr\u00e0ctiques curriculars i el Treball de Final de Grau (TFG) d\u2019Enginyeria Biom\u00e8dica a la Universitat Polit\u00e8cnica de Barcelona.","og_url":"https:\/\/ticsalutsocial.atoom.space\/es\/noticia\/en-la-realitzacio-de-les-practiques-vaig-ampliar-el-meu-coneixement-sobre-la-intelligencia-artificial-i-vaig-descobrir-lexplicabilitat-de-manera-detallada\/","og_site_name":"Fundaci\u00f3 TIC Salut i Social","og_image":[{"width":1600,"height":1200,"url":"https:\/\/ticsalutsocial.atoom.space\/wp-content\/uploads\/2022\/07\/mariona-quintana.jpg","type":"image\/jpeg"}],"twitter_card":"summary_large_image","twitter_misc":{"Tiempo de lectura":"3 minutos"},"schema":{"@context":"https:\/\/schema.org","@graph":[{"@type":"WebPage","@id":"https:\/\/ticsalutsocial.atoom.space\/es\/noticia\/en-la-realitzacio-de-les-practiques-vaig-ampliar-el-meu-coneixement-sobre-la-intelligencia-artificial-i-vaig-descobrir-lexplicabilitat-de-manera-detallada\/","url":"https:\/\/ticsalutsocial.atoom.space\/es\/noticia\/en-la-realitzacio-de-les-practiques-vaig-ampliar-el-meu-coneixement-sobre-la-intelligencia-artificial-i-vaig-descobrir-lexplicabilitat-de-manera-detallada\/","name":"\u201cEn la realitzaci\u00f3 de les pr\u00e0ctiques vaig ampliar el meu coneixement sobre la Intel\u00b7lig\u00e8ncia Artificial i vaig descobrir l\u2019explicabilitat de manera detallada\u201d - Fundaci\u00f3 TIC Salut i Social","isPartOf":{"@id":"https:\/\/ticsalutsocial.atoom.space\/es\/#website"},"primaryImageOfPage":{"@id":"https:\/\/ticsalutsocial.atoom.space\/es\/noticia\/en-la-realitzacio-de-les-practiques-vaig-ampliar-el-meu-coneixement-sobre-la-intelligencia-artificial-i-vaig-descobrir-lexplicabilitat-de-manera-detallada\/#primaryimage"},"image":{"@id":"https:\/\/ticsalutsocial.atoom.space\/es\/noticia\/en-la-realitzacio-de-les-practiques-vaig-ampliar-el-meu-coneixement-sobre-la-intelligencia-artificial-i-vaig-descobrir-lexplicabilitat-de-manera-detallada\/#primaryimage"},"thumbnailUrl":"https:\/\/ticsalutsocial.atoom.space\/wp-content\/uploads\/2022\/07\/mariona-quintana.jpg","datePublished":"2022-07-27T08:43:55+00:00","description":"La Mariona Quintana, de 22 anys, ha treballat durant 8 mesos amb l\u2019equip d\u2019Intel\u00b7lig\u00e8ncia Artificial de la Fundaci\u00f3 TIC Salut Social per fer les pr\u00e0ctiques curriculars i el Treball de Final de Grau (TFG) d\u2019Enginyeria Biom\u00e8dica a la Universitat Polit\u00e8cnica de Barcelona.","breadcrumb":{"@id":"https:\/\/ticsalutsocial.atoom.space\/es\/noticia\/en-la-realitzacio-de-les-practiques-vaig-ampliar-el-meu-coneixement-sobre-la-intelligencia-artificial-i-vaig-descobrir-lexplicabilitat-de-manera-detallada\/#breadcrumb"},"inLanguage":"es","potentialAction":[{"@type":"ReadAction","target":["https:\/\/ticsalutsocial.atoom.space\/es\/noticia\/en-la-realitzacio-de-les-practiques-vaig-ampliar-el-meu-coneixement-sobre-la-intelligencia-artificial-i-vaig-descobrir-lexplicabilitat-de-manera-detallada\/"]}]},{"@type":"ImageObject","inLanguage":"es","@id":"https:\/\/ticsalutsocial.atoom.space\/es\/noticia\/en-la-realitzacio-de-les-practiques-vaig-ampliar-el-meu-coneixement-sobre-la-intelligencia-artificial-i-vaig-descobrir-lexplicabilitat-de-manera-detallada\/#primaryimage","url":"https:\/\/ticsalutsocial.atoom.space\/wp-content\/uploads\/2022\/07\/mariona-quintana.jpg","contentUrl":"https:\/\/ticsalutsocial.atoom.space\/wp-content\/uploads\/2022\/07\/mariona-quintana.jpg","width":1600,"height":1200,"caption":"Mariona Quintana defensant el seu TFG"},{"@type":"BreadcrumbList","@id":"https:\/\/ticsalutsocial.atoom.space\/es\/noticia\/en-la-realitzacio-de-les-practiques-vaig-ampliar-el-meu-coneixement-sobre-la-intelligencia-artificial-i-vaig-descobrir-lexplicabilitat-de-manera-detallada\/#breadcrumb","itemListElement":[{"@type":"ListItem","position":1,"name":"Inici","item":"https:\/\/ticsalutsocial.atoom.space\/es\/"},{"@type":"ListItem","position":2,"name":"\u201cEn la realitzaci\u00f3 de les pr\u00e0ctiques vaig ampliar el meu coneixement sobre la Intel\u00b7lig\u00e8ncia Artificial i vaig descobrir l\u2019explicabilitat de manera detallada\u201d"}]},{"@type":"WebSite","@id":"https:\/\/ticsalutsocial.atoom.space\/es\/#website","url":"https:\/\/ticsalutsocial.atoom.space\/es\/","name":"Fundaci\u00f3 TIC Salut i Social","description":"","potentialAction":[{"@type":"SearchAction","target":{"@type":"EntryPoint","urlTemplate":"https:\/\/ticsalutsocial.atoom.space\/es\/?s={search_term_string}"},"query-input":{"@type":"PropertyValueSpecification","valueRequired":true,"valueName":"search_term_string"}}],"inLanguage":"es"}]}},"_links":{"self":[{"href":"https:\/\/ticsalutsocial.atoom.space\/es\/wp-json\/wp\/v2\/noticia\/13703","targetHints":{"allow":["GET"]}}],"collection":[{"href":"https:\/\/ticsalutsocial.atoom.space\/es\/wp-json\/wp\/v2\/noticia"}],"about":[{"href":"https:\/\/ticsalutsocial.atoom.space\/es\/wp-json\/wp\/v2\/types\/noticia"}],"author":[{"embeddable":true,"href":"https:\/\/ticsalutsocial.atoom.space\/es\/wp-json\/wp\/v2\/users\/12"}],"wp:featuredmedia":[{"embeddable":true,"href":"https:\/\/ticsalutsocial.atoom.space\/es\/wp-json\/wp\/v2\/media\/12525"}],"wp:attachment":[{"href":"https:\/\/ticsalutsocial.atoom.space\/es\/wp-json\/wp\/v2\/media?parent=13703"}],"wp:term":[{"taxonomy":"etiqueta","embeddable":true,"href":"https:\/\/ticsalutsocial.atoom.space\/es\/wp-json\/wp\/v2\/etiqueta?post=13703"},{"taxonomy":"tipus","embeddable":true,"href":"https:\/\/ticsalutsocial.atoom.space\/es\/wp-json\/wp\/v2\/tipus?post=13703"},{"taxonomy":"topic","embeddable":true,"href":"https:\/\/ticsalutsocial.atoom.space\/es\/wp-json\/wp\/v2\/topic?post=13703"}],"curies":[{"name":"wp","href":"https:\/\/api.w.org\/{rel}","templated":true}]}}