
{"id":13704,"date":"2022-07-22T13:37:09","date_gmt":"2022-07-22T11:37:09","guid":{"rendered":"https:\/\/ticsalutsocial.atoom.space\/noticia\/ultims-dies-per-aplicar-als-fons-next-generation-eu-per-accelerar-la-transformacio-de-latencio-social\/"},"modified":"2022-07-22T13:37:09","modified_gmt":"2022-07-22T11:37:09","slug":"ultims-dies-per-aplicar-als-fons-next-generation-eu-per-accelerar-la-transformacio-de-latencio-social","status":"publish","type":"noticia","link":"https:\/\/ticsalutsocial.atoom.space\/es\/noticia\/ultims-dies-per-aplicar-als-fons-next-generation-eu-per-accelerar-la-transformacio-de-latencio-social\/","title":{"rendered":"\u00daltims dies per aplicar als fons Next Generation EU per accelerar la transformaci\u00f3 de l\u2019atenci\u00f3 social"},"content":{"rendered":"\n<p>Fins el 29 de juliol estan obertes les <strong>dues convocat\u00f2ries de subvencions en l\u2019\u00e0mbit de l\u2019atenci\u00f3 social<\/strong> publicades pel Departament de Drets Socials i finan\u00e7ades per la Uni\u00f3 Europea mitjan\u00e7ant el programa Next Generation EU. Les convocat\u00f2ries distingeixen 6 l\u00ednies espec\u00edfiques per a la implementaci\u00f3 de projectes tecnol\u00f2gics i d\u2019innovaci\u00f3 social, la construcci\u00f3 i la remodelaci\u00f3 d\u2019equipaments, o la promoci\u00f3 de l\u2019accessibilitat, entre d\u2019altres.<\/p>\n\n\n\n<p>Espec\u00edficament, en el camp tecnol\u00f2gic hi ha una <strong>l\u00ednia dedicada a projectes que utilitzin la tecnologia per aportar solucions a les persones en situaci\u00f3 de depend\u00e8ncia, discapacitat o de problem\u00e0tica social derivada de malaltia mental,<\/strong> i una altra <strong>l\u00ednia per finan\u00e7ar actuacions d\u2019inversi\u00f3 tecnol\u00f2gica i sistemes d&#8217;informaci\u00f3 que millorin la gesti\u00f3 dels serveis socials i que transformin els models d\u2019intervenci\u00f3 actuals<\/strong>, d\u2019acord amb el II Pla estrat\u00e8gic de serveis socials 2021-2024. Aix\u00ed mateix, hi ha una l\u00ednia d\u2019ajuts que tamb\u00e9 obre la porta a projectes (tecnol\u00f2gics o no) que promoguin models d\u2019atenci\u00f3 innovadors en l\u2019\u00e0mbit dels serveis socials, que puguin ser replicats al conjunt del sistema, permetin intercanviar coneixement sobre serveis socials i impulsar processos de modernitzaci\u00f3 al sector.<\/p>\n\n\n\n<p>Tal i com explica el Departament, amb aquestes convocat\u00f2ries \u201ces vol contribuir a accelerar la transformaci\u00f3 de l\u2019atenci\u00f3 social que impulsa Drets Socials, en la l\u00ednia fixada per l\u2019agenda europea\u201d.<\/p>\n\n\n\n<p>Les subvencions estan adre\u00e7ades a projectes implementats per ajuntaments i altres ens locals, entitats, empreses, universitats i centres de recerca i d\u2019altres agents socioecon\u00f2mics que treballen en l\u2019\u00e0mbit de les pol\u00edtiques socials.<\/p>\n\n\n\n<p>La dotaci\u00f3\u00a0per a 2022 \u00e9s de 114,5 milions d\u2019euros i la conselleria preveu destinar-hi una partida de 38,5 M\u20ac l\u2019any vinent. Aix\u00ed, en dos anys el Departament haur\u00e0 invertit m\u00e9s de 150 milions d\u2019euros dels fons europeus al finan\u00e7ament de projectes liderats pel conjunt d\u2019agents implicats en l\u2019atenci\u00f3 social a Catalunya.<\/p>\n\n\n\n<p><br><a href=\"https:\/\/govern.cat\/salapremsa\/notes-premsa\/422908\/drets-socials-obre-convocatoria-fons-europeus-total-153-m-euros-subvencions-accelerar-transformacio-latencio-social\">Font i m\u00e9s informaci\u00f3: Departament de Drets Socials.<\/a><\/p>\n\n\n\n<figure class=\"wp-block-image size-full\"><img loading=\"lazy\" decoding=\"async\" width=\"1000\" height=\"165\" src=\"https:\/\/ticsalutsocial.atoom.space\/wp-content\/uploads\/2022\/07\/fd7b58d9-e1d8-4170-978b-971ba78960fc.png\" alt=\"\" class=\"wp-image-12341\" srcset=\"https:\/\/ticsalutsocial.atoom.space\/wp-content\/uploads\/2022\/07\/fd7b58d9-e1d8-4170-978b-971ba78960fc.png 1000w, https:\/\/ticsalutsocial.atoom.space\/wp-content\/uploads\/2022\/07\/fd7b58d9-e1d8-4170-978b-971ba78960fc-300x50.png 300w, https:\/\/ticsalutsocial.atoom.space\/wp-content\/uploads\/2022\/07\/fd7b58d9-e1d8-4170-978b-971ba78960fc-768x127.png 768w\" sizes=\"auto, (max-width: 1000px) 100vw, 1000px\" \/><\/figure>\n\n\n\n<p><\/p>\n","protected":false},"author":12,"featured_media":12307,"menu_order":0,"template":"","meta":{"_acf_changed":false,"inline_featured_image":false},"etiqueta":[],"tipus":[],"topic":[],"class_list":["post-13704","noticia","type-noticia","status-publish","has-post-thumbnail","hentry"],"acf":{"autor":"","textos_destacats":[{"texte":"The calls have 6 different specific lines for the implementation of technological and social innovation projects"}],"template_objectius":{"cont_principal":"","imatge":false,"cont_seguent":{"titol":"","contingut":""},"seccio_llistat":{"titol":"","llistat":false},"objectius":{"titol":"","objectius":false},"documents":false}},"yoast_head":"<!-- This site is optimized with the Yoast SEO plugin v27.1.1 - https:\/\/yoast.com\/product\/yoast-seo-wordpress\/ -->\n<title>\u00daltims dies per aplicar als fons Next Generation EU per accelerar la transformaci\u00f3 de l\u2019atenci\u00f3 social - Fundaci\u00f3 TIC Salut i Social<\/title>\n<meta name=\"description\" content=\"Fins el 29 de juliol estan obertes les convocat\u00f2ries de subvencions en l\u2019\u00e0mbit de l\u2019atenci\u00f3 social finan\u00e7ades per la Uni\u00f3 Europea mitjan\u00e7ant el programa Next Generation EU.\" \/>\n<meta name=\"robots\" content=\"index, follow, max-snippet:-1, max-image-preview:large, max-video-preview:-1\" \/>\n<link rel=\"canonical\" href=\"https:\/\/ticsalutsocial.atoom.space\/es\/noticia\/ultims-dies-per-aplicar-als-fons-next-generation-eu-per-accelerar-la-transformacio-de-latencio-social\/\" \/>\n<meta property=\"og:locale\" content=\"es_ES\" \/>\n<meta property=\"og:type\" content=\"article\" \/>\n<meta property=\"og:title\" content=\"\u00daltims dies per aplicar als fons Next Generation EU per accelerar la transformaci\u00f3 de l\u2019atenci\u00f3 social - Fundaci\u00f3 TIC Salut i Social\" \/>\n<meta property=\"og:description\" content=\"Fins el 29 de juliol estan obertes les convocat\u00f2ries de subvencions en l\u2019\u00e0mbit de l\u2019atenci\u00f3 social finan\u00e7ades per la Uni\u00f3 Europea mitjan\u00e7ant el programa Next Generation EU.\" \/>\n<meta property=\"og:url\" content=\"https:\/\/ticsalutsocial.atoom.space\/es\/noticia\/ultims-dies-per-aplicar-als-fons-next-generation-eu-per-accelerar-la-transformacio-de-latencio-social\/\" \/>\n<meta property=\"og:site_name\" content=\"Fundaci\u00f3 TIC Salut i Social\" \/>\n<meta property=\"og:image\" content=\"https:\/\/ticsalutsocial.atoom.space\/wp-content\/uploads\/2022\/07\/Fons-NEXT-GEN-EU.jpg\" \/>\n\t<meta property=\"og:image:width\" content=\"2560\" \/>\n\t<meta property=\"og:image:height\" content=\"1707\" \/>\n\t<meta property=\"og:image:type\" content=\"image\/jpeg\" \/>\n<meta name=\"twitter:card\" content=\"summary_large_image\" \/>\n<meta name=\"twitter:label1\" content=\"Tiempo de lectura\" \/>\n\t<meta name=\"twitter:data1\" content=\"2 minutos\" \/>\n<script type=\"application\/ld+json\" class=\"yoast-schema-graph\">{\"@context\":\"https:\/\/schema.org\",\"@graph\":[{\"@type\":\"WebPage\",\"@id\":\"https:\/\/ticsalutsocial.atoom.space\/es\/noticia\/ultims-dies-per-aplicar-als-fons-next-generation-eu-per-accelerar-la-transformacio-de-latencio-social\/\",\"url\":\"https:\/\/ticsalutsocial.atoom.space\/es\/noticia\/ultims-dies-per-aplicar-als-fons-next-generation-eu-per-accelerar-la-transformacio-de-latencio-social\/\",\"name\":\"\u00daltims dies per aplicar als fons Next Generation EU per accelerar la transformaci\u00f3 de l\u2019atenci\u00f3 social - Fundaci\u00f3 TIC Salut i Social\",\"isPartOf\":{\"@id\":\"https:\/\/ticsalutsocial.atoom.space\/es\/#website\"},\"primaryImageOfPage\":{\"@id\":\"https:\/\/ticsalutsocial.atoom.space\/es\/noticia\/ultims-dies-per-aplicar-als-fons-next-generation-eu-per-accelerar-la-transformacio-de-latencio-social\/#primaryimage\"},\"image\":{\"@id\":\"https:\/\/ticsalutsocial.atoom.space\/es\/noticia\/ultims-dies-per-aplicar-als-fons-next-generation-eu-per-accelerar-la-transformacio-de-latencio-social\/#primaryimage\"},\"thumbnailUrl\":\"https:\/\/ticsalutsocial.atoom.space\/wp-content\/uploads\/2022\/07\/Fons-NEXT-GEN-EU.jpg\",\"datePublished\":\"2022-07-22T11:37:09+00:00\",\"description\":\"Fins el 29 de juliol estan obertes les convocat\u00f2ries de subvencions en l\u2019\u00e0mbit de l\u2019atenci\u00f3 social finan\u00e7ades per la Uni\u00f3 Europea mitjan\u00e7ant el programa Next Generation EU.\",\"breadcrumb\":{\"@id\":\"https:\/\/ticsalutsocial.atoom.space\/es\/noticia\/ultims-dies-per-aplicar-als-fons-next-generation-eu-per-accelerar-la-transformacio-de-latencio-social\/#breadcrumb\"},\"inLanguage\":\"es\",\"potentialAction\":[{\"@type\":\"ReadAction\",\"target\":[\"https:\/\/ticsalutsocial.atoom.space\/es\/noticia\/ultims-dies-per-aplicar-als-fons-next-generation-eu-per-accelerar-la-transformacio-de-latencio-social\/\"]}]},{\"@type\":\"ImageObject\",\"inLanguage\":\"es\",\"@id\":\"https:\/\/ticsalutsocial.atoom.space\/es\/noticia\/ultims-dies-per-aplicar-als-fons-next-generation-eu-per-accelerar-la-transformacio-de-latencio-social\/#primaryimage\",\"url\":\"https:\/\/ticsalutsocial.atoom.space\/wp-content\/uploads\/2022\/07\/Fons-NEXT-GEN-EU.jpg\",\"contentUrl\":\"https:\/\/ticsalutsocial.atoom.space\/wp-content\/uploads\/2022\/07\/Fons-NEXT-GEN-EU.jpg\",\"width\":2560,\"height\":1707,\"caption\":\"Fons NEXT GENERATION EU\"},{\"@type\":\"BreadcrumbList\",\"@id\":\"https:\/\/ticsalutsocial.atoom.space\/es\/noticia\/ultims-dies-per-aplicar-als-fons-next-generation-eu-per-accelerar-la-transformacio-de-latencio-social\/#breadcrumb\",\"itemListElement\":[{\"@type\":\"ListItem\",\"position\":1,\"name\":\"Inici\",\"item\":\"https:\/\/ticsalutsocial.atoom.space\/es\/\"},{\"@type\":\"ListItem\",\"position\":2,\"name\":\"\u00daltims dies per aplicar als fons Next Generation EU per accelerar la transformaci\u00f3 de l\u2019atenci\u00f3 social\"}]},{\"@type\":\"WebSite\",\"@id\":\"https:\/\/ticsalutsocial.atoom.space\/es\/#website\",\"url\":\"https:\/\/ticsalutsocial.atoom.space\/es\/\",\"name\":\"Fundaci\u00f3 TIC Salut i Social\",\"description\":\"\",\"potentialAction\":[{\"@type\":\"SearchAction\",\"target\":{\"@type\":\"EntryPoint\",\"urlTemplate\":\"https:\/\/ticsalutsocial.atoom.space\/es\/?s={search_term_string}\"},\"query-input\":{\"@type\":\"PropertyValueSpecification\",\"valueRequired\":true,\"valueName\":\"search_term_string\"}}],\"inLanguage\":\"es\"}]}<\/script>\n<!-- \/ Yoast SEO plugin. -->","yoast_head_json":{"title":"\u00daltims dies per aplicar als fons Next Generation EU per accelerar la transformaci\u00f3 de l\u2019atenci\u00f3 social - Fundaci\u00f3 TIC Salut i Social","description":"Fins el 29 de juliol estan obertes les convocat\u00f2ries de subvencions en l\u2019\u00e0mbit de l\u2019atenci\u00f3 social finan\u00e7ades per la Uni\u00f3 Europea mitjan\u00e7ant el programa Next Generation EU.","robots":{"index":"index","follow":"follow","max-snippet":"max-snippet:-1","max-image-preview":"max-image-preview:large","max-video-preview":"max-video-preview:-1"},"canonical":"https:\/\/ticsalutsocial.atoom.space\/es\/noticia\/ultims-dies-per-aplicar-als-fons-next-generation-eu-per-accelerar-la-transformacio-de-latencio-social\/","og_locale":"es_ES","og_type":"article","og_title":"\u00daltims dies per aplicar als fons Next Generation EU per accelerar la transformaci\u00f3 de l\u2019atenci\u00f3 social - Fundaci\u00f3 TIC Salut i Social","og_description":"Fins el 29 de juliol estan obertes les convocat\u00f2ries de subvencions en l\u2019\u00e0mbit de l\u2019atenci\u00f3 social finan\u00e7ades per la Uni\u00f3 Europea mitjan\u00e7ant el programa Next Generation EU.","og_url":"https:\/\/ticsalutsocial.atoom.space\/es\/noticia\/ultims-dies-per-aplicar-als-fons-next-generation-eu-per-accelerar-la-transformacio-de-latencio-social\/","og_site_name":"Fundaci\u00f3 TIC Salut i Social","og_image":[{"width":2560,"height":1707,"url":"https:\/\/ticsalutsocial.atoom.space\/wp-content\/uploads\/2022\/07\/Fons-NEXT-GEN-EU.jpg","type":"image\/jpeg"}],"twitter_card":"summary_large_image","twitter_misc":{"Tiempo de lectura":"2 minutos"},"schema":{"@context":"https:\/\/schema.org","@graph":[{"@type":"WebPage","@id":"https:\/\/ticsalutsocial.atoom.space\/es\/noticia\/ultims-dies-per-aplicar-als-fons-next-generation-eu-per-accelerar-la-transformacio-de-latencio-social\/","url":"https:\/\/ticsalutsocial.atoom.space\/es\/noticia\/ultims-dies-per-aplicar-als-fons-next-generation-eu-per-accelerar-la-transformacio-de-latencio-social\/","name":"\u00daltims dies per aplicar als fons Next Generation EU per accelerar la transformaci\u00f3 de l\u2019atenci\u00f3 social - Fundaci\u00f3 TIC Salut i Social","isPartOf":{"@id":"https:\/\/ticsalutsocial.atoom.space\/es\/#website"},"primaryImageOfPage":{"@id":"https:\/\/ticsalutsocial.atoom.space\/es\/noticia\/ultims-dies-per-aplicar-als-fons-next-generation-eu-per-accelerar-la-transformacio-de-latencio-social\/#primaryimage"},"image":{"@id":"https:\/\/ticsalutsocial.atoom.space\/es\/noticia\/ultims-dies-per-aplicar-als-fons-next-generation-eu-per-accelerar-la-transformacio-de-latencio-social\/#primaryimage"},"thumbnailUrl":"https:\/\/ticsalutsocial.atoom.space\/wp-content\/uploads\/2022\/07\/Fons-NEXT-GEN-EU.jpg","datePublished":"2022-07-22T11:37:09+00:00","description":"Fins el 29 de juliol estan obertes les convocat\u00f2ries de subvencions en l\u2019\u00e0mbit de l\u2019atenci\u00f3 social finan\u00e7ades per la Uni\u00f3 Europea mitjan\u00e7ant el programa Next Generation EU.","breadcrumb":{"@id":"https:\/\/ticsalutsocial.atoom.space\/es\/noticia\/ultims-dies-per-aplicar-als-fons-next-generation-eu-per-accelerar-la-transformacio-de-latencio-social\/#breadcrumb"},"inLanguage":"es","potentialAction":[{"@type":"ReadAction","target":["https:\/\/ticsalutsocial.atoom.space\/es\/noticia\/ultims-dies-per-aplicar-als-fons-next-generation-eu-per-accelerar-la-transformacio-de-latencio-social\/"]}]},{"@type":"ImageObject","inLanguage":"es","@id":"https:\/\/ticsalutsocial.atoom.space\/es\/noticia\/ultims-dies-per-aplicar-als-fons-next-generation-eu-per-accelerar-la-transformacio-de-latencio-social\/#primaryimage","url":"https:\/\/ticsalutsocial.atoom.space\/wp-content\/uploads\/2022\/07\/Fons-NEXT-GEN-EU.jpg","contentUrl":"https:\/\/ticsalutsocial.atoom.space\/wp-content\/uploads\/2022\/07\/Fons-NEXT-GEN-EU.jpg","width":2560,"height":1707,"caption":"Fons NEXT GENERATION EU"},{"@type":"BreadcrumbList","@id":"https:\/\/ticsalutsocial.atoom.space\/es\/noticia\/ultims-dies-per-aplicar-als-fons-next-generation-eu-per-accelerar-la-transformacio-de-latencio-social\/#breadcrumb","itemListElement":[{"@type":"ListItem","position":1,"name":"Inici","item":"https:\/\/ticsalutsocial.atoom.space\/es\/"},{"@type":"ListItem","position":2,"name":"\u00daltims dies per aplicar als fons Next Generation EU per accelerar la transformaci\u00f3 de l\u2019atenci\u00f3 social"}]},{"@type":"WebSite","@id":"https:\/\/ticsalutsocial.atoom.space\/es\/#website","url":"https:\/\/ticsalutsocial.atoom.space\/es\/","name":"Fundaci\u00f3 TIC Salut i Social","description":"","potentialAction":[{"@type":"SearchAction","target":{"@type":"EntryPoint","urlTemplate":"https:\/\/ticsalutsocial.atoom.space\/es\/?s={search_term_string}"},"query-input":{"@type":"PropertyValueSpecification","valueRequired":true,"valueName":"search_term_string"}}],"inLanguage":"es"}]}},"_links":{"self":[{"href":"https:\/\/ticsalutsocial.atoom.space\/es\/wp-json\/wp\/v2\/noticia\/13704","targetHints":{"allow":["GET"]}}],"collection":[{"href":"https:\/\/ticsalutsocial.atoom.space\/es\/wp-json\/wp\/v2\/noticia"}],"about":[{"href":"https:\/\/ticsalutsocial.atoom.space\/es\/wp-json\/wp\/v2\/types\/noticia"}],"author":[{"embeddable":true,"href":"https:\/\/ticsalutsocial.atoom.space\/es\/wp-json\/wp\/v2\/users\/12"}],"wp:featuredmedia":[{"embeddable":true,"href":"https:\/\/ticsalutsocial.atoom.space\/es\/wp-json\/wp\/v2\/media\/12307"}],"wp:attachment":[{"href":"https:\/\/ticsalutsocial.atoom.space\/es\/wp-json\/wp\/v2\/media?parent=13704"}],"wp:term":[{"taxonomy":"etiqueta","embeddable":true,"href":"https:\/\/ticsalutsocial.atoom.space\/es\/wp-json\/wp\/v2\/etiqueta?post=13704"},{"taxonomy":"tipus","embeddable":true,"href":"https:\/\/ticsalutsocial.atoom.space\/es\/wp-json\/wp\/v2\/tipus?post=13704"},{"taxonomy":"topic","embeddable":true,"href":"https:\/\/ticsalutsocial.atoom.space\/es\/wp-json\/wp\/v2\/topic?post=13704"}],"curies":[{"name":"wp","href":"https:\/\/api.w.org\/{rel}","templated":true}]}}