
{"id":13712,"date":"2022-06-28T15:50:26","date_gmt":"2022-06-28T13:50:26","guid":{"rendered":"https:\/\/ticsalutsocial.atoom.space\/noticia\/el-projecte-incisive-treu-el-primer-prototip-de-repositori-interoperable-amb-dades-de-cancer\/"},"modified":"2022-06-28T15:50:26","modified_gmt":"2022-06-28T13:50:26","slug":"el-projecte-incisive-treu-el-primer-prototip-de-repositori-interoperable-amb-dades-de-cancer","status":"publish","type":"noticia","link":"https:\/\/ticsalutsocial.atoom.space\/es\/noticia\/el-projecte-incisive-treu-el-primer-prototip-de-repositori-interoperable-amb-dades-de-cancer\/","title":{"rendered":"El projecte INCISIVE treu el primer prototip de repositori interoperable amb dades de c\u00e0ncer"},"content":{"rendered":"\n<p>El projecte europeu <a href=\"https:\/\/incisive-project.eu\/\" target=\"_blank\" rel=\"noreferrer noopener\">INCISIVE <\/a>ha aconseguit la seva primera gran fita despr\u00e9s de 18 mesos de treball: publicar el <strong>primer prototip de repositori de dades interoperable federat amb milers d&#8217;imatges cl\u00edniques de c\u00e0ncer de mama, pulm\u00f3, pr\u00f2stata i colorectal.<\/strong> El repositori permet que els hospitals i altres possibles prove\u00efdors de dades comparteixin dades sanit\u00e0ries de manera segura i conforme al Reglament General de Protecci\u00f3 de Dades amb la comunitat cient\u00edfica que treballa en la formaci\u00f3 i experimentaci\u00f3 relacionada amb la Intel\u00b7lig\u00e8ncia Artificial (IA).<\/p>\n\n\n\n<p>El primer prototip integra totes les dades cl\u00edniques i d\u2019imatge del c\u00e0ncer de 3 dels 9 prove\u00efdors del projecte. Per fer-ho possible, el consorci ha recollit en un magatzem central temporal un total de 2,5 milions d&#8217;imatges de c\u00e0ncer de m\u00e9s de 7.000 pacients desidentificats de tots els socis cl\u00ednics que participen al projecte. Les dades recollides estan a punt per ser integrades al repositori de dades federat tan aviat com els 6 prove\u00efdors de dades restants completin la configuraci\u00f3 dels seus nodes de dades.<\/p>\n\n\n\n<p>La coordinadora del projecte, Gianna Tsakou, i responsable de projectes de MAGGIOLI SpA &#8211; Research &amp; Innovation Lab a Atenes, destaca els reptes que s&#8217;ha enfrontat el consorci per aconseguir aquesta fita: <strong>\u00abun dels reptes m\u00e9s grans que hem abordat amb \u00e8xit ha estat la posada en marxa de tots els acords necessaris i el treball t\u00e8cnic per garantir que la compartici\u00f3 massiva de dades retrospectives compleixi amb els requisits legals i \u00e8tics als 5 pa\u00efsos europeus i als 9 prove\u00efdors de dades en qu\u00e8 s&#8217;han previst nodes de dades\u00bb<\/strong>. Altres tasques complexes han estat la recopilaci\u00f3, la preparaci\u00f3 i la desidentificaci\u00f3 de dades, l&#8217;establiment d&#8217;un acord com\u00fa sobre els serveis d&#8217;IA que prestar\u00e0 el projecte, el disseny de la plataforma i la posada en marxa d&#8217;una versi\u00f3 operativa de l&#8217;enfocament federat en termes de emmagatzematge de dades i aprenentatge federat.<\/p>\n\n\n\n<p>La <strong>Fundaci\u00f3 TIC Salut Social<\/strong>, que en aquest projecte lidera tasques sobre l&#8217;explicabilitat de l&#8217;IA, la interoperabilitat i comunicaci\u00f3, ha contribu\u00eft al llan\u00e7ament del prototip facilitant la infraestructura tecnol\u00f2gica temporal. <\/p>\n\n\n\n<h3 class=\"wp-block-heading\"><strong>Avan\u00e7ant cap a la caixa d&#8217;eines d&#8217;IA<\/strong><\/h3>\n\n\n\n<p>El primer prototip d&#8217;INCISIVE ja inclou algunes de les funcionalitats que s&#8217;esperen per a la caixa d&#8217;eines d&#8217;IA (Toolbox), que t\u00e9 com a objectiu proporcionar suport a la presa de decisions als professionals m\u00e8dics en relaci\u00f3 amb el diagn\u00f2stic i el tractament del c\u00e0ncer. Els socis d&#8217;INCISIVE ja han comen\u00e7at a treballar en gaireb\u00e9 tots els models d&#8217;IA previstos al projecte, i el primer prototip incorpora els m\u00e9s avan\u00e7ats, que s\u00f3n els models de classificaci\u00f3 de la densitat mam\u00e0ria i de segmentaci\u00f3 d&#8217;imatges pulmonars per a diverses modalitats de imatge.<\/p>\n\n\n\n<p>El primer prototip de caixa d&#8217;eines d&#8217;IA tamb\u00e9 inclou els enfocaments inicials sobre l&#8217;explicabilitat de la IA, els conductes d&#8217;an\u00e0lisi de dades que permetran la prestaci\u00f3 dels serveis d&#8217;IA previstos i el treball inicial sobre la interf\u00edcie d&#8217;usuari dels serveis d&#8217;IA perqu\u00e8 els professionals m\u00e8dics puguin veure i llegir de manera exhaustiva els resultats de la manera m\u00e9s intu\u00eftiva i transparent possible.<\/p>\n\n\n\n<h3 class=\"wp-block-heading\"><strong>Casos d&#8217;\u00fas<\/strong><\/h3>\n\n\n\n<p>El primer prototip inclou els casos principals d&#8217;\u00fas i funcionalitats de la plataforma previstos al projecte per als usuaris potencials de la plataforma INCISIVE.<\/p>\n\n\n\n<p>En primer lloc, per als prove\u00efdors de dades, d\u00f3na suport a la preparaci\u00f3 de les dades, incloent-hi la desidentificaci\u00f3, l&#8217;anotaci\u00f3 i la comprovaci\u00f3 de la qualitat abans de compartir-les al repositori INCISIVE. En segon lloc, per als investigadors d&#8217;IA que busquen dades d&#8217;entrenament o validaci\u00f3 per als seus models, el primer prototip facilita la cerca i la consulta de les dades als nodes federats, permetent la creaci\u00f3 d&#8217;un espai de treball i l&#8217;entrenament dels seus algorismes utilitzant l\u2019aprenentatge federat. Finalment, per als professionals de la medicina, admet la prestaci\u00f3 de serveis habilitats per la IA seguint un <em>models-as-a-service approach<\/em>, en qu\u00e8 els professionals nom\u00e9s han de proporcionar la imatge al sistema i despr\u00e9s obtenir-ne els resultats d&#8217;infer\u00e8ncia habilitats per la IA amb un sol clic.<\/p>\n\n\n\n<h3 class=\"wp-block-heading\"><strong>Properes passes<\/strong><\/h3>\n\n\n\n<p>El consorci INCISIVE ha comen\u00e7at a treballar en el segon prototip, que integrar\u00e0 els 6 prove\u00efdors de dades restants a l&#8217;emmagatzematge federat i permetr\u00e0 que les seves dades siguin interoperables i reutilitzables durant i despr\u00e9s del projecte. El consorci tamb\u00e9 espera incloure un node central d&#8217;emmagatzematge de dades a la plataforma integrada per a aquells prove\u00efdors de dades que no puguin o no vulguin establir el seu propi node a nivell local i posar a disposici\u00f3 una eina de desidentificaci\u00f3 de dades optimitzada segons les necessitats dels prove\u00efdors de dades, aix\u00ed com una eina d\u2019anotaci\u00f3 de dades semiautom\u00e0tica per accelerar el seu treball.<\/p>\n\n\n\n<p>El segon prototip, que estar\u00e0 disponible a principis de l&#8217;any vinent, tamb\u00e9 optimitzar\u00e0 el proc\u00e9s d&#8217;aprenentatge federat quant a l&#8217;\u00fas dels recursos inform\u00e0tics necessaris i la qualitat dels models d&#8217;IA produ\u00efts a partir d&#8217;aquest proc\u00e9s.<\/p>\n\n\n\n<p>INCISIVE ha rebut finan\u00e7ament del programa de recerca i innovaci\u00f3 Horitz\u00f3 2020 de la Uni\u00f3 Europea en virtut de l&#8217;acord de subvenci\u00f3 n\u00fam. 952179.<\/p>\n","protected":false},"author":12,"featured_media":11998,"menu_order":0,"template":"","meta":{"_acf_changed":false,"inline_featured_image":false},"etiqueta":[],"tipus":[718],"topic":[126],"class_list":["post-13712","noticia","type-noticia","status-publish","has-post-thumbnail","hentry","tipus-intelligencia-artificial","topic-implementacio"],"acf":{"autor":"","textos_destacats":[{"texte":"La Fundaci\u00f3 TIC Salut Social, que en aquest projecte lidera tasques sobre l'explicabilitat de l'IA, la interoperabilitat i comunicaci\u00f3, ha contribu\u00eft al llan\u00e7ament del prototip facilitant la infraestructura tecnol\u00f2gica temporal. "}]},"yoast_head":"<!-- This site is optimized with the Yoast SEO plugin v27.1.1 - https:\/\/yoast.com\/product\/yoast-seo-wordpress\/ -->\n<title>El projecte INCISIVE treu el primer prototip de repositori interoperable amb dades de c\u00e0ncer - Fundaci\u00f3 TIC Salut i Social<\/title>\n<meta name=\"robots\" content=\"index, follow, max-snippet:-1, max-image-preview:large, max-video-preview:-1\" \/>\n<link rel=\"canonical\" href=\"https:\/\/ticsalutsocial.atoom.space\/es\/noticia\/el-projecte-incisive-treu-el-primer-prototip-de-repositori-interoperable-amb-dades-de-cancer\/\" \/>\n<meta property=\"og:locale\" content=\"es_ES\" \/>\n<meta property=\"og:type\" content=\"article\" \/>\n<meta property=\"og:title\" content=\"El projecte INCISIVE treu el primer prototip de repositori interoperable amb dades de c\u00e0ncer - Fundaci\u00f3 TIC Salut i Social\" \/>\n<meta property=\"og:description\" content=\"El projecte europeu INCISIVE ha aconseguit la seva primera gran fita despr\u00e9s de 18 mesos de treball: publicar el primer prototip de repositori de dades interoperable federat amb milers d&#8217;imatges cl\u00edniques de c\u00e0ncer de mama, pulm\u00f3, pr\u00f2stata i colorectal. El repositori permet que els hospitals i altres possibles prove\u00efdors de dades comparteixin dades sanit\u00e0ries de [&hellip;]\" \/>\n<meta property=\"og:url\" content=\"https:\/\/ticsalutsocial.atoom.space\/es\/noticia\/el-projecte-incisive-treu-el-primer-prototip-de-repositori-interoperable-amb-dades-de-cancer\/\" \/>\n<meta property=\"og:site_name\" content=\"Fundaci\u00f3 TIC Salut i Social\" \/>\n<meta property=\"og:image\" content=\"https:\/\/ticsalutsocial.atoom.space\/wp-content\/uploads\/2022\/06\/Diseno-sin-titulo-2.jpg\" \/>\n\t<meta property=\"og:image:width\" content=\"1920\" \/>\n\t<meta property=\"og:image:height\" content=\"1080\" \/>\n\t<meta property=\"og:image:type\" content=\"image\/jpeg\" \/>\n<meta name=\"twitter:card\" content=\"summary_large_image\" \/>\n<meta name=\"twitter:label1\" content=\"Tiempo de lectura\" \/>\n\t<meta name=\"twitter:data1\" content=\"4 minutos\" \/>\n<script type=\"application\/ld+json\" class=\"yoast-schema-graph\">{\"@context\":\"https:\/\/schema.org\",\"@graph\":[{\"@type\":\"WebPage\",\"@id\":\"https:\/\/ticsalutsocial.atoom.space\/es\/noticia\/el-projecte-incisive-treu-el-primer-prototip-de-repositori-interoperable-amb-dades-de-cancer\/\",\"url\":\"https:\/\/ticsalutsocial.atoom.space\/es\/noticia\/el-projecte-incisive-treu-el-primer-prototip-de-repositori-interoperable-amb-dades-de-cancer\/\",\"name\":\"El projecte INCISIVE treu el primer prototip de repositori interoperable amb dades de c\u00e0ncer - Fundaci\u00f3 TIC Salut i Social\",\"isPartOf\":{\"@id\":\"https:\/\/ticsalutsocial.atoom.space\/es\/#website\"},\"primaryImageOfPage\":{\"@id\":\"https:\/\/ticsalutsocial.atoom.space\/es\/noticia\/el-projecte-incisive-treu-el-primer-prototip-de-repositori-interoperable-amb-dades-de-cancer\/#primaryimage\"},\"image\":{\"@id\":\"https:\/\/ticsalutsocial.atoom.space\/es\/noticia\/el-projecte-incisive-treu-el-primer-prototip-de-repositori-interoperable-amb-dades-de-cancer\/#primaryimage\"},\"thumbnailUrl\":\"https:\/\/ticsalutsocial.atoom.space\/wp-content\/uploads\/2022\/06\/Diseno-sin-titulo-2.jpg\",\"datePublished\":\"2022-06-28T13:50:26+00:00\",\"breadcrumb\":{\"@id\":\"https:\/\/ticsalutsocial.atoom.space\/es\/noticia\/el-projecte-incisive-treu-el-primer-prototip-de-repositori-interoperable-amb-dades-de-cancer\/#breadcrumb\"},\"inLanguage\":\"es\",\"potentialAction\":[{\"@type\":\"ReadAction\",\"target\":[\"https:\/\/ticsalutsocial.atoom.space\/es\/noticia\/el-projecte-incisive-treu-el-primer-prototip-de-repositori-interoperable-amb-dades-de-cancer\/\"]}]},{\"@type\":\"ImageObject\",\"inLanguage\":\"es\",\"@id\":\"https:\/\/ticsalutsocial.atoom.space\/es\/noticia\/el-projecte-incisive-treu-el-primer-prototip-de-repositori-interoperable-amb-dades-de-cancer\/#primaryimage\",\"url\":\"https:\/\/ticsalutsocial.atoom.space\/wp-content\/uploads\/2022\/06\/Diseno-sin-titulo-2.jpg\",\"contentUrl\":\"https:\/\/ticsalutsocial.atoom.space\/wp-content\/uploads\/2022\/06\/Diseno-sin-titulo-2.jpg\",\"width\":1920,\"height\":1080,\"caption\":\"Repositori interoperable de dades de c\u00e0ncer\"},{\"@type\":\"BreadcrumbList\",\"@id\":\"https:\/\/ticsalutsocial.atoom.space\/es\/noticia\/el-projecte-incisive-treu-el-primer-prototip-de-repositori-interoperable-amb-dades-de-cancer\/#breadcrumb\",\"itemListElement\":[{\"@type\":\"ListItem\",\"position\":1,\"name\":\"Inici\",\"item\":\"https:\/\/ticsalutsocial.atoom.space\/es\/\"},{\"@type\":\"ListItem\",\"position\":2,\"name\":\"El projecte INCISIVE treu el primer prototip de repositori interoperable amb dades de c\u00e0ncer\"}]},{\"@type\":\"WebSite\",\"@id\":\"https:\/\/ticsalutsocial.atoom.space\/es\/#website\",\"url\":\"https:\/\/ticsalutsocial.atoom.space\/es\/\",\"name\":\"Fundaci\u00f3 TIC Salut i Social\",\"description\":\"\",\"potentialAction\":[{\"@type\":\"SearchAction\",\"target\":{\"@type\":\"EntryPoint\",\"urlTemplate\":\"https:\/\/ticsalutsocial.atoom.space\/es\/?s={search_term_string}\"},\"query-input\":{\"@type\":\"PropertyValueSpecification\",\"valueRequired\":true,\"valueName\":\"search_term_string\"}}],\"inLanguage\":\"es\"}]}<\/script>\n<!-- \/ Yoast SEO plugin. -->","yoast_head_json":{"title":"El projecte INCISIVE treu el primer prototip de repositori interoperable amb dades de c\u00e0ncer - Fundaci\u00f3 TIC Salut i Social","robots":{"index":"index","follow":"follow","max-snippet":"max-snippet:-1","max-image-preview":"max-image-preview:large","max-video-preview":"max-video-preview:-1"},"canonical":"https:\/\/ticsalutsocial.atoom.space\/es\/noticia\/el-projecte-incisive-treu-el-primer-prototip-de-repositori-interoperable-amb-dades-de-cancer\/","og_locale":"es_ES","og_type":"article","og_title":"El projecte INCISIVE treu el primer prototip de repositori interoperable amb dades de c\u00e0ncer - Fundaci\u00f3 TIC Salut i Social","og_description":"El projecte europeu INCISIVE ha aconseguit la seva primera gran fita despr\u00e9s de 18 mesos de treball: publicar el primer prototip de repositori de dades interoperable federat amb milers d&#8217;imatges cl\u00edniques de c\u00e0ncer de mama, pulm\u00f3, pr\u00f2stata i colorectal. El repositori permet que els hospitals i altres possibles prove\u00efdors de dades comparteixin dades sanit\u00e0ries de [&hellip;]","og_url":"https:\/\/ticsalutsocial.atoom.space\/es\/noticia\/el-projecte-incisive-treu-el-primer-prototip-de-repositori-interoperable-amb-dades-de-cancer\/","og_site_name":"Fundaci\u00f3 TIC Salut i Social","og_image":[{"width":1920,"height":1080,"url":"https:\/\/ticsalutsocial.atoom.space\/wp-content\/uploads\/2022\/06\/Diseno-sin-titulo-2.jpg","type":"image\/jpeg"}],"twitter_card":"summary_large_image","twitter_misc":{"Tiempo de lectura":"4 minutos"},"schema":{"@context":"https:\/\/schema.org","@graph":[{"@type":"WebPage","@id":"https:\/\/ticsalutsocial.atoom.space\/es\/noticia\/el-projecte-incisive-treu-el-primer-prototip-de-repositori-interoperable-amb-dades-de-cancer\/","url":"https:\/\/ticsalutsocial.atoom.space\/es\/noticia\/el-projecte-incisive-treu-el-primer-prototip-de-repositori-interoperable-amb-dades-de-cancer\/","name":"El projecte INCISIVE treu el primer prototip de repositori interoperable amb dades de c\u00e0ncer - Fundaci\u00f3 TIC Salut i Social","isPartOf":{"@id":"https:\/\/ticsalutsocial.atoom.space\/es\/#website"},"primaryImageOfPage":{"@id":"https:\/\/ticsalutsocial.atoom.space\/es\/noticia\/el-projecte-incisive-treu-el-primer-prototip-de-repositori-interoperable-amb-dades-de-cancer\/#primaryimage"},"image":{"@id":"https:\/\/ticsalutsocial.atoom.space\/es\/noticia\/el-projecte-incisive-treu-el-primer-prototip-de-repositori-interoperable-amb-dades-de-cancer\/#primaryimage"},"thumbnailUrl":"https:\/\/ticsalutsocial.atoom.space\/wp-content\/uploads\/2022\/06\/Diseno-sin-titulo-2.jpg","datePublished":"2022-06-28T13:50:26+00:00","breadcrumb":{"@id":"https:\/\/ticsalutsocial.atoom.space\/es\/noticia\/el-projecte-incisive-treu-el-primer-prototip-de-repositori-interoperable-amb-dades-de-cancer\/#breadcrumb"},"inLanguage":"es","potentialAction":[{"@type":"ReadAction","target":["https:\/\/ticsalutsocial.atoom.space\/es\/noticia\/el-projecte-incisive-treu-el-primer-prototip-de-repositori-interoperable-amb-dades-de-cancer\/"]}]},{"@type":"ImageObject","inLanguage":"es","@id":"https:\/\/ticsalutsocial.atoom.space\/es\/noticia\/el-projecte-incisive-treu-el-primer-prototip-de-repositori-interoperable-amb-dades-de-cancer\/#primaryimage","url":"https:\/\/ticsalutsocial.atoom.space\/wp-content\/uploads\/2022\/06\/Diseno-sin-titulo-2.jpg","contentUrl":"https:\/\/ticsalutsocial.atoom.space\/wp-content\/uploads\/2022\/06\/Diseno-sin-titulo-2.jpg","width":1920,"height":1080,"caption":"Repositori interoperable de dades de c\u00e0ncer"},{"@type":"BreadcrumbList","@id":"https:\/\/ticsalutsocial.atoom.space\/es\/noticia\/el-projecte-incisive-treu-el-primer-prototip-de-repositori-interoperable-amb-dades-de-cancer\/#breadcrumb","itemListElement":[{"@type":"ListItem","position":1,"name":"Inici","item":"https:\/\/ticsalutsocial.atoom.space\/es\/"},{"@type":"ListItem","position":2,"name":"El projecte INCISIVE treu el primer prototip de repositori interoperable amb dades de c\u00e0ncer"}]},{"@type":"WebSite","@id":"https:\/\/ticsalutsocial.atoom.space\/es\/#website","url":"https:\/\/ticsalutsocial.atoom.space\/es\/","name":"Fundaci\u00f3 TIC Salut i Social","description":"","potentialAction":[{"@type":"SearchAction","target":{"@type":"EntryPoint","urlTemplate":"https:\/\/ticsalutsocial.atoom.space\/es\/?s={search_term_string}"},"query-input":{"@type":"PropertyValueSpecification","valueRequired":true,"valueName":"search_term_string"}}],"inLanguage":"es"}]}},"_links":{"self":[{"href":"https:\/\/ticsalutsocial.atoom.space\/es\/wp-json\/wp\/v2\/noticia\/13712","targetHints":{"allow":["GET"]}}],"collection":[{"href":"https:\/\/ticsalutsocial.atoom.space\/es\/wp-json\/wp\/v2\/noticia"}],"about":[{"href":"https:\/\/ticsalutsocial.atoom.space\/es\/wp-json\/wp\/v2\/types\/noticia"}],"author":[{"embeddable":true,"href":"https:\/\/ticsalutsocial.atoom.space\/es\/wp-json\/wp\/v2\/users\/12"}],"wp:featuredmedia":[{"embeddable":true,"href":"https:\/\/ticsalutsocial.atoom.space\/es\/wp-json\/wp\/v2\/media\/11998"}],"wp:attachment":[{"href":"https:\/\/ticsalutsocial.atoom.space\/es\/wp-json\/wp\/v2\/media?parent=13712"}],"wp:term":[{"taxonomy":"etiqueta","embeddable":true,"href":"https:\/\/ticsalutsocial.atoom.space\/es\/wp-json\/wp\/v2\/etiqueta?post=13712"},{"taxonomy":"tipus","embeddable":true,"href":"https:\/\/ticsalutsocial.atoom.space\/es\/wp-json\/wp\/v2\/tipus?post=13712"},{"taxonomy":"topic","embeddable":true,"href":"https:\/\/ticsalutsocial.atoom.space\/es\/wp-json\/wp\/v2\/topic?post=13712"}],"curies":[{"name":"wp","href":"https:\/\/api.w.org\/{rel}","templated":true}]}}