
{"id":13715,"date":"2022-06-09T09:32:00","date_gmt":"2022-06-09T07:32:00","guid":{"rendered":"https:\/\/ticsalutsocial.atoom.space\/noticia\/label2enable-horizon-europe-impulsa-una-etiqueta-de-qualitat-de-la-ue-per-a-aplicacions-de-salut-i-benestar\/"},"modified":"2022-06-09T09:32:00","modified_gmt":"2022-06-09T07:32:00","slug":"label2enable-horizon-europe-impulsa-una-etiqueta-de-qualitat-de-la-ue-per-a-aplicacions-de-salut-i-benestar","status":"publish","type":"noticia","link":"https:\/\/ticsalutsocial.atoom.space\/es\/noticia\/label2enable-horizon-europe-impulsa-una-etiqueta-de-qualitat-de-la-ue-per-a-aplicacions-de-salut-i-benestar\/","title":{"rendered":"Label2Enable: Horizon Europe impulsa una etiqueta de qualitat de la UE per a aplicacions de salut i benestar"},"content":{"rendered":"\n<p>El passat 1 de juny de 2022 va comen\u00e7ar el projecte Horizon Europe <em><strong>Label2Enable<\/strong><\/em>. Catorze organitzacions de set pa\u00efsos (B\u00e8lgica, Cro\u00e0cia, Alemanya, It\u00e0lia, Litu\u00e0nia, els Pa\u00efsos Baixos i Espanya) uneixen les seves forces durant dos anys per promoure el marc d&#8217;avaluaci\u00f3 de les aplicacions sanit\u00e0ries ISO\/TS 82304-2 a Europa. La Fundaci\u00f3 TIC Salut participa en aquest projecte com a Autoritat de Salut, i proporcionar\u00e0 assessorament sobre com incorporar l&#8217;ISO en el programari de salut a Catalunya, els casos d&#8217;\u00fas i els requisits per complir amb aquesta ISO per a tots els productes sanitaris implicats en processos de contractaci\u00f3 p\u00fablica.<\/p>\n\n\n\n<p>L&#8217;envelliment de la poblaci\u00f3 i les malalties cr\u00f2niques estan exercint cada vegada m\u00e9s pressi\u00f3 sobre els pressupostos sanitaris a Europa. La qualitat i l&#8217;accessibilitat dels serveis sanitaris s\u00f3n desiguals, i l&#8217;escassetat de professionals sanitaris augmenta. Hi ha una creixent assertivitat sobre com les aplicacions sanit\u00e0ries poden enfortir l&#8217;atenci\u00f3 sanit\u00e0ria, l&#8217;autogesti\u00f3 i la prevenci\u00f3. Les investigacions mostren, per exemple, que les aplicacions integrades en el servei assistencial poden promoure un estil de vida m\u00e9s saludable, proporcionar m\u00e9s informaci\u00f3 sobre les malalties, menys c\u00e0rrega de s\u00edmptomes, menys admissions als hospitals, m\u00e9s efici\u00e8ncia i fins i tot una vida m\u00e9s llarga. No obstant aix\u00f2, actualment les persones usu\u00e0ries no tenen la informaci\u00f3 que necessiten per determinar la qualitat i fiabilitat de les aplicacions sanit\u00e0ries. Aix\u00f2 \u00e9s una barrera en l&#8217;\u00fas d&#8217;aplicacions. Els fabricants d&#8217;Apps experimenten que els diferents processos d&#8217;aprovaci\u00f3 nacional s\u00f3n confusos i poc clars quant al que s&#8217;espera i la profunditat de les proves que requereix cada organisme d&#8217;aprovaci\u00f3.<\/p>\n\n\n\n<p><br>El 2021 es va publicar \u00abISO\/TS 82304-2 &#8211; aplicacions de salut i benestar &#8211; qualitat i fiabilitat\u00bb. El projecte Label2Enable utilitza l&#8217;oportunitat que l&#8217;ISO\/TS 82304-2 i la seva etiqueta de qualitat en Apps de salut per trencar el punt mort i promoure l&#8217;\u00fas ampli i el subministrament d&#8217;aplicacions de salut de qualitat. L&#8217;objectiu de Label2Enable \u00e9s triple: aconseguir confian\u00e7a, \u00fas i adopci\u00f3.<\/p>\n\n\n\n<p><\/p>\n\n\n\n<h4 class=\"wp-block-heading\"><strong>Confian\u00e7a<\/strong><\/h4>\n\n\n\n<p><strong><br><\/strong>Els socis del consorci i-HD, ORCHA, HIMSS, EIT Health i COCIR cooperen en el L&#8217;objectiu sobre confiabilitat. Crearan i provaran el manual ISO\/TS 82304-2 per a l&#8217;avaluaci\u00f3 acreditada de les aplicacions sanit\u00e0ries i organitzacions. En terminologia ISO, un esquema de certificaci\u00f3 ISO\/IEC 17065. Garantiran que el manual contingui metodologies d&#8217;avaluaci\u00f3 adequades, que s&#8217;ajustin a la legislaci\u00f3 i els valors de la UE, i que produeixi els mateixos resultats coherents, independentment de l&#8217;organitzaci\u00f3 d&#8217;avaluaci\u00f3 implicada. I que funcioni tamb\u00e9 per als fabricants d&#8217;aplicacions. Garantiran el manteniment del manual despr\u00e9s del projecte i permetran l&#8217;acreditaci\u00f3 d&#8217;organitzacions d&#8217;avaluaci\u00f3. Tamb\u00e9 investigaran si la legislaci\u00f3 per a l&#8217;etiqueta \u00e9s assenyada i qui pagar\u00e0 l&#8217;avaluaci\u00f3.<\/p>\n\n\n\n<h4 class=\"wp-block-heading\"><strong>\u00das<\/strong><\/h4>\n\n\n\n<p><br>Els membres del consorci European Patient Forum, Kaunas Clinics, LUMC, EuroHealthNet i La Universitat d&#8217;Amsterdam col\u00b7laboren en l&#8217;objectiu sobre usabilitat. Investigaran a qui confien els consumidors per a donar-los recomanacions sobre aplicacions sanit\u00e0ries i qu\u00e8 tamb\u00e9 ajudar\u00e0 a les persones amb una baixa alfabetitzaci\u00f3 sanit\u00e0ria a utilitzar l&#8217;etiqueta de qualitat. Esbrinaran el que els professionals sanitaris necessiten en l&#8217;informe detallat de les aplicacions per a poder recomanar aplicacions sanit\u00e0ries i com mostrar l&#8217;etiqueta de manera efectiva en botigues d&#8217;aplicacions, biblioteques d&#8217;aplicacions i fonts fiables.<\/p>\n\n\n\n<h4 class=\"wp-block-heading\">Adopci\u00f3<\/h4>\n\n\n\n<p>Els membres del consorci Empirica, i-HD, LUMC, ISS, Fundacio TIC Salut Social i Tatjana Prenda Trupec Cooperaci\u00f3, en l&#8217;objectiu sobre adopci\u00f3, treballaran per promoure l&#8217;ISO\/TS 82304-2. A trav\u00e9s d'\u00bbhist\u00f2ries d&#8217;\u00fas\u00bb de pilots amb l&#8217;ISO\/TS 82304-2 a It\u00e0lia, Catalunya i els Pa\u00efsos Baixos, proporcionaran informaci\u00f3 sobre com implementar el marc d&#8217;avaluaci\u00f3 ISO de manera efectiva.<\/p>\n\n\n\n<p>Finalment, exploraran amb els asseguradors de la salut i els organismes d&#8217;avaluaci\u00f3 de la tecnologia sanit\u00e0ria com el marc d&#8217;avaluaci\u00f3 ISO pot ajudar a prendre decisions sobre el reemborsament de les aplicacions sanit\u00e0ries.<br>Petra Hoogendoorn coordinar\u00e0 Label2Enable des del <em>National eHealth Living Lab<\/em>, <em>Leiden University Medical Center the Netherlands<\/em>, <em>Department of Public Health and Primary Care<\/em>.<\/p>\n","protected":false},"author":3,"featured_media":11402,"menu_order":0,"template":"","meta":{"_acf_changed":false,"inline_featured_image":false},"etiqueta":[],"tipus":[23],"topic":[126],"class_list":["post-13715","noticia","type-noticia","status-publish","has-post-thumbnail","hentry","tipus-projectes","topic-implementacio"],"acf":{"autor":"","textos_destacats":[{"texte":"La Fundaci\u00f3 TIC Salut participa en aquest projecte com a Autoritat de Salut, i proporcionar\u00e0 assessorament sobre com incorporar l'ISO en el programari de salut a Catalunya"}]},"yoast_head":"<!-- This site is optimized with the Yoast SEO plugin v27.1.1 - https:\/\/yoast.com\/product\/yoast-seo-wordpress\/ -->\n<title>Label2Enable: Horizon Europe impulsa una etiqueta de qualitat de la UE per a aplicacions de salut i benestar - Fundaci\u00f3 TIC Salut i Social<\/title>\n<meta name=\"robots\" content=\"index, follow, max-snippet:-1, max-image-preview:large, max-video-preview:-1\" \/>\n<link rel=\"canonical\" href=\"https:\/\/ticsalutsocial.atoom.space\/es\/noticia\/label2enable-horizon-europe-impulsa-una-etiqueta-de-qualitat-de-la-ue-per-a-aplicacions-de-salut-i-benestar\/\" \/>\n<meta property=\"og:locale\" content=\"es_ES\" \/>\n<meta property=\"og:type\" content=\"article\" \/>\n<meta property=\"og:title\" content=\"Label2Enable: Horizon Europe impulsa una etiqueta de qualitat de la UE per a aplicacions de salut i benestar - Fundaci\u00f3 TIC Salut i Social\" \/>\n<meta property=\"og:description\" content=\"El passat 1 de juny de 2022 va comen\u00e7ar el projecte Horizon Europe Label2Enable. Catorze organitzacions de set pa\u00efsos (B\u00e8lgica, Cro\u00e0cia, Alemanya, It\u00e0lia, Litu\u00e0nia, els Pa\u00efsos Baixos i Espanya) uneixen les seves forces durant dos anys per promoure el marc d&#8217;avaluaci\u00f3 de les aplicacions sanit\u00e0ries ISO\/TS 82304-2 a Europa. La Fundaci\u00f3 TIC Salut participa en [&hellip;]\" \/>\n<meta property=\"og:url\" content=\"https:\/\/ticsalutsocial.atoom.space\/es\/noticia\/label2enable-horizon-europe-impulsa-una-etiqueta-de-qualitat-de-la-ue-per-a-aplicacions-de-salut-i-benestar\/\" \/>\n<meta property=\"og:site_name\" content=\"Fundaci\u00f3 TIC Salut i Social\" \/>\n<meta property=\"og:image\" content=\"https:\/\/ticsalutsocial.atoom.space\/wp-content\/uploads\/2022\/06\/49552307523_63f7b6372e_o-scaled.jpg\" \/>\n\t<meta property=\"og:image:width\" content=\"2560\" \/>\n\t<meta property=\"og:image:height\" content=\"1707\" \/>\n\t<meta property=\"og:image:type\" content=\"image\/jpeg\" \/>\n<meta name=\"twitter:card\" content=\"summary_large_image\" \/>\n<meta name=\"twitter:label1\" content=\"Tiempo de lectura\" \/>\n\t<meta name=\"twitter:data1\" content=\"3 minutos\" \/>\n<script type=\"application\/ld+json\" class=\"yoast-schema-graph\">{\"@context\":\"https:\/\/schema.org\",\"@graph\":[{\"@type\":\"WebPage\",\"@id\":\"https:\/\/ticsalutsocial.atoom.space\/es\/noticia\/label2enable-horizon-europe-impulsa-una-etiqueta-de-qualitat-de-la-ue-per-a-aplicacions-de-salut-i-benestar\/\",\"url\":\"https:\/\/ticsalutsocial.atoom.space\/es\/noticia\/label2enable-horizon-europe-impulsa-una-etiqueta-de-qualitat-de-la-ue-per-a-aplicacions-de-salut-i-benestar\/\",\"name\":\"Label2Enable: Horizon Europe impulsa una etiqueta de qualitat de la UE per a aplicacions de salut i benestar - Fundaci\u00f3 TIC Salut i Social\",\"isPartOf\":{\"@id\":\"https:\/\/ticsalutsocial.atoom.space\/es\/#website\"},\"primaryImageOfPage\":{\"@id\":\"https:\/\/ticsalutsocial.atoom.space\/es\/noticia\/label2enable-horizon-europe-impulsa-una-etiqueta-de-qualitat-de-la-ue-per-a-aplicacions-de-salut-i-benestar\/#primaryimage\"},\"image\":{\"@id\":\"https:\/\/ticsalutsocial.atoom.space\/es\/noticia\/label2enable-horizon-europe-impulsa-una-etiqueta-de-qualitat-de-la-ue-per-a-aplicacions-de-salut-i-benestar\/#primaryimage\"},\"thumbnailUrl\":\"https:\/\/ticsalutsocial.atoom.space\/wp-content\/uploads\/2022\/06\/49552307523_63f7b6372e_o-scaled.jpg\",\"datePublished\":\"2022-06-09T07:32:00+00:00\",\"breadcrumb\":{\"@id\":\"https:\/\/ticsalutsocial.atoom.space\/es\/noticia\/label2enable-horizon-europe-impulsa-una-etiqueta-de-qualitat-de-la-ue-per-a-aplicacions-de-salut-i-benestar\/#breadcrumb\"},\"inLanguage\":\"es\",\"potentialAction\":[{\"@type\":\"ReadAction\",\"target\":[\"https:\/\/ticsalutsocial.atoom.space\/es\/noticia\/label2enable-horizon-europe-impulsa-una-etiqueta-de-qualitat-de-la-ue-per-a-aplicacions-de-salut-i-benestar\/\"]}]},{\"@type\":\"ImageObject\",\"inLanguage\":\"es\",\"@id\":\"https:\/\/ticsalutsocial.atoom.space\/es\/noticia\/label2enable-horizon-europe-impulsa-una-etiqueta-de-qualitat-de-la-ue-per-a-aplicacions-de-salut-i-benestar\/#primaryimage\",\"url\":\"https:\/\/ticsalutsocial.atoom.space\/wp-content\/uploads\/2022\/06\/49552307523_63f7b6372e_o-scaled.jpg\",\"contentUrl\":\"https:\/\/ticsalutsocial.atoom.space\/wp-content\/uploads\/2022\/06\/49552307523_63f7b6372e_o-scaled.jpg\",\"width\":2560,\"height\":1707},{\"@type\":\"BreadcrumbList\",\"@id\":\"https:\/\/ticsalutsocial.atoom.space\/es\/noticia\/label2enable-horizon-europe-impulsa-una-etiqueta-de-qualitat-de-la-ue-per-a-aplicacions-de-salut-i-benestar\/#breadcrumb\",\"itemListElement\":[{\"@type\":\"ListItem\",\"position\":1,\"name\":\"Inici\",\"item\":\"https:\/\/ticsalutsocial.atoom.space\/es\/\"},{\"@type\":\"ListItem\",\"position\":2,\"name\":\"Label2Enable: Horizon Europe impulsa una etiqueta de qualitat de la UE per a aplicacions de salut i benestar\"}]},{\"@type\":\"WebSite\",\"@id\":\"https:\/\/ticsalutsocial.atoom.space\/es\/#website\",\"url\":\"https:\/\/ticsalutsocial.atoom.space\/es\/\",\"name\":\"Fundaci\u00f3 TIC Salut i Social\",\"description\":\"\",\"potentialAction\":[{\"@type\":\"SearchAction\",\"target\":{\"@type\":\"EntryPoint\",\"urlTemplate\":\"https:\/\/ticsalutsocial.atoom.space\/es\/?s={search_term_string}\"},\"query-input\":{\"@type\":\"PropertyValueSpecification\",\"valueRequired\":true,\"valueName\":\"search_term_string\"}}],\"inLanguage\":\"es\"}]}<\/script>\n<!-- \/ Yoast SEO plugin. -->","yoast_head_json":{"title":"Label2Enable: Horizon Europe impulsa una etiqueta de qualitat de la UE per a aplicacions de salut i benestar - Fundaci\u00f3 TIC Salut i Social","robots":{"index":"index","follow":"follow","max-snippet":"max-snippet:-1","max-image-preview":"max-image-preview:large","max-video-preview":"max-video-preview:-1"},"canonical":"https:\/\/ticsalutsocial.atoom.space\/es\/noticia\/label2enable-horizon-europe-impulsa-una-etiqueta-de-qualitat-de-la-ue-per-a-aplicacions-de-salut-i-benestar\/","og_locale":"es_ES","og_type":"article","og_title":"Label2Enable: Horizon Europe impulsa una etiqueta de qualitat de la UE per a aplicacions de salut i benestar - Fundaci\u00f3 TIC Salut i Social","og_description":"El passat 1 de juny de 2022 va comen\u00e7ar el projecte Horizon Europe Label2Enable. Catorze organitzacions de set pa\u00efsos (B\u00e8lgica, Cro\u00e0cia, Alemanya, It\u00e0lia, Litu\u00e0nia, els Pa\u00efsos Baixos i Espanya) uneixen les seves forces durant dos anys per promoure el marc d&#8217;avaluaci\u00f3 de les aplicacions sanit\u00e0ries ISO\/TS 82304-2 a Europa. La Fundaci\u00f3 TIC Salut participa en [&hellip;]","og_url":"https:\/\/ticsalutsocial.atoom.space\/es\/noticia\/label2enable-horizon-europe-impulsa-una-etiqueta-de-qualitat-de-la-ue-per-a-aplicacions-de-salut-i-benestar\/","og_site_name":"Fundaci\u00f3 TIC Salut i Social","og_image":[{"width":2560,"height":1707,"url":"https:\/\/ticsalutsocial.atoom.space\/wp-content\/uploads\/2022\/06\/49552307523_63f7b6372e_o-scaled.jpg","type":"image\/jpeg"}],"twitter_card":"summary_large_image","twitter_misc":{"Tiempo de lectura":"3 minutos"},"schema":{"@context":"https:\/\/schema.org","@graph":[{"@type":"WebPage","@id":"https:\/\/ticsalutsocial.atoom.space\/es\/noticia\/label2enable-horizon-europe-impulsa-una-etiqueta-de-qualitat-de-la-ue-per-a-aplicacions-de-salut-i-benestar\/","url":"https:\/\/ticsalutsocial.atoom.space\/es\/noticia\/label2enable-horizon-europe-impulsa-una-etiqueta-de-qualitat-de-la-ue-per-a-aplicacions-de-salut-i-benestar\/","name":"Label2Enable: Horizon Europe impulsa una etiqueta de qualitat de la UE per a aplicacions de salut i benestar - Fundaci\u00f3 TIC Salut i Social","isPartOf":{"@id":"https:\/\/ticsalutsocial.atoom.space\/es\/#website"},"primaryImageOfPage":{"@id":"https:\/\/ticsalutsocial.atoom.space\/es\/noticia\/label2enable-horizon-europe-impulsa-una-etiqueta-de-qualitat-de-la-ue-per-a-aplicacions-de-salut-i-benestar\/#primaryimage"},"image":{"@id":"https:\/\/ticsalutsocial.atoom.space\/es\/noticia\/label2enable-horizon-europe-impulsa-una-etiqueta-de-qualitat-de-la-ue-per-a-aplicacions-de-salut-i-benestar\/#primaryimage"},"thumbnailUrl":"https:\/\/ticsalutsocial.atoom.space\/wp-content\/uploads\/2022\/06\/49552307523_63f7b6372e_o-scaled.jpg","datePublished":"2022-06-09T07:32:00+00:00","breadcrumb":{"@id":"https:\/\/ticsalutsocial.atoom.space\/es\/noticia\/label2enable-horizon-europe-impulsa-una-etiqueta-de-qualitat-de-la-ue-per-a-aplicacions-de-salut-i-benestar\/#breadcrumb"},"inLanguage":"es","potentialAction":[{"@type":"ReadAction","target":["https:\/\/ticsalutsocial.atoom.space\/es\/noticia\/label2enable-horizon-europe-impulsa-una-etiqueta-de-qualitat-de-la-ue-per-a-aplicacions-de-salut-i-benestar\/"]}]},{"@type":"ImageObject","inLanguage":"es","@id":"https:\/\/ticsalutsocial.atoom.space\/es\/noticia\/label2enable-horizon-europe-impulsa-una-etiqueta-de-qualitat-de-la-ue-per-a-aplicacions-de-salut-i-benestar\/#primaryimage","url":"https:\/\/ticsalutsocial.atoom.space\/wp-content\/uploads\/2022\/06\/49552307523_63f7b6372e_o-scaled.jpg","contentUrl":"https:\/\/ticsalutsocial.atoom.space\/wp-content\/uploads\/2022\/06\/49552307523_63f7b6372e_o-scaled.jpg","width":2560,"height":1707},{"@type":"BreadcrumbList","@id":"https:\/\/ticsalutsocial.atoom.space\/es\/noticia\/label2enable-horizon-europe-impulsa-una-etiqueta-de-qualitat-de-la-ue-per-a-aplicacions-de-salut-i-benestar\/#breadcrumb","itemListElement":[{"@type":"ListItem","position":1,"name":"Inici","item":"https:\/\/ticsalutsocial.atoom.space\/es\/"},{"@type":"ListItem","position":2,"name":"Label2Enable: Horizon Europe impulsa una etiqueta de qualitat de la UE per a aplicacions de salut i benestar"}]},{"@type":"WebSite","@id":"https:\/\/ticsalutsocial.atoom.space\/es\/#website","url":"https:\/\/ticsalutsocial.atoom.space\/es\/","name":"Fundaci\u00f3 TIC Salut i Social","description":"","potentialAction":[{"@type":"SearchAction","target":{"@type":"EntryPoint","urlTemplate":"https:\/\/ticsalutsocial.atoom.space\/es\/?s={search_term_string}"},"query-input":{"@type":"PropertyValueSpecification","valueRequired":true,"valueName":"search_term_string"}}],"inLanguage":"es"}]}},"_links":{"self":[{"href":"https:\/\/ticsalutsocial.atoom.space\/es\/wp-json\/wp\/v2\/noticia\/13715","targetHints":{"allow":["GET"]}}],"collection":[{"href":"https:\/\/ticsalutsocial.atoom.space\/es\/wp-json\/wp\/v2\/noticia"}],"about":[{"href":"https:\/\/ticsalutsocial.atoom.space\/es\/wp-json\/wp\/v2\/types\/noticia"}],"author":[{"embeddable":true,"href":"https:\/\/ticsalutsocial.atoom.space\/es\/wp-json\/wp\/v2\/users\/3"}],"wp:featuredmedia":[{"embeddable":true,"href":"https:\/\/ticsalutsocial.atoom.space\/es\/wp-json\/wp\/v2\/media\/11402"}],"wp:attachment":[{"href":"https:\/\/ticsalutsocial.atoom.space\/es\/wp-json\/wp\/v2\/media?parent=13715"}],"wp:term":[{"taxonomy":"etiqueta","embeddable":true,"href":"https:\/\/ticsalutsocial.atoom.space\/es\/wp-json\/wp\/v2\/etiqueta?post=13715"},{"taxonomy":"tipus","embeddable":true,"href":"https:\/\/ticsalutsocial.atoom.space\/es\/wp-json\/wp\/v2\/tipus?post=13715"},{"taxonomy":"topic","embeddable":true,"href":"https:\/\/ticsalutsocial.atoom.space\/es\/wp-json\/wp\/v2\/topic?post=13715"}],"curies":[{"name":"wp","href":"https:\/\/api.w.org\/{rel}","templated":true}]}}