
{"id":13723,"date":"2022-05-02T10:06:59","date_gmt":"2022-05-02T08:06:59","guid":{"rendered":"https:\/\/ticsalutsocial.atoom.space\/noticia\/nou-projecte-europeu-per-abordar-els-reptes-socials-de-latencio-sanitaria-als-treballs-de-final-de-grau\/"},"modified":"2022-05-02T10:06:59","modified_gmt":"2022-05-02T08:06:59","slug":"nou-projecte-europeu-per-abordar-els-reptes-socials-de-latencio-sanitaria-als-treballs-de-final-de-grau","status":"publish","type":"noticia","link":"https:\/\/ticsalutsocial.atoom.space\/es\/noticia\/nou-projecte-europeu-per-abordar-els-reptes-socials-de-latencio-sanitaria-als-treballs-de-final-de-grau\/","title":{"rendered":"Nou projecte europeu per abordar els reptes socials de l\u2019atenci\u00f3 sanit\u00e0ria als treballs de final de grau"},"content":{"rendered":"\n<p>La Fundaci\u00f3 TIC Salut Social \u00e9s un dels vuit partners d\u2019<strong>EHECADI<\/strong>, un nou projecte europeu per a la creaci\u00f3 d\u2019un model digital, internacional i col\u00b7laboratiu per abordar els reptes socials en l\u2019\u00e0mbit de la salut als treballs de final de grau de les disciplines d\u2019Infermeria, Fisioter\u00e0pia, Ter\u00e0pia Ocupacional, i Nutrici\u00f3 i Diet\u00e8tica. El projecte t\u00e9 una durada de 3 anys, est\u00e0 liderat per la <strong>Universitat de Vic<\/strong>, i finan\u00e7at amb 370 mil euros pel programa europeu Erasmus + en la modalitat KA2 Cooperation Partnerships in Higher Education.<\/p>\n\n\n\n<p>El projecte desenvolupar\u00e0 una <strong>comunitat virtual de pr\u00e0ctiques<\/strong> perqu\u00e8 estudiants i totes les parts interessades puguin compartir coneixement, detectar les necessitats de la societat en l\u2019\u00e0mbit de la salut i orientar els treballs de fi de grau envers aquestes. Tanmateix, les universitats participants al projecte co-dissenyaran, pilotaran i avaluaran amb els usuaris finals un <strong>curs per capacitar l\u2019alumnat universitari amb habilitats digitals i transversals<\/strong>. Els continguts del curs estaran orientats a temes d\u2019\u00e8tica al llarg de la vida, ecologia, treball decent, vida democr\u00e0tica i migraci\u00f3, entre d\u2019altres, i estaran disponibles al llarg de tot el grau. Finalment, es crearan unes guies de bones pr\u00e0ctiques dirigides a estudiants, professors i institucions.<\/p>\n\n\n\n<p>Tal i com afirma la investigadora principal del projecte, <strong>Ester Goutan<\/strong>, a la <a href=\"https:\/\/apunt.uvic.cat\/una-plataforma-digital-desenvolupada-a-la-uvic-ucc-ajudara-lestudiantat-a-fer-un-treball-de-fi-de\" target=\"_blank\" rel=\"noreferrer noopener\">not\u00edcia publicada a la revista digital de la Universitat de VIC<\/a>, \u201cel projecte vol ser molt inclusiu i arribar al m\u00e0xim nombre d\u2019estudiants possible, especialment als que volen fer un treball de final de grau internacional i no poden fer mobilitat internacional\u201d. La voluntat \u00e9s, afirma, \u201cque l\u2019alumnat es benefici\u00ef d\u2019aquesta plataforma digital des del primer curs del grau\u201d i que, a partir dels resultats obtinguts, pugui ser d\u2019utilitat per a altres universitats i en altres \u00e0mbits m\u00e9s enll\u00e0 de la salut\u201d.<\/p>\n\n\n\n<h2 class=\"wp-block-heading\"><strong>Contribuci\u00f3 de la Fundaci\u00f3 TIC Salut Social a EHECADI<\/strong><\/h2>\n\n\n\n<p>La Fundaci\u00f3 TIC Salut Social contribuir\u00e0 en el projecte en la identificaci\u00f3 i definici\u00f3 de les compet\u00e8ncies necess\u00e0ries per impulsar el proc\u00e9s de digitalitzaci\u00f3 i la transformaci\u00f3 digital dels professionals sanitaris. Tamb\u00e9 participar\u00e0 en la definici\u00f3 del marc de compet\u00e8ncies digitals i el disseny de la formaci\u00f3 dirigida als professionals sanitaris, liderar\u00e0 el pilot a la demarcaci\u00f3 de Catalunya, i dissenyar\u00e0 el marc d\u2019avaluaci\u00f3.<\/p>\n\n\n\n<p>Les altres entitats que participen al projecte s\u00f3n les universitats europees Odisse (B\u00e8lgica), Turun Ammattikorkeakoulu Oy (Finl\u00e0ndia), Waterford Institute of Technology (Irlanda), Cruz Vermelha Portuguesa (Portugal) i European University Cyprus (Xipre), i l\u2019Associaci\u00f3 Europea de prove\u00efdors de serveis per a persones amb discapacitat (B\u00e8lgica).<\/p>\n","protected":false},"author":12,"featured_media":11243,"menu_order":0,"template":"","meta":{"_acf_changed":false,"inline_featured_image":false},"etiqueta":[],"tipus":[23],"topic":[126],"class_list":["post-13723","noticia","type-noticia","status-publish","has-post-thumbnail","hentry","tipus-projectes","topic-implementacio"],"acf":{"autor":"","textos_destacats":false},"yoast_head":"<!-- This site is optimized with the Yoast SEO plugin v27.1.1 - https:\/\/yoast.com\/product\/yoast-seo-wordpress\/ -->\n<title>Nou projecte europeu per abordar els reptes socials de l\u2019atenci\u00f3 sanit\u00e0ria als treballs de final de grau - Fundaci\u00f3 TIC Salut i Social<\/title>\n<meta name=\"description\" content=\"La Fundaci\u00f3 TIC Salut Social \u00e9s un dels vuit partners d\u2019EHECADI, un nou projecte europeu per a la creaci\u00f3 d\u2019un model digital, internacional i col\u00b7laboratiu per abordar els reptes socials en l\u2019\u00e0mbit de la salut als treballs de final de grau.\" \/>\n<meta name=\"robots\" content=\"index, follow, max-snippet:-1, max-image-preview:large, max-video-preview:-1\" \/>\n<link rel=\"canonical\" href=\"https:\/\/ticsalutsocial.atoom.space\/es\/noticia\/nou-projecte-europeu-per-abordar-els-reptes-socials-de-latencio-sanitaria-als-treballs-de-final-de-grau\/\" \/>\n<meta property=\"og:locale\" content=\"es_ES\" \/>\n<meta property=\"og:type\" content=\"article\" \/>\n<meta property=\"og:title\" content=\"Nou projecte europeu per abordar els reptes socials de l\u2019atenci\u00f3 sanit\u00e0ria als treballs de final de grau - Fundaci\u00f3 TIC Salut i Social\" \/>\n<meta property=\"og:description\" content=\"La Fundaci\u00f3 TIC Salut Social \u00e9s un dels vuit partners d\u2019EHECADI, un nou projecte europeu per a la creaci\u00f3 d\u2019un model digital, internacional i col\u00b7laboratiu per abordar els reptes socials en l\u2019\u00e0mbit de la salut als treballs de final de grau.\" \/>\n<meta property=\"og:url\" content=\"https:\/\/ticsalutsocial.atoom.space\/es\/noticia\/nou-projecte-europeu-per-abordar-els-reptes-socials-de-latencio-sanitaria-als-treballs-de-final-de-grau\/\" \/>\n<meta property=\"og:site_name\" content=\"Fundaci\u00f3 TIC Salut i Social\" \/>\n<meta property=\"og:image\" content=\"https:\/\/ticsalutsocial.atoom.space\/wp-content\/uploads\/2022\/05\/EHECADI-PROJECT.jpg\" \/>\n\t<meta property=\"og:image:width\" content=\"2560\" \/>\n\t<meta property=\"og:image:height\" content=\"1707\" \/>\n\t<meta property=\"og:image:type\" content=\"image\/jpeg\" \/>\n<meta name=\"twitter:card\" content=\"summary_large_image\" \/>\n<meta name=\"twitter:label1\" content=\"Tiempo de lectura\" \/>\n\t<meta name=\"twitter:data1\" content=\"2 minutos\" \/>\n<script type=\"application\/ld+json\" class=\"yoast-schema-graph\">{\"@context\":\"https:\/\/schema.org\",\"@graph\":[{\"@type\":\"WebPage\",\"@id\":\"https:\/\/ticsalutsocial.atoom.space\/es\/noticia\/nou-projecte-europeu-per-abordar-els-reptes-socials-de-latencio-sanitaria-als-treballs-de-final-de-grau\/\",\"url\":\"https:\/\/ticsalutsocial.atoom.space\/es\/noticia\/nou-projecte-europeu-per-abordar-els-reptes-socials-de-latencio-sanitaria-als-treballs-de-final-de-grau\/\",\"name\":\"Nou projecte europeu per abordar els reptes socials de l\u2019atenci\u00f3 sanit\u00e0ria als treballs de final de grau - Fundaci\u00f3 TIC Salut i Social\",\"isPartOf\":{\"@id\":\"https:\/\/ticsalutsocial.atoom.space\/es\/#website\"},\"primaryImageOfPage\":{\"@id\":\"https:\/\/ticsalutsocial.atoom.space\/es\/noticia\/nou-projecte-europeu-per-abordar-els-reptes-socials-de-latencio-sanitaria-als-treballs-de-final-de-grau\/#primaryimage\"},\"image\":{\"@id\":\"https:\/\/ticsalutsocial.atoom.space\/es\/noticia\/nou-projecte-europeu-per-abordar-els-reptes-socials-de-latencio-sanitaria-als-treballs-de-final-de-grau\/#primaryimage\"},\"thumbnailUrl\":\"https:\/\/ticsalutsocial.atoom.space\/wp-content\/uploads\/2022\/05\/EHECADI-PROJECT.jpg\",\"datePublished\":\"2022-05-02T08:06:59+00:00\",\"description\":\"La Fundaci\u00f3 TIC Salut Social \u00e9s un dels vuit partners d\u2019EHECADI, un nou projecte europeu per a la creaci\u00f3 d\u2019un model digital, internacional i col\u00b7laboratiu per abordar els reptes socials en l\u2019\u00e0mbit de la salut als treballs de final de grau.\",\"breadcrumb\":{\"@id\":\"https:\/\/ticsalutsocial.atoom.space\/es\/noticia\/nou-projecte-europeu-per-abordar-els-reptes-socials-de-latencio-sanitaria-als-treballs-de-final-de-grau\/#breadcrumb\"},\"inLanguage\":\"es\",\"potentialAction\":[{\"@type\":\"ReadAction\",\"target\":[\"https:\/\/ticsalutsocial.atoom.space\/es\/noticia\/nou-projecte-europeu-per-abordar-els-reptes-socials-de-latencio-sanitaria-als-treballs-de-final-de-grau\/\"]}]},{\"@type\":\"ImageObject\",\"inLanguage\":\"es\",\"@id\":\"https:\/\/ticsalutsocial.atoom.space\/es\/noticia\/nou-projecte-europeu-per-abordar-els-reptes-socials-de-latencio-sanitaria-als-treballs-de-final-de-grau\/#primaryimage\",\"url\":\"https:\/\/ticsalutsocial.atoom.space\/wp-content\/uploads\/2022\/05\/EHECADI-PROJECT.jpg\",\"contentUrl\":\"https:\/\/ticsalutsocial.atoom.space\/wp-content\/uploads\/2022\/05\/EHECADI-PROJECT.jpg\",\"width\":2560,\"height\":1707,\"caption\":\"EHECADI\"},{\"@type\":\"BreadcrumbList\",\"@id\":\"https:\/\/ticsalutsocial.atoom.space\/es\/noticia\/nou-projecte-europeu-per-abordar-els-reptes-socials-de-latencio-sanitaria-als-treballs-de-final-de-grau\/#breadcrumb\",\"itemListElement\":[{\"@type\":\"ListItem\",\"position\":1,\"name\":\"Inici\",\"item\":\"https:\/\/ticsalutsocial.atoom.space\/es\/\"},{\"@type\":\"ListItem\",\"position\":2,\"name\":\"Nou projecte europeu per abordar els reptes socials de l\u2019atenci\u00f3 sanit\u00e0ria als treballs de final de grau\"}]},{\"@type\":\"WebSite\",\"@id\":\"https:\/\/ticsalutsocial.atoom.space\/es\/#website\",\"url\":\"https:\/\/ticsalutsocial.atoom.space\/es\/\",\"name\":\"Fundaci\u00f3 TIC Salut i Social\",\"description\":\"\",\"potentialAction\":[{\"@type\":\"SearchAction\",\"target\":{\"@type\":\"EntryPoint\",\"urlTemplate\":\"https:\/\/ticsalutsocial.atoom.space\/es\/?s={search_term_string}\"},\"query-input\":{\"@type\":\"PropertyValueSpecification\",\"valueRequired\":true,\"valueName\":\"search_term_string\"}}],\"inLanguage\":\"es\"}]}<\/script>\n<!-- \/ Yoast SEO plugin. -->","yoast_head_json":{"title":"Nou projecte europeu per abordar els reptes socials de l\u2019atenci\u00f3 sanit\u00e0ria als treballs de final de grau - Fundaci\u00f3 TIC Salut i Social","description":"La Fundaci\u00f3 TIC Salut Social \u00e9s un dels vuit partners d\u2019EHECADI, un nou projecte europeu per a la creaci\u00f3 d\u2019un model digital, internacional i col\u00b7laboratiu per abordar els reptes socials en l\u2019\u00e0mbit de la salut als treballs de final de grau.","robots":{"index":"index","follow":"follow","max-snippet":"max-snippet:-1","max-image-preview":"max-image-preview:large","max-video-preview":"max-video-preview:-1"},"canonical":"https:\/\/ticsalutsocial.atoom.space\/es\/noticia\/nou-projecte-europeu-per-abordar-els-reptes-socials-de-latencio-sanitaria-als-treballs-de-final-de-grau\/","og_locale":"es_ES","og_type":"article","og_title":"Nou projecte europeu per abordar els reptes socials de l\u2019atenci\u00f3 sanit\u00e0ria als treballs de final de grau - Fundaci\u00f3 TIC Salut i Social","og_description":"La Fundaci\u00f3 TIC Salut Social \u00e9s un dels vuit partners d\u2019EHECADI, un nou projecte europeu per a la creaci\u00f3 d\u2019un model digital, internacional i col\u00b7laboratiu per abordar els reptes socials en l\u2019\u00e0mbit de la salut als treballs de final de grau.","og_url":"https:\/\/ticsalutsocial.atoom.space\/es\/noticia\/nou-projecte-europeu-per-abordar-els-reptes-socials-de-latencio-sanitaria-als-treballs-de-final-de-grau\/","og_site_name":"Fundaci\u00f3 TIC Salut i Social","og_image":[{"width":2560,"height":1707,"url":"https:\/\/ticsalutsocial.atoom.space\/wp-content\/uploads\/2022\/05\/EHECADI-PROJECT.jpg","type":"image\/jpeg"}],"twitter_card":"summary_large_image","twitter_misc":{"Tiempo de lectura":"2 minutos"},"schema":{"@context":"https:\/\/schema.org","@graph":[{"@type":"WebPage","@id":"https:\/\/ticsalutsocial.atoom.space\/es\/noticia\/nou-projecte-europeu-per-abordar-els-reptes-socials-de-latencio-sanitaria-als-treballs-de-final-de-grau\/","url":"https:\/\/ticsalutsocial.atoom.space\/es\/noticia\/nou-projecte-europeu-per-abordar-els-reptes-socials-de-latencio-sanitaria-als-treballs-de-final-de-grau\/","name":"Nou projecte europeu per abordar els reptes socials de l\u2019atenci\u00f3 sanit\u00e0ria als treballs de final de grau - Fundaci\u00f3 TIC Salut i Social","isPartOf":{"@id":"https:\/\/ticsalutsocial.atoom.space\/es\/#website"},"primaryImageOfPage":{"@id":"https:\/\/ticsalutsocial.atoom.space\/es\/noticia\/nou-projecte-europeu-per-abordar-els-reptes-socials-de-latencio-sanitaria-als-treballs-de-final-de-grau\/#primaryimage"},"image":{"@id":"https:\/\/ticsalutsocial.atoom.space\/es\/noticia\/nou-projecte-europeu-per-abordar-els-reptes-socials-de-latencio-sanitaria-als-treballs-de-final-de-grau\/#primaryimage"},"thumbnailUrl":"https:\/\/ticsalutsocial.atoom.space\/wp-content\/uploads\/2022\/05\/EHECADI-PROJECT.jpg","datePublished":"2022-05-02T08:06:59+00:00","description":"La Fundaci\u00f3 TIC Salut Social \u00e9s un dels vuit partners d\u2019EHECADI, un nou projecte europeu per a la creaci\u00f3 d\u2019un model digital, internacional i col\u00b7laboratiu per abordar els reptes socials en l\u2019\u00e0mbit de la salut als treballs de final de grau.","breadcrumb":{"@id":"https:\/\/ticsalutsocial.atoom.space\/es\/noticia\/nou-projecte-europeu-per-abordar-els-reptes-socials-de-latencio-sanitaria-als-treballs-de-final-de-grau\/#breadcrumb"},"inLanguage":"es","potentialAction":[{"@type":"ReadAction","target":["https:\/\/ticsalutsocial.atoom.space\/es\/noticia\/nou-projecte-europeu-per-abordar-els-reptes-socials-de-latencio-sanitaria-als-treballs-de-final-de-grau\/"]}]},{"@type":"ImageObject","inLanguage":"es","@id":"https:\/\/ticsalutsocial.atoom.space\/es\/noticia\/nou-projecte-europeu-per-abordar-els-reptes-socials-de-latencio-sanitaria-als-treballs-de-final-de-grau\/#primaryimage","url":"https:\/\/ticsalutsocial.atoom.space\/wp-content\/uploads\/2022\/05\/EHECADI-PROJECT.jpg","contentUrl":"https:\/\/ticsalutsocial.atoom.space\/wp-content\/uploads\/2022\/05\/EHECADI-PROJECT.jpg","width":2560,"height":1707,"caption":"EHECADI"},{"@type":"BreadcrumbList","@id":"https:\/\/ticsalutsocial.atoom.space\/es\/noticia\/nou-projecte-europeu-per-abordar-els-reptes-socials-de-latencio-sanitaria-als-treballs-de-final-de-grau\/#breadcrumb","itemListElement":[{"@type":"ListItem","position":1,"name":"Inici","item":"https:\/\/ticsalutsocial.atoom.space\/es\/"},{"@type":"ListItem","position":2,"name":"Nou projecte europeu per abordar els reptes socials de l\u2019atenci\u00f3 sanit\u00e0ria als treballs de final de grau"}]},{"@type":"WebSite","@id":"https:\/\/ticsalutsocial.atoom.space\/es\/#website","url":"https:\/\/ticsalutsocial.atoom.space\/es\/","name":"Fundaci\u00f3 TIC Salut i Social","description":"","potentialAction":[{"@type":"SearchAction","target":{"@type":"EntryPoint","urlTemplate":"https:\/\/ticsalutsocial.atoom.space\/es\/?s={search_term_string}"},"query-input":{"@type":"PropertyValueSpecification","valueRequired":true,"valueName":"search_term_string"}}],"inLanguage":"es"}]}},"_links":{"self":[{"href":"https:\/\/ticsalutsocial.atoom.space\/es\/wp-json\/wp\/v2\/noticia\/13723","targetHints":{"allow":["GET"]}}],"collection":[{"href":"https:\/\/ticsalutsocial.atoom.space\/es\/wp-json\/wp\/v2\/noticia"}],"about":[{"href":"https:\/\/ticsalutsocial.atoom.space\/es\/wp-json\/wp\/v2\/types\/noticia"}],"author":[{"embeddable":true,"href":"https:\/\/ticsalutsocial.atoom.space\/es\/wp-json\/wp\/v2\/users\/12"}],"wp:featuredmedia":[{"embeddable":true,"href":"https:\/\/ticsalutsocial.atoom.space\/es\/wp-json\/wp\/v2\/media\/11243"}],"wp:attachment":[{"href":"https:\/\/ticsalutsocial.atoom.space\/es\/wp-json\/wp\/v2\/media?parent=13723"}],"wp:term":[{"taxonomy":"etiqueta","embeddable":true,"href":"https:\/\/ticsalutsocial.atoom.space\/es\/wp-json\/wp\/v2\/etiqueta?post=13723"},{"taxonomy":"tipus","embeddable":true,"href":"https:\/\/ticsalutsocial.atoom.space\/es\/wp-json\/wp\/v2\/tipus?post=13723"},{"taxonomy":"topic","embeddable":true,"href":"https:\/\/ticsalutsocial.atoom.space\/es\/wp-json\/wp\/v2\/topic?post=13723"}],"curies":[{"name":"wp","href":"https:\/\/api.w.org\/{rel}","templated":true}]}}