
{"id":13725,"date":"2022-04-19T14:51:41","date_gmt":"2022-04-19T12:51:41","guid":{"rendered":"https:\/\/ticsalutsocial.atoom.space\/noticia\/els-premis-recerca-jove-2022-donen-a-lia-el-premi-en-la-categoria-tic-salut-social\/"},"modified":"2023-04-12T11:00:54","modified_gmt":"2023-04-12T09:00:54","slug":"els-premis-recerca-jove-2022-donen-a-lia-el-premi-en-la-categoria-tic-salut-social","status":"publish","type":"noticia","link":"https:\/\/ticsalutsocial.atoom.space\/es\/noticia\/els-premis-recerca-jove-2022-donen-a-lia-el-premi-en-la-categoria-tic-salut-social\/","title":{"rendered":"Els Premis Recerca Jove 2021 donen a l&#8217;IA el premi en la categoria TIC Salut Social"},"content":{"rendered":"\n<p>L&#8217;Ag\u00e8ncia de Gesti\u00f3 d&#8217;Ajuts Universitaris i de Recerca (AGAUR) del Departament de Recerca i Universitats organitza anualment els Premis Recerca Jove per a fomentar l&#8217;esperit cient\u00edfic de joves que cursen el darrer any de de Batxillerat previ al seu acc\u00e9s a la universitat. La Fundaci\u00f3 TIC Salut Social col\u00b7labora en la categoria de premis relacionats amb tecnologia innovadora al servei de la salut i el benestar social. <\/p>\n\n\n\n<p>En l&#8217;edici\u00f3 de 2021, la N\u00faria Gonz\u00e1lez, estudiant de l&#8217;IES Francesc Maci\u00e0 de Cornell\u00e0 de Llobregat ha estat la guanyadora de la categoria <em>TIC Salut i Social<\/em> pel seu treball final de recerca titulat <em>IA aplicada al diagn\u00f2stic preco\u00e7 del melanoma<\/em>. La N\u00faria actualment \u00e9s estudiant de primer curs al grau d&#8217;Enginyeria biom\u00e8dica de la Universitat de Barcelona i hem pogut conversar-hi amb motiu de les conclusions obtingudes i que li han valgut el premi PRJ 2021. <\/p>\n\n\n\n<p>D&#8217;aquesta conversa se&#8217;n despr\u00e8n no nom\u00e9s el talent i inquietuds de les noves generacions sin\u00f3 com el sector <em>biotech<\/em> est\u00e0 en constant construcci\u00f3 i definici\u00f3. Les professions del futur m\u00e9s immediat es modelen segons la demanda i noves necessitats sorgides de les possibilitats que ofereix la tecnologia. Aix\u00f2 \u00e9s el que ens comenta la guanyadora:<\/p>\n\n\n\n<p><\/p>\n\n\n\n<h3 class=\"wp-block-heading\"><strong>Per qu\u00e8 vas decidir fer un treball de recerca sobre aquesta tem\u00e0tica?<\/strong><\/h3>\n\n\n\n<p>Vaig pensar en un treball que pogu\u00e9s realitzar i tingu\u00e9s relaci\u00f3 amb els estudis universitaris que volia realitzar despr\u00e9s del batxillerat, Enginyeria biom\u00e8dica, que \u00e9s una combinaci\u00f3 de medicina i noves tecnologies aplicables a la medicina i que, finalment, aquest any estic cursant. Per una altra banda, vaig optar per estudiar el c\u00e0ncer perqu\u00e8 \u00e9s una de les malalties m\u00e9s agressives. En concret el melanoma, que \u00e9s un tipus de c\u00e0ncer de pell, sovint est\u00e0 provocat per les radiacions solars i pot afectar a qualsevol persona.<\/p>\n\n\n\n<p><\/p>\n\n\n\n<h3 class=\"wp-block-heading\"><strong>De quines hip\u00f2tesis vas partir en aquesta recerca?<\/strong><\/h3>\n\n\n\n<p>Vaig partir de la hip\u00f2tesi que potser mitjan\u00e7ant la intel\u00b7lig\u00e8ncia artificial es pugui crear un programa inform\u00e0tic que diagnostiqui el c\u00e0ncer de pell. Aquesta hip\u00f2tesi la vaig formular despr\u00e9s d&#8217;observar que el c\u00e0ncer de pell \u00e9s una malaltia molt comuna. Si es diagnostica en etapes primerenques t\u00e9 moltes probabilitats de curar-se. Si no es determina preco\u00e7ment pot no tenir cura. Per aquest motiu fan falta m\u00e8todes que puguin avaluar les lesions de la pell amb molta precisi\u00f3 i r\u00e0pidament.<\/p>\n\n\n\n<p><\/p>\n\n\n\n<h3 class=\"wp-block-heading\"><strong>A quines conclusions has arribat?<\/strong><\/h3>\n\n\n\n<p>L&#8217;experiment va ser exit\u00f3s, vaig demostrar que un sistema basat en Intel\u00b7lig\u00e8ncia Artificial pot diagnosticar amb molta precisi\u00f3 i velocitat si una lesi\u00f3 de la pell \u00e9s o no un melanoma.<\/p>\n\n\n\n<p>De les diferents metodologies analitzades la que ha aportat resultats m\u00e9s satisfactoris va ser la xarxa neuronal i el <em>random forest<\/em> valorant nom\u00e9s les caracter\u00edstiques essencials pel diagn\u00f2stic, amb una precisi\u00f3 en el diagn\u00f2stic del 94%. Bastant superior a la mitjana obtinguda pels especialistes m\u00e8dics amb els m\u00e8todes tradicionals que \u00e9s del 86,6%.<\/p>\n\n\n\n<p>Un programa inform\u00e0tic d&#8217;intel\u00b7lig\u00e8ncia artificial podria facilitar el diagn\u00f2stic preco\u00e7, evitant l&#8217;evoluci\u00f3 de la malaltia. D&#8217;altra banda, l&#8217;IA podria determinar l&#8217;evoluci\u00f3 futura fent \u00fas d&#8217;algoritmes predictius.<\/p>\n\n\n\n<p>Aquesta tecnologia tamb\u00e9 es podria aplicar a qualsevol diagn\u00f2stic basat en l&#8217;estudi d&#8217;imatges, sempre que es faci una correcta elecci\u00f3 de les caracter\u00edstiques fonamentals. En qualsevol cas, per confirmar aquests resultats cal ser curosos perqu\u00e8 encara cal fer m\u00e9s recerca.<\/p>\n\n\n\n<p><\/p>\n\n\n\n<h3 class=\"wp-block-heading\"><strong>De qu\u00e8 t&#8217;agradaria treballar quan acabis aquesta etapa formativa?<\/strong><\/h3>\n\n\n\n<p>No tinc clar de qu\u00e8 vull treballar quan acabi els estudis. Hi ha diferents branques de l&#8217;enginyeria biom\u00e8dica que m&#8217;agraden com la inform\u00e0tica o el disseny d&#8217;equips de diagn\u00f2stic, monitoratge i ter\u00e0pia m\u00e8dica. A m\u00e9s, el camp biotech evoluciona cada dia m\u00e9s i \u00e9s molt dif\u00edcil visualitzar el meu futur ja que no nom\u00e9s els meus gustos van canviant, tamb\u00e9 ho fan les possibles sortides laborals cada vegada m\u00e9s diverses.<\/p>\n","protected":false},"author":3,"featured_media":11152,"menu_order":0,"template":"","meta":{"_acf_changed":false,"inline_featured_image":false},"etiqueta":[],"tipus":[],"topic":[130],"class_list":["post-13725","noticia","type-noticia","status-publish","has-post-thumbnail","hentry","topic-la-fundacion"],"acf":{"autor":"","imatge":false,"textos_destacats":[{"texte":"De les metodologies analitzades la m\u00e9s satisfact\u00f2ria va ser la xarxa neuronal i el random forest amb una precisi\u00f3 en el diagn\u00f2stic del 94%"}],"documents":false,"finalitzat":false,"tipus_plantilla":"objectius","template_objectius":{"cont_principal":"","imatge":false,"cont_seguent":{"titol":"","contingut":""},"seccio_llistat":{"titol":"","llistat":false},"objectius":{"titol":"","objectius":false},"documents":false}},"yoast_head":"<!-- This site is optimized with the Yoast SEO plugin v27.1.1 - https:\/\/yoast.com\/product\/yoast-seo-wordpress\/ -->\n<title>Els Premis Recerca Jove 2021 donen a l&#039;IA el premi en la categoria TIC Salut Social - Fundaci\u00f3 TIC Salut i Social<\/title>\n<meta name=\"robots\" content=\"index, follow, max-snippet:-1, max-image-preview:large, max-video-preview:-1\" \/>\n<link rel=\"canonical\" href=\"https:\/\/ticsalutsocial.atoom.space\/es\/noticia\/els-premis-recerca-jove-2022-donen-a-lia-el-premi-en-la-categoria-tic-salut-social\/\" \/>\n<meta property=\"og:locale\" content=\"es_ES\" \/>\n<meta property=\"og:type\" content=\"article\" \/>\n<meta property=\"og:title\" content=\"Els Premis Recerca Jove 2021 donen a l&#039;IA el premi en la categoria TIC Salut Social - Fundaci\u00f3 TIC Salut i Social\" \/>\n<meta property=\"og:description\" content=\"L&#8217;Ag\u00e8ncia de Gesti\u00f3 d&#8217;Ajuts Universitaris i de Recerca (AGAUR) del Departament de Recerca i Universitats organitza anualment els Premis Recerca Jove per a fomentar l&#8217;esperit cient\u00edfic de joves que cursen el darrer any de de Batxillerat previ al seu acc\u00e9s a la universitat. La Fundaci\u00f3 TIC Salut Social col\u00b7labora en la categoria de premis relacionats [&hellip;]\" \/>\n<meta property=\"og:url\" content=\"https:\/\/ticsalutsocial.atoom.space\/es\/noticia\/els-premis-recerca-jove-2022-donen-a-lia-el-premi-en-la-categoria-tic-salut-social\/\" \/>\n<meta property=\"og:site_name\" content=\"Fundaci\u00f3 TIC Salut i Social\" \/>\n<meta property=\"article:modified_time\" content=\"2023-04-12T09:00:54+00:00\" \/>\n<meta property=\"og:image\" content=\"https:\/\/ticsalutsocial.atoom.space\/wp-content\/uploads\/2022\/04\/pexels-pixabay-355948.jpg\" \/>\n\t<meta property=\"og:image:width\" content=\"2400\" \/>\n\t<meta property=\"og:image:height\" content=\"1459\" \/>\n\t<meta property=\"og:image:type\" content=\"image\/jpeg\" \/>\n<meta name=\"twitter:card\" content=\"summary_large_image\" \/>\n<meta name=\"twitter:label1\" content=\"Tiempo de lectura\" \/>\n\t<meta name=\"twitter:data1\" content=\"3 minutos\" \/>\n<script type=\"application\/ld+json\" class=\"yoast-schema-graph\">{\"@context\":\"https:\/\/schema.org\",\"@graph\":[{\"@type\":\"WebPage\",\"@id\":\"https:\/\/ticsalutsocial.atoom.space\/es\/noticia\/els-premis-recerca-jove-2022-donen-a-lia-el-premi-en-la-categoria-tic-salut-social\/\",\"url\":\"https:\/\/ticsalutsocial.atoom.space\/es\/noticia\/els-premis-recerca-jove-2022-donen-a-lia-el-premi-en-la-categoria-tic-salut-social\/\",\"name\":\"Els Premis Recerca Jove 2021 donen a l'IA el premi en la categoria TIC Salut Social - Fundaci\u00f3 TIC Salut i Social\",\"isPartOf\":{\"@id\":\"https:\/\/ticsalutsocial.atoom.space\/es\/#website\"},\"primaryImageOfPage\":{\"@id\":\"https:\/\/ticsalutsocial.atoom.space\/es\/noticia\/els-premis-recerca-jove-2022-donen-a-lia-el-premi-en-la-categoria-tic-salut-social\/#primaryimage\"},\"image\":{\"@id\":\"https:\/\/ticsalutsocial.atoom.space\/es\/noticia\/els-premis-recerca-jove-2022-donen-a-lia-el-premi-en-la-categoria-tic-salut-social\/#primaryimage\"},\"thumbnailUrl\":\"https:\/\/ticsalutsocial.atoom.space\/wp-content\/uploads\/2022\/04\/pexels-pixabay-355948.jpg\",\"datePublished\":\"2022-04-19T12:51:41+00:00\",\"dateModified\":\"2023-04-12T09:00:54+00:00\",\"breadcrumb\":{\"@id\":\"https:\/\/ticsalutsocial.atoom.space\/es\/noticia\/els-premis-recerca-jove-2022-donen-a-lia-el-premi-en-la-categoria-tic-salut-social\/#breadcrumb\"},\"inLanguage\":\"es\",\"potentialAction\":[{\"@type\":\"ReadAction\",\"target\":[\"https:\/\/ticsalutsocial.atoom.space\/es\/noticia\/els-premis-recerca-jove-2022-donen-a-lia-el-premi-en-la-categoria-tic-salut-social\/\"]}]},{\"@type\":\"ImageObject\",\"inLanguage\":\"es\",\"@id\":\"https:\/\/ticsalutsocial.atoom.space\/es\/noticia\/els-premis-recerca-jove-2022-donen-a-lia-el-premi-en-la-categoria-tic-salut-social\/#primaryimage\",\"url\":\"https:\/\/ticsalutsocial.atoom.space\/wp-content\/uploads\/2022\/04\/pexels-pixabay-355948.jpg\",\"contentUrl\":\"https:\/\/ticsalutsocial.atoom.space\/wp-content\/uploads\/2022\/04\/pexels-pixabay-355948.jpg\",\"width\":2400,\"height\":1459},{\"@type\":\"BreadcrumbList\",\"@id\":\"https:\/\/ticsalutsocial.atoom.space\/es\/noticia\/els-premis-recerca-jove-2022-donen-a-lia-el-premi-en-la-categoria-tic-salut-social\/#breadcrumb\",\"itemListElement\":[{\"@type\":\"ListItem\",\"position\":1,\"name\":\"Inici\",\"item\":\"https:\/\/ticsalutsocial.atoom.space\/es\/\"},{\"@type\":\"ListItem\",\"position\":2,\"name\":\"Els Premis Recerca Jove 2021 donen a l&#8217;IA el premi en la categoria TIC Salut Social\"}]},{\"@type\":\"WebSite\",\"@id\":\"https:\/\/ticsalutsocial.atoom.space\/es\/#website\",\"url\":\"https:\/\/ticsalutsocial.atoom.space\/es\/\",\"name\":\"Fundaci\u00f3 TIC Salut i Social\",\"description\":\"\",\"potentialAction\":[{\"@type\":\"SearchAction\",\"target\":{\"@type\":\"EntryPoint\",\"urlTemplate\":\"https:\/\/ticsalutsocial.atoom.space\/es\/?s={search_term_string}\"},\"query-input\":{\"@type\":\"PropertyValueSpecification\",\"valueRequired\":true,\"valueName\":\"search_term_string\"}}],\"inLanguage\":\"es\"}]}<\/script>\n<!-- \/ Yoast SEO plugin. -->","yoast_head_json":{"title":"Els Premis Recerca Jove 2021 donen a l'IA el premi en la categoria TIC Salut Social - Fundaci\u00f3 TIC Salut i Social","robots":{"index":"index","follow":"follow","max-snippet":"max-snippet:-1","max-image-preview":"max-image-preview:large","max-video-preview":"max-video-preview:-1"},"canonical":"https:\/\/ticsalutsocial.atoom.space\/es\/noticia\/els-premis-recerca-jove-2022-donen-a-lia-el-premi-en-la-categoria-tic-salut-social\/","og_locale":"es_ES","og_type":"article","og_title":"Els Premis Recerca Jove 2021 donen a l'IA el premi en la categoria TIC Salut Social - Fundaci\u00f3 TIC Salut i Social","og_description":"L&#8217;Ag\u00e8ncia de Gesti\u00f3 d&#8217;Ajuts Universitaris i de Recerca (AGAUR) del Departament de Recerca i Universitats organitza anualment els Premis Recerca Jove per a fomentar l&#8217;esperit cient\u00edfic de joves que cursen el darrer any de de Batxillerat previ al seu acc\u00e9s a la universitat. La Fundaci\u00f3 TIC Salut Social col\u00b7labora en la categoria de premis relacionats [&hellip;]","og_url":"https:\/\/ticsalutsocial.atoom.space\/es\/noticia\/els-premis-recerca-jove-2022-donen-a-lia-el-premi-en-la-categoria-tic-salut-social\/","og_site_name":"Fundaci\u00f3 TIC Salut i Social","article_modified_time":"2023-04-12T09:00:54+00:00","og_image":[{"width":2400,"height":1459,"url":"https:\/\/ticsalutsocial.atoom.space\/wp-content\/uploads\/2022\/04\/pexels-pixabay-355948.jpg","type":"image\/jpeg"}],"twitter_card":"summary_large_image","twitter_misc":{"Tiempo de lectura":"3 minutos"},"schema":{"@context":"https:\/\/schema.org","@graph":[{"@type":"WebPage","@id":"https:\/\/ticsalutsocial.atoom.space\/es\/noticia\/els-premis-recerca-jove-2022-donen-a-lia-el-premi-en-la-categoria-tic-salut-social\/","url":"https:\/\/ticsalutsocial.atoom.space\/es\/noticia\/els-premis-recerca-jove-2022-donen-a-lia-el-premi-en-la-categoria-tic-salut-social\/","name":"Els Premis Recerca Jove 2021 donen a l'IA el premi en la categoria TIC Salut Social - Fundaci\u00f3 TIC Salut i Social","isPartOf":{"@id":"https:\/\/ticsalutsocial.atoom.space\/es\/#website"},"primaryImageOfPage":{"@id":"https:\/\/ticsalutsocial.atoom.space\/es\/noticia\/els-premis-recerca-jove-2022-donen-a-lia-el-premi-en-la-categoria-tic-salut-social\/#primaryimage"},"image":{"@id":"https:\/\/ticsalutsocial.atoom.space\/es\/noticia\/els-premis-recerca-jove-2022-donen-a-lia-el-premi-en-la-categoria-tic-salut-social\/#primaryimage"},"thumbnailUrl":"https:\/\/ticsalutsocial.atoom.space\/wp-content\/uploads\/2022\/04\/pexels-pixabay-355948.jpg","datePublished":"2022-04-19T12:51:41+00:00","dateModified":"2023-04-12T09:00:54+00:00","breadcrumb":{"@id":"https:\/\/ticsalutsocial.atoom.space\/es\/noticia\/els-premis-recerca-jove-2022-donen-a-lia-el-premi-en-la-categoria-tic-salut-social\/#breadcrumb"},"inLanguage":"es","potentialAction":[{"@type":"ReadAction","target":["https:\/\/ticsalutsocial.atoom.space\/es\/noticia\/els-premis-recerca-jove-2022-donen-a-lia-el-premi-en-la-categoria-tic-salut-social\/"]}]},{"@type":"ImageObject","inLanguage":"es","@id":"https:\/\/ticsalutsocial.atoom.space\/es\/noticia\/els-premis-recerca-jove-2022-donen-a-lia-el-premi-en-la-categoria-tic-salut-social\/#primaryimage","url":"https:\/\/ticsalutsocial.atoom.space\/wp-content\/uploads\/2022\/04\/pexels-pixabay-355948.jpg","contentUrl":"https:\/\/ticsalutsocial.atoom.space\/wp-content\/uploads\/2022\/04\/pexels-pixabay-355948.jpg","width":2400,"height":1459},{"@type":"BreadcrumbList","@id":"https:\/\/ticsalutsocial.atoom.space\/es\/noticia\/els-premis-recerca-jove-2022-donen-a-lia-el-premi-en-la-categoria-tic-salut-social\/#breadcrumb","itemListElement":[{"@type":"ListItem","position":1,"name":"Inici","item":"https:\/\/ticsalutsocial.atoom.space\/es\/"},{"@type":"ListItem","position":2,"name":"Els Premis Recerca Jove 2021 donen a l&#8217;IA el premi en la categoria TIC Salut Social"}]},{"@type":"WebSite","@id":"https:\/\/ticsalutsocial.atoom.space\/es\/#website","url":"https:\/\/ticsalutsocial.atoom.space\/es\/","name":"Fundaci\u00f3 TIC Salut i Social","description":"","potentialAction":[{"@type":"SearchAction","target":{"@type":"EntryPoint","urlTemplate":"https:\/\/ticsalutsocial.atoom.space\/es\/?s={search_term_string}"},"query-input":{"@type":"PropertyValueSpecification","valueRequired":true,"valueName":"search_term_string"}}],"inLanguage":"es"}]}},"_links":{"self":[{"href":"https:\/\/ticsalutsocial.atoom.space\/es\/wp-json\/wp\/v2\/noticia\/13725","targetHints":{"allow":["GET"]}}],"collection":[{"href":"https:\/\/ticsalutsocial.atoom.space\/es\/wp-json\/wp\/v2\/noticia"}],"about":[{"href":"https:\/\/ticsalutsocial.atoom.space\/es\/wp-json\/wp\/v2\/types\/noticia"}],"author":[{"embeddable":true,"href":"https:\/\/ticsalutsocial.atoom.space\/es\/wp-json\/wp\/v2\/users\/3"}],"wp:featuredmedia":[{"embeddable":true,"href":"https:\/\/ticsalutsocial.atoom.space\/es\/wp-json\/wp\/v2\/media\/11152"}],"wp:attachment":[{"href":"https:\/\/ticsalutsocial.atoom.space\/es\/wp-json\/wp\/v2\/media?parent=13725"}],"wp:term":[{"taxonomy":"etiqueta","embeddable":true,"href":"https:\/\/ticsalutsocial.atoom.space\/es\/wp-json\/wp\/v2\/etiqueta?post=13725"},{"taxonomy":"tipus","embeddable":true,"href":"https:\/\/ticsalutsocial.atoom.space\/es\/wp-json\/wp\/v2\/tipus?post=13725"},{"taxonomy":"topic","embeddable":true,"href":"https:\/\/ticsalutsocial.atoom.space\/es\/wp-json\/wp\/v2\/topic?post=13725"}],"curies":[{"name":"wp","href":"https:\/\/api.w.org\/{rel}","templated":true}]}}