
{"id":13728,"date":"2022-03-21T14:44:48","date_gmt":"2022-03-21T12:44:48","guid":{"rendered":"https:\/\/ticsalutsocial.atoom.space\/noticia\/apostes-del-pla-de-salut-2021-2025\/"},"modified":"2022-03-21T14:44:48","modified_gmt":"2022-03-21T12:44:48","slug":"apostes-del-pla-de-salut-2021-2025","status":"publish","type":"noticia","link":"https:\/\/ticsalutsocial.atoom.space\/es\/noticia\/apostes-del-pla-de-salut-2021-2025\/","title":{"rendered":"Apostes del Pla de Salut 2021-2025 en clau TIC"},"content":{"rendered":"\n<h3 class=\"wp-block-heading\"><strong><strong><strong>La Fundaci\u00f3 TIC Salut Social est\u00e0 alineada amb les estrat\u00e8gies del pla, presentat pel Sistema de Salut de Catalunya<\/strong><\/strong><\/strong><\/h3>\n\n\n\n<p>El passat dijous 17 de mar\u00e7 es va presentar en un acte p\u00fablic i a la Sala Oval del Museu Nacional d\u2019Art Catalunya el Pla de salut de Catalunya 2021-2025. El document pivota sobre quatre grans estrat\u00e8gies, sorgides de les prioritats detectades en la salut poblacional i en el Sistema de Salut, i cont\u00e9 objectius estretament relacionats amb la tasca de la Fundaci\u00f3 TIC Salut Social. El pla aporta 70 accions tra\u00e7adores, i dona especial \u00e8mfasi a l\u2019envelliment saludable, amb 8 accions vinculades a gent gran.<\/p>\n\n\n\n<blockquote class=\"wp-block-quote is-layout-flow wp-block-quote-is-layout-flow\"><p>\u201cLa Fundaci\u00f3 TIC Salut Social, com a organisme de l\u2019ecosistema de salut catal\u00e0, \u00e9s un agent clau en el desplegament del Pla de Salut, ja que estem vinculats de manera directa amb moltes fites relacionades amb la digitalitzaci\u00f3 i l\u2019\u00fas de les TIC en l\u2019entorn sanitari\u201d, afirma el Director de la Fundaci\u00f3 TIC Salut Social, Eugeni Fern\u00e1ndez.<\/p><\/blockquote>\n\n\n\n<p>El pla, presentat pel Conseller de Salut, Josep Maria Argimon i amb la participaci\u00f3 de la Directora General de Planificaci\u00f3 en Salut, Aina Plaza, descriu els seg\u00fcents \u00e0mbits d\u2019actuaci\u00f3:<\/p>\n\n\n\n<p><strong>Estrat\u00e8gia 1: Igualtat d\u2019oportunitats en salut al llarg de la vida<\/strong><\/p>\n\n\n\n<p>L\u2019estrat\u00e8gia 1 fa \u00e8mfasi en la promoci\u00f3 del benestar emocional i f\u00edsic de les persones, i en la prevenci\u00f3 dels problemes de salut que poden generar desigualtat d\u2019oportunitats per al desenvolupament personal saludable, per ra\u00f3 de sexe o g\u00e8nere, condicions socioecon\u00f2miques, nivell d\u2019estudis, territori o edat. La forma de viure i els entorns relacionats amb els eixos de desigualtat s\u00f3n rellevants en la repercussi\u00f3 de la salut de les persones i la qualitat de vida. L\u2019estrat\u00e8gia est\u00e0 estructurada en dos grans eixos: Crian\u00e7a Saludable i Salut i benestar des de la inf\u00e0ncia fins a la vellesa. La Fundaci\u00f3 contribueix a aquesta l\u00ednia estrat\u00e8gica amb projectes com InterSocial, que pret\u00e9n definir el vocabulari controlat com\u00fa a utilitzar per interoperar informaci\u00f3 dins els sistemes d\u2019informaci\u00f3 de l\u2019atenci\u00f3 social i tamb\u00e9 entre salut i social i millorar la integraci\u00f3 de les dades dels serveis socials de Catalunya. Aix\u00ed mateix, participa activament al hub europeu Active and Healthy Living in the Digital World, que uneix a actors clau del sector per promoure una vida activa i saludable.<\/p>\n\n\n\n<p><strong>Estrat\u00e8gia 2: Entorns saludables<\/strong><\/p>\n\n\n\n<p>L\u2019estrat\u00e8gia 2 t\u00e9 en compte la contribuci\u00f3 des de salut per a l\u2019assoliment dels objectius de desenvolupament sostenible (ODS) de les Nacions Unides i de totes les mesures que ajudin a mitigar les desigualtats. Inclou les \u00e0rees de salut p\u00fablica tradicionals orientades a l\u2019entorn la protecci\u00f3 de la salut com, la salut ambiental i aliment\u00e0ria, el control de la contaminaci\u00f3 i el desplegament de la vigil\u00e0ncia epidemiol\u00f2gica. Tamb\u00e9 inclou l\u2019abordatge de les malalties emergents i epid\u00e8mies, l\u2019emerg\u00e8ncia clim\u00e0tica o la resist\u00e8ncia als antibi\u00f2tics.<\/p>\n\n\n\n<p>Des de l\u2019esclat de la COVID-19, la Fundaci\u00f3 ha participat activament en projectes de transformaci\u00f3 digital relacionats amb la gesti\u00f3 de la pand\u00e8mia.<\/p>\n\n\n\n<p><strong>Estrat\u00e8gia 3: Integraci\u00f3 de l\u2019atenci\u00f3 a la salut<\/strong><\/p>\n\n\n\n<p>L\u2019estrat\u00e8gia 3 inclou accions per a la transformaci\u00f3 del model d\u2019atenci\u00f3 a les persones, treballant sobre les prioritats detectades i les necessitats poblacionals. Refor\u00e7a l\u2019orientaci\u00f3 salutog\u00e8nica i comunit\u00e0ria, l\u2019atenci\u00f3 integrada al territori i la integraci\u00f3 dels serveis socials i sanitaris. Tot aix\u00f2, fent \u00e8mfasi en la transformaci\u00f3 dels \u00e0mbits de l\u2019atenci\u00f3 prim\u00e0ria de salut i comunit\u00e0ria, els serveis de salut p\u00fablica, l\u2019atenci\u00f3 a la salut mental i les addiccions, l\u2019atenci\u00f3 sociosanit\u00e0ria i l\u2019atenci\u00f3 hospital\u00e0ria.<\/p>\n\n\n\n<p>Els tres grans eixos d\u2019aquest \u00e0mbit s\u00f3n: Xarxes territorials d\u2019atenci\u00f3 comunit\u00e0ria i de salut integrada; \u00c0mbits de transformaci\u00f3 dels serveis de la salut; i Atenci\u00f3 integrada Social i Sanit\u00e0ria. Uns eixos sobre els quals es desprenen accions tra\u00e7adores comunes en molts projectes de TIC Salut Social: la voluntat d\u2019acompanyar en la creaci\u00f3 de xarxes territorials d\u2019atenci\u00f3 per garantir una millor accessibilitat i resoluci\u00f3, i avan\u00e7ar en el desplegament territorial de projectes integrats d\u2019atenci\u00f3 social i sanit\u00e0ria. LATITUD o Model d\u2019Atenci\u00f3 No Presencial en clau digital n\u2019\u00e9s l\u2019exemple.<\/p>\n\n\n\n<p><strong>Estrat\u00e8gia 4: Palanques de canvi transversals<\/strong><\/p>\n\n\n\n<p>L\u2019estrat\u00e8gia 4 inclou els aspectes necessaris per fer realitat les tres estrat\u00e8gies anteriors i que cal treballar de manera conjunta per recuperar el sistema de salut i transformar-lo. S\u00f3n necessaris uns elements facilitadors com, per exemple, la participaci\u00f3 ciutadana, el lideratge professional, la governan\u00e7a de la salut des de diferents inst\u00e0ncies del sistema de salut, la recerca i innovaci\u00f3 i les tecnologies de la informaci\u00f3.<\/p>\n\n\n\n<p>L\u2019eix 13, de Transformaci\u00f3 Digital, \u00e9s l\u2019\u00e0mbit m\u00e9s destacat per a la Fundaci\u00f3 TIC Salut Social, ja que les accions tra\u00e7adores responen directament a la seva missi\u00f3, tant en alguns dels projectes en qu\u00e8 participa com en les seves diferents \u00e0rees de treball:<\/p>\n\n\n\n<p>\u00b7 Estructurar mecanismes d\u2019intercanvi d\u2019informaci\u00f3 sanit\u00e0ria que afavoreixin el funcionament integrat del sistema de salut.<\/p>\n\n\n\n<p>\u00b7 Avan\u00e7ar en la transformaci\u00f3 digital per millorar l\u2019atenci\u00f3 integrada a la salut i la resoluci\u00f3.<\/p>\n\n\n\n<p>\u00b7 Potenciar les compet\u00e8ncies digitals en salut de la ciutadania i dels professionals. <\/p>\n\n\n\n<p>Alguns dels projectes m\u00e9s destacats on participa la fundaci\u00f3 s\u00f3n COMPDIG-Salut, per dissenyar un mapa de compet\u00e8ncies digitals i crear un model d\u2019avaluaci\u00f3 i d\u2019acreditaci\u00f3 de les compet\u00e8ncies digitals dels professionals de salut a Catalunya; elaborar les bases dels continguts formatius a partir del mapa de compet\u00e8ncies digitals; i implementar els itineraris formatius per obtenir l\u2019acreditaci\u00f3 en compet\u00e8ncies digitals en Salut. Un altre projecte i funci\u00f3 a destacar \u00e9s el Mapa de Tend\u00e8ncies, un estudi anual que realitza sistem\u00e0ticament la fundaci\u00f3 per determinar el grau de digitalitzaci\u00f3 de les eines i serveis assistencials de l\u2019ecosistema. <\/p>\n\n\n\n<p>Relacionada amb aquesta estrat\u00e8gia tamb\u00e9 destaca el desplegament del Programa Salut\/ IA on la fundaci\u00f3 juga un rol destacat. D&#8217;aquest \u00e0mbit se\u2019n despr\u00e8n la creaci\u00f3 de dades sint\u00e8tiques de diferents sectors de salut, tant per entrenar algoritmes d\u2019IA com per a funcions orientades a la formaci\u00f3.<\/p>\n","protected":false},"author":3,"featured_media":10866,"menu_order":0,"template":"","meta":{"_acf_changed":false,"inline_featured_image":false},"etiqueta":[],"tipus":[],"topic":[13],"class_list":["post-13728","noticia","type-noticia","status-publish","has-post-thumbnail","hentry","topic-la-fundacio"],"acf":{"autor":"","textos_destacats":[{"texte":"El document pivota sobre quatre grans estrat\u00e8gies, sorgides de les prioritats detectades en la salut poblacional i en el Sistema de Salut, i cont\u00e9 objectius estretament relacionats amb la tasca de la Fundaci\u00f3 TIC Salut Social"}]},"yoast_head":"<!-- This site is optimized with the Yoast SEO plugin v27.1.1 - https:\/\/yoast.com\/product\/yoast-seo-wordpress\/ -->\n<title>Apostes del Pla de Salut 2021-2025 en clau TIC - Fundaci\u00f3 TIC Salut i Social<\/title>\n<meta name=\"robots\" content=\"index, follow, max-snippet:-1, max-image-preview:large, max-video-preview:-1\" \/>\n<link rel=\"canonical\" href=\"https:\/\/ticsalutsocial.atoom.space\/es\/noticia\/apostes-del-pla-de-salut-2021-2025\/\" \/>\n<meta property=\"og:locale\" content=\"es_ES\" \/>\n<meta property=\"og:type\" content=\"article\" \/>\n<meta property=\"og:title\" content=\"Apostes del Pla de Salut 2021-2025 en clau TIC - Fundaci\u00f3 TIC Salut i Social\" \/>\n<meta property=\"og:description\" content=\"La Fundaci\u00f3 TIC Salut Social est\u00e0 alineada amb les estrat\u00e8gies del pla, presentat pel Sistema de Salut de Catalunya El passat dijous 17 de mar\u00e7 es va presentar en un acte p\u00fablic i a la Sala Oval del Museu Nacional d\u2019Art Catalunya el Pla de salut de Catalunya 2021-2025. El document pivota sobre quatre grans [&hellip;]\" \/>\n<meta property=\"og:url\" content=\"https:\/\/ticsalutsocial.atoom.space\/es\/noticia\/apostes-del-pla-de-salut-2021-2025\/\" \/>\n<meta property=\"og:site_name\" content=\"Fundaci\u00f3 TIC Salut i Social\" \/>\n<meta property=\"og:image\" content=\"https:\/\/ticsalutsocial.atoom.space\/wp-content\/uploads\/2022\/03\/pla-salut.png\" \/>\n\t<meta property=\"og:image:width\" content=\"747\" \/>\n\t<meta property=\"og:image:height\" content=\"320\" \/>\n\t<meta property=\"og:image:type\" content=\"image\/png\" \/>\n<meta name=\"twitter:card\" content=\"summary_large_image\" \/>\n<meta name=\"twitter:label1\" content=\"Tiempo de lectura\" \/>\n\t<meta name=\"twitter:data1\" content=\"5 minutos\" \/>\n<script type=\"application\/ld+json\" class=\"yoast-schema-graph\">{\"@context\":\"https:\/\/schema.org\",\"@graph\":[{\"@type\":\"WebPage\",\"@id\":\"https:\/\/ticsalutsocial.atoom.space\/es\/noticia\/apostes-del-pla-de-salut-2021-2025\/\",\"url\":\"https:\/\/ticsalutsocial.atoom.space\/es\/noticia\/apostes-del-pla-de-salut-2021-2025\/\",\"name\":\"Apostes del Pla de Salut 2021-2025 en clau TIC - Fundaci\u00f3 TIC Salut i Social\",\"isPartOf\":{\"@id\":\"https:\/\/ticsalutsocial.atoom.space\/es\/#website\"},\"primaryImageOfPage\":{\"@id\":\"https:\/\/ticsalutsocial.atoom.space\/es\/noticia\/apostes-del-pla-de-salut-2021-2025\/#primaryimage\"},\"image\":{\"@id\":\"https:\/\/ticsalutsocial.atoom.space\/es\/noticia\/apostes-del-pla-de-salut-2021-2025\/#primaryimage\"},\"thumbnailUrl\":\"https:\/\/ticsalutsocial.atoom.space\/wp-content\/uploads\/2022\/03\/pla-salut.png\",\"datePublished\":\"2022-03-21T12:44:48+00:00\",\"breadcrumb\":{\"@id\":\"https:\/\/ticsalutsocial.atoom.space\/es\/noticia\/apostes-del-pla-de-salut-2021-2025\/#breadcrumb\"},\"inLanguage\":\"es\",\"potentialAction\":[{\"@type\":\"ReadAction\",\"target\":[\"https:\/\/ticsalutsocial.atoom.space\/es\/noticia\/apostes-del-pla-de-salut-2021-2025\/\"]}]},{\"@type\":\"ImageObject\",\"inLanguage\":\"es\",\"@id\":\"https:\/\/ticsalutsocial.atoom.space\/es\/noticia\/apostes-del-pla-de-salut-2021-2025\/#primaryimage\",\"url\":\"https:\/\/ticsalutsocial.atoom.space\/wp-content\/uploads\/2022\/03\/pla-salut.png\",\"contentUrl\":\"https:\/\/ticsalutsocial.atoom.space\/wp-content\/uploads\/2022\/03\/pla-salut.png\",\"width\":747,\"height\":320},{\"@type\":\"BreadcrumbList\",\"@id\":\"https:\/\/ticsalutsocial.atoom.space\/es\/noticia\/apostes-del-pla-de-salut-2021-2025\/#breadcrumb\",\"itemListElement\":[{\"@type\":\"ListItem\",\"position\":1,\"name\":\"Inici\",\"item\":\"https:\/\/ticsalutsocial.atoom.space\/es\/\"},{\"@type\":\"ListItem\",\"position\":2,\"name\":\"Apostes del Pla de Salut 2021-2025 en clau TIC\"}]},{\"@type\":\"WebSite\",\"@id\":\"https:\/\/ticsalutsocial.atoom.space\/es\/#website\",\"url\":\"https:\/\/ticsalutsocial.atoom.space\/es\/\",\"name\":\"Fundaci\u00f3 TIC Salut i Social\",\"description\":\"\",\"potentialAction\":[{\"@type\":\"SearchAction\",\"target\":{\"@type\":\"EntryPoint\",\"urlTemplate\":\"https:\/\/ticsalutsocial.atoom.space\/es\/?s={search_term_string}\"},\"query-input\":{\"@type\":\"PropertyValueSpecification\",\"valueRequired\":true,\"valueName\":\"search_term_string\"}}],\"inLanguage\":\"es\"}]}<\/script>\n<!-- \/ Yoast SEO plugin. -->","yoast_head_json":{"title":"Apostes del Pla de Salut 2021-2025 en clau TIC - Fundaci\u00f3 TIC Salut i Social","robots":{"index":"index","follow":"follow","max-snippet":"max-snippet:-1","max-image-preview":"max-image-preview:large","max-video-preview":"max-video-preview:-1"},"canonical":"https:\/\/ticsalutsocial.atoom.space\/es\/noticia\/apostes-del-pla-de-salut-2021-2025\/","og_locale":"es_ES","og_type":"article","og_title":"Apostes del Pla de Salut 2021-2025 en clau TIC - Fundaci\u00f3 TIC Salut i Social","og_description":"La Fundaci\u00f3 TIC Salut Social est\u00e0 alineada amb les estrat\u00e8gies del pla, presentat pel Sistema de Salut de Catalunya El passat dijous 17 de mar\u00e7 es va presentar en un acte p\u00fablic i a la Sala Oval del Museu Nacional d\u2019Art Catalunya el Pla de salut de Catalunya 2021-2025. El document pivota sobre quatre grans [&hellip;]","og_url":"https:\/\/ticsalutsocial.atoom.space\/es\/noticia\/apostes-del-pla-de-salut-2021-2025\/","og_site_name":"Fundaci\u00f3 TIC Salut i Social","og_image":[{"width":747,"height":320,"url":"https:\/\/ticsalutsocial.atoom.space\/wp-content\/uploads\/2022\/03\/pla-salut.png","type":"image\/png"}],"twitter_card":"summary_large_image","twitter_misc":{"Tiempo de lectura":"5 minutos"},"schema":{"@context":"https:\/\/schema.org","@graph":[{"@type":"WebPage","@id":"https:\/\/ticsalutsocial.atoom.space\/es\/noticia\/apostes-del-pla-de-salut-2021-2025\/","url":"https:\/\/ticsalutsocial.atoom.space\/es\/noticia\/apostes-del-pla-de-salut-2021-2025\/","name":"Apostes del Pla de Salut 2021-2025 en clau TIC - Fundaci\u00f3 TIC Salut i Social","isPartOf":{"@id":"https:\/\/ticsalutsocial.atoom.space\/es\/#website"},"primaryImageOfPage":{"@id":"https:\/\/ticsalutsocial.atoom.space\/es\/noticia\/apostes-del-pla-de-salut-2021-2025\/#primaryimage"},"image":{"@id":"https:\/\/ticsalutsocial.atoom.space\/es\/noticia\/apostes-del-pla-de-salut-2021-2025\/#primaryimage"},"thumbnailUrl":"https:\/\/ticsalutsocial.atoom.space\/wp-content\/uploads\/2022\/03\/pla-salut.png","datePublished":"2022-03-21T12:44:48+00:00","breadcrumb":{"@id":"https:\/\/ticsalutsocial.atoom.space\/es\/noticia\/apostes-del-pla-de-salut-2021-2025\/#breadcrumb"},"inLanguage":"es","potentialAction":[{"@type":"ReadAction","target":["https:\/\/ticsalutsocial.atoom.space\/es\/noticia\/apostes-del-pla-de-salut-2021-2025\/"]}]},{"@type":"ImageObject","inLanguage":"es","@id":"https:\/\/ticsalutsocial.atoom.space\/es\/noticia\/apostes-del-pla-de-salut-2021-2025\/#primaryimage","url":"https:\/\/ticsalutsocial.atoom.space\/wp-content\/uploads\/2022\/03\/pla-salut.png","contentUrl":"https:\/\/ticsalutsocial.atoom.space\/wp-content\/uploads\/2022\/03\/pla-salut.png","width":747,"height":320},{"@type":"BreadcrumbList","@id":"https:\/\/ticsalutsocial.atoom.space\/es\/noticia\/apostes-del-pla-de-salut-2021-2025\/#breadcrumb","itemListElement":[{"@type":"ListItem","position":1,"name":"Inici","item":"https:\/\/ticsalutsocial.atoom.space\/es\/"},{"@type":"ListItem","position":2,"name":"Apostes del Pla de Salut 2021-2025 en clau TIC"}]},{"@type":"WebSite","@id":"https:\/\/ticsalutsocial.atoom.space\/es\/#website","url":"https:\/\/ticsalutsocial.atoom.space\/es\/","name":"Fundaci\u00f3 TIC Salut i Social","description":"","potentialAction":[{"@type":"SearchAction","target":{"@type":"EntryPoint","urlTemplate":"https:\/\/ticsalutsocial.atoom.space\/es\/?s={search_term_string}"},"query-input":{"@type":"PropertyValueSpecification","valueRequired":true,"valueName":"search_term_string"}}],"inLanguage":"es"}]}},"_links":{"self":[{"href":"https:\/\/ticsalutsocial.atoom.space\/es\/wp-json\/wp\/v2\/noticia\/13728","targetHints":{"allow":["GET"]}}],"collection":[{"href":"https:\/\/ticsalutsocial.atoom.space\/es\/wp-json\/wp\/v2\/noticia"}],"about":[{"href":"https:\/\/ticsalutsocial.atoom.space\/es\/wp-json\/wp\/v2\/types\/noticia"}],"author":[{"embeddable":true,"href":"https:\/\/ticsalutsocial.atoom.space\/es\/wp-json\/wp\/v2\/users\/3"}],"wp:featuredmedia":[{"embeddable":true,"href":"https:\/\/ticsalutsocial.atoom.space\/es\/wp-json\/wp\/v2\/media\/10866"}],"wp:attachment":[{"href":"https:\/\/ticsalutsocial.atoom.space\/es\/wp-json\/wp\/v2\/media?parent=13728"}],"wp:term":[{"taxonomy":"etiqueta","embeddable":true,"href":"https:\/\/ticsalutsocial.atoom.space\/es\/wp-json\/wp\/v2\/etiqueta?post=13728"},{"taxonomy":"tipus","embeddable":true,"href":"https:\/\/ticsalutsocial.atoom.space\/es\/wp-json\/wp\/v2\/tipus?post=13728"},{"taxonomy":"topic","embeddable":true,"href":"https:\/\/ticsalutsocial.atoom.space\/es\/wp-json\/wp\/v2\/topic?post=13728"}],"curies":[{"name":"wp","href":"https:\/\/api.w.org\/{rel}","templated":true}]}}