
{"id":13733,"date":"2022-03-04T09:38:57","date_gmt":"2022-03-04T07:38:57","guid":{"rendered":"https:\/\/ticsalutsocial.atoom.space\/noticia\/el-mobile-world-congress-tanca-amb-mes-de-60-mil-assistents\/"},"modified":"2022-03-04T09:38:57","modified_gmt":"2022-03-04T07:38:57","slug":"el-mobile-world-congress-tanca-amb-mes-de-60-mil-assistents","status":"publish","type":"noticia","link":"https:\/\/ticsalutsocial.atoom.space\/es\/noticia\/el-mobile-world-congress-tanca-amb-mes-de-60-mil-assistents\/","title":{"rendered":"El Mobile World Congress tanca amb m\u00e9s de 60 mil assistents\u00a0"},"content":{"rendered":"\n<p>Despr\u00e9s de dos anys marcat per la pand\u00e8mia de la COVID-19, el <a href=\"https:\/\/www.mwcbarcelona.com\/\" target=\"_blank\" rel=\"noreferrer noopener\">Mobile World Congress<\/a> ha tornat a celebrar-se aplegant m\u00e9s de 60.000 professionals del 28 de febrer al 3 de mar\u00e7 a la Fira Gran Via de Barcelona. Un any m\u00e9s, <strong>la Fundaci\u00f3 TIC Salut Social hi ha estat present, amb un espai a l\u2019estand Digital Catalonia<\/strong>.&nbsp;&nbsp;<\/p>\n\n\n\n<p>El lema de l\u2019edici\u00f3 d\u2019enguany ha estat \u201cConnectivitat Alliberada\u201d i s\u2019ha centrat en 6 eixos tem\u00e0tics: la Intel\u00b7lig\u00e8ncia Artificial, la connectivitat 5G, l\u2019\u00fas del n\u00favol (CloudNet), les finances digitals (FinTech), el metavers i l\u2019horitz\u00f3 tecnol\u00f2gic. Sota aquest paraig\u00fces, el congr\u00e9s m\u00e9s influent del m\u00f3n de la ind\u00fastria de la connectivitat ha recuperat plenament el format presencial, amb <strong>m\u00e9s de 1.500 expositors i 1.000 ponents<\/strong>. Paral\u00b7lelament, tamb\u00e9 s\u2019ha celebrat el <a href=\"https:\/\/www.4yfn.com\/\" target=\"_blank\" rel=\"noreferrer noopener\">Four Years From Now<\/a> (4YFN); un esdeveniment de refer\u00e8ncia internacional amb l\u2019objectiu de connectar startups, inversors i empreses per impulsar noves oportunitats de negoci.&nbsp;<\/p>\n\n\n\n<h2 class=\"wp-block-heading\"><strong>Catalonia looks up&nbsp;<\/strong>&nbsp;<\/h2>\n\n\n\n<p>La Fundaci\u00f3 Tic Salut Social ha presentat el <a href=\"https:\/\/iasalut.cat\/programa-salut-ia\/\" target=\"_blank\" rel=\"noreferrer noopener\">Programa Salut\/IA<\/a>, el projecte europeu <a href=\"https:\/\/incisive-project.eu\/\" target=\"_blank\" rel=\"noreferrer noopener\">INCISIVE <\/a>d\u2019intel\u00b7lig\u00e8ncia artificial per al diagn\u00f2stic i la predicci\u00f3 del c\u00e0ncer, la tasca de l\u2019Oficina del Delegat de Dades i el Servei de Certificaci\u00f3 d\u2019Apps de l\u2019Oficina mHealth, entre d\u2019altres projectes, a l\u2019estand <strong>Digital Catalonia<\/strong>. Impulsat pel Departament de la Vicepresid\u00e8ncia i de Pol\u00edtiques Digitals i Territori de la Generalitat de Catalunya sota el lema <strong>\u2018Catalonia looks Up\u2019, <\/strong>aquest estand ha perm\u00e8s tamb\u00e9 a 52 empreses, entitats i centres tecnol\u00f2gics catalans compartir els seus projectes m\u00e9s innovadors en l\u2019\u00e0mbit de les TIC.&nbsp;&nbsp;<\/p>\n\n\n\n<p>Com a novetat, Digital Catalonia ha portat una innovadora experi\u00e8ncia hologr\u00e0fica en 360\u00ba per con\u00e8ixer els beneficis de la connectivitat IoT\/5G i de les missions espacials amb nanosat\u00e8l\u00b7lits emmarcades en l\u2019<a href=\"https:\/\/politiquesdigitals.gencat.cat\/ca\/tic\/estrategia-new-space-de-catalunya\/\" target=\"_blank\" rel=\"noreferrer noopener\">Estrat\u00e8gia NewSpace de Catalunya<\/a>. Aix\u00ed mateix, ha presentat un dels projectes estrat\u00e8gics de la Vicepresid\u00e8ncia: el <a href=\"https:\/\/politiquesdigitals.gencat.cat\/ca\/tic\/aina-el-projecte-per-garantir-el-catala-en-lera-digital\/\" target=\"_blank\" rel=\"noreferrer noopener\">projecte AINA<\/a>, basat en tecnologies de dades i Intel\u00b7lig\u00e8ncia Artificial per fer possible que les m\u00e0quines entenguin i parlin el catal\u00e0.&nbsp;&nbsp;<\/p>\n\n\n\n<p>Finalment, el congr\u00e9s tamb\u00e9 ha acollit la segona edici\u00f3 de l\u2019<a href=\"https:\/\/www.accio.gencat.cat\/es\/serveis\/innovacio\/startups-i-innovacio-disruptiva\/mwc-open-innovation-challenge\/\" target=\"_blank\" rel=\"noreferrer noopener\">Open Innovation Challenge<\/a>, que organitza el Departament d\u2019Empresa i Treball, a trav\u00e9s d\u2019ACCI\u00d3; una trobada B2B entre tots els agents de l\u2019ecosistema de la innovaci\u00f3.&nbsp;&nbsp;<\/p>\n\n\n\n<p><\/p>\n\n\n\n<p><a href=\"https:\/\/twitter.com\/ticsalut\/status\/1499467142881849356\" target=\"_blank\" rel=\"noreferrer noopener\">V\u00eddeo amb algunes imatges de la participaci\u00f3 de la Fundaci\u00f3 TIC Salut Social al Mobile World Congress<\/a><\/p>\n","protected":false},"author":12,"featured_media":10720,"menu_order":0,"template":"","meta":{"_acf_changed":false,"inline_featured_image":false},"etiqueta":[],"tipus":[],"topic":[13,16],"class_list":["post-13733","noticia","type-noticia","status-publish","has-post-thumbnail","hentry","topic-la-fundacio","topic-actualitat"],"acf":{"autor":"","textos_destacats":false},"yoast_head":"<!-- This site is optimized with the Yoast SEO plugin v27.1.1 - https:\/\/yoast.com\/product\/yoast-seo-wordpress\/ -->\n<title>El Mobile World Congress tanca amb m\u00e9s de 60 mil assistents\u00a0 - Fundaci\u00f3 TIC Salut i Social<\/title>\n<meta name=\"description\" content=\"Un any m\u00e9s, la Fundaci\u00f3 TIC Salut Social ha estat present al Mobile World Congress, amb un espai a l&#039;estand Digital Catalonia.\" \/>\n<meta name=\"robots\" content=\"index, follow, max-snippet:-1, max-image-preview:large, max-video-preview:-1\" \/>\n<link rel=\"canonical\" href=\"https:\/\/ticsalutsocial.atoom.space\/es\/noticia\/el-mobile-world-congress-tanca-amb-mes-de-60-mil-assistents\/\" \/>\n<meta property=\"og:locale\" content=\"es_ES\" \/>\n<meta property=\"og:type\" content=\"article\" \/>\n<meta property=\"og:title\" content=\"El Mobile World Congress tanca amb m\u00e9s de 60 mil assistents\u00a0 - Fundaci\u00f3 TIC Salut i Social\" \/>\n<meta property=\"og:description\" content=\"Un any m\u00e9s, la Fundaci\u00f3 TIC Salut Social ha estat present al Mobile World Congress, amb un espai a l&#039;estand Digital Catalonia.\" \/>\n<meta property=\"og:url\" content=\"https:\/\/ticsalutsocial.atoom.space\/es\/noticia\/el-mobile-world-congress-tanca-amb-mes-de-60-mil-assistents\/\" \/>\n<meta property=\"og:site_name\" content=\"Fundaci\u00f3 TIC Salut i Social\" \/>\n<meta property=\"og:image\" content=\"https:\/\/ticsalutsocial.atoom.space\/wp-content\/uploads\/2022\/03\/IMG_20220302_104838-scaled.jpg\" \/>\n\t<meta property=\"og:image:width\" content=\"2560\" \/>\n\t<meta property=\"og:image:height\" content=\"1504\" \/>\n\t<meta property=\"og:image:type\" content=\"image\/jpeg\" \/>\n<meta name=\"twitter:card\" content=\"summary_large_image\" \/>\n<meta name=\"twitter:label1\" content=\"Tiempo de lectura\" \/>\n\t<meta name=\"twitter:data1\" content=\"2 minutos\" \/>\n<script type=\"application\/ld+json\" class=\"yoast-schema-graph\">{\"@context\":\"https:\/\/schema.org\",\"@graph\":[{\"@type\":\"WebPage\",\"@id\":\"https:\/\/ticsalutsocial.atoom.space\/es\/noticia\/el-mobile-world-congress-tanca-amb-mes-de-60-mil-assistents\/\",\"url\":\"https:\/\/ticsalutsocial.atoom.space\/es\/noticia\/el-mobile-world-congress-tanca-amb-mes-de-60-mil-assistents\/\",\"name\":\"El Mobile World Congress tanca amb m\u00e9s de 60 mil assistents\u00a0 - Fundaci\u00f3 TIC Salut i Social\",\"isPartOf\":{\"@id\":\"https:\/\/ticsalutsocial.atoom.space\/es\/#website\"},\"primaryImageOfPage\":{\"@id\":\"https:\/\/ticsalutsocial.atoom.space\/es\/noticia\/el-mobile-world-congress-tanca-amb-mes-de-60-mil-assistents\/#primaryimage\"},\"image\":{\"@id\":\"https:\/\/ticsalutsocial.atoom.space\/es\/noticia\/el-mobile-world-congress-tanca-amb-mes-de-60-mil-assistents\/#primaryimage\"},\"thumbnailUrl\":\"https:\/\/ticsalutsocial.atoom.space\/wp-content\/uploads\/2022\/03\/IMG_20220302_104838-scaled.jpg\",\"datePublished\":\"2022-03-04T07:38:57+00:00\",\"description\":\"Un any m\u00e9s, la Fundaci\u00f3 TIC Salut Social ha estat present al Mobile World Congress, amb un espai a l'estand Digital Catalonia.\",\"breadcrumb\":{\"@id\":\"https:\/\/ticsalutsocial.atoom.space\/es\/noticia\/el-mobile-world-congress-tanca-amb-mes-de-60-mil-assistents\/#breadcrumb\"},\"inLanguage\":\"es\",\"potentialAction\":[{\"@type\":\"ReadAction\",\"target\":[\"https:\/\/ticsalutsocial.atoom.space\/es\/noticia\/el-mobile-world-congress-tanca-amb-mes-de-60-mil-assistents\/\"]}]},{\"@type\":\"ImageObject\",\"inLanguage\":\"es\",\"@id\":\"https:\/\/ticsalutsocial.atoom.space\/es\/noticia\/el-mobile-world-congress-tanca-amb-mes-de-60-mil-assistents\/#primaryimage\",\"url\":\"https:\/\/ticsalutsocial.atoom.space\/wp-content\/uploads\/2022\/03\/IMG_20220302_104838-scaled.jpg\",\"contentUrl\":\"https:\/\/ticsalutsocial.atoom.space\/wp-content\/uploads\/2022\/03\/IMG_20220302_104838-scaled.jpg\",\"width\":2560,\"height\":1504,\"caption\":\"Estand de la Fundaci\u00f3 TIC Salut Social al Digital Catalonia del Mobile World Congress 2022\"},{\"@type\":\"BreadcrumbList\",\"@id\":\"https:\/\/ticsalutsocial.atoom.space\/es\/noticia\/el-mobile-world-congress-tanca-amb-mes-de-60-mil-assistents\/#breadcrumb\",\"itemListElement\":[{\"@type\":\"ListItem\",\"position\":1,\"name\":\"Inici\",\"item\":\"https:\/\/ticsalutsocial.atoom.space\/es\/\"},{\"@type\":\"ListItem\",\"position\":2,\"name\":\"El Mobile World Congress tanca amb m\u00e9s de 60 mil assistents\u00a0\"}]},{\"@type\":\"WebSite\",\"@id\":\"https:\/\/ticsalutsocial.atoom.space\/es\/#website\",\"url\":\"https:\/\/ticsalutsocial.atoom.space\/es\/\",\"name\":\"Fundaci\u00f3 TIC Salut i Social\",\"description\":\"\",\"potentialAction\":[{\"@type\":\"SearchAction\",\"target\":{\"@type\":\"EntryPoint\",\"urlTemplate\":\"https:\/\/ticsalutsocial.atoom.space\/es\/?s={search_term_string}\"},\"query-input\":{\"@type\":\"PropertyValueSpecification\",\"valueRequired\":true,\"valueName\":\"search_term_string\"}}],\"inLanguage\":\"es\"}]}<\/script>\n<!-- \/ Yoast SEO plugin. -->","yoast_head_json":{"title":"El Mobile World Congress tanca amb m\u00e9s de 60 mil assistents\u00a0 - Fundaci\u00f3 TIC Salut i Social","description":"Un any m\u00e9s, la Fundaci\u00f3 TIC Salut Social ha estat present al Mobile World Congress, amb un espai a l'estand Digital Catalonia.","robots":{"index":"index","follow":"follow","max-snippet":"max-snippet:-1","max-image-preview":"max-image-preview:large","max-video-preview":"max-video-preview:-1"},"canonical":"https:\/\/ticsalutsocial.atoom.space\/es\/noticia\/el-mobile-world-congress-tanca-amb-mes-de-60-mil-assistents\/","og_locale":"es_ES","og_type":"article","og_title":"El Mobile World Congress tanca amb m\u00e9s de 60 mil assistents\u00a0 - Fundaci\u00f3 TIC Salut i Social","og_description":"Un any m\u00e9s, la Fundaci\u00f3 TIC Salut Social ha estat present al Mobile World Congress, amb un espai a l'estand Digital Catalonia.","og_url":"https:\/\/ticsalutsocial.atoom.space\/es\/noticia\/el-mobile-world-congress-tanca-amb-mes-de-60-mil-assistents\/","og_site_name":"Fundaci\u00f3 TIC Salut i Social","og_image":[{"width":2560,"height":1504,"url":"https:\/\/ticsalutsocial.atoom.space\/wp-content\/uploads\/2022\/03\/IMG_20220302_104838-scaled.jpg","type":"image\/jpeg"}],"twitter_card":"summary_large_image","twitter_misc":{"Tiempo de lectura":"2 minutos"},"schema":{"@context":"https:\/\/schema.org","@graph":[{"@type":"WebPage","@id":"https:\/\/ticsalutsocial.atoom.space\/es\/noticia\/el-mobile-world-congress-tanca-amb-mes-de-60-mil-assistents\/","url":"https:\/\/ticsalutsocial.atoom.space\/es\/noticia\/el-mobile-world-congress-tanca-amb-mes-de-60-mil-assistents\/","name":"El Mobile World Congress tanca amb m\u00e9s de 60 mil assistents\u00a0 - Fundaci\u00f3 TIC Salut i Social","isPartOf":{"@id":"https:\/\/ticsalutsocial.atoom.space\/es\/#website"},"primaryImageOfPage":{"@id":"https:\/\/ticsalutsocial.atoom.space\/es\/noticia\/el-mobile-world-congress-tanca-amb-mes-de-60-mil-assistents\/#primaryimage"},"image":{"@id":"https:\/\/ticsalutsocial.atoom.space\/es\/noticia\/el-mobile-world-congress-tanca-amb-mes-de-60-mil-assistents\/#primaryimage"},"thumbnailUrl":"https:\/\/ticsalutsocial.atoom.space\/wp-content\/uploads\/2022\/03\/IMG_20220302_104838-scaled.jpg","datePublished":"2022-03-04T07:38:57+00:00","description":"Un any m\u00e9s, la Fundaci\u00f3 TIC Salut Social ha estat present al Mobile World Congress, amb un espai a l'estand Digital Catalonia.","breadcrumb":{"@id":"https:\/\/ticsalutsocial.atoom.space\/es\/noticia\/el-mobile-world-congress-tanca-amb-mes-de-60-mil-assistents\/#breadcrumb"},"inLanguage":"es","potentialAction":[{"@type":"ReadAction","target":["https:\/\/ticsalutsocial.atoom.space\/es\/noticia\/el-mobile-world-congress-tanca-amb-mes-de-60-mil-assistents\/"]}]},{"@type":"ImageObject","inLanguage":"es","@id":"https:\/\/ticsalutsocial.atoom.space\/es\/noticia\/el-mobile-world-congress-tanca-amb-mes-de-60-mil-assistents\/#primaryimage","url":"https:\/\/ticsalutsocial.atoom.space\/wp-content\/uploads\/2022\/03\/IMG_20220302_104838-scaled.jpg","contentUrl":"https:\/\/ticsalutsocial.atoom.space\/wp-content\/uploads\/2022\/03\/IMG_20220302_104838-scaled.jpg","width":2560,"height":1504,"caption":"Estand de la Fundaci\u00f3 TIC Salut Social al Digital Catalonia del Mobile World Congress 2022"},{"@type":"BreadcrumbList","@id":"https:\/\/ticsalutsocial.atoom.space\/es\/noticia\/el-mobile-world-congress-tanca-amb-mes-de-60-mil-assistents\/#breadcrumb","itemListElement":[{"@type":"ListItem","position":1,"name":"Inici","item":"https:\/\/ticsalutsocial.atoom.space\/es\/"},{"@type":"ListItem","position":2,"name":"El Mobile World Congress tanca amb m\u00e9s de 60 mil assistents\u00a0"}]},{"@type":"WebSite","@id":"https:\/\/ticsalutsocial.atoom.space\/es\/#website","url":"https:\/\/ticsalutsocial.atoom.space\/es\/","name":"Fundaci\u00f3 TIC Salut i Social","description":"","potentialAction":[{"@type":"SearchAction","target":{"@type":"EntryPoint","urlTemplate":"https:\/\/ticsalutsocial.atoom.space\/es\/?s={search_term_string}"},"query-input":{"@type":"PropertyValueSpecification","valueRequired":true,"valueName":"search_term_string"}}],"inLanguage":"es"}]}},"_links":{"self":[{"href":"https:\/\/ticsalutsocial.atoom.space\/es\/wp-json\/wp\/v2\/noticia\/13733","targetHints":{"allow":["GET"]}}],"collection":[{"href":"https:\/\/ticsalutsocial.atoom.space\/es\/wp-json\/wp\/v2\/noticia"}],"about":[{"href":"https:\/\/ticsalutsocial.atoom.space\/es\/wp-json\/wp\/v2\/types\/noticia"}],"author":[{"embeddable":true,"href":"https:\/\/ticsalutsocial.atoom.space\/es\/wp-json\/wp\/v2\/users\/12"}],"wp:featuredmedia":[{"embeddable":true,"href":"https:\/\/ticsalutsocial.atoom.space\/es\/wp-json\/wp\/v2\/media\/10720"}],"wp:attachment":[{"href":"https:\/\/ticsalutsocial.atoom.space\/es\/wp-json\/wp\/v2\/media?parent=13733"}],"wp:term":[{"taxonomy":"etiqueta","embeddable":true,"href":"https:\/\/ticsalutsocial.atoom.space\/es\/wp-json\/wp\/v2\/etiqueta?post=13733"},{"taxonomy":"tipus","embeddable":true,"href":"https:\/\/ticsalutsocial.atoom.space\/es\/wp-json\/wp\/v2\/tipus?post=13733"},{"taxonomy":"topic","embeddable":true,"href":"https:\/\/ticsalutsocial.atoom.space\/es\/wp-json\/wp\/v2\/topic?post=13733"}],"curies":[{"name":"wp","href":"https:\/\/api.w.org\/{rel}","templated":true}]}}