
{"id":13734,"date":"2022-02-24T13:05:14","date_gmt":"2022-02-24T11:05:14","guid":{"rendered":"https:\/\/ticsalutsocial.atoom.space\/noticia\/la-scepc-i-tic-salut-social-renoven-un-conveni-de-collaboracio-per-explorar-nous-ambits-dactuacio-conjunta-generar-noves-sinergies-i-consolidar-projectes-tic-en-lambit-de-la-salut\/"},"modified":"2022-02-24T13:05:14","modified_gmt":"2022-02-24T11:05:14","slug":"la-scepc-i-tic-salut-social-renoven-un-conveni-de-collaboracio-per-explorar-nous-ambits-dactuacio-conjunta-generar-noves-sinergies-i-consolidar-projectes-tic-en-lambit-de-la-salut","status":"publish","type":"noticia","link":"https:\/\/ticsalutsocial.atoom.space\/es\/noticia\/la-scepc-i-tic-salut-social-renoven-un-conveni-de-collaboracio-per-explorar-nous-ambits-dactuacio-conjunta-generar-noves-sinergies-i-consolidar-projectes-tic-en-lambit-de-la-salut\/","title":{"rendered":"La SCEPC i TIC Salut Social renoven un conveni de col\u00b7laboraci\u00f3 per explorar nous \u00e0mbits d&#8217;actuaci\u00f3 conjunta"},"content":{"rendered":"\n<h5 class=\"wp-block-heading\" id=\"barcelona-14-de-gener-de-2022\">Barcelona, 24 de febrer de 2022<\/h5>\n\n\n\n<p>La Societat Catalana d&#8217;Especialistes en Psicologia Cl\u00ednica (SCEPC) i la Fundaci\u00f3 TIC Salut Social han signat una ampliaci\u00f3 del conveni de col\u00b7laboraci\u00f3 preexistent entre les dues entitats. <\/p>\n\n\n\n<p>L&#8217;objectiu d&#8217;aquesta addenda \u00e9s establir un Pla d&#8217;Actuaci\u00f3 per identificar, definir, coordinar i executar projectes i actuacions conjuntes i per impulsar iniciatives que aportin un valor diferencial a nivell d\u2019\u00fas de les TIC a l\u2019\u00e0mbit de la salut com a estrat\u00e8gia de recolzament a la gesti\u00f3 de serveis sanitaris.&nbsp;<\/p>\n\n\n\n<p>M\u00e9s concretament, l&#8217;acord est\u00e0 circumscrit en el marc del <a href=\"https:\/\/ticsalutsocial.atoom.space\/el-tipus\/mhealth\/\" target=\"_blank\" rel=\"noreferrer noopener\">proc\u00e9s d&#8217;acreditaci\u00f3 d\u2019aplicacions m\u00f2bils<\/a> de l\u2019entorn salut de la fundaci\u00f3, on la SCEPC posa a disposici\u00f3 del <a href=\"https:\/\/ticsalutsocial.atoom.space\/el-tipus\/mhealth\/#membres-del-comite-dexperts\">Comit\u00e8 d\u2019Experts Funcionals<\/a> del qual n&#8217;\u00e9s membre, la seva expertesa i coneixements en l\u2019\u00e0mbit dels continguts que han de presentar les diferents solucions que superin el proc\u00e9s d&#8217;acreditaci\u00f3.<\/p>\n\n\n\n<p>Dins els productes avaluables pel Comit\u00e8 d\u2019Experts Funcionals s&#8217;hi destaquen no nom\u00e9s apps m\u00f2bils sin\u00f3 tamb\u00e9 dispositius associats com gluc\u00f2metres, polseres, sensors i tota mena de <em>wearables<\/em> pensats per recollir dades biom\u00e8triques.<\/p>\n","protected":false},"author":3,"featured_media":10340,"menu_order":0,"template":"","meta":{"_acf_changed":false,"inline_featured_image":false},"etiqueta":[],"tipus":[],"topic":[13],"class_list":["post-13734","noticia","type-noticia","status-publish","has-post-thumbnail","hentry","topic-la-fundacio"],"acf":{"autor":"TIC Salut Social","textos_destacats":[{"texte":"L'objectiu \u00e9s generar noves sinergies i consolidar projectes TIC en l'\u00e0mbit de la salut"}]},"yoast_head":"<!-- This site is optimized with the Yoast SEO plugin v27.1.1 - https:\/\/yoast.com\/product\/yoast-seo-wordpress\/ -->\n<title>La SCEPC i TIC Salut Social renoven un conveni de col\u00b7laboraci\u00f3 per explorar nous \u00e0mbits d&#039;actuaci\u00f3 conjunta - Fundaci\u00f3 TIC Salut i Social<\/title>\n<meta name=\"robots\" content=\"index, follow, max-snippet:-1, max-image-preview:large, max-video-preview:-1\" \/>\n<link rel=\"canonical\" href=\"https:\/\/ticsalutsocial.atoom.space\/es\/noticia\/la-scepc-i-tic-salut-social-renoven-un-conveni-de-collaboracio-per-explorar-nous-ambits-dactuacio-conjunta-generar-noves-sinergies-i-consolidar-projectes-tic-en-lambit-de-la-salut\/\" \/>\n<meta property=\"og:locale\" content=\"es_ES\" \/>\n<meta property=\"og:type\" content=\"article\" \/>\n<meta property=\"og:title\" content=\"La SCEPC i TIC Salut Social renoven un conveni de col\u00b7laboraci\u00f3 per explorar nous \u00e0mbits d&#039;actuaci\u00f3 conjunta - Fundaci\u00f3 TIC Salut i Social\" \/>\n<meta property=\"og:description\" content=\"Barcelona, 24 de febrer de 2022 La Societat Catalana d&#8217;Especialistes en Psicologia Cl\u00ednica (SCEPC) i la Fundaci\u00f3 TIC Salut Social han signat una ampliaci\u00f3 del conveni de col\u00b7laboraci\u00f3 preexistent entre les dues entitats. L&#8217;objectiu d&#8217;aquesta addenda \u00e9s establir un Pla d&#8217;Actuaci\u00f3 per identificar, definir, coordinar i executar projectes i actuacions conjuntes i per impulsar iniciatives [&hellip;]\" \/>\n<meta property=\"og:url\" content=\"https:\/\/ticsalutsocial.atoom.space\/es\/noticia\/la-scepc-i-tic-salut-social-renoven-un-conveni-de-collaboracio-per-explorar-nous-ambits-dactuacio-conjunta-generar-noves-sinergies-i-consolidar-projectes-tic-en-lambit-de-la-salut\/\" \/>\n<meta property=\"og:site_name\" content=\"Fundaci\u00f3 TIC Salut i Social\" \/>\n<meta property=\"og:image\" content=\"https:\/\/ticsalutsocial.atoom.space\/wp-content\/uploads\/2022\/02\/pexels-karolina-grabowska-5387258-scaled.jpg\" \/>\n\t<meta property=\"og:image:width\" content=\"2560\" \/>\n\t<meta property=\"og:image:height\" content=\"1707\" \/>\n\t<meta property=\"og:image:type\" content=\"image\/jpeg\" \/>\n<meta name=\"twitter:card\" content=\"summary_large_image\" \/>\n<meta name=\"twitter:label1\" content=\"Tiempo de lectura\" \/>\n\t<meta name=\"twitter:data1\" content=\"1 minuto\" \/>\n<script type=\"application\/ld+json\" class=\"yoast-schema-graph\">{\"@context\":\"https:\/\/schema.org\",\"@graph\":[{\"@type\":\"WebPage\",\"@id\":\"https:\/\/ticsalutsocial.atoom.space\/es\/noticia\/la-scepc-i-tic-salut-social-renoven-un-conveni-de-collaboracio-per-explorar-nous-ambits-dactuacio-conjunta-generar-noves-sinergies-i-consolidar-projectes-tic-en-lambit-de-la-salut\/\",\"url\":\"https:\/\/ticsalutsocial.atoom.space\/es\/noticia\/la-scepc-i-tic-salut-social-renoven-un-conveni-de-collaboracio-per-explorar-nous-ambits-dactuacio-conjunta-generar-noves-sinergies-i-consolidar-projectes-tic-en-lambit-de-la-salut\/\",\"name\":\"La SCEPC i TIC Salut Social renoven un conveni de col\u00b7laboraci\u00f3 per explorar nous \u00e0mbits d'actuaci\u00f3 conjunta - Fundaci\u00f3 TIC Salut i Social\",\"isPartOf\":{\"@id\":\"https:\/\/ticsalutsocial.atoom.space\/es\/#website\"},\"primaryImageOfPage\":{\"@id\":\"https:\/\/ticsalutsocial.atoom.space\/es\/noticia\/la-scepc-i-tic-salut-social-renoven-un-conveni-de-collaboracio-per-explorar-nous-ambits-dactuacio-conjunta-generar-noves-sinergies-i-consolidar-projectes-tic-en-lambit-de-la-salut\/#primaryimage\"},\"image\":{\"@id\":\"https:\/\/ticsalutsocial.atoom.space\/es\/noticia\/la-scepc-i-tic-salut-social-renoven-un-conveni-de-collaboracio-per-explorar-nous-ambits-dactuacio-conjunta-generar-noves-sinergies-i-consolidar-projectes-tic-en-lambit-de-la-salut\/#primaryimage\"},\"thumbnailUrl\":\"https:\/\/ticsalutsocial.atoom.space\/wp-content\/uploads\/2022\/02\/pexels-karolina-grabowska-5387258-scaled.jpg\",\"datePublished\":\"2022-02-24T11:05:14+00:00\",\"breadcrumb\":{\"@id\":\"https:\/\/ticsalutsocial.atoom.space\/es\/noticia\/la-scepc-i-tic-salut-social-renoven-un-conveni-de-collaboracio-per-explorar-nous-ambits-dactuacio-conjunta-generar-noves-sinergies-i-consolidar-projectes-tic-en-lambit-de-la-salut\/#breadcrumb\"},\"inLanguage\":\"es\",\"potentialAction\":[{\"@type\":\"ReadAction\",\"target\":[\"https:\/\/ticsalutsocial.atoom.space\/es\/noticia\/la-scepc-i-tic-salut-social-renoven-un-conveni-de-collaboracio-per-explorar-nous-ambits-dactuacio-conjunta-generar-noves-sinergies-i-consolidar-projectes-tic-en-lambit-de-la-salut\/\"]}]},{\"@type\":\"ImageObject\",\"inLanguage\":\"es\",\"@id\":\"https:\/\/ticsalutsocial.atoom.space\/es\/noticia\/la-scepc-i-tic-salut-social-renoven-un-conveni-de-collaboracio-per-explorar-nous-ambits-dactuacio-conjunta-generar-noves-sinergies-i-consolidar-projectes-tic-en-lambit-de-la-salut\/#primaryimage\",\"url\":\"https:\/\/ticsalutsocial.atoom.space\/wp-content\/uploads\/2022\/02\/pexels-karolina-grabowska-5387258-scaled.jpg\",\"contentUrl\":\"https:\/\/ticsalutsocial.atoom.space\/wp-content\/uploads\/2022\/02\/pexels-karolina-grabowska-5387258-scaled.jpg\",\"width\":2560,\"height\":1707},{\"@type\":\"BreadcrumbList\",\"@id\":\"https:\/\/ticsalutsocial.atoom.space\/es\/noticia\/la-scepc-i-tic-salut-social-renoven-un-conveni-de-collaboracio-per-explorar-nous-ambits-dactuacio-conjunta-generar-noves-sinergies-i-consolidar-projectes-tic-en-lambit-de-la-salut\/#breadcrumb\",\"itemListElement\":[{\"@type\":\"ListItem\",\"position\":1,\"name\":\"Inici\",\"item\":\"https:\/\/ticsalutsocial.atoom.space\/es\/\"},{\"@type\":\"ListItem\",\"position\":2,\"name\":\"La SCEPC i TIC Salut Social renoven un conveni de col\u00b7laboraci\u00f3 per explorar nous \u00e0mbits d&#8217;actuaci\u00f3 conjunta\"}]},{\"@type\":\"WebSite\",\"@id\":\"https:\/\/ticsalutsocial.atoom.space\/es\/#website\",\"url\":\"https:\/\/ticsalutsocial.atoom.space\/es\/\",\"name\":\"Fundaci\u00f3 TIC Salut i Social\",\"description\":\"\",\"potentialAction\":[{\"@type\":\"SearchAction\",\"target\":{\"@type\":\"EntryPoint\",\"urlTemplate\":\"https:\/\/ticsalutsocial.atoom.space\/es\/?s={search_term_string}\"},\"query-input\":{\"@type\":\"PropertyValueSpecification\",\"valueRequired\":true,\"valueName\":\"search_term_string\"}}],\"inLanguage\":\"es\"}]}<\/script>\n<!-- \/ Yoast SEO plugin. -->","yoast_head_json":{"title":"La SCEPC i TIC Salut Social renoven un conveni de col\u00b7laboraci\u00f3 per explorar nous \u00e0mbits d'actuaci\u00f3 conjunta - Fundaci\u00f3 TIC Salut i Social","robots":{"index":"index","follow":"follow","max-snippet":"max-snippet:-1","max-image-preview":"max-image-preview:large","max-video-preview":"max-video-preview:-1"},"canonical":"https:\/\/ticsalutsocial.atoom.space\/es\/noticia\/la-scepc-i-tic-salut-social-renoven-un-conveni-de-collaboracio-per-explorar-nous-ambits-dactuacio-conjunta-generar-noves-sinergies-i-consolidar-projectes-tic-en-lambit-de-la-salut\/","og_locale":"es_ES","og_type":"article","og_title":"La SCEPC i TIC Salut Social renoven un conveni de col\u00b7laboraci\u00f3 per explorar nous \u00e0mbits d'actuaci\u00f3 conjunta - Fundaci\u00f3 TIC Salut i Social","og_description":"Barcelona, 24 de febrer de 2022 La Societat Catalana d&#8217;Especialistes en Psicologia Cl\u00ednica (SCEPC) i la Fundaci\u00f3 TIC Salut Social han signat una ampliaci\u00f3 del conveni de col\u00b7laboraci\u00f3 preexistent entre les dues entitats. L&#8217;objectiu d&#8217;aquesta addenda \u00e9s establir un Pla d&#8217;Actuaci\u00f3 per identificar, definir, coordinar i executar projectes i actuacions conjuntes i per impulsar iniciatives [&hellip;]","og_url":"https:\/\/ticsalutsocial.atoom.space\/es\/noticia\/la-scepc-i-tic-salut-social-renoven-un-conveni-de-collaboracio-per-explorar-nous-ambits-dactuacio-conjunta-generar-noves-sinergies-i-consolidar-projectes-tic-en-lambit-de-la-salut\/","og_site_name":"Fundaci\u00f3 TIC Salut i Social","og_image":[{"width":2560,"height":1707,"url":"https:\/\/ticsalutsocial.atoom.space\/wp-content\/uploads\/2022\/02\/pexels-karolina-grabowska-5387258-scaled.jpg","type":"image\/jpeg"}],"twitter_card":"summary_large_image","twitter_misc":{"Tiempo de lectura":"1 minuto"},"schema":{"@context":"https:\/\/schema.org","@graph":[{"@type":"WebPage","@id":"https:\/\/ticsalutsocial.atoom.space\/es\/noticia\/la-scepc-i-tic-salut-social-renoven-un-conveni-de-collaboracio-per-explorar-nous-ambits-dactuacio-conjunta-generar-noves-sinergies-i-consolidar-projectes-tic-en-lambit-de-la-salut\/","url":"https:\/\/ticsalutsocial.atoom.space\/es\/noticia\/la-scepc-i-tic-salut-social-renoven-un-conveni-de-collaboracio-per-explorar-nous-ambits-dactuacio-conjunta-generar-noves-sinergies-i-consolidar-projectes-tic-en-lambit-de-la-salut\/","name":"La SCEPC i TIC Salut Social renoven un conveni de col\u00b7laboraci\u00f3 per explorar nous \u00e0mbits d'actuaci\u00f3 conjunta - Fundaci\u00f3 TIC Salut i Social","isPartOf":{"@id":"https:\/\/ticsalutsocial.atoom.space\/es\/#website"},"primaryImageOfPage":{"@id":"https:\/\/ticsalutsocial.atoom.space\/es\/noticia\/la-scepc-i-tic-salut-social-renoven-un-conveni-de-collaboracio-per-explorar-nous-ambits-dactuacio-conjunta-generar-noves-sinergies-i-consolidar-projectes-tic-en-lambit-de-la-salut\/#primaryimage"},"image":{"@id":"https:\/\/ticsalutsocial.atoom.space\/es\/noticia\/la-scepc-i-tic-salut-social-renoven-un-conveni-de-collaboracio-per-explorar-nous-ambits-dactuacio-conjunta-generar-noves-sinergies-i-consolidar-projectes-tic-en-lambit-de-la-salut\/#primaryimage"},"thumbnailUrl":"https:\/\/ticsalutsocial.atoom.space\/wp-content\/uploads\/2022\/02\/pexels-karolina-grabowska-5387258-scaled.jpg","datePublished":"2022-02-24T11:05:14+00:00","breadcrumb":{"@id":"https:\/\/ticsalutsocial.atoom.space\/es\/noticia\/la-scepc-i-tic-salut-social-renoven-un-conveni-de-collaboracio-per-explorar-nous-ambits-dactuacio-conjunta-generar-noves-sinergies-i-consolidar-projectes-tic-en-lambit-de-la-salut\/#breadcrumb"},"inLanguage":"es","potentialAction":[{"@type":"ReadAction","target":["https:\/\/ticsalutsocial.atoom.space\/es\/noticia\/la-scepc-i-tic-salut-social-renoven-un-conveni-de-collaboracio-per-explorar-nous-ambits-dactuacio-conjunta-generar-noves-sinergies-i-consolidar-projectes-tic-en-lambit-de-la-salut\/"]}]},{"@type":"ImageObject","inLanguage":"es","@id":"https:\/\/ticsalutsocial.atoom.space\/es\/noticia\/la-scepc-i-tic-salut-social-renoven-un-conveni-de-collaboracio-per-explorar-nous-ambits-dactuacio-conjunta-generar-noves-sinergies-i-consolidar-projectes-tic-en-lambit-de-la-salut\/#primaryimage","url":"https:\/\/ticsalutsocial.atoom.space\/wp-content\/uploads\/2022\/02\/pexels-karolina-grabowska-5387258-scaled.jpg","contentUrl":"https:\/\/ticsalutsocial.atoom.space\/wp-content\/uploads\/2022\/02\/pexels-karolina-grabowska-5387258-scaled.jpg","width":2560,"height":1707},{"@type":"BreadcrumbList","@id":"https:\/\/ticsalutsocial.atoom.space\/es\/noticia\/la-scepc-i-tic-salut-social-renoven-un-conveni-de-collaboracio-per-explorar-nous-ambits-dactuacio-conjunta-generar-noves-sinergies-i-consolidar-projectes-tic-en-lambit-de-la-salut\/#breadcrumb","itemListElement":[{"@type":"ListItem","position":1,"name":"Inici","item":"https:\/\/ticsalutsocial.atoom.space\/es\/"},{"@type":"ListItem","position":2,"name":"La SCEPC i TIC Salut Social renoven un conveni de col\u00b7laboraci\u00f3 per explorar nous \u00e0mbits d&#8217;actuaci\u00f3 conjunta"}]},{"@type":"WebSite","@id":"https:\/\/ticsalutsocial.atoom.space\/es\/#website","url":"https:\/\/ticsalutsocial.atoom.space\/es\/","name":"Fundaci\u00f3 TIC Salut i Social","description":"","potentialAction":[{"@type":"SearchAction","target":{"@type":"EntryPoint","urlTemplate":"https:\/\/ticsalutsocial.atoom.space\/es\/?s={search_term_string}"},"query-input":{"@type":"PropertyValueSpecification","valueRequired":true,"valueName":"search_term_string"}}],"inLanguage":"es"}]}},"_links":{"self":[{"href":"https:\/\/ticsalutsocial.atoom.space\/es\/wp-json\/wp\/v2\/noticia\/13734","targetHints":{"allow":["GET"]}}],"collection":[{"href":"https:\/\/ticsalutsocial.atoom.space\/es\/wp-json\/wp\/v2\/noticia"}],"about":[{"href":"https:\/\/ticsalutsocial.atoom.space\/es\/wp-json\/wp\/v2\/types\/noticia"}],"author":[{"embeddable":true,"href":"https:\/\/ticsalutsocial.atoom.space\/es\/wp-json\/wp\/v2\/users\/3"}],"wp:featuredmedia":[{"embeddable":true,"href":"https:\/\/ticsalutsocial.atoom.space\/es\/wp-json\/wp\/v2\/media\/10340"}],"wp:attachment":[{"href":"https:\/\/ticsalutsocial.atoom.space\/es\/wp-json\/wp\/v2\/media?parent=13734"}],"wp:term":[{"taxonomy":"etiqueta","embeddable":true,"href":"https:\/\/ticsalutsocial.atoom.space\/es\/wp-json\/wp\/v2\/etiqueta?post=13734"},{"taxonomy":"tipus","embeddable":true,"href":"https:\/\/ticsalutsocial.atoom.space\/es\/wp-json\/wp\/v2\/tipus?post=13734"},{"taxonomy":"topic","embeddable":true,"href":"https:\/\/ticsalutsocial.atoom.space\/es\/wp-json\/wp\/v2\/topic?post=13734"}],"curies":[{"name":"wp","href":"https:\/\/api.w.org\/{rel}","templated":true}]}}