
{"id":13753,"date":"2021-10-27T13:51:01","date_gmt":"2021-10-27T11:51:01","guid":{"rendered":"https:\/\/ticsalutsocial.atoom.space\/noticia\/preocupacions-comunes-per-als-ecosistemes-de-salut-digital-europeus-en-el-desenvolupament-de-la-ia\/"},"modified":"2021-10-27T13:51:01","modified_gmt":"2021-10-27T11:51:01","slug":"preocupacions-comunes-per-als-ecosistemes-de-salut-digital-europeus-en-el-desenvolupament-de-la-ia","status":"publish","type":"noticia","link":"https:\/\/ticsalutsocial.atoom.space\/es\/noticia\/preocupacions-comunes-per-als-ecosistemes-de-salut-digital-europeus-en-el-desenvolupament-de-la-ia\/","title":{"rendered":"Preocupacions comunes per als ecosistemes de salut digital europeus en el desenvolupament de la IA"},"content":{"rendered":"\n<p>Per promoure l&#8217;enorme potencial i import\u00e0ncia de les solucions d&#8217;IA en l&#8217;atenci\u00f3 sanit\u00e0ria, el passat  15 d&#8217;octubre de 2021 va tenir lloc a Zagreb, Cro\u00e0cia, una taula rodona sobre <em>El paper de la innovaci\u00f3 de la IA en l&#8217;enfortiment de la sanitat digital europea<\/em>. Els principals temes de debat inclouen els problemes existents en l&#8217;assist\u00e8ncia sanit\u00e0ria de la UE, el potencial de les noves tecnologies per a reduir les c\u00e0rregues sanit\u00e0ries, aix\u00ed com les possibilitats de refor\u00e7ar la infraestructura de la IA a Cro\u00e0cia i per extensi\u00f3 a la UE. <\/p>\n\n\n\n<p>En un context de creaci\u00f3 de xarxes i exploraci\u00f3 de noves sinergies, existeixen preocupacions comunes per a garantir el suport integral dels nostres futurs usuaris de serveis sanitaris; el desenvolupament i <em>testing<\/em> de solucions innovadores en mat\u00e8ria de salut basades en la IA; o la cooperaci\u00f3 entre les parts interessades que formen part de la cadena de valor sanit\u00e0ria. Poder definir i dissenyar futurs serveis per als usuaris, adaptats a les seves necessitats requereix una tasca de mostreig abans de la inversi\u00f3 que passa per rebre suport a la recerca amb inversions a l&#8217;ecosistema d&#8217;innovaci\u00f3, aix\u00ed com millorar les compet\u00e8ncies digitals amb formaci\u00f3. <\/p>\n\n\n\n<p>El debat sobre aspectes \u00e8tics i socials de la introducci\u00f3 de la IA en l&#8217;assist\u00e8ncia sanit\u00e0ria digital tamb\u00e9 \u00e9s constant i son moltes les parts interessades, no nom\u00e9s el sector p\u00fablic sin\u00f3 tamb\u00e9 el teixit industrial i la societat civil.  <\/p>\n","protected":false},"author":3,"featured_media":7099,"menu_order":0,"template":"","meta":{"_acf_changed":false,"inline_featured_image":false},"etiqueta":[],"tipus":[],"topic":[19],"class_list":["post-13753","noticia","type-noticia","status-publish","has-post-thumbnail","hentry","topic-innovacio"],"acf":{"autor":"TIC Salut Social","textos_destacats":false},"yoast_head":"<!-- This site is optimized with the Yoast SEO plugin v27.1.1 - https:\/\/yoast.com\/product\/yoast-seo-wordpress\/ -->\n<title>Preocupacions comunes per als ecosistemes de salut digital europeus en el desenvolupament de la IA - Fundaci\u00f3 TIC Salut i Social<\/title>\n<meta name=\"robots\" content=\"index, follow, max-snippet:-1, max-image-preview:large, max-video-preview:-1\" \/>\n<link rel=\"canonical\" href=\"https:\/\/ticsalutsocial.atoom.space\/es\/noticia\/preocupacions-comunes-per-als-ecosistemes-de-salut-digital-europeus-en-el-desenvolupament-de-la-ia\/\" \/>\n<meta property=\"og:locale\" content=\"es_ES\" \/>\n<meta property=\"og:type\" content=\"article\" \/>\n<meta property=\"og:title\" content=\"Preocupacions comunes per als ecosistemes de salut digital europeus en el desenvolupament de la IA - Fundaci\u00f3 TIC Salut i Social\" \/>\n<meta property=\"og:description\" content=\"Per promoure l&#8217;enorme potencial i import\u00e0ncia de les solucions d&#8217;IA en l&#8217;atenci\u00f3 sanit\u00e0ria, el passat 15 d&#8217;octubre de 2021 va tenir lloc a Zagreb, Cro\u00e0cia, una taula rodona sobre El paper de la innovaci\u00f3 de la IA en l&#8217;enfortiment de la sanitat digital europea. Els principals temes de debat inclouen els problemes existents en l&#8217;assist\u00e8ncia [&hellip;]\" \/>\n<meta property=\"og:url\" content=\"https:\/\/ticsalutsocial.atoom.space\/es\/noticia\/preocupacions-comunes-per-als-ecosistemes-de-salut-digital-europeus-en-el-desenvolupament-de-la-ia\/\" \/>\n<meta property=\"og:site_name\" content=\"Fundaci\u00f3 TIC Salut i Social\" \/>\n<meta property=\"og:image\" content=\"https:\/\/ticsalutsocial.atoom.space\/wp-content\/uploads\/2021\/02\/noah-silliman-qoz6zyzdzce-unsplash-scaled.jpg\" \/>\n\t<meta property=\"og:image:width\" content=\"2560\" \/>\n\t<meta property=\"og:image:height\" content=\"1707\" \/>\n\t<meta property=\"og:image:type\" content=\"image\/jpeg\" \/>\n<meta name=\"twitter:card\" content=\"summary_large_image\" \/>\n<meta name=\"twitter:label1\" content=\"Tiempo de lectura\" \/>\n\t<meta name=\"twitter:data1\" content=\"1 minuto\" \/>\n<script type=\"application\/ld+json\" class=\"yoast-schema-graph\">{\"@context\":\"https:\/\/schema.org\",\"@graph\":[{\"@type\":\"WebPage\",\"@id\":\"https:\/\/ticsalutsocial.atoom.space\/es\/noticia\/preocupacions-comunes-per-als-ecosistemes-de-salut-digital-europeus-en-el-desenvolupament-de-la-ia\/\",\"url\":\"https:\/\/ticsalutsocial.atoom.space\/es\/noticia\/preocupacions-comunes-per-als-ecosistemes-de-salut-digital-europeus-en-el-desenvolupament-de-la-ia\/\",\"name\":\"Preocupacions comunes per als ecosistemes de salut digital europeus en el desenvolupament de la IA - Fundaci\u00f3 TIC Salut i Social\",\"isPartOf\":{\"@id\":\"https:\/\/ticsalutsocial.atoom.space\/es\/#website\"},\"primaryImageOfPage\":{\"@id\":\"https:\/\/ticsalutsocial.atoom.space\/es\/noticia\/preocupacions-comunes-per-als-ecosistemes-de-salut-digital-europeus-en-el-desenvolupament-de-la-ia\/#primaryimage\"},\"image\":{\"@id\":\"https:\/\/ticsalutsocial.atoom.space\/es\/noticia\/preocupacions-comunes-per-als-ecosistemes-de-salut-digital-europeus-en-el-desenvolupament-de-la-ia\/#primaryimage\"},\"thumbnailUrl\":\"https:\/\/ticsalutsocial.atoom.space\/wp-content\/uploads\/2021\/02\/noah-silliman-qoz6zyzdzce-unsplash-scaled.jpg\",\"datePublished\":\"2021-10-27T11:51:01+00:00\",\"breadcrumb\":{\"@id\":\"https:\/\/ticsalutsocial.atoom.space\/es\/noticia\/preocupacions-comunes-per-als-ecosistemes-de-salut-digital-europeus-en-el-desenvolupament-de-la-ia\/#breadcrumb\"},\"inLanguage\":\"es\",\"potentialAction\":[{\"@type\":\"ReadAction\",\"target\":[\"https:\/\/ticsalutsocial.atoom.space\/es\/noticia\/preocupacions-comunes-per-als-ecosistemes-de-salut-digital-europeus-en-el-desenvolupament-de-la-ia\/\"]}]},{\"@type\":\"ImageObject\",\"inLanguage\":\"es\",\"@id\":\"https:\/\/ticsalutsocial.atoom.space\/es\/noticia\/preocupacions-comunes-per-als-ecosistemes-de-salut-digital-europeus-en-el-desenvolupament-de-la-ia\/#primaryimage\",\"url\":\"https:\/\/ticsalutsocial.atoom.space\/wp-content\/uploads\/2021\/02\/noah-silliman-qoz6zyzdzce-unsplash-scaled.jpg\",\"contentUrl\":\"https:\/\/ticsalutsocial.atoom.space\/wp-content\/uploads\/2021\/02\/noah-silliman-qoz6zyzdzce-unsplash-scaled.jpg\",\"width\":2560,\"height\":1707},{\"@type\":\"BreadcrumbList\",\"@id\":\"https:\/\/ticsalutsocial.atoom.space\/es\/noticia\/preocupacions-comunes-per-als-ecosistemes-de-salut-digital-europeus-en-el-desenvolupament-de-la-ia\/#breadcrumb\",\"itemListElement\":[{\"@type\":\"ListItem\",\"position\":1,\"name\":\"Inici\",\"item\":\"https:\/\/ticsalutsocial.atoom.space\/es\/\"},{\"@type\":\"ListItem\",\"position\":2,\"name\":\"Preocupacions comunes per als ecosistemes de salut digital europeus en el desenvolupament de la IA\"}]},{\"@type\":\"WebSite\",\"@id\":\"https:\/\/ticsalutsocial.atoom.space\/es\/#website\",\"url\":\"https:\/\/ticsalutsocial.atoom.space\/es\/\",\"name\":\"Fundaci\u00f3 TIC Salut i Social\",\"description\":\"\",\"potentialAction\":[{\"@type\":\"SearchAction\",\"target\":{\"@type\":\"EntryPoint\",\"urlTemplate\":\"https:\/\/ticsalutsocial.atoom.space\/es\/?s={search_term_string}\"},\"query-input\":{\"@type\":\"PropertyValueSpecification\",\"valueRequired\":true,\"valueName\":\"search_term_string\"}}],\"inLanguage\":\"es\"}]}<\/script>\n<!-- \/ Yoast SEO plugin. -->","yoast_head_json":{"title":"Preocupacions comunes per als ecosistemes de salut digital europeus en el desenvolupament de la IA - Fundaci\u00f3 TIC Salut i Social","robots":{"index":"index","follow":"follow","max-snippet":"max-snippet:-1","max-image-preview":"max-image-preview:large","max-video-preview":"max-video-preview:-1"},"canonical":"https:\/\/ticsalutsocial.atoom.space\/es\/noticia\/preocupacions-comunes-per-als-ecosistemes-de-salut-digital-europeus-en-el-desenvolupament-de-la-ia\/","og_locale":"es_ES","og_type":"article","og_title":"Preocupacions comunes per als ecosistemes de salut digital europeus en el desenvolupament de la IA - Fundaci\u00f3 TIC Salut i Social","og_description":"Per promoure l&#8217;enorme potencial i import\u00e0ncia de les solucions d&#8217;IA en l&#8217;atenci\u00f3 sanit\u00e0ria, el passat 15 d&#8217;octubre de 2021 va tenir lloc a Zagreb, Cro\u00e0cia, una taula rodona sobre El paper de la innovaci\u00f3 de la IA en l&#8217;enfortiment de la sanitat digital europea. Els principals temes de debat inclouen els problemes existents en l&#8217;assist\u00e8ncia [&hellip;]","og_url":"https:\/\/ticsalutsocial.atoom.space\/es\/noticia\/preocupacions-comunes-per-als-ecosistemes-de-salut-digital-europeus-en-el-desenvolupament-de-la-ia\/","og_site_name":"Fundaci\u00f3 TIC Salut i Social","og_image":[{"width":2560,"height":1707,"url":"https:\/\/ticsalutsocial.atoom.space\/wp-content\/uploads\/2021\/02\/noah-silliman-qoz6zyzdzce-unsplash-scaled.jpg","type":"image\/jpeg"}],"twitter_card":"summary_large_image","twitter_misc":{"Tiempo de lectura":"1 minuto"},"schema":{"@context":"https:\/\/schema.org","@graph":[{"@type":"WebPage","@id":"https:\/\/ticsalutsocial.atoom.space\/es\/noticia\/preocupacions-comunes-per-als-ecosistemes-de-salut-digital-europeus-en-el-desenvolupament-de-la-ia\/","url":"https:\/\/ticsalutsocial.atoom.space\/es\/noticia\/preocupacions-comunes-per-als-ecosistemes-de-salut-digital-europeus-en-el-desenvolupament-de-la-ia\/","name":"Preocupacions comunes per als ecosistemes de salut digital europeus en el desenvolupament de la IA - Fundaci\u00f3 TIC Salut i Social","isPartOf":{"@id":"https:\/\/ticsalutsocial.atoom.space\/es\/#website"},"primaryImageOfPage":{"@id":"https:\/\/ticsalutsocial.atoom.space\/es\/noticia\/preocupacions-comunes-per-als-ecosistemes-de-salut-digital-europeus-en-el-desenvolupament-de-la-ia\/#primaryimage"},"image":{"@id":"https:\/\/ticsalutsocial.atoom.space\/es\/noticia\/preocupacions-comunes-per-als-ecosistemes-de-salut-digital-europeus-en-el-desenvolupament-de-la-ia\/#primaryimage"},"thumbnailUrl":"https:\/\/ticsalutsocial.atoom.space\/wp-content\/uploads\/2021\/02\/noah-silliman-qoz6zyzdzce-unsplash-scaled.jpg","datePublished":"2021-10-27T11:51:01+00:00","breadcrumb":{"@id":"https:\/\/ticsalutsocial.atoom.space\/es\/noticia\/preocupacions-comunes-per-als-ecosistemes-de-salut-digital-europeus-en-el-desenvolupament-de-la-ia\/#breadcrumb"},"inLanguage":"es","potentialAction":[{"@type":"ReadAction","target":["https:\/\/ticsalutsocial.atoom.space\/es\/noticia\/preocupacions-comunes-per-als-ecosistemes-de-salut-digital-europeus-en-el-desenvolupament-de-la-ia\/"]}]},{"@type":"ImageObject","inLanguage":"es","@id":"https:\/\/ticsalutsocial.atoom.space\/es\/noticia\/preocupacions-comunes-per-als-ecosistemes-de-salut-digital-europeus-en-el-desenvolupament-de-la-ia\/#primaryimage","url":"https:\/\/ticsalutsocial.atoom.space\/wp-content\/uploads\/2021\/02\/noah-silliman-qoz6zyzdzce-unsplash-scaled.jpg","contentUrl":"https:\/\/ticsalutsocial.atoom.space\/wp-content\/uploads\/2021\/02\/noah-silliman-qoz6zyzdzce-unsplash-scaled.jpg","width":2560,"height":1707},{"@type":"BreadcrumbList","@id":"https:\/\/ticsalutsocial.atoom.space\/es\/noticia\/preocupacions-comunes-per-als-ecosistemes-de-salut-digital-europeus-en-el-desenvolupament-de-la-ia\/#breadcrumb","itemListElement":[{"@type":"ListItem","position":1,"name":"Inici","item":"https:\/\/ticsalutsocial.atoom.space\/es\/"},{"@type":"ListItem","position":2,"name":"Preocupacions comunes per als ecosistemes de salut digital europeus en el desenvolupament de la IA"}]},{"@type":"WebSite","@id":"https:\/\/ticsalutsocial.atoom.space\/es\/#website","url":"https:\/\/ticsalutsocial.atoom.space\/es\/","name":"Fundaci\u00f3 TIC Salut i Social","description":"","potentialAction":[{"@type":"SearchAction","target":{"@type":"EntryPoint","urlTemplate":"https:\/\/ticsalutsocial.atoom.space\/es\/?s={search_term_string}"},"query-input":{"@type":"PropertyValueSpecification","valueRequired":true,"valueName":"search_term_string"}}],"inLanguage":"es"}]}},"_links":{"self":[{"href":"https:\/\/ticsalutsocial.atoom.space\/es\/wp-json\/wp\/v2\/noticia\/13753","targetHints":{"allow":["GET"]}}],"collection":[{"href":"https:\/\/ticsalutsocial.atoom.space\/es\/wp-json\/wp\/v2\/noticia"}],"about":[{"href":"https:\/\/ticsalutsocial.atoom.space\/es\/wp-json\/wp\/v2\/types\/noticia"}],"author":[{"embeddable":true,"href":"https:\/\/ticsalutsocial.atoom.space\/es\/wp-json\/wp\/v2\/users\/3"}],"wp:featuredmedia":[{"embeddable":true,"href":"https:\/\/ticsalutsocial.atoom.space\/es\/wp-json\/wp\/v2\/media\/7099"}],"wp:attachment":[{"href":"https:\/\/ticsalutsocial.atoom.space\/es\/wp-json\/wp\/v2\/media?parent=13753"}],"wp:term":[{"taxonomy":"etiqueta","embeddable":true,"href":"https:\/\/ticsalutsocial.atoom.space\/es\/wp-json\/wp\/v2\/etiqueta?post=13753"},{"taxonomy":"tipus","embeddable":true,"href":"https:\/\/ticsalutsocial.atoom.space\/es\/wp-json\/wp\/v2\/tipus?post=13753"},{"taxonomy":"topic","embeddable":true,"href":"https:\/\/ticsalutsocial.atoom.space\/es\/wp-json\/wp\/v2\/topic?post=13753"}],"curies":[{"name":"wp","href":"https:\/\/api.w.org\/{rel}","templated":true}]}}