
{"id":13757,"date":"2021-10-14T15:03:46","date_gmt":"2021-10-14T13:03:46","guid":{"rendered":"https:\/\/ticsalutsocial.atoom.space\/noticia\/requisits-seguretat-apps-salut\/"},"modified":"2021-10-14T15:03:46","modified_gmt":"2021-10-14T13:03:46","slug":"requisits-seguretat-apps-salut","status":"publish","type":"noticia","link":"https:\/\/ticsalutsocial.atoom.space\/es\/noticia\/requisits-seguretat-apps-salut\/","title":{"rendered":"Requisits de seguretat en aplicacions de salut"},"content":{"rendered":"\n<p>L&#8217;Oficina del Delegat de Protecci\u00f3 de Dades posa al servei de les entitats de \/Salut un <a href=\"https:\/\/ticsalutsocial.atoom.space\/wp-content\/uploads\/2021\/11\/Eina-DPD-Requisits_Seguretat_Aplicacions_Salut-1.zip\" target=\"_blank\" rel=\"noreferrer noopener\">nou document per verificar i garantir que les aplicacions de salut que tractin amb dades personals compleixin els requisits m\u00ednims i desitjables en mat\u00e8ria de seguretat de la informaci\u00f3<\/a>.<\/p>\n\n\n\n<p>D&#8217;acord amb el que estipula el <a href=\"https:\/\/www.ccn-cert.cni.es\/series-ccn-stic\/800-guia-esquema-nacional-de-seguridad\/5326-ccn-stic-857-requisitos-seguridad-para-aplicaciones-cibersalud\/file.html\" target=\"_blank\" rel=\"noreferrer noopener\">Reial Decret 3\/2010<\/a>, de 8 de gener, pel qual es regula l&#8217;Esquema Nacional de Seguretat (ENS) en l&#8217;\u00e0mbit de l&#8217;Administraci\u00f3 Electr\u00f2nica, es proposen les mesures preventives indicades a la Gu\u00eda CCN-STIC 857 <em>Requisitos de Seguridad para Aplicaciones de Cibersalud<\/em>.<\/p>\n\n\n\n<p>Tamb\u00e9 es proposen mesures seguint els criteris del projecte <a href=\"https:\/\/owasp.org\/www-project-top-ten\/2017\/\" target=\"_blank\" rel=\"noreferrer noopener\"><em>Open Web Application Security Project<\/em> <\/a>(OWASP), buscant garantir d&#8217;igual manera la disponibilitat del servei i la integritat, l&#8217;autenticitat, la confidencialitat i la tra\u00e7abilitat de la informaci\u00f3.<\/p>\n\n\n\n<p>Finalment tamb\u00e9 recull un seguit de recomanacions als desenvolupadors d&#8217;aplicacions m\u00f2bils, en mat\u00e8ria de Protecci\u00f3 de dades i Privacitat, extretes de l&#8217;informe d&#8217;ENISA anomenat <a href=\"https:\/\/www.enisa.europa.eu\/publications\/privacy-and-data-protection-in-mobile-applications\" target=\"_blank\" rel=\"noreferrer noopener\"><em>Privacy and data<\/em> pro<\/a><em><a href=\"https:\/\/www.enisa.europa.eu\/publications\/privacy-and-data-protection-in-mobile-applications\" target=\"_blank\" rel=\"noreferrer noopener\">tection in mobile applications<\/a>.<\/em><\/p>\n\n\n\n<p>En conjunt s&#8217;estructuren tots els requisits entorn a 10 objectius de seguretat a satisfer pels fabricants del producte tecnol\u00f2gic: <\/p>\n\n\n\n<ol class=\"wp-block-list\"><li>Prova de la finalitat de l&#8217;aplicaci\u00f3<\/li><li>Prova de l&#8217;arquitectura<\/li><li>Prova del codi font<\/li><li>Prova del software de tercers <\/li><li>Prova de l&#8217;aplicaci\u00f3 de la criptografia<\/li><li>Prova de l&#8217;autenticaci\u00f3 <\/li><li>Prova de l&#8217;emmagatzematge i la protecci\u00f3 de dades <\/li><li>Prova de la comunicaci\u00f3 de xarxa <\/li><li>Prova de les interaccions espec\u00edfiques de la plataforma <\/li><li>Prova de la resili\u00e8ncia<\/li><\/ol>\n\n\n\n<p>El resultat de l&#8217;avaluaci\u00f3 d&#8217;acord amb els objectius proposats queda recollit de manera automatitzada en un resum executiu generat per la pr\u00f2pia eina, disponible a l&#8217;apartat de Recursos i documentaci\u00f3 del web de l&#8217;<a href=\"https:\/\/ticsalutsocial.atoom.space\/dpd-salut\/entitats\/\">Oficina del DPD<\/a>.<\/p>\n\n\n\n<p>Per a m\u00e9s informaci\u00f3 i consultes us podeu adre\u00e7ar a la b\u00fastia de correu <a href=\"dpd@ticsalutsocial.cat\" target=\"_blank\" rel=\"noreferrer noopener\">dpd@ticsalutsocial.cat<\/a><\/p>\n","protected":false},"author":3,"featured_media":9635,"menu_order":0,"template":"","meta":{"_acf_changed":false,"inline_featured_image":false},"etiqueta":[],"tipus":[105],"topic":[17],"class_list":["post-13757","noticia","type-noticia","status-publish","has-post-thumbnail","hentry","tipus-dpd-salut","topic-dpd"],"acf":{"autor":"Oficina DPD","textos_destacats":false},"yoast_head":"<!-- This site is optimized with the Yoast SEO plugin v27.1.1 - https:\/\/yoast.com\/product\/yoast-seo-wordpress\/ -->\n<title>Requisits de seguretat en aplicacions de salut - Fundaci\u00f3 TIC Salut i Social<\/title>\n<meta name=\"robots\" content=\"index, follow, max-snippet:-1, max-image-preview:large, max-video-preview:-1\" \/>\n<link rel=\"canonical\" href=\"https:\/\/ticsalutsocial.atoom.space\/es\/noticia\/requisits-seguretat-apps-salut\/\" \/>\n<meta property=\"og:locale\" content=\"es_ES\" \/>\n<meta property=\"og:type\" content=\"article\" \/>\n<meta property=\"og:title\" content=\"Requisits de seguretat en aplicacions de salut - Fundaci\u00f3 TIC Salut i Social\" \/>\n<meta property=\"og:description\" content=\"L&#8217;Oficina del Delegat de Protecci\u00f3 de Dades posa al servei de les entitats de \/Salut un nou document per verificar i garantir que les aplicacions de salut que tractin amb dades personals compleixin els requisits m\u00ednims i desitjables en mat\u00e8ria de seguretat de la informaci\u00f3. D&#8217;acord amb el que estipula el Reial Decret 3\/2010, de [&hellip;]\" \/>\n<meta property=\"og:url\" content=\"https:\/\/ticsalutsocial.atoom.space\/es\/noticia\/requisits-seguretat-apps-salut\/\" \/>\n<meta property=\"og:site_name\" content=\"Fundaci\u00f3 TIC Salut i Social\" \/>\n<meta property=\"og:image\" content=\"https:\/\/ticsalutsocial.atoom.space\/wp-content\/uploads\/2021\/10\/Contexto-ENS.png\" \/>\n\t<meta property=\"og:image:width\" content=\"582\" \/>\n\t<meta property=\"og:image:height\" content=\"436\" \/>\n\t<meta property=\"og:image:type\" content=\"image\/png\" \/>\n<meta name=\"twitter:card\" content=\"summary_large_image\" \/>\n<meta name=\"twitter:label1\" content=\"Tiempo de lectura\" \/>\n\t<meta name=\"twitter:data1\" content=\"1 minuto\" \/>\n<script type=\"application\/ld+json\" class=\"yoast-schema-graph\">{\"@context\":\"https:\/\/schema.org\",\"@graph\":[{\"@type\":\"WebPage\",\"@id\":\"https:\/\/ticsalutsocial.atoom.space\/es\/noticia\/requisits-seguretat-apps-salut\/\",\"url\":\"https:\/\/ticsalutsocial.atoom.space\/es\/noticia\/requisits-seguretat-apps-salut\/\",\"name\":\"Requisits de seguretat en aplicacions de salut - Fundaci\u00f3 TIC Salut i Social\",\"isPartOf\":{\"@id\":\"https:\/\/ticsalutsocial.atoom.space\/es\/#website\"},\"primaryImageOfPage\":{\"@id\":\"https:\/\/ticsalutsocial.atoom.space\/es\/noticia\/requisits-seguretat-apps-salut\/#primaryimage\"},\"image\":{\"@id\":\"https:\/\/ticsalutsocial.atoom.space\/es\/noticia\/requisits-seguretat-apps-salut\/#primaryimage\"},\"thumbnailUrl\":\"https:\/\/ticsalutsocial.atoom.space\/wp-content\/uploads\/2021\/10\/Contexto-ENS.png\",\"datePublished\":\"2021-10-14T13:03:46+00:00\",\"breadcrumb\":{\"@id\":\"https:\/\/ticsalutsocial.atoom.space\/es\/noticia\/requisits-seguretat-apps-salut\/#breadcrumb\"},\"inLanguage\":\"es\",\"potentialAction\":[{\"@type\":\"ReadAction\",\"target\":[\"https:\/\/ticsalutsocial.atoom.space\/es\/noticia\/requisits-seguretat-apps-salut\/\"]}]},{\"@type\":\"ImageObject\",\"inLanguage\":\"es\",\"@id\":\"https:\/\/ticsalutsocial.atoom.space\/es\/noticia\/requisits-seguretat-apps-salut\/#primaryimage\",\"url\":\"https:\/\/ticsalutsocial.atoom.space\/wp-content\/uploads\/2021\/10\/Contexto-ENS.png\",\"contentUrl\":\"https:\/\/ticsalutsocial.atoom.space\/wp-content\/uploads\/2021\/10\/Contexto-ENS.png\",\"width\":582,\"height\":436},{\"@type\":\"BreadcrumbList\",\"@id\":\"https:\/\/ticsalutsocial.atoom.space\/es\/noticia\/requisits-seguretat-apps-salut\/#breadcrumb\",\"itemListElement\":[{\"@type\":\"ListItem\",\"position\":1,\"name\":\"Inici\",\"item\":\"https:\/\/ticsalutsocial.atoom.space\/es\/\"},{\"@type\":\"ListItem\",\"position\":2,\"name\":\"Requisits de seguretat en aplicacions de salut\"}]},{\"@type\":\"WebSite\",\"@id\":\"https:\/\/ticsalutsocial.atoom.space\/es\/#website\",\"url\":\"https:\/\/ticsalutsocial.atoom.space\/es\/\",\"name\":\"Fundaci\u00f3 TIC Salut i Social\",\"description\":\"\",\"potentialAction\":[{\"@type\":\"SearchAction\",\"target\":{\"@type\":\"EntryPoint\",\"urlTemplate\":\"https:\/\/ticsalutsocial.atoom.space\/es\/?s={search_term_string}\"},\"query-input\":{\"@type\":\"PropertyValueSpecification\",\"valueRequired\":true,\"valueName\":\"search_term_string\"}}],\"inLanguage\":\"es\"}]}<\/script>\n<!-- \/ Yoast SEO plugin. -->","yoast_head_json":{"title":"Requisits de seguretat en aplicacions de salut - Fundaci\u00f3 TIC Salut i Social","robots":{"index":"index","follow":"follow","max-snippet":"max-snippet:-1","max-image-preview":"max-image-preview:large","max-video-preview":"max-video-preview:-1"},"canonical":"https:\/\/ticsalutsocial.atoom.space\/es\/noticia\/requisits-seguretat-apps-salut\/","og_locale":"es_ES","og_type":"article","og_title":"Requisits de seguretat en aplicacions de salut - Fundaci\u00f3 TIC Salut i Social","og_description":"L&#8217;Oficina del Delegat de Protecci\u00f3 de Dades posa al servei de les entitats de \/Salut un nou document per verificar i garantir que les aplicacions de salut que tractin amb dades personals compleixin els requisits m\u00ednims i desitjables en mat\u00e8ria de seguretat de la informaci\u00f3. D&#8217;acord amb el que estipula el Reial Decret 3\/2010, de [&hellip;]","og_url":"https:\/\/ticsalutsocial.atoom.space\/es\/noticia\/requisits-seguretat-apps-salut\/","og_site_name":"Fundaci\u00f3 TIC Salut i Social","og_image":[{"width":582,"height":436,"url":"https:\/\/ticsalutsocial.atoom.space\/wp-content\/uploads\/2021\/10\/Contexto-ENS.png","type":"image\/png"}],"twitter_card":"summary_large_image","twitter_misc":{"Tiempo de lectura":"1 minuto"},"schema":{"@context":"https:\/\/schema.org","@graph":[{"@type":"WebPage","@id":"https:\/\/ticsalutsocial.atoom.space\/es\/noticia\/requisits-seguretat-apps-salut\/","url":"https:\/\/ticsalutsocial.atoom.space\/es\/noticia\/requisits-seguretat-apps-salut\/","name":"Requisits de seguretat en aplicacions de salut - Fundaci\u00f3 TIC Salut i Social","isPartOf":{"@id":"https:\/\/ticsalutsocial.atoom.space\/es\/#website"},"primaryImageOfPage":{"@id":"https:\/\/ticsalutsocial.atoom.space\/es\/noticia\/requisits-seguretat-apps-salut\/#primaryimage"},"image":{"@id":"https:\/\/ticsalutsocial.atoom.space\/es\/noticia\/requisits-seguretat-apps-salut\/#primaryimage"},"thumbnailUrl":"https:\/\/ticsalutsocial.atoom.space\/wp-content\/uploads\/2021\/10\/Contexto-ENS.png","datePublished":"2021-10-14T13:03:46+00:00","breadcrumb":{"@id":"https:\/\/ticsalutsocial.atoom.space\/es\/noticia\/requisits-seguretat-apps-salut\/#breadcrumb"},"inLanguage":"es","potentialAction":[{"@type":"ReadAction","target":["https:\/\/ticsalutsocial.atoom.space\/es\/noticia\/requisits-seguretat-apps-salut\/"]}]},{"@type":"ImageObject","inLanguage":"es","@id":"https:\/\/ticsalutsocial.atoom.space\/es\/noticia\/requisits-seguretat-apps-salut\/#primaryimage","url":"https:\/\/ticsalutsocial.atoom.space\/wp-content\/uploads\/2021\/10\/Contexto-ENS.png","contentUrl":"https:\/\/ticsalutsocial.atoom.space\/wp-content\/uploads\/2021\/10\/Contexto-ENS.png","width":582,"height":436},{"@type":"BreadcrumbList","@id":"https:\/\/ticsalutsocial.atoom.space\/es\/noticia\/requisits-seguretat-apps-salut\/#breadcrumb","itemListElement":[{"@type":"ListItem","position":1,"name":"Inici","item":"https:\/\/ticsalutsocial.atoom.space\/es\/"},{"@type":"ListItem","position":2,"name":"Requisits de seguretat en aplicacions de salut"}]},{"@type":"WebSite","@id":"https:\/\/ticsalutsocial.atoom.space\/es\/#website","url":"https:\/\/ticsalutsocial.atoom.space\/es\/","name":"Fundaci\u00f3 TIC Salut i Social","description":"","potentialAction":[{"@type":"SearchAction","target":{"@type":"EntryPoint","urlTemplate":"https:\/\/ticsalutsocial.atoom.space\/es\/?s={search_term_string}"},"query-input":{"@type":"PropertyValueSpecification","valueRequired":true,"valueName":"search_term_string"}}],"inLanguage":"es"}]}},"_links":{"self":[{"href":"https:\/\/ticsalutsocial.atoom.space\/es\/wp-json\/wp\/v2\/noticia\/13757","targetHints":{"allow":["GET"]}}],"collection":[{"href":"https:\/\/ticsalutsocial.atoom.space\/es\/wp-json\/wp\/v2\/noticia"}],"about":[{"href":"https:\/\/ticsalutsocial.atoom.space\/es\/wp-json\/wp\/v2\/types\/noticia"}],"author":[{"embeddable":true,"href":"https:\/\/ticsalutsocial.atoom.space\/es\/wp-json\/wp\/v2\/users\/3"}],"wp:featuredmedia":[{"embeddable":true,"href":"https:\/\/ticsalutsocial.atoom.space\/es\/wp-json\/wp\/v2\/media\/9635"}],"wp:attachment":[{"href":"https:\/\/ticsalutsocial.atoom.space\/es\/wp-json\/wp\/v2\/media?parent=13757"}],"wp:term":[{"taxonomy":"etiqueta","embeddable":true,"href":"https:\/\/ticsalutsocial.atoom.space\/es\/wp-json\/wp\/v2\/etiqueta?post=13757"},{"taxonomy":"tipus","embeddable":true,"href":"https:\/\/ticsalutsocial.atoom.space\/es\/wp-json\/wp\/v2\/tipus?post=13757"},{"taxonomy":"topic","embeddable":true,"href":"https:\/\/ticsalutsocial.atoom.space\/es\/wp-json\/wp\/v2\/topic?post=13757"}],"curies":[{"name":"wp","href":"https:\/\/api.w.org\/{rel}","templated":true}]}}