
{"id":13764,"date":"2021-07-07T11:53:46","date_gmt":"2021-07-07T09:53:46","guid":{"rendered":"https:\/\/ticsalutsocial.atoom.space\/noticia\/el-projecte-europeu-dinnovacio-tique-millorara-latencio-integrada-als-pacients-amb-insuficiencia-cardiaca\/"},"modified":"2021-07-07T11:53:46","modified_gmt":"2021-07-07T09:53:46","slug":"el-projecte-europeu-dinnovacio-tique-millorara-latencio-integrada-als-pacients-amb-insuficiencia-cardiaca","status":"publish","type":"noticia","link":"https:\/\/ticsalutsocial.atoom.space\/es\/noticia\/el-projecte-europeu-dinnovacio-tique-millorara-latencio-integrada-als-pacients-amb-insuficiencia-cardiaca\/","title":{"rendered":"El projecte europeu d\u2019innovaci\u00f3 TIQUE millorar\u00e0 l\u2019atenci\u00f3 integrada als pacients amb insufici\u00e8ncia card\u00edaca"},"content":{"rendered":"<p>El projecte TIQUE se centrar\u00e0 en enfocaments de tractament per a pacients amb insufici\u00e8ncia card\u00edaca amb malalties cr\u00f2niques coexistents, pacients fr\u00e0gils o en perill de fragilitat, mitjan\u00e7ant la conducci\u00f3 d\u2019un proc\u00e9s de Compra P\u00fablica Precomercial, en el que es contractaran serveis de recerca de solucions innovadores per a cobrir les necessitats dels pacients de tres regions europees molt diferents: Catalunya (Espanya), Region Vasterbotten (Su\u00e8cia), Avellino (It\u00e0lia).<\/p>\n<p>L\u2019Hospital de la Santa Creu i Sant Pau \u00e9s l\u2019impulsor i coordinador del projecte TIQUE, finan\u00e7at per la Uni\u00f3 Europea i amb un pressupost total de m\u00e9s de 6 milions de \u20ac, en el que hi participen 8 socis de 5 pa\u00efsos, entre ells la Fundaci\u00f3 TIC Salut Social, que tenen l\u2019objectiu de crear i validar noves solucions d\u2019atenci\u00f3 integral i integrada per a persones amb insufici\u00e8ncia card\u00edaca avan\u00e7ada i necessitats d\u2019atenci\u00f3 complexes. Les solucions han de permetre millorar els serveis d\u2019atenci\u00f3 d\u2019aquests pacients, mitjan\u00e7ant la tecnologia, per poder oferir respostes r\u00e0pides i personalitzades a trav\u00e9s de l\u2019atenci\u00f3 integrada.<\/p>\n<blockquote><p><strong>Amb un pressupost total de m\u00e9s de 6 milions de \u20ac, hi participen 8 socis de 5 pa\u00efsos, entre ells la Fundaci\u00f3 TIC Salut Social, que tenen l\u2019objectiu de crear i validar noves solucions d\u2019atenci\u00f3 integral i integrada per a persones amb insufici\u00e8ncia card\u00edaca avan\u00e7ada i necessitats d\u2019atenci\u00f3 complexes.<\/strong><\/p><\/blockquote>\n<p>M\u00e9s informaci\u00f3: <a href=\"http:\/\/www.tiquepcp.eu\/web\/tique\">http:\/\/www.tiquepcp.eu\/web\/tique<\/a><\/p>\n<p>TIQUE t\u00e9 finan\u00e7ament del programa de recerca i innovaci\u00f3 Horitz\u00f3 2020 (Grant Agreement 965356) de la Uni\u00f3 Europea i \u00e9s un projecte de Compra P\u00fablica Precomercial (PCP &#8211; Precommercial Procurement) en el que es conduir\u00e0 un proc\u00e9s de creaci\u00f3, desenvolupament i validaci\u00f3 de noves solucions amb la ind\u00fastria per portar al mercat una nova generaci\u00f3 de solucions que facilitin avan\u00e7ar en el tractament d\u2019aquests pacients.<\/p>\n<p>Les solucions de TIQUE donaran resposta als reptes de tres organitzacions de salut que definiran les necessitats i validaran les solucions: l\u2019Hospital de la Santa Creu i Sant Pau, a Espanya, l\u2019Azienda Sanitaria Locale Avellino, a It\u00e0lia, i Vasterbotten, a Su\u00e8cia. Per portar a terme el projecte es comptar\u00e0 amb: la participaci\u00f3 del sistema p\u00fablic de Salut a Catalunya, a trav\u00e9s de la Fundaci\u00f3 TIC Salut Social i l\u2019Ag\u00e8ncia de Qualitat i Avaluaci\u00f3 Sanit\u00e0ries de Catalunya; dues pimes que donen suport a la coordinaci\u00f3 del projecte, JERA Consulting del Regne Unit i VALDE Innova, a Espanya; i un soci tecnol\u00f2gic d\u2019Israel, Assuta Medical Centers Ltd.<\/p>\n<h4><strong>Marc europeu de malalties cr\u00f2niques i multimorbiditat<\/strong><\/h4>\n<p>Els pa\u00efsos europeus s\u2019enfronten a un r\u00e0pid creixement del nombre d\u2019habitants que conviuen amb malalties cr\u00f2niques i multimorbiditat, cosa que exerceix una alta pressi\u00f3 als sistemes de salut. Entre aquests pacients la insufici\u00e8ncia card\u00edaca \u00e9s una de les malalties m\u00e9s prevalents i la principal causa d\u2019ingr\u00e9s hospitalari en persones de m\u00e9s de 65 anys. En diferents estudis europeus es conclou que el 80% de la despesa de salut es concentra en els \u00faltims 6 mesos de vida dels pacients.<\/p>\n<p>El model d\u2019atenci\u00f3 actual per aquests pacients implica un especialista per cada comorbiditat, l\u2019atenci\u00f3 prim\u00e0ria pel dia a dia i, amb freq\u00fc\u00e8ncia cuidadors formals i informals. Els medicaments es tornen complexos en el seu maneig i perillosos si no es fan servir correctament. El principal problema rau en el fet que l\u2019atenci\u00f3 per aquests malalts ha d\u2019estar ben coordinada i a vegades no \u00e9s aix\u00ed per diverses circumst\u00e0ncies.<\/p>\n<p>Una de les intervencions de TIQUE \u00e9s l\u2019atenci\u00f3 integrada. Aix\u00f2 vol dir que cal construir una visi\u00f3 integral de la persona, compartida per tot l\u2019equip d\u2019atenci\u00f3, que serveixi per garantir una continu\u00eftat de l\u2019atenci\u00f3 del professional, adequada a cada moment de la vida del pacient. El projecte TIQUE es basa tamb\u00e9 en el fet de que quan es tracten malalties cr\u00f2niques, un seguiment estricte del pacient preveu deteriorament i costos alts.<\/p>\n<h4><\/h4>\n<h4><strong>Aplicaci\u00f3 d\u2019eines tecnol\u00f2giques en l\u2019atenci\u00f3 dels pacients<\/strong><\/h4>\n<p>Les actuals TIC permeten l\u2019\u00fas d\u2019eines tecnol\u00f2giques, com sensors per monitorar pacients en temps real, i es pot anar una mica m\u00e9s lluny fent servir la Intel\u00b7lig\u00e8ncia Artificial (AI) o\/i el big data per a prevenir crisis d\u2019exacerbaci\u00f3. TIQUE tamb\u00e9 preveu fer un \u00fas extensiu de dispositius de monitoratge, dades i algoritmes per anticipar amb \u00e8xit les necessitats d\u2019un pacient en risc.<\/p>\n<p>El projecte tamb\u00e9 vol combinar la intervenci\u00f3 de la comunitat amb la visi\u00f3 digital per donar suport als pacients i cuidadors, donat que en general es troben en situacions personals dif\u00edcils i la motivaci\u00f3 i el suport s\u00f3n b\u00e0sics per un millor control de la malaltia.<\/p>\n<h4><\/h4>\n<h4><strong>Sostenibilitat del projecte i col\u00b7laboraci\u00f3 publicoprivada<\/strong><\/h4>\n<p>Finalment, TIQUE tamb\u00e9 busca impacte en l\u2019h\u00e0bit de la sostenibilitat a llarg termini per trobar les millors solucions cl\u00edniques i percebudes pels pacients, i una millor optimitzaci\u00f3 dels temps dels professionals de la salut. Aquesta \u00e9s la ra\u00f3 per la qual les solucions de TIQUE buscaran un model de comercialitzaci\u00f3 basat en la sostenibilitat i l\u2019aportaci\u00f3 de valor al pacient. A m\u00e9s, TIQUE vol explorar el disseny de la implementaci\u00f3 del model a partir d\u2019una col\u00b7laboraci\u00f3 publicoprivada, materialitzada en una provisi\u00f3 de nous serveis que es poden adoptar a escala quan es finalitzi el projecte.<\/p>\n","protected":false},"author":3,"featured_media":3501,"menu_order":0,"template":"","meta":{"_acf_changed":false,"inline_featured_image":false},"etiqueta":[],"tipus":[23],"topic":[13,126],"class_list":["post-13764","noticia","type-noticia","status-publish","has-post-thumbnail","hentry","tipus-projectes","topic-la-fundacio","topic-implementacio"],"acf":{"autor":"Adri\u00e0 G.Font","textos_destacats":false,"shortcode_cf":""},"yoast_head":"<!-- This site is optimized with the Yoast SEO plugin v27.1.1 - https:\/\/yoast.com\/product\/yoast-seo-wordpress\/ -->\n<title>El projecte europeu d\u2019innovaci\u00f3 TIQUE millorar\u00e0 l\u2019atenci\u00f3 integrada als pacients amb insufici\u00e8ncia card\u00edaca - Fundaci\u00f3 TIC Salut i Social<\/title>\n<meta name=\"robots\" content=\"index, follow, max-snippet:-1, max-image-preview:large, max-video-preview:-1\" \/>\n<link rel=\"canonical\" href=\"https:\/\/ticsalutsocial.atoom.space\/es\/noticia\/el-projecte-europeu-dinnovacio-tique-millorara-latencio-integrada-als-pacients-amb-insuficiencia-cardiaca\/\" \/>\n<meta property=\"og:locale\" content=\"es_ES\" \/>\n<meta property=\"og:type\" content=\"article\" \/>\n<meta property=\"og:title\" content=\"El projecte europeu d\u2019innovaci\u00f3 TIQUE millorar\u00e0 l\u2019atenci\u00f3 integrada als pacients amb insufici\u00e8ncia card\u00edaca - Fundaci\u00f3 TIC Salut i Social\" \/>\n<meta property=\"og:description\" content=\"El projecte TIQUE se centrar\u00e0 en enfocaments de tractament per a pacients amb insufici\u00e8ncia card\u00edaca amb malalties cr\u00f2niques coexistents, pacients fr\u00e0gils o en perill de fragilitat, mitjan\u00e7ant la conducci\u00f3 d\u2019un proc\u00e9s de Compra P\u00fablica Precomercial, en el que es contractaran serveis de recerca de solucions innovadores per a cobrir les necessitats dels pacients de tres [&hellip;]\" \/>\n<meta property=\"og:url\" content=\"https:\/\/ticsalutsocial.atoom.space\/es\/noticia\/el-projecte-europeu-dinnovacio-tique-millorara-latencio-integrada-als-pacients-amb-insuficiencia-cardiaca\/\" \/>\n<meta property=\"og:site_name\" content=\"Fundaci\u00f3 TIC Salut i Social\" \/>\n<meta property=\"og:image\" content=\"https:\/\/ticsalutsocial.atoom.space\/wp-content\/uploads\/2018\/09\/captura.png\" \/>\n\t<meta property=\"og:image:width\" content=\"729\" \/>\n\t<meta property=\"og:image:height\" content=\"570\" \/>\n\t<meta property=\"og:image:type\" content=\"image\/png\" \/>\n<meta name=\"twitter:card\" content=\"summary_large_image\" \/>\n<meta name=\"twitter:label1\" content=\"Tiempo de lectura\" \/>\n\t<meta name=\"twitter:data1\" content=\"5 minutos\" \/>\n<script type=\"application\/ld+json\" class=\"yoast-schema-graph\">{\"@context\":\"https:\/\/schema.org\",\"@graph\":[{\"@type\":\"WebPage\",\"@id\":\"https:\/\/ticsalutsocial.atoom.space\/es\/noticia\/el-projecte-europeu-dinnovacio-tique-millorara-latencio-integrada-als-pacients-amb-insuficiencia-cardiaca\/\",\"url\":\"https:\/\/ticsalutsocial.atoom.space\/es\/noticia\/el-projecte-europeu-dinnovacio-tique-millorara-latencio-integrada-als-pacients-amb-insuficiencia-cardiaca\/\",\"name\":\"El projecte europeu d\u2019innovaci\u00f3 TIQUE millorar\u00e0 l\u2019atenci\u00f3 integrada als pacients amb insufici\u00e8ncia card\u00edaca - Fundaci\u00f3 TIC Salut i Social\",\"isPartOf\":{\"@id\":\"https:\/\/ticsalutsocial.atoom.space\/es\/#website\"},\"primaryImageOfPage\":{\"@id\":\"https:\/\/ticsalutsocial.atoom.space\/es\/noticia\/el-projecte-europeu-dinnovacio-tique-millorara-latencio-integrada-als-pacients-amb-insuficiencia-cardiaca\/#primaryimage\"},\"image\":{\"@id\":\"https:\/\/ticsalutsocial.atoom.space\/es\/noticia\/el-projecte-europeu-dinnovacio-tique-millorara-latencio-integrada-als-pacients-amb-insuficiencia-cardiaca\/#primaryimage\"},\"thumbnailUrl\":\"https:\/\/ticsalutsocial.atoom.space\/wp-content\/uploads\/2018\/09\/captura.png\",\"datePublished\":\"2021-07-07T09:53:46+00:00\",\"breadcrumb\":{\"@id\":\"https:\/\/ticsalutsocial.atoom.space\/es\/noticia\/el-projecte-europeu-dinnovacio-tique-millorara-latencio-integrada-als-pacients-amb-insuficiencia-cardiaca\/#breadcrumb\"},\"inLanguage\":\"es\",\"potentialAction\":[{\"@type\":\"ReadAction\",\"target\":[\"https:\/\/ticsalutsocial.atoom.space\/es\/noticia\/el-projecte-europeu-dinnovacio-tique-millorara-latencio-integrada-als-pacients-amb-insuficiencia-cardiaca\/\"]}]},{\"@type\":\"ImageObject\",\"inLanguage\":\"es\",\"@id\":\"https:\/\/ticsalutsocial.atoom.space\/es\/noticia\/el-projecte-europeu-dinnovacio-tique-millorara-latencio-integrada-als-pacients-amb-insuficiencia-cardiaca\/#primaryimage\",\"url\":\"https:\/\/ticsalutsocial.atoom.space\/wp-content\/uploads\/2018\/09\/captura.png\",\"contentUrl\":\"https:\/\/ticsalutsocial.atoom.space\/wp-content\/uploads\/2018\/09\/captura.png\",\"width\":729,\"height\":570},{\"@type\":\"BreadcrumbList\",\"@id\":\"https:\/\/ticsalutsocial.atoom.space\/es\/noticia\/el-projecte-europeu-dinnovacio-tique-millorara-latencio-integrada-als-pacients-amb-insuficiencia-cardiaca\/#breadcrumb\",\"itemListElement\":[{\"@type\":\"ListItem\",\"position\":1,\"name\":\"Inici\",\"item\":\"https:\/\/ticsalutsocial.atoom.space\/es\/\"},{\"@type\":\"ListItem\",\"position\":2,\"name\":\"El projecte europeu d\u2019innovaci\u00f3 TIQUE millorar\u00e0 l\u2019atenci\u00f3 integrada als pacients amb insufici\u00e8ncia card\u00edaca\"}]},{\"@type\":\"WebSite\",\"@id\":\"https:\/\/ticsalutsocial.atoom.space\/es\/#website\",\"url\":\"https:\/\/ticsalutsocial.atoom.space\/es\/\",\"name\":\"Fundaci\u00f3 TIC Salut i Social\",\"description\":\"\",\"potentialAction\":[{\"@type\":\"SearchAction\",\"target\":{\"@type\":\"EntryPoint\",\"urlTemplate\":\"https:\/\/ticsalutsocial.atoom.space\/es\/?s={search_term_string}\"},\"query-input\":{\"@type\":\"PropertyValueSpecification\",\"valueRequired\":true,\"valueName\":\"search_term_string\"}}],\"inLanguage\":\"es\"}]}<\/script>\n<!-- \/ Yoast SEO plugin. -->","yoast_head_json":{"title":"El projecte europeu d\u2019innovaci\u00f3 TIQUE millorar\u00e0 l\u2019atenci\u00f3 integrada als pacients amb insufici\u00e8ncia card\u00edaca - Fundaci\u00f3 TIC Salut i Social","robots":{"index":"index","follow":"follow","max-snippet":"max-snippet:-1","max-image-preview":"max-image-preview:large","max-video-preview":"max-video-preview:-1"},"canonical":"https:\/\/ticsalutsocial.atoom.space\/es\/noticia\/el-projecte-europeu-dinnovacio-tique-millorara-latencio-integrada-als-pacients-amb-insuficiencia-cardiaca\/","og_locale":"es_ES","og_type":"article","og_title":"El projecte europeu d\u2019innovaci\u00f3 TIQUE millorar\u00e0 l\u2019atenci\u00f3 integrada als pacients amb insufici\u00e8ncia card\u00edaca - Fundaci\u00f3 TIC Salut i Social","og_description":"El projecte TIQUE se centrar\u00e0 en enfocaments de tractament per a pacients amb insufici\u00e8ncia card\u00edaca amb malalties cr\u00f2niques coexistents, pacients fr\u00e0gils o en perill de fragilitat, mitjan\u00e7ant la conducci\u00f3 d\u2019un proc\u00e9s de Compra P\u00fablica Precomercial, en el que es contractaran serveis de recerca de solucions innovadores per a cobrir les necessitats dels pacients de tres [&hellip;]","og_url":"https:\/\/ticsalutsocial.atoom.space\/es\/noticia\/el-projecte-europeu-dinnovacio-tique-millorara-latencio-integrada-als-pacients-amb-insuficiencia-cardiaca\/","og_site_name":"Fundaci\u00f3 TIC Salut i Social","og_image":[{"width":729,"height":570,"url":"https:\/\/ticsalutsocial.atoom.space\/wp-content\/uploads\/2018\/09\/captura.png","type":"image\/png"}],"twitter_card":"summary_large_image","twitter_misc":{"Tiempo de lectura":"5 minutos"},"schema":{"@context":"https:\/\/schema.org","@graph":[{"@type":"WebPage","@id":"https:\/\/ticsalutsocial.atoom.space\/es\/noticia\/el-projecte-europeu-dinnovacio-tique-millorara-latencio-integrada-als-pacients-amb-insuficiencia-cardiaca\/","url":"https:\/\/ticsalutsocial.atoom.space\/es\/noticia\/el-projecte-europeu-dinnovacio-tique-millorara-latencio-integrada-als-pacients-amb-insuficiencia-cardiaca\/","name":"El projecte europeu d\u2019innovaci\u00f3 TIQUE millorar\u00e0 l\u2019atenci\u00f3 integrada als pacients amb insufici\u00e8ncia card\u00edaca - Fundaci\u00f3 TIC Salut i Social","isPartOf":{"@id":"https:\/\/ticsalutsocial.atoom.space\/es\/#website"},"primaryImageOfPage":{"@id":"https:\/\/ticsalutsocial.atoom.space\/es\/noticia\/el-projecte-europeu-dinnovacio-tique-millorara-latencio-integrada-als-pacients-amb-insuficiencia-cardiaca\/#primaryimage"},"image":{"@id":"https:\/\/ticsalutsocial.atoom.space\/es\/noticia\/el-projecte-europeu-dinnovacio-tique-millorara-latencio-integrada-als-pacients-amb-insuficiencia-cardiaca\/#primaryimage"},"thumbnailUrl":"https:\/\/ticsalutsocial.atoom.space\/wp-content\/uploads\/2018\/09\/captura.png","datePublished":"2021-07-07T09:53:46+00:00","breadcrumb":{"@id":"https:\/\/ticsalutsocial.atoom.space\/es\/noticia\/el-projecte-europeu-dinnovacio-tique-millorara-latencio-integrada-als-pacients-amb-insuficiencia-cardiaca\/#breadcrumb"},"inLanguage":"es","potentialAction":[{"@type":"ReadAction","target":["https:\/\/ticsalutsocial.atoom.space\/es\/noticia\/el-projecte-europeu-dinnovacio-tique-millorara-latencio-integrada-als-pacients-amb-insuficiencia-cardiaca\/"]}]},{"@type":"ImageObject","inLanguage":"es","@id":"https:\/\/ticsalutsocial.atoom.space\/es\/noticia\/el-projecte-europeu-dinnovacio-tique-millorara-latencio-integrada-als-pacients-amb-insuficiencia-cardiaca\/#primaryimage","url":"https:\/\/ticsalutsocial.atoom.space\/wp-content\/uploads\/2018\/09\/captura.png","contentUrl":"https:\/\/ticsalutsocial.atoom.space\/wp-content\/uploads\/2018\/09\/captura.png","width":729,"height":570},{"@type":"BreadcrumbList","@id":"https:\/\/ticsalutsocial.atoom.space\/es\/noticia\/el-projecte-europeu-dinnovacio-tique-millorara-latencio-integrada-als-pacients-amb-insuficiencia-cardiaca\/#breadcrumb","itemListElement":[{"@type":"ListItem","position":1,"name":"Inici","item":"https:\/\/ticsalutsocial.atoom.space\/es\/"},{"@type":"ListItem","position":2,"name":"El projecte europeu d\u2019innovaci\u00f3 TIQUE millorar\u00e0 l\u2019atenci\u00f3 integrada als pacients amb insufici\u00e8ncia card\u00edaca"}]},{"@type":"WebSite","@id":"https:\/\/ticsalutsocial.atoom.space\/es\/#website","url":"https:\/\/ticsalutsocial.atoom.space\/es\/","name":"Fundaci\u00f3 TIC Salut i Social","description":"","potentialAction":[{"@type":"SearchAction","target":{"@type":"EntryPoint","urlTemplate":"https:\/\/ticsalutsocial.atoom.space\/es\/?s={search_term_string}"},"query-input":{"@type":"PropertyValueSpecification","valueRequired":true,"valueName":"search_term_string"}}],"inLanguage":"es"}]}},"_links":{"self":[{"href":"https:\/\/ticsalutsocial.atoom.space\/es\/wp-json\/wp\/v2\/noticia\/13764","targetHints":{"allow":["GET"]}}],"collection":[{"href":"https:\/\/ticsalutsocial.atoom.space\/es\/wp-json\/wp\/v2\/noticia"}],"about":[{"href":"https:\/\/ticsalutsocial.atoom.space\/es\/wp-json\/wp\/v2\/types\/noticia"}],"author":[{"embeddable":true,"href":"https:\/\/ticsalutsocial.atoom.space\/es\/wp-json\/wp\/v2\/users\/3"}],"wp:featuredmedia":[{"embeddable":true,"href":"https:\/\/ticsalutsocial.atoom.space\/es\/wp-json\/wp\/v2\/media\/3501"}],"wp:attachment":[{"href":"https:\/\/ticsalutsocial.atoom.space\/es\/wp-json\/wp\/v2\/media?parent=13764"}],"wp:term":[{"taxonomy":"etiqueta","embeddable":true,"href":"https:\/\/ticsalutsocial.atoom.space\/es\/wp-json\/wp\/v2\/etiqueta?post=13764"},{"taxonomy":"tipus","embeddable":true,"href":"https:\/\/ticsalutsocial.atoom.space\/es\/wp-json\/wp\/v2\/tipus?post=13764"},{"taxonomy":"topic","embeddable":true,"href":"https:\/\/ticsalutsocial.atoom.space\/es\/wp-json\/wp\/v2\/topic?post=13764"}],"curies":[{"name":"wp","href":"https:\/\/api.w.org\/{rel}","templated":true}]}}