
{"id":14155,"date":"2022-09-21T08:00:00","date_gmt":"2022-09-21T06:00:00","guid":{"rendered":"https:\/\/ticsalutsocial.atoom.space\/noticia\/solucions-tecnologiques-per-facilitar-la-vida-dels-cuidadors-informals-de-persones-amb-alzheimer\/"},"modified":"2022-09-21T09:33:38","modified_gmt":"2022-09-21T07:33:38","slug":"solucions-tecnologiques-per-facilitar-la-vida-dels-cuidadors-informals-de-persones-amb-alzheimer","status":"publish","type":"noticia","link":"https:\/\/ticsalutsocial.atoom.space\/es\/noticia\/solucions-tecnologiques-per-facilitar-la-vida-dels-cuidadors-informals-de-persones-amb-alzheimer\/","title":{"rendered":"Soluciones tecnol\u00f3gicas para facilitar la vida de los cuidadores informales de personas con Alzheimer"},"content":{"rendered":"\n<p>El 21 de septiembre tiene lugar el D\u00eda Mundial del Alzheimer y, en este contexto, ponemos el foco en el <a href=\"https:\/\/co-care.eu\/cat\/\" target=\"_blank\" rel=\"noreferrer noopener\">proyecto europeo Co-Care<\/a>, liderado en Catalu\u00f1a. Se trata de un consorcio que re\u00fane a cuidadores informales de personas con Alzheimer, universidades, profesionales de la tecnolog\u00eda de la informaci\u00f3n y la comunicaci\u00f3n (TIC) y del sector sanitario y social, para mejorar los enfoques de ense\u00f1anza y aprendizaje y fomentar el emprendimiento en estos sectores.<\/p>\n\n\n\n<p>El objetivo es que con estas nuevas competencias todos los actores puedan trabajar conjuntamente para dise\u00f1ar soluciones tecnol\u00f3gicas que faciliten la vida cotidiana de los cuidadores informales de personas con Alzheimer. Esto mejorar\u00e1 la calidad de la atenci\u00f3n que proporcionan, les dar\u00e1 la oportunidad de conectarse y les ayudar\u00e1 a mantenerse sanos.<\/p>\n\n\n\n<h2 class=\"wp-block-heading\">Avances logrados por el proyecto<\/h2>\n\n\n\n<p>El proyecto se inici\u00f3 en 2019 y finalizar\u00e1 el pr\u00f3ximo 31 de diciembre. Durante este tiempo se han producido varios desarrollos. Por un lado, se han completado dos informes:<\/p>\n\n\n\n<ul class=\"wp-block-list\"><li><strong><a href=\"https:\/\/co-care.eu\/files\/ckeditor\/COCARE_LearningFramework_5.pdf\" target=\"_blank\" rel=\"noreferrer noopener\">Marco de aprendizaje: <\/a><\/strong>Este documento describe el marco de aprendizaje del curso de formaci\u00f3n y detalla sus objetivos, competencias, resultados y metodolog\u00edas de ense\u00f1anza. Tambi\u00e9n cubre el conjunto de herramientas para cuidadores de personas con Alzheimer o demencia. Es un documento dirigido a instituciones de educaci\u00f3n superior, desarrolladores y proveedores de TIC y cuidadores informales.<\/li><li><strong><a href=\"https:\/\/co-care.eu\/files\/ckeditor\/COCARE_TrainingCourse_6.pdf\" target=\"_blank\" rel=\"noreferrer noopener\">Curso de formaci\u00f3n:<\/a><\/strong> Este informe justifica por qu\u00e9 es necesario disponer de un curso de formaci\u00f3n en sistemas educativos universitarios que re\u00fana a futuros tecn\u00f3logos, profesionales sanitarios y sociales y cuidadores de personas con Alzheimer o demencia, para aprender a proponer, dise\u00f1ar, desarrollar y evaluar soluciones tecnol\u00f3gicas de forma co-creada. El documento explica en detalle el curso de formaci\u00f3n, incluyendo aspectos como el marco, el contenido, la estructura y la sostenibilidad del curso y ser\u00e1 muy \u00fatil para las instituciones de educaci\u00f3n superior.<\/li><\/ul>\n\n\n\n<p><\/p>\n\n\n\n<p>Por otro lado, se ha creado un Toolkit que se ha testado por 15 personas de los distintos pa\u00edses que participan en el proyecto. Este Toolkit es un recurso online para personas cuidadoras que mejorar\u00e1 la autonom\u00eda y la calidad de vida de los cuidadores\/as familiares de personas con Alzheimer. Ha sido probado por cuidadores\/as familiares en Reino Unido, Espa\u00f1a y Portugal y ahora se est\u00e1 evaluando el proceso para poder completar la versi\u00f3n final, que se presentar\u00e1 antes de finales de a\u00f1o.<\/p>\n\n\n\n<h2 class=\"wp-block-heading\">Objetivos para la \u00faltima fase de Co-Care<\/h2>\n\n\n\n<p>En estos \u00faltimos meses de Co-Care, <strong>\u201cqueremos presentar la nueva propuesta de formaci\u00f3n sobre c\u00f3mo co-crear soluciones tecnol\u00f3gicas para personas cuidadoras de familiares con Alzheimer; lanzar p\u00fablicamente el Toolkit y terminar y abrir la comunidad virtual de pr\u00e1ctica\u201d<\/strong>, explica la coordinadora del proyecto, <strong>Anna Ramon<\/strong>, de la Universidad de Vic.<\/p>\n\n\n\n<p>La comunidad virtual de pr\u00e1ctica es el \u00faltimo desarrollo del proyecto y ser\u00e1 un lugar en el que los cuidadores informales, dise\u00f1adores y proveedores de TIC, estudiantes, profesores e investigadores de instituciones de educaci\u00f3n superior podr\u00e1n interactuar entre ellos, compartir conocimientos y trabajar juntos. <strong>\u201cCon la creaci\u00f3n de esta comunidad, esperamos fomentar las conexiones y mantener el trabajo ya realizado por el proyecto Co-Care en la incorporaci\u00f3n de estos colectivos para que puedan crear soluciones tecnol\u00f3gicas reales para ayudar al cuidado informal\u201d<\/strong>, a\u00f1ade Ram\u00f3n. Esta comunidad estar\u00e1 abierta a todo el mundo para aprender y realizar aportaciones.<\/p>\n\n\n\n<h2 class=\"wp-block-heading\">D\u00eda Mundial del Alzheimer<\/h2>\n\n\n\n<p>El 21 de septiembre se celebra el D\u00eda Mundial del Alzheimer, fecha instituida por la Organizaci\u00f3n Mundial de la Salud (OMS) y el Alzheimer&#8217;s Disease Internacional (ADI). El objetivo de esta conmemoraci\u00f3n es dar a conocer la enfermedad y sus consecuencias sociosanitarias, y pedir el apoyo y solidaridad de la poblaci\u00f3n, las instituciones y los organismos oficiales.<\/p>\n\n\n\n<p>Los datos publicados por la Organizaci\u00f3n Mundial de la Salud (OMS) indican que, a nivel mundial, en 2030, 75 millones de personas estar\u00e1n afectadas por enfermedades que causan demencia, la cifra alcanzar\u00eda los 153 millones de personas en 2050 .<\/p>\n","protected":false},"author":12,"featured_media":14138,"menu_order":0,"template":"","meta":{"_acf_changed":false,"inline_featured_image":false},"etiqueta":[],"tipus":[23],"topic":[],"class_list":["post-14155","noticia","type-noticia","status-publish","has-post-thumbnail","hentry","tipus-projectes"],"acf":{"finalitzat":false,"tipus_plantilla":"objectius","template_objectius":{"cont_principal":"","imatge":14138,"cont_seguent":{"titol":"","contingut":""},"seccio_llistat":{"titol":"","llistat":false},"objectius":{"titol":"","objectius":false},"documents":false},"autor":"","imatge":14138,"textos_destacats":[{"texte":"El proyecto re\u00fane a cuidadores informales de personas con Alzheimer, universidades, profesionales de la tecnolog\u00eda de la informaci\u00f3n y la comunicaci\u00f3n (TIC) y del sector sanitario y social"}],"documents":false},"yoast_head":"<!-- This site is optimized with the Yoast SEO plugin v27.1.1 - https:\/\/yoast.com\/product\/yoast-seo-wordpress\/ -->\n<title>Soluciones tecnol\u00f3gicas para facilitar la vida de los cuidadores informales de personas con Alzheimer - Fundaci\u00f3 TIC Salut i Social<\/title>\n<meta name=\"description\" content=\"El projecte Co-care reuneix cuidadors informals de persones amb Alzheimer, universitats, professionals de la tecnologia de la informaci\u00f3 i la comunicaci\u00f3 (TIC) i del sector sanitari i social.\" \/>\n<meta name=\"robots\" content=\"index, follow, max-snippet:-1, max-image-preview:large, max-video-preview:-1\" \/>\n<link rel=\"canonical\" href=\"https:\/\/ticsalutsocial.atoom.space\/es\/noticia\/solucions-tecnologiques-per-facilitar-la-vida-dels-cuidadors-informals-de-persones-amb-alzheimer\/\" \/>\n<meta property=\"og:locale\" content=\"es_ES\" \/>\n<meta property=\"og:type\" content=\"article\" \/>\n<meta property=\"og:title\" content=\"Soluciones tecnol\u00f3gicas para facilitar la vida de los cuidadores informales de personas con Alzheimer - Fundaci\u00f3 TIC Salut i Social\" \/>\n<meta property=\"og:description\" content=\"El projecte Co-care reuneix cuidadors informals de persones amb Alzheimer, universitats, professionals de la tecnologia de la informaci\u00f3 i la comunicaci\u00f3 (TIC) i del sector sanitari i social.\" \/>\n<meta property=\"og:url\" content=\"https:\/\/ticsalutsocial.atoom.space\/es\/noticia\/solucions-tecnologiques-per-facilitar-la-vida-dels-cuidadors-informals-de-persones-amb-alzheimer\/\" \/>\n<meta property=\"og:site_name\" content=\"Fundaci\u00f3 TIC Salut i Social\" \/>\n<meta property=\"article:modified_time\" content=\"2022-09-21T07:33:38+00:00\" \/>\n<meta property=\"og:image\" content=\"https:\/\/ticsalutsocial.atoom.space\/wp-content\/uploads\/2022\/09\/Alzheimer-CO-Care-team.jpg\" \/>\n\t<meta property=\"og:image:width\" content=\"2560\" \/>\n\t<meta property=\"og:image:height\" content=\"1707\" \/>\n\t<meta property=\"og:image:type\" content=\"image\/jpeg\" \/>\n<meta name=\"twitter:card\" content=\"summary_large_image\" \/>\n<meta name=\"twitter:label1\" content=\"Tiempo de lectura\" \/>\n\t<meta name=\"twitter:data1\" content=\"3 minutos\" \/>\n<script type=\"application\/ld+json\" class=\"yoast-schema-graph\">{\"@context\":\"https:\/\/schema.org\",\"@graph\":[{\"@type\":\"WebPage\",\"@id\":\"https:\/\/ticsalutsocial.atoom.space\/es\/noticia\/solucions-tecnologiques-per-facilitar-la-vida-dels-cuidadors-informals-de-persones-amb-alzheimer\/\",\"url\":\"https:\/\/ticsalutsocial.atoom.space\/es\/noticia\/solucions-tecnologiques-per-facilitar-la-vida-dels-cuidadors-informals-de-persones-amb-alzheimer\/\",\"name\":\"Soluciones tecnol\u00f3gicas para facilitar la vida de los cuidadores informales de personas con Alzheimer - Fundaci\u00f3 TIC Salut i Social\",\"isPartOf\":{\"@id\":\"https:\/\/ticsalutsocial.atoom.space\/es\/#website\"},\"primaryImageOfPage\":{\"@id\":\"https:\/\/ticsalutsocial.atoom.space\/es\/noticia\/solucions-tecnologiques-per-facilitar-la-vida-dels-cuidadors-informals-de-persones-amb-alzheimer\/#primaryimage\"},\"image\":{\"@id\":\"https:\/\/ticsalutsocial.atoom.space\/es\/noticia\/solucions-tecnologiques-per-facilitar-la-vida-dels-cuidadors-informals-de-persones-amb-alzheimer\/#primaryimage\"},\"thumbnailUrl\":\"https:\/\/ticsalutsocial.atoom.space\/wp-content\/uploads\/2022\/09\/Alzheimer-CO-Care-team.jpg\",\"datePublished\":\"2022-09-21T06:00:00+00:00\",\"dateModified\":\"2022-09-21T07:33:38+00:00\",\"description\":\"El projecte Co-care reuneix cuidadors informals de persones amb Alzheimer, universitats, professionals de la tecnologia de la informaci\u00f3 i la comunicaci\u00f3 (TIC) i del sector sanitari i social.\",\"breadcrumb\":{\"@id\":\"https:\/\/ticsalutsocial.atoom.space\/es\/noticia\/solucions-tecnologiques-per-facilitar-la-vida-dels-cuidadors-informals-de-persones-amb-alzheimer\/#breadcrumb\"},\"inLanguage\":\"es\",\"potentialAction\":[{\"@type\":\"ReadAction\",\"target\":[\"https:\/\/ticsalutsocial.atoom.space\/es\/noticia\/solucions-tecnologiques-per-facilitar-la-vida-dels-cuidadors-informals-de-persones-amb-alzheimer\/\"]}]},{\"@type\":\"ImageObject\",\"inLanguage\":\"es\",\"@id\":\"https:\/\/ticsalutsocial.atoom.space\/es\/noticia\/solucions-tecnologiques-per-facilitar-la-vida-dels-cuidadors-informals-de-persones-amb-alzheimer\/#primaryimage\",\"url\":\"https:\/\/ticsalutsocial.atoom.space\/wp-content\/uploads\/2022\/09\/Alzheimer-CO-Care-team.jpg\",\"contentUrl\":\"https:\/\/ticsalutsocial.atoom.space\/wp-content\/uploads\/2022\/09\/Alzheimer-CO-Care-team.jpg\",\"width\":2560,\"height\":1707,\"caption\":\"Team Alzheimer Co-care project\"},{\"@type\":\"BreadcrumbList\",\"@id\":\"https:\/\/ticsalutsocial.atoom.space\/es\/noticia\/solucions-tecnologiques-per-facilitar-la-vida-dels-cuidadors-informals-de-persones-amb-alzheimer\/#breadcrumb\",\"itemListElement\":[{\"@type\":\"ListItem\",\"position\":1,\"name\":\"Inici\",\"item\":\"https:\/\/ticsalutsocial.atoom.space\/es\/\"},{\"@type\":\"ListItem\",\"position\":2,\"name\":\"Soluciones tecnol\u00f3gicas para facilitar la vida de los cuidadores informales de personas con Alzheimer\"}]},{\"@type\":\"WebSite\",\"@id\":\"https:\/\/ticsalutsocial.atoom.space\/es\/#website\",\"url\":\"https:\/\/ticsalutsocial.atoom.space\/es\/\",\"name\":\"Fundaci\u00f3 TIC Salut i Social\",\"description\":\"\",\"potentialAction\":[{\"@type\":\"SearchAction\",\"target\":{\"@type\":\"EntryPoint\",\"urlTemplate\":\"https:\/\/ticsalutsocial.atoom.space\/es\/?s={search_term_string}\"},\"query-input\":{\"@type\":\"PropertyValueSpecification\",\"valueRequired\":true,\"valueName\":\"search_term_string\"}}],\"inLanguage\":\"es\"}]}<\/script>\n<!-- \/ Yoast SEO plugin. -->","yoast_head_json":{"title":"Soluciones tecnol\u00f3gicas para facilitar la vida de los cuidadores informales de personas con Alzheimer - Fundaci\u00f3 TIC Salut i Social","description":"El projecte Co-care reuneix cuidadors informals de persones amb Alzheimer, universitats, professionals de la tecnologia de la informaci\u00f3 i la comunicaci\u00f3 (TIC) i del sector sanitari i social.","robots":{"index":"index","follow":"follow","max-snippet":"max-snippet:-1","max-image-preview":"max-image-preview:large","max-video-preview":"max-video-preview:-1"},"canonical":"https:\/\/ticsalutsocial.atoom.space\/es\/noticia\/solucions-tecnologiques-per-facilitar-la-vida-dels-cuidadors-informals-de-persones-amb-alzheimer\/","og_locale":"es_ES","og_type":"article","og_title":"Soluciones tecnol\u00f3gicas para facilitar la vida de los cuidadores informales de personas con Alzheimer - Fundaci\u00f3 TIC Salut i Social","og_description":"El projecte Co-care reuneix cuidadors informals de persones amb Alzheimer, universitats, professionals de la tecnologia de la informaci\u00f3 i la comunicaci\u00f3 (TIC) i del sector sanitari i social.","og_url":"https:\/\/ticsalutsocial.atoom.space\/es\/noticia\/solucions-tecnologiques-per-facilitar-la-vida-dels-cuidadors-informals-de-persones-amb-alzheimer\/","og_site_name":"Fundaci\u00f3 TIC Salut i Social","article_modified_time":"2022-09-21T07:33:38+00:00","og_image":[{"width":2560,"height":1707,"url":"https:\/\/ticsalutsocial.atoom.space\/wp-content\/uploads\/2022\/09\/Alzheimer-CO-Care-team.jpg","type":"image\/jpeg"}],"twitter_card":"summary_large_image","twitter_misc":{"Tiempo de lectura":"3 minutos"},"schema":{"@context":"https:\/\/schema.org","@graph":[{"@type":"WebPage","@id":"https:\/\/ticsalutsocial.atoom.space\/es\/noticia\/solucions-tecnologiques-per-facilitar-la-vida-dels-cuidadors-informals-de-persones-amb-alzheimer\/","url":"https:\/\/ticsalutsocial.atoom.space\/es\/noticia\/solucions-tecnologiques-per-facilitar-la-vida-dels-cuidadors-informals-de-persones-amb-alzheimer\/","name":"Soluciones tecnol\u00f3gicas para facilitar la vida de los cuidadores informales de personas con Alzheimer - Fundaci\u00f3 TIC Salut i Social","isPartOf":{"@id":"https:\/\/ticsalutsocial.atoom.space\/es\/#website"},"primaryImageOfPage":{"@id":"https:\/\/ticsalutsocial.atoom.space\/es\/noticia\/solucions-tecnologiques-per-facilitar-la-vida-dels-cuidadors-informals-de-persones-amb-alzheimer\/#primaryimage"},"image":{"@id":"https:\/\/ticsalutsocial.atoom.space\/es\/noticia\/solucions-tecnologiques-per-facilitar-la-vida-dels-cuidadors-informals-de-persones-amb-alzheimer\/#primaryimage"},"thumbnailUrl":"https:\/\/ticsalutsocial.atoom.space\/wp-content\/uploads\/2022\/09\/Alzheimer-CO-Care-team.jpg","datePublished":"2022-09-21T06:00:00+00:00","dateModified":"2022-09-21T07:33:38+00:00","description":"El projecte Co-care reuneix cuidadors informals de persones amb Alzheimer, universitats, professionals de la tecnologia de la informaci\u00f3 i la comunicaci\u00f3 (TIC) i del sector sanitari i social.","breadcrumb":{"@id":"https:\/\/ticsalutsocial.atoom.space\/es\/noticia\/solucions-tecnologiques-per-facilitar-la-vida-dels-cuidadors-informals-de-persones-amb-alzheimer\/#breadcrumb"},"inLanguage":"es","potentialAction":[{"@type":"ReadAction","target":["https:\/\/ticsalutsocial.atoom.space\/es\/noticia\/solucions-tecnologiques-per-facilitar-la-vida-dels-cuidadors-informals-de-persones-amb-alzheimer\/"]}]},{"@type":"ImageObject","inLanguage":"es","@id":"https:\/\/ticsalutsocial.atoom.space\/es\/noticia\/solucions-tecnologiques-per-facilitar-la-vida-dels-cuidadors-informals-de-persones-amb-alzheimer\/#primaryimage","url":"https:\/\/ticsalutsocial.atoom.space\/wp-content\/uploads\/2022\/09\/Alzheimer-CO-Care-team.jpg","contentUrl":"https:\/\/ticsalutsocial.atoom.space\/wp-content\/uploads\/2022\/09\/Alzheimer-CO-Care-team.jpg","width":2560,"height":1707,"caption":"Team Alzheimer Co-care project"},{"@type":"BreadcrumbList","@id":"https:\/\/ticsalutsocial.atoom.space\/es\/noticia\/solucions-tecnologiques-per-facilitar-la-vida-dels-cuidadors-informals-de-persones-amb-alzheimer\/#breadcrumb","itemListElement":[{"@type":"ListItem","position":1,"name":"Inici","item":"https:\/\/ticsalutsocial.atoom.space\/es\/"},{"@type":"ListItem","position":2,"name":"Soluciones tecnol\u00f3gicas para facilitar la vida de los cuidadores informales de personas con Alzheimer"}]},{"@type":"WebSite","@id":"https:\/\/ticsalutsocial.atoom.space\/es\/#website","url":"https:\/\/ticsalutsocial.atoom.space\/es\/","name":"Fundaci\u00f3 TIC Salut i Social","description":"","potentialAction":[{"@type":"SearchAction","target":{"@type":"EntryPoint","urlTemplate":"https:\/\/ticsalutsocial.atoom.space\/es\/?s={search_term_string}"},"query-input":{"@type":"PropertyValueSpecification","valueRequired":true,"valueName":"search_term_string"}}],"inLanguage":"es"}]}},"_links":{"self":[{"href":"https:\/\/ticsalutsocial.atoom.space\/es\/wp-json\/wp\/v2\/noticia\/14155","targetHints":{"allow":["GET"]}}],"collection":[{"href":"https:\/\/ticsalutsocial.atoom.space\/es\/wp-json\/wp\/v2\/noticia"}],"about":[{"href":"https:\/\/ticsalutsocial.atoom.space\/es\/wp-json\/wp\/v2\/types\/noticia"}],"author":[{"embeddable":true,"href":"https:\/\/ticsalutsocial.atoom.space\/es\/wp-json\/wp\/v2\/users\/12"}],"wp:featuredmedia":[{"embeddable":true,"href":"https:\/\/ticsalutsocial.atoom.space\/es\/wp-json\/wp\/v2\/media\/14138"}],"wp:attachment":[{"href":"https:\/\/ticsalutsocial.atoom.space\/es\/wp-json\/wp\/v2\/media?parent=14155"}],"wp:term":[{"taxonomy":"etiqueta","embeddable":true,"href":"https:\/\/ticsalutsocial.atoom.space\/es\/wp-json\/wp\/v2\/etiqueta?post=14155"},{"taxonomy":"tipus","embeddable":true,"href":"https:\/\/ticsalutsocial.atoom.space\/es\/wp-json\/wp\/v2\/tipus?post=14155"},{"taxonomy":"topic","embeddable":true,"href":"https:\/\/ticsalutsocial.atoom.space\/es\/wp-json\/wp\/v2\/topic?post=14155"}],"curies":[{"name":"wp","href":"https:\/\/api.w.org\/{rel}","templated":true}]}}