
{"id":14250,"date":"2022-09-23T10:42:34","date_gmt":"2022-09-23T08:42:34","guid":{"rendered":"https:\/\/ticsalutsocial.atoom.space\/noticia\/intelligencia-artificial-per-millorar-el-diagnostic-pronostic-i-tractament-de-cancer\/"},"modified":"2022-09-23T11:00:54","modified_gmt":"2022-09-23T09:00:54","slug":"intelligencia-artificial-per-millorar-el-diagnostic-pronostic-i-tractament-de-cancer","status":"publish","type":"noticia","link":"https:\/\/ticsalutsocial.atoom.space\/es\/noticia\/intelligencia-artificial-per-millorar-el-diagnostic-pronostic-i-tractament-de-cancer\/","title":{"rendered":"Inteligencia Artificial para mejorar el diagn\u00f3stico, pron\u00f3stico y tratamiento del c\u00e1ncer"},"content":{"rendered":"\n<p>La Fundaci\u00f3n TIC Salud Social es uno de los partners del proyecto europeo INCISIVE, que recientemente sac\u00f3 el <a href=\"https:\/\/ticsalutsocial.atoom.space\/es\/noticia\/el-projecte-incisive-treu-el-primer-prototip-de-repositori-interoperable-amb-dades-de-cancer\/\">primer prototipo de repositorio interoperable<\/a> federado con miles de im\u00e1genes cl\u00ednicas de c\u00e1ncer de mama, pulm\u00f3n, pr\u00f3stata y colorrectal. El objetivo del proyecto es mejorar el diagn\u00f3stico, pron\u00f3stico y tratamiento de c\u00e1ncer mediante t\u00e9cnicas de Inteligencia Artificial.<\/p>\n\n\n\n<p>La responsable del \u00c1rea de Inteligencia Artificial de la Fundaci\u00f3n TIC Salud Social, <strong>Susanna Auss\u00f3<\/strong>, explica en el siguiente v\u00eddeo los objetivos generales del proyecto, y el papel de la Fundaci\u00f3n en cuestiones como la explicabilidad de la Inteligencia Artificial y la interoperabilidad.<\/p>\n\n\n\n<figure class=\"wp-block-embed is-type-video is-provider-youtube wp-block-embed-youtube wp-embed-aspect-16-9 wp-has-aspect-ratio\"><div class=\"wp-block-embed__wrapper\">\n<iframe loading=\"lazy\" title=\"En qu\u00e8 consisteix el projecte europeu INCISIVE sobre intel\u00b7lig\u00e8ncia artificial i c\u00e0ncer?\" width=\"500\" height=\"281\" src=\"https:\/\/www.youtube.com\/embed\/VKShVU80AWk?feature=oembed\" frameborder=\"0\" allow=\"accelerometer; autoplay; clipboard-write; encrypted-media; gyroscope; picture-in-picture; web-share\" referrerpolicy=\"strict-origin-when-cross-origin\" allowfullscreen><\/iframe>\n<\/div><\/figure>\n\n\n\n<p>Tal y como apunta Auss\u00f3, a trav\u00e9s del proyecto INCISIVE y otros similares sobre Inteligencia Artificial e imagen m\u00e9dica, <strong>la Fundaci\u00f3n TIC Salud Social est\u00e1 participando en grupos de trabajo con la Comisi\u00f3n Europea relacionados con este \u00e1mbito.<\/strong><\/p>\n\n\n\n<p>INCISIVE ha recibido financiaci\u00f3n del programa de investigaci\u00f3n e innovaci\u00f3n Horizonte 2020 de la Uni\u00f3n Europea en virtud del acuerdo de subvenci\u00f3n n\u00fam. 952179.<\/p>\n\n\n\n<p><a href=\"https:\/\/incisive-project.eu\/\" target=\"_blank\" rel=\"noreferrer noopener\">M\u00e1s informaci\u00f3n<\/a><\/p>\n","protected":false},"author":12,"featured_media":14247,"menu_order":0,"template":"","meta":{"_acf_changed":false,"inline_featured_image":false},"etiqueta":[],"tipus":[718],"topic":[126],"class_list":["post-14250","noticia","type-noticia","status-publish","has-post-thumbnail","hentry","tipus-intelligencia-artificial","topic-implementacio"],"acf":{"finalitzat":false,"tipus_plantilla":"objectius","template_objectius":{"cont_principal":"","imatge":14247,"cont_seguent":{"titol":"","contingut":""},"seccio_llistat":{"titol":"","llistat":false},"objectius":{"titol":"","objectius":false},"documents":false},"autor":"","imatge":14247,"textos_destacats":[{"texte":"A trav\u00e9s de INCISIVE y proyectos europeos similares, la Fundaci\u00f3n TIC Salud Social est\u00e1 participando en grupos de trabajo con la Comisi\u00f3n Europea sobre Inteligencia Artificial"}],"documents":false},"yoast_head":"<!-- This site is optimized with the Yoast SEO plugin v27.1.1 - https:\/\/yoast.com\/product\/yoast-seo-wordpress\/ -->\n<title>Inteligencia Artificial para mejorar el diagn\u00f3stico, pron\u00f3stico y tratamiento del c\u00e1ncer - Fundaci\u00f3 TIC Salut i Social<\/title>\n<meta name=\"description\" content=\"L\u2019objectiu del projecte \u00e9s millorar el diagn\u00f2stic, pron\u00f2stic i tractament de c\u00e0ncer mitjan\u00e7ant t\u00e8cniques d\u2019Intel\u00b7lig\u00e8ncia Artificial\" \/>\n<meta name=\"robots\" content=\"index, follow, max-snippet:-1, max-image-preview:large, max-video-preview:-1\" \/>\n<link rel=\"canonical\" href=\"https:\/\/ticsalutsocial.atoom.space\/es\/noticia\/intelligencia-artificial-per-millorar-el-diagnostic-pronostic-i-tractament-de-cancer\/\" \/>\n<meta property=\"og:locale\" content=\"es_ES\" \/>\n<meta property=\"og:type\" content=\"article\" \/>\n<meta property=\"og:title\" content=\"Inteligencia Artificial para mejorar el diagn\u00f3stico, pron\u00f3stico y tratamiento del c\u00e1ncer - Fundaci\u00f3 TIC Salut i Social\" \/>\n<meta property=\"og:description\" content=\"L\u2019objectiu del projecte \u00e9s millorar el diagn\u00f2stic, pron\u00f2stic i tractament de c\u00e0ncer mitjan\u00e7ant t\u00e8cniques d\u2019Intel\u00b7lig\u00e8ncia Artificial\" \/>\n<meta property=\"og:url\" content=\"https:\/\/ticsalutsocial.atoom.space\/es\/noticia\/intelligencia-artificial-per-millorar-el-diagnostic-pronostic-i-tractament-de-cancer\/\" \/>\n<meta property=\"og:site_name\" content=\"Fundaci\u00f3 TIC Salut i Social\" \/>\n<meta property=\"article:modified_time\" content=\"2022-09-23T09:00:54+00:00\" \/>\n<meta property=\"og:image\" content=\"https:\/\/ticsalutsocial.atoom.space\/wp-content\/uploads\/2022\/09\/incisive.jpg\" \/>\n\t<meta property=\"og:image:width\" content=\"1537\" \/>\n\t<meta property=\"og:image:height\" content=\"756\" \/>\n\t<meta property=\"og:image:type\" content=\"image\/jpeg\" \/>\n<meta name=\"twitter:card\" content=\"summary_large_image\" \/>\n<meta name=\"twitter:label1\" content=\"Tiempo de lectura\" \/>\n\t<meta name=\"twitter:data1\" content=\"1 minuto\" \/>\n<script type=\"application\/ld+json\" class=\"yoast-schema-graph\">{\"@context\":\"https:\/\/schema.org\",\"@graph\":[{\"@type\":\"WebPage\",\"@id\":\"https:\/\/ticsalutsocial.atoom.space\/es\/noticia\/intelligencia-artificial-per-millorar-el-diagnostic-pronostic-i-tractament-de-cancer\/\",\"url\":\"https:\/\/ticsalutsocial.atoom.space\/es\/noticia\/intelligencia-artificial-per-millorar-el-diagnostic-pronostic-i-tractament-de-cancer\/\",\"name\":\"Inteligencia Artificial para mejorar el diagn\u00f3stico, pron\u00f3stico y tratamiento del c\u00e1ncer - Fundaci\u00f3 TIC Salut i Social\",\"isPartOf\":{\"@id\":\"https:\/\/ticsalutsocial.atoom.space\/es\/#website\"},\"primaryImageOfPage\":{\"@id\":\"https:\/\/ticsalutsocial.atoom.space\/es\/noticia\/intelligencia-artificial-per-millorar-el-diagnostic-pronostic-i-tractament-de-cancer\/#primaryimage\"},\"image\":{\"@id\":\"https:\/\/ticsalutsocial.atoom.space\/es\/noticia\/intelligencia-artificial-per-millorar-el-diagnostic-pronostic-i-tractament-de-cancer\/#primaryimage\"},\"thumbnailUrl\":\"https:\/\/ticsalutsocial.atoom.space\/wp-content\/uploads\/2022\/09\/incisive.jpg\",\"datePublished\":\"2022-09-23T08:42:34+00:00\",\"dateModified\":\"2022-09-23T09:00:54+00:00\",\"description\":\"L\u2019objectiu del projecte \u00e9s millorar el diagn\u00f2stic, pron\u00f2stic i tractament de c\u00e0ncer mitjan\u00e7ant t\u00e8cniques d\u2019Intel\u00b7lig\u00e8ncia Artificial\",\"breadcrumb\":{\"@id\":\"https:\/\/ticsalutsocial.atoom.space\/es\/noticia\/intelligencia-artificial-per-millorar-el-diagnostic-pronostic-i-tractament-de-cancer\/#breadcrumb\"},\"inLanguage\":\"es\",\"potentialAction\":[{\"@type\":\"ReadAction\",\"target\":[\"https:\/\/ticsalutsocial.atoom.space\/es\/noticia\/intelligencia-artificial-per-millorar-el-diagnostic-pronostic-i-tractament-de-cancer\/\"]}]},{\"@type\":\"ImageObject\",\"inLanguage\":\"es\",\"@id\":\"https:\/\/ticsalutsocial.atoom.space\/es\/noticia\/intelligencia-artificial-per-millorar-el-diagnostic-pronostic-i-tractament-de-cancer\/#primaryimage\",\"url\":\"https:\/\/ticsalutsocial.atoom.space\/wp-content\/uploads\/2022\/09\/incisive.jpg\",\"contentUrl\":\"https:\/\/ticsalutsocial.atoom.space\/wp-content\/uploads\/2022\/09\/incisive.jpg\",\"width\":1537,\"height\":756,\"caption\":\"INCISIVE\"},{\"@type\":\"BreadcrumbList\",\"@id\":\"https:\/\/ticsalutsocial.atoom.space\/es\/noticia\/intelligencia-artificial-per-millorar-el-diagnostic-pronostic-i-tractament-de-cancer\/#breadcrumb\",\"itemListElement\":[{\"@type\":\"ListItem\",\"position\":1,\"name\":\"Inici\",\"item\":\"https:\/\/ticsalutsocial.atoom.space\/es\/\"},{\"@type\":\"ListItem\",\"position\":2,\"name\":\"Inteligencia Artificial para mejorar el diagn\u00f3stico, pron\u00f3stico y tratamiento del c\u00e1ncer\"}]},{\"@type\":\"WebSite\",\"@id\":\"https:\/\/ticsalutsocial.atoom.space\/es\/#website\",\"url\":\"https:\/\/ticsalutsocial.atoom.space\/es\/\",\"name\":\"Fundaci\u00f3 TIC Salut i Social\",\"description\":\"\",\"potentialAction\":[{\"@type\":\"SearchAction\",\"target\":{\"@type\":\"EntryPoint\",\"urlTemplate\":\"https:\/\/ticsalutsocial.atoom.space\/es\/?s={search_term_string}\"},\"query-input\":{\"@type\":\"PropertyValueSpecification\",\"valueRequired\":true,\"valueName\":\"search_term_string\"}}],\"inLanguage\":\"es\"}]}<\/script>\n<!-- \/ Yoast SEO plugin. -->","yoast_head_json":{"title":"Inteligencia Artificial para mejorar el diagn\u00f3stico, pron\u00f3stico y tratamiento del c\u00e1ncer - Fundaci\u00f3 TIC Salut i Social","description":"L\u2019objectiu del projecte \u00e9s millorar el diagn\u00f2stic, pron\u00f2stic i tractament de c\u00e0ncer mitjan\u00e7ant t\u00e8cniques d\u2019Intel\u00b7lig\u00e8ncia Artificial","robots":{"index":"index","follow":"follow","max-snippet":"max-snippet:-1","max-image-preview":"max-image-preview:large","max-video-preview":"max-video-preview:-1"},"canonical":"https:\/\/ticsalutsocial.atoom.space\/es\/noticia\/intelligencia-artificial-per-millorar-el-diagnostic-pronostic-i-tractament-de-cancer\/","og_locale":"es_ES","og_type":"article","og_title":"Inteligencia Artificial para mejorar el diagn\u00f3stico, pron\u00f3stico y tratamiento del c\u00e1ncer - Fundaci\u00f3 TIC Salut i Social","og_description":"L\u2019objectiu del projecte \u00e9s millorar el diagn\u00f2stic, pron\u00f2stic i tractament de c\u00e0ncer mitjan\u00e7ant t\u00e8cniques d\u2019Intel\u00b7lig\u00e8ncia Artificial","og_url":"https:\/\/ticsalutsocial.atoom.space\/es\/noticia\/intelligencia-artificial-per-millorar-el-diagnostic-pronostic-i-tractament-de-cancer\/","og_site_name":"Fundaci\u00f3 TIC Salut i Social","article_modified_time":"2022-09-23T09:00:54+00:00","og_image":[{"width":1537,"height":756,"url":"https:\/\/ticsalutsocial.atoom.space\/wp-content\/uploads\/2022\/09\/incisive.jpg","type":"image\/jpeg"}],"twitter_card":"summary_large_image","twitter_misc":{"Tiempo de lectura":"1 minuto"},"schema":{"@context":"https:\/\/schema.org","@graph":[{"@type":"WebPage","@id":"https:\/\/ticsalutsocial.atoom.space\/es\/noticia\/intelligencia-artificial-per-millorar-el-diagnostic-pronostic-i-tractament-de-cancer\/","url":"https:\/\/ticsalutsocial.atoom.space\/es\/noticia\/intelligencia-artificial-per-millorar-el-diagnostic-pronostic-i-tractament-de-cancer\/","name":"Inteligencia Artificial para mejorar el diagn\u00f3stico, pron\u00f3stico y tratamiento del c\u00e1ncer - Fundaci\u00f3 TIC Salut i Social","isPartOf":{"@id":"https:\/\/ticsalutsocial.atoom.space\/es\/#website"},"primaryImageOfPage":{"@id":"https:\/\/ticsalutsocial.atoom.space\/es\/noticia\/intelligencia-artificial-per-millorar-el-diagnostic-pronostic-i-tractament-de-cancer\/#primaryimage"},"image":{"@id":"https:\/\/ticsalutsocial.atoom.space\/es\/noticia\/intelligencia-artificial-per-millorar-el-diagnostic-pronostic-i-tractament-de-cancer\/#primaryimage"},"thumbnailUrl":"https:\/\/ticsalutsocial.atoom.space\/wp-content\/uploads\/2022\/09\/incisive.jpg","datePublished":"2022-09-23T08:42:34+00:00","dateModified":"2022-09-23T09:00:54+00:00","description":"L\u2019objectiu del projecte \u00e9s millorar el diagn\u00f2stic, pron\u00f2stic i tractament de c\u00e0ncer mitjan\u00e7ant t\u00e8cniques d\u2019Intel\u00b7lig\u00e8ncia Artificial","breadcrumb":{"@id":"https:\/\/ticsalutsocial.atoom.space\/es\/noticia\/intelligencia-artificial-per-millorar-el-diagnostic-pronostic-i-tractament-de-cancer\/#breadcrumb"},"inLanguage":"es","potentialAction":[{"@type":"ReadAction","target":["https:\/\/ticsalutsocial.atoom.space\/es\/noticia\/intelligencia-artificial-per-millorar-el-diagnostic-pronostic-i-tractament-de-cancer\/"]}]},{"@type":"ImageObject","inLanguage":"es","@id":"https:\/\/ticsalutsocial.atoom.space\/es\/noticia\/intelligencia-artificial-per-millorar-el-diagnostic-pronostic-i-tractament-de-cancer\/#primaryimage","url":"https:\/\/ticsalutsocial.atoom.space\/wp-content\/uploads\/2022\/09\/incisive.jpg","contentUrl":"https:\/\/ticsalutsocial.atoom.space\/wp-content\/uploads\/2022\/09\/incisive.jpg","width":1537,"height":756,"caption":"INCISIVE"},{"@type":"BreadcrumbList","@id":"https:\/\/ticsalutsocial.atoom.space\/es\/noticia\/intelligencia-artificial-per-millorar-el-diagnostic-pronostic-i-tractament-de-cancer\/#breadcrumb","itemListElement":[{"@type":"ListItem","position":1,"name":"Inici","item":"https:\/\/ticsalutsocial.atoom.space\/es\/"},{"@type":"ListItem","position":2,"name":"Inteligencia Artificial para mejorar el diagn\u00f3stico, pron\u00f3stico y tratamiento del c\u00e1ncer"}]},{"@type":"WebSite","@id":"https:\/\/ticsalutsocial.atoom.space\/es\/#website","url":"https:\/\/ticsalutsocial.atoom.space\/es\/","name":"Fundaci\u00f3 TIC Salut i Social","description":"","potentialAction":[{"@type":"SearchAction","target":{"@type":"EntryPoint","urlTemplate":"https:\/\/ticsalutsocial.atoom.space\/es\/?s={search_term_string}"},"query-input":{"@type":"PropertyValueSpecification","valueRequired":true,"valueName":"search_term_string"}}],"inLanguage":"es"}]}},"_links":{"self":[{"href":"https:\/\/ticsalutsocial.atoom.space\/es\/wp-json\/wp\/v2\/noticia\/14250","targetHints":{"allow":["GET"]}}],"collection":[{"href":"https:\/\/ticsalutsocial.atoom.space\/es\/wp-json\/wp\/v2\/noticia"}],"about":[{"href":"https:\/\/ticsalutsocial.atoom.space\/es\/wp-json\/wp\/v2\/types\/noticia"}],"author":[{"embeddable":true,"href":"https:\/\/ticsalutsocial.atoom.space\/es\/wp-json\/wp\/v2\/users\/12"}],"wp:featuredmedia":[{"embeddable":true,"href":"https:\/\/ticsalutsocial.atoom.space\/es\/wp-json\/wp\/v2\/media\/14247"}],"wp:attachment":[{"href":"https:\/\/ticsalutsocial.atoom.space\/es\/wp-json\/wp\/v2\/media?parent=14250"}],"wp:term":[{"taxonomy":"etiqueta","embeddable":true,"href":"https:\/\/ticsalutsocial.atoom.space\/es\/wp-json\/wp\/v2\/etiqueta?post=14250"},{"taxonomy":"tipus","embeddable":true,"href":"https:\/\/ticsalutsocial.atoom.space\/es\/wp-json\/wp\/v2\/tipus?post=14250"},{"taxonomy":"topic","embeddable":true,"href":"https:\/\/ticsalutsocial.atoom.space\/es\/wp-json\/wp\/v2\/topic?post=14250"}],"curies":[{"name":"wp","href":"https:\/\/api.w.org\/{rel}","templated":true}]}}