
{"id":14273,"date":"2022-09-29T15:02:57","date_gmt":"2022-09-29T13:02:57","guid":{"rendered":"https:\/\/ticsalutsocial.atoom.space\/noticia\/les-tic-com-a-palanca-del-mapa-estrategic-del-catsalut\/"},"modified":"2022-09-29T15:16:19","modified_gmt":"2022-09-29T13:16:19","slug":"les-tic-com-a-palanca-del-mapa-estrategic-del-catsalut","status":"publish","type":"noticia","link":"https:\/\/ticsalutsocial.atoom.space\/es\/noticia\/les-tic-com-a-palanca-del-mapa-estrategic-del-catsalut\/","title":{"rendered":"Las TIC como palanca del mapa estrat\u00e9gico del CatSalut"},"content":{"rendered":"\n<p>En el marco del Plan de Salud 2021-2025 aprobado por el Parlamento de Catalu\u00f1a, el CatSalut &#8211; Servicio Catal\u00e1n de la Salud ha presentado el Mapa Estrat\u00e9gico 2022-2024 que fija las prioridades, proyectos y acciones que llevar\u00e1 a cabo en este per\u00edodo. <strong>Las TIC juegan un papel clave en el plan<\/strong>, ya que son, junto con las inversiones, las palancas que lo impulsar\u00e1n.<\/p>\n\n\n\n<p>El Plan marca una serie de actuaciones para hacer evolucionar y mejorar el sistema sanitario en torno a tres ejes principales: la accesibilidad y equidad, las reordenaciones y la cartera y sistemas de pago. Tal y como explica CatSalut, el mapa tambi\u00e9n incluye proyectos que ya estaban en marcha antes de la pandemia, pero incorporando los aprendizajes obtenidos.<\/p>\n\n\n\n<p>En el campo espec\u00edfico de las TIC, el plan prev\u00e9 desarrollar el <strong>Plan de Sistemas del SISCAT<\/strong>; avanzar en la integraci\u00f3n de los sistemas de informaci\u00f3n social y sanitario con la puesta en marcha de la <strong>Agencia de Atenci\u00f3n Integrada entre el Departamento de Salud<\/strong> y el Departamento de Derechos Sociales; implantar el <strong>sistema de informaci\u00f3n de tejidos<\/strong>, a trav\u00e9s del cual deber\u00e1 vehicularse la donaci\u00f3n de multitejido a todos los centros de Catalu\u00f1a; y desarrollar un sistema de <strong>receta electr\u00f3nica de la medicaci\u00f3n hospitalaria de dispensaci\u00f3n ambulatoria \u00fanica <\/strong>para el SISCAT.<\/p>\n\n\n\n<figure class=\"wp-block-embed is-type-video is-provider-youtube wp-block-embed-youtube wp-embed-aspect-16-9 wp-has-aspect-ratio\"><div class=\"wp-block-embed__wrapper\">\n<iframe loading=\"lazy\" title=\"Mapa estret\u00e8gic del CatSalut 2022-2024\" width=\"500\" height=\"281\" src=\"https:\/\/www.youtube.com\/embed\/qmx2OlrC7Wo?start=2&#038;feature=oembed\" frameborder=\"0\" allow=\"accelerometer; autoplay; clipboard-write; encrypted-media; gyroscope; picture-in-picture; web-share\" referrerpolicy=\"strict-origin-when-cross-origin\" allowfullscreen><\/iframe>\n<\/div><\/figure>\n\n\n\n<p>Fuente y m\u00e1s informaci\u00f3n: <a href=\"https:\/\/catsalut.gencat.cat\/ca\/coneix-catsalut\/presentacio\/mapa-estrategic-2022-2024\/index.html#googtrans(ca|es)\" target=\"_blank\" rel=\"noreferrer noopener\">CatSalut<\/a><\/p>\n","protected":false},"author":12,"featured_media":14271,"menu_order":0,"template":"","meta":{"_acf_changed":false,"inline_featured_image":false},"etiqueta":[],"tipus":[],"topic":[16],"class_list":["post-14273","noticia","type-noticia","status-publish","has-post-thumbnail","hentry","topic-actualitat"],"acf":{"finalitzat":false,"tipus_plantilla":"objectius","template_objectius":{"cont_principal":"","imatge":14271,"cont_seguent":{"titol":"","contingut":""},"seccio_llistat":{"titol":"","llistat":false},"objectius":{"titol":"","objectius":false},"documents":false},"autor":"","imatge":14271,"textos_destacats":[{"texte":"El Plan marca un conjunto de actuaciones para hacer evolucionar y mejorar el sistema sanitario"}],"documents":false},"yoast_head":"<!-- This site is optimized with the Yoast SEO plugin v27.1.1 - https:\/\/yoast.com\/product\/yoast-seo-wordpress\/ -->\n<title>Las TIC como palanca del mapa estrat\u00e9gico del CatSalut - Fundaci\u00f3 TIC Salut i Social<\/title>\n<meta name=\"description\" content=\"El CatSalut - Servei Catal\u00e0 de la Salut ha presentado el Mapa Estrat\u00e9gico 2022-2024\" \/>\n<meta name=\"robots\" content=\"index, follow, max-snippet:-1, max-image-preview:large, max-video-preview:-1\" \/>\n<link rel=\"canonical\" href=\"https:\/\/ticsalutsocial.atoom.space\/es\/noticia\/les-tic-com-a-palanca-del-mapa-estrategic-del-catsalut\/\" \/>\n<meta property=\"og:locale\" content=\"es_ES\" \/>\n<meta property=\"og:type\" content=\"article\" \/>\n<meta property=\"og:title\" content=\"Las TIC como palanca del mapa estrat\u00e9gico del CatSalut - Fundaci\u00f3 TIC Salut i Social\" \/>\n<meta property=\"og:description\" content=\"El CatSalut - Servei Catal\u00e0 de la Salut ha presentado el Mapa Estrat\u00e9gico 2022-2024\" \/>\n<meta property=\"og:url\" content=\"https:\/\/ticsalutsocial.atoom.space\/es\/noticia\/les-tic-com-a-palanca-del-mapa-estrategic-del-catsalut\/\" \/>\n<meta property=\"og:site_name\" content=\"Fundaci\u00f3 TIC Salut i Social\" \/>\n<meta property=\"article:modified_time\" content=\"2022-09-29T13:16:19+00:00\" \/>\n<meta property=\"og:image\" content=\"https:\/\/ticsalutsocial.atoom.space\/wp-content\/uploads\/2022\/09\/Mapa-estrategic-CatSalut.jpg\" \/>\n\t<meta property=\"og:image:width\" content=\"2560\" \/>\n\t<meta property=\"og:image:height\" content=\"1707\" \/>\n\t<meta property=\"og:image:type\" content=\"image\/jpeg\" \/>\n<meta name=\"twitter:card\" content=\"summary_large_image\" \/>\n<meta name=\"twitter:label1\" content=\"Tiempo de lectura\" \/>\n\t<meta name=\"twitter:data1\" content=\"1 minuto\" \/>\n<script type=\"application\/ld+json\" class=\"yoast-schema-graph\">{\"@context\":\"https:\/\/schema.org\",\"@graph\":[{\"@type\":\"WebPage\",\"@id\":\"https:\/\/ticsalutsocial.atoom.space\/es\/noticia\/les-tic-com-a-palanca-del-mapa-estrategic-del-catsalut\/\",\"url\":\"https:\/\/ticsalutsocial.atoom.space\/es\/noticia\/les-tic-com-a-palanca-del-mapa-estrategic-del-catsalut\/\",\"name\":\"Las TIC como palanca del mapa estrat\u00e9gico del CatSalut - Fundaci\u00f3 TIC Salut i Social\",\"isPartOf\":{\"@id\":\"https:\/\/ticsalutsocial.atoom.space\/es\/#website\"},\"primaryImageOfPage\":{\"@id\":\"https:\/\/ticsalutsocial.atoom.space\/es\/noticia\/les-tic-com-a-palanca-del-mapa-estrategic-del-catsalut\/#primaryimage\"},\"image\":{\"@id\":\"https:\/\/ticsalutsocial.atoom.space\/es\/noticia\/les-tic-com-a-palanca-del-mapa-estrategic-del-catsalut\/#primaryimage\"},\"thumbnailUrl\":\"https:\/\/ticsalutsocial.atoom.space\/wp-content\/uploads\/2022\/09\/Mapa-estrategic-CatSalut.jpg\",\"datePublished\":\"2022-09-29T13:02:57+00:00\",\"dateModified\":\"2022-09-29T13:16:19+00:00\",\"description\":\"El CatSalut - Servei Catal\u00e0 de la Salut ha presentado el Mapa Estrat\u00e9gico 2022-2024\",\"breadcrumb\":{\"@id\":\"https:\/\/ticsalutsocial.atoom.space\/es\/noticia\/les-tic-com-a-palanca-del-mapa-estrategic-del-catsalut\/#breadcrumb\"},\"inLanguage\":\"es\",\"potentialAction\":[{\"@type\":\"ReadAction\",\"target\":[\"https:\/\/ticsalutsocial.atoom.space\/es\/noticia\/les-tic-com-a-palanca-del-mapa-estrategic-del-catsalut\/\"]}]},{\"@type\":\"ImageObject\",\"inLanguage\":\"es\",\"@id\":\"https:\/\/ticsalutsocial.atoom.space\/es\/noticia\/les-tic-com-a-palanca-del-mapa-estrategic-del-catsalut\/#primaryimage\",\"url\":\"https:\/\/ticsalutsocial.atoom.space\/wp-content\/uploads\/2022\/09\/Mapa-estrategic-CatSalut.jpg\",\"contentUrl\":\"https:\/\/ticsalutsocial.atoom.space\/wp-content\/uploads\/2022\/09\/Mapa-estrategic-CatSalut.jpg\",\"width\":2560,\"height\":1707,\"caption\":\"Mapa estrat\u00e8gic CatSalut\"},{\"@type\":\"BreadcrumbList\",\"@id\":\"https:\/\/ticsalutsocial.atoom.space\/es\/noticia\/les-tic-com-a-palanca-del-mapa-estrategic-del-catsalut\/#breadcrumb\",\"itemListElement\":[{\"@type\":\"ListItem\",\"position\":1,\"name\":\"Inici\",\"item\":\"https:\/\/ticsalutsocial.atoom.space\/es\/\"},{\"@type\":\"ListItem\",\"position\":2,\"name\":\"Las TIC como palanca del mapa estrat\u00e9gico del CatSalut\"}]},{\"@type\":\"WebSite\",\"@id\":\"https:\/\/ticsalutsocial.atoom.space\/es\/#website\",\"url\":\"https:\/\/ticsalutsocial.atoom.space\/es\/\",\"name\":\"Fundaci\u00f3 TIC Salut i Social\",\"description\":\"\",\"potentialAction\":[{\"@type\":\"SearchAction\",\"target\":{\"@type\":\"EntryPoint\",\"urlTemplate\":\"https:\/\/ticsalutsocial.atoom.space\/es\/?s={search_term_string}\"},\"query-input\":{\"@type\":\"PropertyValueSpecification\",\"valueRequired\":true,\"valueName\":\"search_term_string\"}}],\"inLanguage\":\"es\"}]}<\/script>\n<!-- \/ Yoast SEO plugin. -->","yoast_head_json":{"title":"Las TIC como palanca del mapa estrat\u00e9gico del CatSalut - Fundaci\u00f3 TIC Salut i Social","description":"El CatSalut - Servei Catal\u00e0 de la Salut ha presentado el Mapa Estrat\u00e9gico 2022-2024","robots":{"index":"index","follow":"follow","max-snippet":"max-snippet:-1","max-image-preview":"max-image-preview:large","max-video-preview":"max-video-preview:-1"},"canonical":"https:\/\/ticsalutsocial.atoom.space\/es\/noticia\/les-tic-com-a-palanca-del-mapa-estrategic-del-catsalut\/","og_locale":"es_ES","og_type":"article","og_title":"Las TIC como palanca del mapa estrat\u00e9gico del CatSalut - Fundaci\u00f3 TIC Salut i Social","og_description":"El CatSalut - Servei Catal\u00e0 de la Salut ha presentado el Mapa Estrat\u00e9gico 2022-2024","og_url":"https:\/\/ticsalutsocial.atoom.space\/es\/noticia\/les-tic-com-a-palanca-del-mapa-estrategic-del-catsalut\/","og_site_name":"Fundaci\u00f3 TIC Salut i Social","article_modified_time":"2022-09-29T13:16:19+00:00","og_image":[{"width":2560,"height":1707,"url":"https:\/\/ticsalutsocial.atoom.space\/wp-content\/uploads\/2022\/09\/Mapa-estrategic-CatSalut.jpg","type":"image\/jpeg"}],"twitter_card":"summary_large_image","twitter_misc":{"Tiempo de lectura":"1 minuto"},"schema":{"@context":"https:\/\/schema.org","@graph":[{"@type":"WebPage","@id":"https:\/\/ticsalutsocial.atoom.space\/es\/noticia\/les-tic-com-a-palanca-del-mapa-estrategic-del-catsalut\/","url":"https:\/\/ticsalutsocial.atoom.space\/es\/noticia\/les-tic-com-a-palanca-del-mapa-estrategic-del-catsalut\/","name":"Las TIC como palanca del mapa estrat\u00e9gico del CatSalut - Fundaci\u00f3 TIC Salut i Social","isPartOf":{"@id":"https:\/\/ticsalutsocial.atoom.space\/es\/#website"},"primaryImageOfPage":{"@id":"https:\/\/ticsalutsocial.atoom.space\/es\/noticia\/les-tic-com-a-palanca-del-mapa-estrategic-del-catsalut\/#primaryimage"},"image":{"@id":"https:\/\/ticsalutsocial.atoom.space\/es\/noticia\/les-tic-com-a-palanca-del-mapa-estrategic-del-catsalut\/#primaryimage"},"thumbnailUrl":"https:\/\/ticsalutsocial.atoom.space\/wp-content\/uploads\/2022\/09\/Mapa-estrategic-CatSalut.jpg","datePublished":"2022-09-29T13:02:57+00:00","dateModified":"2022-09-29T13:16:19+00:00","description":"El CatSalut - Servei Catal\u00e0 de la Salut ha presentado el Mapa Estrat\u00e9gico 2022-2024","breadcrumb":{"@id":"https:\/\/ticsalutsocial.atoom.space\/es\/noticia\/les-tic-com-a-palanca-del-mapa-estrategic-del-catsalut\/#breadcrumb"},"inLanguage":"es","potentialAction":[{"@type":"ReadAction","target":["https:\/\/ticsalutsocial.atoom.space\/es\/noticia\/les-tic-com-a-palanca-del-mapa-estrategic-del-catsalut\/"]}]},{"@type":"ImageObject","inLanguage":"es","@id":"https:\/\/ticsalutsocial.atoom.space\/es\/noticia\/les-tic-com-a-palanca-del-mapa-estrategic-del-catsalut\/#primaryimage","url":"https:\/\/ticsalutsocial.atoom.space\/wp-content\/uploads\/2022\/09\/Mapa-estrategic-CatSalut.jpg","contentUrl":"https:\/\/ticsalutsocial.atoom.space\/wp-content\/uploads\/2022\/09\/Mapa-estrategic-CatSalut.jpg","width":2560,"height":1707,"caption":"Mapa estrat\u00e8gic CatSalut"},{"@type":"BreadcrumbList","@id":"https:\/\/ticsalutsocial.atoom.space\/es\/noticia\/les-tic-com-a-palanca-del-mapa-estrategic-del-catsalut\/#breadcrumb","itemListElement":[{"@type":"ListItem","position":1,"name":"Inici","item":"https:\/\/ticsalutsocial.atoom.space\/es\/"},{"@type":"ListItem","position":2,"name":"Las TIC como palanca del mapa estrat\u00e9gico del CatSalut"}]},{"@type":"WebSite","@id":"https:\/\/ticsalutsocial.atoom.space\/es\/#website","url":"https:\/\/ticsalutsocial.atoom.space\/es\/","name":"Fundaci\u00f3 TIC Salut i Social","description":"","potentialAction":[{"@type":"SearchAction","target":{"@type":"EntryPoint","urlTemplate":"https:\/\/ticsalutsocial.atoom.space\/es\/?s={search_term_string}"},"query-input":{"@type":"PropertyValueSpecification","valueRequired":true,"valueName":"search_term_string"}}],"inLanguage":"es"}]}},"_links":{"self":[{"href":"https:\/\/ticsalutsocial.atoom.space\/es\/wp-json\/wp\/v2\/noticia\/14273","targetHints":{"allow":["GET"]}}],"collection":[{"href":"https:\/\/ticsalutsocial.atoom.space\/es\/wp-json\/wp\/v2\/noticia"}],"about":[{"href":"https:\/\/ticsalutsocial.atoom.space\/es\/wp-json\/wp\/v2\/types\/noticia"}],"author":[{"embeddable":true,"href":"https:\/\/ticsalutsocial.atoom.space\/es\/wp-json\/wp\/v2\/users\/12"}],"wp:featuredmedia":[{"embeddable":true,"href":"https:\/\/ticsalutsocial.atoom.space\/es\/wp-json\/wp\/v2\/media\/14271"}],"wp:attachment":[{"href":"https:\/\/ticsalutsocial.atoom.space\/es\/wp-json\/wp\/v2\/media?parent=14273"}],"wp:term":[{"taxonomy":"etiqueta","embeddable":true,"href":"https:\/\/ticsalutsocial.atoom.space\/es\/wp-json\/wp\/v2\/etiqueta?post=14273"},{"taxonomy":"tipus","embeddable":true,"href":"https:\/\/ticsalutsocial.atoom.space\/es\/wp-json\/wp\/v2\/tipus?post=14273"},{"taxonomy":"topic","embeddable":true,"href":"https:\/\/ticsalutsocial.atoom.space\/es\/wp-json\/wp\/v2\/topic?post=14273"}],"curies":[{"name":"wp","href":"https:\/\/api.w.org\/{rel}","templated":true}]}}