
{"id":14294,"date":"2022-10-03T11:02:19","date_gmt":"2022-10-03T09:02:19","guid":{"rendered":"https:\/\/ticsalutsocial.atoom.space\/noticia\/10-anys-conscienciant-la-ciutadania-europea-sobre-ciberseguretat\/"},"modified":"2022-10-03T11:14:10","modified_gmt":"2022-10-03T09:14:10","slug":"10-anys-conscienciant-la-ciutadania-europea-sobre-ciberseguretat","status":"publish","type":"noticia","link":"https:\/\/ticsalutsocial.atoom.space\/es\/noticia\/10-anys-conscienciant-la-ciutadania-europea-sobre-ciberseguretat\/","title":{"rendered":"10 a\u00f1os concienciando a la ciudadan\u00eda europea sobre ciberseguridad"},"content":{"rendered":"\n<p>Durante el mes de octubre se celebrar\u00e1 el <a href=\"https:\/\/cybersecuritymonth.eu\/\" target=\"_blank\" rel=\"noreferrer noopener\">Mes Europeo de la Ciberseguridad<\/a>. Por d\u00e9cimo a\u00f1o consecutivo, la Agencia de la Uni\u00f3n Europea por la Ciberseguridad (ENISA), la Comisi\u00f3n Europea y los Estados miembros llevar\u00e1n a cabo la conmemoraci\u00f3n de este mes. El objetivo es crear conciencia y promover la ciberseguridad entre la ciudadan\u00eda y las organizaciones proporcionando informaci\u00f3n actualizada y dando a conocer buenas pr\u00e1cticas en el entorno digital.<\/p>\n\n\n\n<p><\/p>\n\n\n\n<h2 class=\"wp-block-heading\">Phishing o pesca y ransomware o software de secuestro, temas de este a\u00f1o<\/h2>\n\n\n\n<p>Cada a\u00f1o, el Mes Europeo de la Ciberseguridad se centra en alguna tem\u00e1tica espec\u00edfica. Este 2022, los temas escogidos son:<\/p>\n\n\n\n<ul class=\"wp-block-list\"><li>Phishing o pesca: es un fraude de suplantaci\u00f3n de personalidad que se realiza con un correo electr\u00f3nico o mensajer\u00eda instant\u00e1nea con el que se busca obtener datos sobre las tarjetas de cr\u00e9dito, claves bancarias, u otros.<\/li><li>Ransomware o software de secuestro: es un tipo de programa inform\u00e1tico malintencionado que restringe el acceso a determinadas partes o archivos del sistema infectado, y pide un rescate a cambio de eliminar la restricci\u00f3n.<\/li><\/ul>\n\n\n\n<h2 class=\"wp-block-heading\">Ciberseguridad en la Fundaci\u00f3n TIC Salud Social<\/h2>\n\n\n\n<p>En Catalu\u00f1a disponemos de la <a href=\"https:\/\/ciberseguretat.gencat.cat\/es\/inici\/index.html\" target=\"_blank\" rel=\"noreferrer noopener\">Agencia de Ciberseguridad de Catalu\u00f1a<\/a>, que es el \u00f3rgano que trabaja para garantizar y aumentar el nivel de seguridad de las redes y los sistemas de informaci\u00f3n en el territorio, as\u00ed como la confianza digital de la ciudadan\u00eda.<\/p>\n\n\n\n<p>En el caso de la Fundaci\u00f3n, sin embargo, trabajamos en distintos \u00e1mbitos como la interoperabilidad o la protecci\u00f3n de datos, en los que podemos asesorar sobre aspectos relacionados con la ciberseguridad.<\/p>\n","protected":false},"author":12,"featured_media":14292,"menu_order":0,"template":"","meta":{"_acf_changed":false,"inline_featured_image":false},"etiqueta":[],"tipus":[],"topic":[16],"class_list":["post-14294","noticia","type-noticia","status-publish","has-post-thumbnail","hentry","topic-actualitat"],"acf":{"finalitzat":false,"tipus_plantilla":"objectius","template_objectius":{"cont_principal":"","imatge":false,"cont_seguent":{"titol":"","contingut":""},"seccio_llistat":{"titol":"","llistat":false},"objectius":{"titol":"","objectius":false},"documents":false},"autor":"","imatge":14292,"textos_destacats":[{"texte":"En Catalu\u00f1a disponemos de la Agencia de Ciberseguridad de Catalu\u00f1a, que es el \u00f3rgano que trabaja para garantizar y aumentar el nivel de seguridad de las redes y los sistemas de informaci\u00f3n en el territorio"}],"documents":false},"yoast_head":"<!-- This site is optimized with the Yoast SEO plugin v27.1.1 - https:\/\/yoast.com\/product\/yoast-seo-wordpress\/ -->\n<title>10 a\u00f1os concienciando a la ciudadan\u00eda europea sobre ciberseguridad - Fundaci\u00f3 TIC Salut i Social<\/title>\n<meta name=\"description\" content=\"Durante el mes de octubre se celebrar\u00e1 el Mes Europeo de la Ciberseguridad\" \/>\n<meta name=\"robots\" content=\"index, follow, max-snippet:-1, max-image-preview:large, max-video-preview:-1\" \/>\n<link rel=\"canonical\" href=\"https:\/\/ticsalutsocial.atoom.space\/es\/noticia\/10-anys-conscienciant-la-ciutadania-europea-sobre-ciberseguretat\/\" \/>\n<meta property=\"og:locale\" content=\"es_ES\" \/>\n<meta property=\"og:type\" content=\"article\" \/>\n<meta property=\"og:title\" content=\"10 a\u00f1os concienciando a la ciudadan\u00eda europea sobre ciberseguridad - Fundaci\u00f3 TIC Salut i Social\" \/>\n<meta property=\"og:description\" content=\"Durante el mes de octubre se celebrar\u00e1 el Mes Europeo de la Ciberseguridad\" \/>\n<meta property=\"og:url\" content=\"https:\/\/ticsalutsocial.atoom.space\/es\/noticia\/10-anys-conscienciant-la-ciutadania-europea-sobre-ciberseguretat\/\" \/>\n<meta property=\"og:site_name\" content=\"Fundaci\u00f3 TIC Salut i Social\" \/>\n<meta property=\"article:modified_time\" content=\"2022-10-03T09:14:10+00:00\" \/>\n<meta property=\"og:image\" content=\"https:\/\/ticsalutsocial.atoom.space\/wp-content\/uploads\/2022\/10\/Mes-europeu-de-la-Ciberseguretat.jpg\" \/>\n\t<meta property=\"og:image:width\" content=\"2560\" \/>\n\t<meta property=\"og:image:height\" content=\"1707\" \/>\n\t<meta property=\"og:image:type\" content=\"image\/jpeg\" \/>\n<meta name=\"twitter:card\" content=\"summary_large_image\" \/>\n<meta name=\"twitter:label1\" content=\"Tiempo de lectura\" \/>\n\t<meta name=\"twitter:data1\" content=\"2 minutos\" \/>\n<script type=\"application\/ld+json\" class=\"yoast-schema-graph\">{\"@context\":\"https:\/\/schema.org\",\"@graph\":[{\"@type\":\"WebPage\",\"@id\":\"https:\/\/ticsalutsocial.atoom.space\/es\/noticia\/10-anys-conscienciant-la-ciutadania-europea-sobre-ciberseguretat\/\",\"url\":\"https:\/\/ticsalutsocial.atoom.space\/es\/noticia\/10-anys-conscienciant-la-ciutadania-europea-sobre-ciberseguretat\/\",\"name\":\"10 a\u00f1os concienciando a la ciudadan\u00eda europea sobre ciberseguridad - Fundaci\u00f3 TIC Salut i Social\",\"isPartOf\":{\"@id\":\"https:\/\/ticsalutsocial.atoom.space\/es\/#website\"},\"primaryImageOfPage\":{\"@id\":\"https:\/\/ticsalutsocial.atoom.space\/es\/noticia\/10-anys-conscienciant-la-ciutadania-europea-sobre-ciberseguretat\/#primaryimage\"},\"image\":{\"@id\":\"https:\/\/ticsalutsocial.atoom.space\/es\/noticia\/10-anys-conscienciant-la-ciutadania-europea-sobre-ciberseguretat\/#primaryimage\"},\"thumbnailUrl\":\"https:\/\/ticsalutsocial.atoom.space\/wp-content\/uploads\/2022\/10\/Mes-europeu-de-la-Ciberseguretat.jpg\",\"datePublished\":\"2022-10-03T09:02:19+00:00\",\"dateModified\":\"2022-10-03T09:14:10+00:00\",\"description\":\"Durante el mes de octubre se celebrar\u00e1 el Mes Europeo de la Ciberseguridad\",\"breadcrumb\":{\"@id\":\"https:\/\/ticsalutsocial.atoom.space\/es\/noticia\/10-anys-conscienciant-la-ciutadania-europea-sobre-ciberseguretat\/#breadcrumb\"},\"inLanguage\":\"es\",\"potentialAction\":[{\"@type\":\"ReadAction\",\"target\":[\"https:\/\/ticsalutsocial.atoom.space\/es\/noticia\/10-anys-conscienciant-la-ciutadania-europea-sobre-ciberseguretat\/\"]}]},{\"@type\":\"ImageObject\",\"inLanguage\":\"es\",\"@id\":\"https:\/\/ticsalutsocial.atoom.space\/es\/noticia\/10-anys-conscienciant-la-ciutadania-europea-sobre-ciberseguretat\/#primaryimage\",\"url\":\"https:\/\/ticsalutsocial.atoom.space\/wp-content\/uploads\/2022\/10\/Mes-europeu-de-la-Ciberseguretat.jpg\",\"contentUrl\":\"https:\/\/ticsalutsocial.atoom.space\/wp-content\/uploads\/2022\/10\/Mes-europeu-de-la-Ciberseguretat.jpg\",\"width\":2560,\"height\":1707,\"caption\":\"Mes europeu de la Ciberseguretat\"},{\"@type\":\"BreadcrumbList\",\"@id\":\"https:\/\/ticsalutsocial.atoom.space\/es\/noticia\/10-anys-conscienciant-la-ciutadania-europea-sobre-ciberseguretat\/#breadcrumb\",\"itemListElement\":[{\"@type\":\"ListItem\",\"position\":1,\"name\":\"Inici\",\"item\":\"https:\/\/ticsalutsocial.atoom.space\/es\/\"},{\"@type\":\"ListItem\",\"position\":2,\"name\":\"10 a\u00f1os concienciando a la ciudadan\u00eda europea sobre ciberseguridad\"}]},{\"@type\":\"WebSite\",\"@id\":\"https:\/\/ticsalutsocial.atoom.space\/es\/#website\",\"url\":\"https:\/\/ticsalutsocial.atoom.space\/es\/\",\"name\":\"Fundaci\u00f3 TIC Salut i Social\",\"description\":\"\",\"potentialAction\":[{\"@type\":\"SearchAction\",\"target\":{\"@type\":\"EntryPoint\",\"urlTemplate\":\"https:\/\/ticsalutsocial.atoom.space\/es\/?s={search_term_string}\"},\"query-input\":{\"@type\":\"PropertyValueSpecification\",\"valueRequired\":true,\"valueName\":\"search_term_string\"}}],\"inLanguage\":\"es\"}]}<\/script>\n<!-- \/ Yoast SEO plugin. -->","yoast_head_json":{"title":"10 a\u00f1os concienciando a la ciudadan\u00eda europea sobre ciberseguridad - Fundaci\u00f3 TIC Salut i Social","description":"Durante el mes de octubre se celebrar\u00e1 el Mes Europeo de la Ciberseguridad","robots":{"index":"index","follow":"follow","max-snippet":"max-snippet:-1","max-image-preview":"max-image-preview:large","max-video-preview":"max-video-preview:-1"},"canonical":"https:\/\/ticsalutsocial.atoom.space\/es\/noticia\/10-anys-conscienciant-la-ciutadania-europea-sobre-ciberseguretat\/","og_locale":"es_ES","og_type":"article","og_title":"10 a\u00f1os concienciando a la ciudadan\u00eda europea sobre ciberseguridad - Fundaci\u00f3 TIC Salut i Social","og_description":"Durante el mes de octubre se celebrar\u00e1 el Mes Europeo de la Ciberseguridad","og_url":"https:\/\/ticsalutsocial.atoom.space\/es\/noticia\/10-anys-conscienciant-la-ciutadania-europea-sobre-ciberseguretat\/","og_site_name":"Fundaci\u00f3 TIC Salut i Social","article_modified_time":"2022-10-03T09:14:10+00:00","og_image":[{"width":2560,"height":1707,"url":"https:\/\/ticsalutsocial.atoom.space\/wp-content\/uploads\/2022\/10\/Mes-europeu-de-la-Ciberseguretat.jpg","type":"image\/jpeg"}],"twitter_card":"summary_large_image","twitter_misc":{"Tiempo de lectura":"2 minutos"},"schema":{"@context":"https:\/\/schema.org","@graph":[{"@type":"WebPage","@id":"https:\/\/ticsalutsocial.atoom.space\/es\/noticia\/10-anys-conscienciant-la-ciutadania-europea-sobre-ciberseguretat\/","url":"https:\/\/ticsalutsocial.atoom.space\/es\/noticia\/10-anys-conscienciant-la-ciutadania-europea-sobre-ciberseguretat\/","name":"10 a\u00f1os concienciando a la ciudadan\u00eda europea sobre ciberseguridad - Fundaci\u00f3 TIC Salut i Social","isPartOf":{"@id":"https:\/\/ticsalutsocial.atoom.space\/es\/#website"},"primaryImageOfPage":{"@id":"https:\/\/ticsalutsocial.atoom.space\/es\/noticia\/10-anys-conscienciant-la-ciutadania-europea-sobre-ciberseguretat\/#primaryimage"},"image":{"@id":"https:\/\/ticsalutsocial.atoom.space\/es\/noticia\/10-anys-conscienciant-la-ciutadania-europea-sobre-ciberseguretat\/#primaryimage"},"thumbnailUrl":"https:\/\/ticsalutsocial.atoom.space\/wp-content\/uploads\/2022\/10\/Mes-europeu-de-la-Ciberseguretat.jpg","datePublished":"2022-10-03T09:02:19+00:00","dateModified":"2022-10-03T09:14:10+00:00","description":"Durante el mes de octubre se celebrar\u00e1 el Mes Europeo de la Ciberseguridad","breadcrumb":{"@id":"https:\/\/ticsalutsocial.atoom.space\/es\/noticia\/10-anys-conscienciant-la-ciutadania-europea-sobre-ciberseguretat\/#breadcrumb"},"inLanguage":"es","potentialAction":[{"@type":"ReadAction","target":["https:\/\/ticsalutsocial.atoom.space\/es\/noticia\/10-anys-conscienciant-la-ciutadania-europea-sobre-ciberseguretat\/"]}]},{"@type":"ImageObject","inLanguage":"es","@id":"https:\/\/ticsalutsocial.atoom.space\/es\/noticia\/10-anys-conscienciant-la-ciutadania-europea-sobre-ciberseguretat\/#primaryimage","url":"https:\/\/ticsalutsocial.atoom.space\/wp-content\/uploads\/2022\/10\/Mes-europeu-de-la-Ciberseguretat.jpg","contentUrl":"https:\/\/ticsalutsocial.atoom.space\/wp-content\/uploads\/2022\/10\/Mes-europeu-de-la-Ciberseguretat.jpg","width":2560,"height":1707,"caption":"Mes europeu de la Ciberseguretat"},{"@type":"BreadcrumbList","@id":"https:\/\/ticsalutsocial.atoom.space\/es\/noticia\/10-anys-conscienciant-la-ciutadania-europea-sobre-ciberseguretat\/#breadcrumb","itemListElement":[{"@type":"ListItem","position":1,"name":"Inici","item":"https:\/\/ticsalutsocial.atoom.space\/es\/"},{"@type":"ListItem","position":2,"name":"10 a\u00f1os concienciando a la ciudadan\u00eda europea sobre ciberseguridad"}]},{"@type":"WebSite","@id":"https:\/\/ticsalutsocial.atoom.space\/es\/#website","url":"https:\/\/ticsalutsocial.atoom.space\/es\/","name":"Fundaci\u00f3 TIC Salut i Social","description":"","potentialAction":[{"@type":"SearchAction","target":{"@type":"EntryPoint","urlTemplate":"https:\/\/ticsalutsocial.atoom.space\/es\/?s={search_term_string}"},"query-input":{"@type":"PropertyValueSpecification","valueRequired":true,"valueName":"search_term_string"}}],"inLanguage":"es"}]}},"_links":{"self":[{"href":"https:\/\/ticsalutsocial.atoom.space\/es\/wp-json\/wp\/v2\/noticia\/14294","targetHints":{"allow":["GET"]}}],"collection":[{"href":"https:\/\/ticsalutsocial.atoom.space\/es\/wp-json\/wp\/v2\/noticia"}],"about":[{"href":"https:\/\/ticsalutsocial.atoom.space\/es\/wp-json\/wp\/v2\/types\/noticia"}],"author":[{"embeddable":true,"href":"https:\/\/ticsalutsocial.atoom.space\/es\/wp-json\/wp\/v2\/users\/12"}],"wp:featuredmedia":[{"embeddable":true,"href":"https:\/\/ticsalutsocial.atoom.space\/es\/wp-json\/wp\/v2\/media\/14292"}],"wp:attachment":[{"href":"https:\/\/ticsalutsocial.atoom.space\/es\/wp-json\/wp\/v2\/media?parent=14294"}],"wp:term":[{"taxonomy":"etiqueta","embeddable":true,"href":"https:\/\/ticsalutsocial.atoom.space\/es\/wp-json\/wp\/v2\/etiqueta?post=14294"},{"taxonomy":"tipus","embeddable":true,"href":"https:\/\/ticsalutsocial.atoom.space\/es\/wp-json\/wp\/v2\/tipus?post=14294"},{"taxonomy":"topic","embeddable":true,"href":"https:\/\/ticsalutsocial.atoom.space\/es\/wp-json\/wp\/v2\/topic?post=14294"}],"curies":[{"name":"wp","href":"https:\/\/api.w.org\/{rel}","templated":true}]}}