
{"id":14418,"date":"2022-10-24T12:59:10","date_gmt":"2022-10-24T10:59:10","guid":{"rendered":"https:\/\/ticsalutsocial.atoom.space\/noticia\/pensar-en-proteccio-de-dades-des-del-disseny-dels-projectes-de-salut\/"},"modified":"2022-10-26T12:38:42","modified_gmt":"2022-10-26T10:38:42","slug":"pensar-en-proteccio-de-dades-des-del-disseny-dels-projectes-de-salut","status":"publish","type":"noticia","link":"https:\/\/ticsalutsocial.atoom.space\/es\/noticia\/pensar-en-proteccio-de-dades-des-del-disseny-dels-projectes-de-salut\/","title":{"rendered":"Pensar en protecci\u00f3n de datos desde el dise\u00f1o de los proyectos de salud"},"content":{"rendered":"\n<p>El pasado viernes 21 de octubre tuvo lugar la jornada <em>Jo Innovo<\/em>, impulsada por coorganizada por el Hospital Universitario Vall de Hebr\u00f3n y Roche&nbsp;Farma. Este acto est\u00e1 pensado para el reconocimiento del talento reflejado en proyectos innovadores en diferentes categor\u00edas como por ejemplo <em>atenci\u00f3n centrada en el paciente<\/em>; <em>sostenibilidad y responsabilidad social<\/em> u <em>organizaci\u00f3n, calidad y seguridad<\/em>, entre otros.<\/p>\n\n\n\n<p>De entre un total de 70 proyectos presentados entre todas las categor\u00edas, el ganador de este a\u00f1o ha sido una aplicaci\u00f3n para humanizar el uso de cat\u00e9teres venosos en pacientes pedi\u00e1tricos, y orientado a adolescentes&nbsp;y&nbsp;pre-adolescentes. Se trata de un proyecto ideado por la enfermera Carme Ainara&nbsp;Donat, del equipo de enfermer\u00eda de accesos venosos, y presentado dentro de la categor\u00eda <em>Atenci\u00f3n centrada en el paciente y la familia<\/em>. Se trata de un proyecto que pone el foco en la reducci\u00f3n del estr\u00e9s generado por la aplicaci\u00f3n de cat\u00e9teres a partir de videos divulgativos de conocimiento aplicado.<\/p>\n\n\n\n<p>En este acto destaca el debate de la mesa redonda entorno al uso de datos de salud donde <strong>particip\u00f3 Arantxa Casanovas, Responsable de Estudios e Investigaci\u00f3n de la Oficina del Delegado de Protecci\u00f3n de Datos de Salud de la <em>Fundaci\u00f3 TIC Salut Social<\/em>. <\/strong>El debate, moderado por el Dr. Josep Antoni Ramos-Quiroga, jefe del&nbsp;Servicio&nbsp;de Psiquiatr\u00eda del Hospital Universitario Vall de Hebr\u00f3n, ha contado con la presencia de la Dra.&nbsp;Yolima&nbsp;Cossio, directora de Sistemas de Informaci\u00f3n de Vall de Hebr\u00f3n; el Dr. Jaume Sastre Garriga, del Servicio de Neurolog\u00eda de Vall de Hebr\u00f3n y el Centro de&nbsp;Esclerosis&nbsp;M\u00faltiple de Catalu\u00f1a (CEMCAT); y el Dr. Enric Barba, ingeniero de telecomunicaciones y experto en innovaci\u00f3n y datos. Casanovas destac\u00f3 el factor humano de la informaci\u00f3n cl\u00ednica recordando que \u00abdetr\u00e1s de los datos hay personas\u00bb.<\/p>\n\n\n\n<p>T\u00e9cnicamente y en un contexto para destacar proyectos&nbsp;innvoadores&nbsp;y de tecnolog\u00eda aplicada a la salud tambi\u00e9n puso de relevo la importancia de considerar \u00abla protecci\u00f3n de datos desde la fase de dise\u00f1o de los diferentes proyectos\u00bb. Este es un hecho no menor ya que permite optimizar esfuerzos y recursos en relaci\u00f3n a todas cuestiones legales en materia de protecci\u00f3n de datos y quedan recogidas por el&nbsp;RGPD.<\/p>\n\n\n\n<p>Finalmente, Arantxa Casanovas, poni\u00e9ndose a disposici\u00f3n de aquellas \u00e1reas y servicios que forman parte de las entidades de salud adheridas al la Oficina del&nbsp;DPD, agradeci\u00f3 en nombre de todo el equipo del&nbsp;DPD&nbsp;de Salud el esfuerzo y el trabajo hecho a los l\u00edderes de los diferentes proyectos presentados.<\/p>\n\n\n\n<p><\/p>\n\n\n\n<p><\/p>\n","protected":false},"author":3,"featured_media":14415,"menu_order":0,"template":"","meta":{"_acf_changed":false,"inline_featured_image":false},"etiqueta":[],"tipus":[105,106],"topic":[17,113,121],"class_list":["post-14418","noticia","type-noticia","status-publish","has-post-thumbnail","hentry","tipus-dpd-salut","tipus-dpd-salud","topic-dpd","topic-transformacion-digital","topic-dpd-es"],"acf":{"finalitzat":false,"tipus_plantilla":"objectius","template_objectius":{"cont_principal":"","imatge":false,"cont_seguent":{"titol":"","contingut":""},"seccio_llistat":{"titol":"","llistat":false},"objectius":{"titol":"","objectius":false},"documents":false},"autor":"","imatge":false,"textos_destacats":[{"texte":"Arantxa Casanovas destac\u00f3 el factor humano de la informaci\u00f3n cl\u00ednica recordando que \"detr\u00e1s de los datos hay personas\""}],"documents":false},"yoast_head":"<!-- This site is optimized with the Yoast SEO plugin v27.1.1 - https:\/\/yoast.com\/product\/yoast-seo-wordpress\/ -->\n<title>Pensar en protecci\u00f3n de datos desde el dise\u00f1o de los proyectos de salud - Fundaci\u00f3 TIC Salut i Social<\/title>\n<meta name=\"robots\" content=\"index, follow, max-snippet:-1, max-image-preview:large, max-video-preview:-1\" \/>\n<link rel=\"canonical\" href=\"https:\/\/ticsalutsocial.atoom.space\/es\/noticia\/pensar-en-proteccio-de-dades-des-del-disseny-dels-projectes-de-salut\/\" \/>\n<meta property=\"og:locale\" content=\"es_ES\" \/>\n<meta property=\"og:type\" content=\"article\" \/>\n<meta property=\"og:title\" content=\"Pensar en protecci\u00f3n de datos desde el dise\u00f1o de los proyectos de salud - Fundaci\u00f3 TIC Salut i Social\" \/>\n<meta property=\"og:description\" content=\"El pasado viernes 21 de octubre tuvo lugar la jornada Jo Innovo, impulsada por coorganizada por el Hospital Universitario Vall de Hebr\u00f3n y Roche&nbsp;Farma. Este acto est\u00e1 pensado para el reconocimiento del talento reflejado en proyectos innovadores en diferentes categor\u00edas como por ejemplo atenci\u00f3n centrada en el paciente; sostenibilidad y responsabilidad social u organizaci\u00f3n, calidad [&hellip;]\" \/>\n<meta property=\"og:url\" content=\"https:\/\/ticsalutsocial.atoom.space\/es\/noticia\/pensar-en-proteccio-de-dades-des-del-disseny-dels-projectes-de-salut\/\" \/>\n<meta property=\"og:site_name\" content=\"Fundaci\u00f3 TIC Salut i Social\" \/>\n<meta property=\"article:modified_time\" content=\"2022-10-26T10:38:42+00:00\" \/>\n<meta property=\"og:image\" content=\"https:\/\/ticsalutsocial.atoom.space\/wp-content\/uploads\/2022\/10\/IMG-20221024-WA0001.jpg\" \/>\n\t<meta property=\"og:image:width\" content=\"2048\" \/>\n\t<meta property=\"og:image:height\" content=\"1536\" \/>\n\t<meta property=\"og:image:type\" content=\"image\/jpeg\" \/>\n<meta name=\"twitter:card\" content=\"summary_large_image\" \/>\n<meta name=\"twitter:label1\" content=\"Tiempo de lectura\" \/>\n\t<meta name=\"twitter:data1\" content=\"2 minutos\" \/>\n<script type=\"application\/ld+json\" class=\"yoast-schema-graph\">{\"@context\":\"https:\/\/schema.org\",\"@graph\":[{\"@type\":\"WebPage\",\"@id\":\"https:\/\/ticsalutsocial.atoom.space\/es\/noticia\/pensar-en-proteccio-de-dades-des-del-disseny-dels-projectes-de-salut\/\",\"url\":\"https:\/\/ticsalutsocial.atoom.space\/es\/noticia\/pensar-en-proteccio-de-dades-des-del-disseny-dels-projectes-de-salut\/\",\"name\":\"Pensar en protecci\u00f3n de datos desde el dise\u00f1o de los proyectos de salud - Fundaci\u00f3 TIC Salut i Social\",\"isPartOf\":{\"@id\":\"https:\/\/ticsalutsocial.atoom.space\/es\/#website\"},\"primaryImageOfPage\":{\"@id\":\"https:\/\/ticsalutsocial.atoom.space\/es\/noticia\/pensar-en-proteccio-de-dades-des-del-disseny-dels-projectes-de-salut\/#primaryimage\"},\"image\":{\"@id\":\"https:\/\/ticsalutsocial.atoom.space\/es\/noticia\/pensar-en-proteccio-de-dades-des-del-disseny-dels-projectes-de-salut\/#primaryimage\"},\"thumbnailUrl\":\"https:\/\/ticsalutsocial.atoom.space\/wp-content\/uploads\/2022\/10\/IMG-20221024-WA0001.jpg\",\"datePublished\":\"2022-10-24T10:59:10+00:00\",\"dateModified\":\"2022-10-26T10:38:42+00:00\",\"breadcrumb\":{\"@id\":\"https:\/\/ticsalutsocial.atoom.space\/es\/noticia\/pensar-en-proteccio-de-dades-des-del-disseny-dels-projectes-de-salut\/#breadcrumb\"},\"inLanguage\":\"es\",\"potentialAction\":[{\"@type\":\"ReadAction\",\"target\":[\"https:\/\/ticsalutsocial.atoom.space\/es\/noticia\/pensar-en-proteccio-de-dades-des-del-disseny-dels-projectes-de-salut\/\"]}]},{\"@type\":\"ImageObject\",\"inLanguage\":\"es\",\"@id\":\"https:\/\/ticsalutsocial.atoom.space\/es\/noticia\/pensar-en-proteccio-de-dades-des-del-disseny-dels-projectes-de-salut\/#primaryimage\",\"url\":\"https:\/\/ticsalutsocial.atoom.space\/wp-content\/uploads\/2022\/10\/IMG-20221024-WA0001.jpg\",\"contentUrl\":\"https:\/\/ticsalutsocial.atoom.space\/wp-content\/uploads\/2022\/10\/IMG-20221024-WA0001.jpg\",\"width\":2048,\"height\":1536},{\"@type\":\"BreadcrumbList\",\"@id\":\"https:\/\/ticsalutsocial.atoom.space\/es\/noticia\/pensar-en-proteccio-de-dades-des-del-disseny-dels-projectes-de-salut\/#breadcrumb\",\"itemListElement\":[{\"@type\":\"ListItem\",\"position\":1,\"name\":\"Inici\",\"item\":\"https:\/\/ticsalutsocial.atoom.space\/es\/\"},{\"@type\":\"ListItem\",\"position\":2,\"name\":\"Pensar en protecci\u00f3n de datos desde el dise\u00f1o de los proyectos de salud\"}]},{\"@type\":\"WebSite\",\"@id\":\"https:\/\/ticsalutsocial.atoom.space\/es\/#website\",\"url\":\"https:\/\/ticsalutsocial.atoom.space\/es\/\",\"name\":\"Fundaci\u00f3 TIC Salut i Social\",\"description\":\"\",\"potentialAction\":[{\"@type\":\"SearchAction\",\"target\":{\"@type\":\"EntryPoint\",\"urlTemplate\":\"https:\/\/ticsalutsocial.atoom.space\/es\/?s={search_term_string}\"},\"query-input\":{\"@type\":\"PropertyValueSpecification\",\"valueRequired\":true,\"valueName\":\"search_term_string\"}}],\"inLanguage\":\"es\"}]}<\/script>\n<!-- \/ Yoast SEO plugin. -->","yoast_head_json":{"title":"Pensar en protecci\u00f3n de datos desde el dise\u00f1o de los proyectos de salud - Fundaci\u00f3 TIC Salut i Social","robots":{"index":"index","follow":"follow","max-snippet":"max-snippet:-1","max-image-preview":"max-image-preview:large","max-video-preview":"max-video-preview:-1"},"canonical":"https:\/\/ticsalutsocial.atoom.space\/es\/noticia\/pensar-en-proteccio-de-dades-des-del-disseny-dels-projectes-de-salut\/","og_locale":"es_ES","og_type":"article","og_title":"Pensar en protecci\u00f3n de datos desde el dise\u00f1o de los proyectos de salud - Fundaci\u00f3 TIC Salut i Social","og_description":"El pasado viernes 21 de octubre tuvo lugar la jornada Jo Innovo, impulsada por coorganizada por el Hospital Universitario Vall de Hebr\u00f3n y Roche&nbsp;Farma. Este acto est\u00e1 pensado para el reconocimiento del talento reflejado en proyectos innovadores en diferentes categor\u00edas como por ejemplo atenci\u00f3n centrada en el paciente; sostenibilidad y responsabilidad social u organizaci\u00f3n, calidad [&hellip;]","og_url":"https:\/\/ticsalutsocial.atoom.space\/es\/noticia\/pensar-en-proteccio-de-dades-des-del-disseny-dels-projectes-de-salut\/","og_site_name":"Fundaci\u00f3 TIC Salut i Social","article_modified_time":"2022-10-26T10:38:42+00:00","og_image":[{"width":2048,"height":1536,"url":"https:\/\/ticsalutsocial.atoom.space\/wp-content\/uploads\/2022\/10\/IMG-20221024-WA0001.jpg","type":"image\/jpeg"}],"twitter_card":"summary_large_image","twitter_misc":{"Tiempo de lectura":"2 minutos"},"schema":{"@context":"https:\/\/schema.org","@graph":[{"@type":"WebPage","@id":"https:\/\/ticsalutsocial.atoom.space\/es\/noticia\/pensar-en-proteccio-de-dades-des-del-disseny-dels-projectes-de-salut\/","url":"https:\/\/ticsalutsocial.atoom.space\/es\/noticia\/pensar-en-proteccio-de-dades-des-del-disseny-dels-projectes-de-salut\/","name":"Pensar en protecci\u00f3n de datos desde el dise\u00f1o de los proyectos de salud - Fundaci\u00f3 TIC Salut i Social","isPartOf":{"@id":"https:\/\/ticsalutsocial.atoom.space\/es\/#website"},"primaryImageOfPage":{"@id":"https:\/\/ticsalutsocial.atoom.space\/es\/noticia\/pensar-en-proteccio-de-dades-des-del-disseny-dels-projectes-de-salut\/#primaryimage"},"image":{"@id":"https:\/\/ticsalutsocial.atoom.space\/es\/noticia\/pensar-en-proteccio-de-dades-des-del-disseny-dels-projectes-de-salut\/#primaryimage"},"thumbnailUrl":"https:\/\/ticsalutsocial.atoom.space\/wp-content\/uploads\/2022\/10\/IMG-20221024-WA0001.jpg","datePublished":"2022-10-24T10:59:10+00:00","dateModified":"2022-10-26T10:38:42+00:00","breadcrumb":{"@id":"https:\/\/ticsalutsocial.atoom.space\/es\/noticia\/pensar-en-proteccio-de-dades-des-del-disseny-dels-projectes-de-salut\/#breadcrumb"},"inLanguage":"es","potentialAction":[{"@type":"ReadAction","target":["https:\/\/ticsalutsocial.atoom.space\/es\/noticia\/pensar-en-proteccio-de-dades-des-del-disseny-dels-projectes-de-salut\/"]}]},{"@type":"ImageObject","inLanguage":"es","@id":"https:\/\/ticsalutsocial.atoom.space\/es\/noticia\/pensar-en-proteccio-de-dades-des-del-disseny-dels-projectes-de-salut\/#primaryimage","url":"https:\/\/ticsalutsocial.atoom.space\/wp-content\/uploads\/2022\/10\/IMG-20221024-WA0001.jpg","contentUrl":"https:\/\/ticsalutsocial.atoom.space\/wp-content\/uploads\/2022\/10\/IMG-20221024-WA0001.jpg","width":2048,"height":1536},{"@type":"BreadcrumbList","@id":"https:\/\/ticsalutsocial.atoom.space\/es\/noticia\/pensar-en-proteccio-de-dades-des-del-disseny-dels-projectes-de-salut\/#breadcrumb","itemListElement":[{"@type":"ListItem","position":1,"name":"Inici","item":"https:\/\/ticsalutsocial.atoom.space\/es\/"},{"@type":"ListItem","position":2,"name":"Pensar en protecci\u00f3n de datos desde el dise\u00f1o de los proyectos de salud"}]},{"@type":"WebSite","@id":"https:\/\/ticsalutsocial.atoom.space\/es\/#website","url":"https:\/\/ticsalutsocial.atoom.space\/es\/","name":"Fundaci\u00f3 TIC Salut i Social","description":"","potentialAction":[{"@type":"SearchAction","target":{"@type":"EntryPoint","urlTemplate":"https:\/\/ticsalutsocial.atoom.space\/es\/?s={search_term_string}"},"query-input":{"@type":"PropertyValueSpecification","valueRequired":true,"valueName":"search_term_string"}}],"inLanguage":"es"}]}},"_links":{"self":[{"href":"https:\/\/ticsalutsocial.atoom.space\/es\/wp-json\/wp\/v2\/noticia\/14418","targetHints":{"allow":["GET"]}}],"collection":[{"href":"https:\/\/ticsalutsocial.atoom.space\/es\/wp-json\/wp\/v2\/noticia"}],"about":[{"href":"https:\/\/ticsalutsocial.atoom.space\/es\/wp-json\/wp\/v2\/types\/noticia"}],"author":[{"embeddable":true,"href":"https:\/\/ticsalutsocial.atoom.space\/es\/wp-json\/wp\/v2\/users\/3"}],"wp:featuredmedia":[{"embeddable":true,"href":"https:\/\/ticsalutsocial.atoom.space\/es\/wp-json\/wp\/v2\/media\/14415"}],"wp:attachment":[{"href":"https:\/\/ticsalutsocial.atoom.space\/es\/wp-json\/wp\/v2\/media?parent=14418"}],"wp:term":[{"taxonomy":"etiqueta","embeddable":true,"href":"https:\/\/ticsalutsocial.atoom.space\/es\/wp-json\/wp\/v2\/etiqueta?post=14418"},{"taxonomy":"tipus","embeddable":true,"href":"https:\/\/ticsalutsocial.atoom.space\/es\/wp-json\/wp\/v2\/tipus?post=14418"},{"taxonomy":"topic","embeddable":true,"href":"https:\/\/ticsalutsocial.atoom.space\/es\/wp-json\/wp\/v2\/topic?post=14418"}],"curies":[{"name":"wp","href":"https:\/\/api.w.org\/{rel}","templated":true}]}}