
{"id":14741,"date":"2022-11-18T17:38:59","date_gmt":"2022-11-18T15:38:59","guid":{"rendered":"https:\/\/ticsalutsocial.atoom.space\/noticia\/la-fundacio-tic-salut-social-publica-lextensio-catalana-de-snomed-ct-2022\/"},"modified":"2022-11-28T16:59:18","modified_gmt":"2022-11-28T14:59:18","slug":"la-fundacio-tic-salut-social-publica-lextensio-catalana-de-snomed-ct-2022","status":"publish","type":"noticia","link":"https:\/\/ticsalutsocial.atoom.space\/es\/noticia\/la-fundacio-tic-salut-social-publica-lextensio-catalana-de-snomed-ct-2022\/","title":{"rendered":"La Fundaci\u00f3 TIC Salut Social publica la Extensi\u00f3n catalana de\u00a0SNOMED\u00a0CT\u00a02022"},"content":{"rendered":"\n<p>El equipo de Interoperabilidad y Tecnolog\u00edas de la Fundaci\u00f3n TIC Salud Social ha publicado la Extensi\u00f3n catalana de\u00a0SNOMED\u00a0CT\u00a02022, que es el est\u00e1ndar terminol\u00f3gico cl\u00ednico aceptado mundialmente en el \u00e1mbito de la salud. La publicaci\u00f3n sigue todos los criterios marcados por <a href=\"https:\/\/www.snomed.org\/\" target=\"_blank\" rel=\"noreferrer noopener\">SNOMED International<\/a>, y como novedad, incluye, entre otros, nuevos conjuntos de referencia del \u00e1mbito social y sanitario.<\/p>\n\n\n\n<p>SNOMED\u00a0CT\u00a0es un est\u00e1ndar internacional colaborativo dise\u00f1ado espec\u00edficamente para el intercambio de informaci\u00f3n sanitaria electr\u00f3nica y para registrar y compartir datos cl\u00ednicos. En otras palabras, la utilizaci\u00f3n de este est\u00e1ndar permite a los sistemas y en los centros de salud de todo el mundo interpretar los datos del mismo modo; es decir, normalizar la terminolog\u00eda empleada por tal presentar la informaci\u00f3n de forma adecuada, precisa e inequ\u00edvoca, y conseguir la interoperabilidad sem\u00e1ntica entre todas las partes que intervienen en los diferentes procesos.<\/p>\n\n\n\n<p><strong>La Extensi\u00f3n catalana de\u00a0SNOMED\u00a0CT\u00a02022 compilaci\u00f3n todos los conceptos, descripciones y relaciones en catal\u00e1n y castellano utilizados dentro del territorio<\/strong>, as\u00ed como los diferentes conjuntos de referencia empleados en un amplio abanico de \u00e1mbitos de la sanidad catalana y social.<\/p>\n\n\n\n<h2 class=\"wp-block-heading\"><strong>Centro de referencia de\u00a0SNOMED\u00a0CT\u00a0en Catalu\u00f1a<\/strong><\/h2>\n\n\n\n<p>El equipo de Interoperabilidad y Tecnolog\u00edas de la Fundaci\u00f3n TIC Salud Social es, desde el 2011, el Centro Nacional de Referencia de\u00a0SNOMED\u00a0CT\u00a0en Catalu\u00f1a y, por lo tanto, el encargado de mantener y actualizar la Extensi\u00f3n catalana y sus conjuntos de referencia, seg\u00fan las necesidades del Sistema Sanitario Catal\u00e1n. En este sentido, el Director de Transformaci\u00f3n Digital de la Fundaci\u00f3n TIC Salud Social, Fernando\u00a0Leeson, remarca que \u201cla Fundaci\u00f3n est\u00e1 a disposici\u00f3n de todos los profesionales de la salud y el \u00e1mbito social que tengan consultas relacionadas con la Extensi\u00f3n catalana de\u00a0SNOMED\u00a0CT\u201d. A la vez,\u00a0Leeson\u00a0agradece la participaci\u00f3n activa de diferentes grupos de trabajo en la publicaci\u00f3n del 2022: \u201cla publicaci\u00f3n no solo ofrece contenido idiom\u00e1tico valioso para el sistema, sino que tambi\u00e9n incluye grupos de conceptos hechos en colaboraci\u00f3n con grupos de trabajo de profesionales cl\u00ednicos y del \u00e1mbito social de diferentes centros de Catalu\u00f1a a partir de sus necesidades\u201d.<\/p>\n\n\n\n<p>La nueva actualizaci\u00f3n de la Extensi\u00f3n catalana de\u00a0SNOMED\u00a0CT\u00a0incluye, por ejemplo, subconjuntos para termas relacionados con anatom\u00eda patol\u00f3gica, t\u00e9cnicas de microbiolog\u00eda, criba del c\u00e1ncer, antibi\u00f3ticos, exploraci\u00f3n neurol\u00f3gica, trastornos al\u00e9rgicos,\u00a0mHealth, y respuestas y factores de riesgo del \u00e1mbito social.<\/p>\n\n\n\n<h2 class=\"wp-block-heading\">C\u00f3mo obtener la Extensi\u00f3n catalana de\u00a0SNOMED\u00a0CT\u00a02022?<\/h2>\n\n\n\n<p>Para solicitar la extensi\u00f3n catalana de\u00a0SNOMED\u00a0CT\u00a02022 se ha habilitado este<strong> <\/strong><a href=\"https:\/\/ticsalutsocial.atoom.space\/formulari-dobtencio-de-snomed-ct-2\/\"><strong>formulari<\/strong><\/a>o en el apartado de Interoperabilidad y Tecnolog\u00edas de la web de la Fundaci\u00f3n TIC Salud Social. Las personas interesadas tendr\u00e1n que identificarse e indicar el uso por el cual se solicita la licencia.<\/p>\n","protected":false},"author":12,"featured_media":14662,"menu_order":0,"template":"","meta":{"_acf_changed":false,"inline_featured_image":false},"etiqueta":[],"tipus":[84],"topic":[],"class_list":["post-14741","noticia","type-noticia","status-publish","has-post-thumbnail","hentry","tipus-oficina-interoperabilidad"],"acf":{"finalitzat":false,"tipus_plantilla":"objectius","template_objectius":{"cont_principal":"","imatge":14662,"cont_seguent":{"titol":"","contingut":""},"seccio_llistat":{"titol":"","llistat":false},"objectius":{"titol":"","objectius":false},"documents":false},"autor":"","imatge":false,"textos_destacats":[{"texte":"SNOMED CT es un est\u00e1ndar dise\u00f1ado espec\u00edficamente para el intercambio de informaci\u00f3n sanitaria electr\u00f3nica y para registrar y compartir datos cl\u00ednicos en registros electr\u00f3nicos de salud"}],"documents":false},"yoast_head":"<!-- This site is optimized with the Yoast SEO plugin v27.1.1 - https:\/\/yoast.com\/product\/yoast-seo-wordpress\/ -->\n<title>La Fundaci\u00f3 TIC Salut Social publica la Extensi\u00f3n catalana de\u00a0SNOMED\u00a0CT\u00a02022 - Fundaci\u00f3 TIC Salut i Social<\/title>\n<meta name=\"description\" content=\"SNOMED CT \u00e9s un est\u00e0ndard dissenyat espec\u00edficament per a l&#039;intercanvi d&#039;informaci\u00f3 sanit\u00e0ria electr\u00f2nica i per registrar i compartir dades cl\u00edniques en registres electr\u00f2nics de salut\" \/>\n<meta name=\"robots\" content=\"index, follow, max-snippet:-1, max-image-preview:large, max-video-preview:-1\" \/>\n<link rel=\"canonical\" href=\"https:\/\/ticsalutsocial.atoom.space\/es\/noticia\/la-fundacio-tic-salut-social-publica-lextensio-catalana-de-snomed-ct-2022\/\" \/>\n<meta property=\"og:locale\" content=\"es_ES\" \/>\n<meta property=\"og:type\" content=\"article\" \/>\n<meta property=\"og:title\" content=\"La Fundaci\u00f3 TIC Salut Social publica la Extensi\u00f3n catalana de\u00a0SNOMED\u00a0CT\u00a02022 - Fundaci\u00f3 TIC Salut i Social\" \/>\n<meta property=\"og:description\" content=\"SNOMED CT \u00e9s un est\u00e0ndard dissenyat espec\u00edficament per a l&#039;intercanvi d&#039;informaci\u00f3 sanit\u00e0ria electr\u00f2nica i per registrar i compartir dades cl\u00edniques en registres electr\u00f2nics de salut\" \/>\n<meta property=\"og:url\" content=\"https:\/\/ticsalutsocial.atoom.space\/es\/noticia\/la-fundacio-tic-salut-social-publica-lextensio-catalana-de-snomed-ct-2022\/\" \/>\n<meta property=\"og:site_name\" content=\"Fundaci\u00f3 TIC Salut i Social\" \/>\n<meta property=\"article:modified_time\" content=\"2022-11-28T14:59:18+00:00\" \/>\n<meta property=\"og:image\" content=\"https:\/\/ticsalutsocial.atoom.space\/wp-content\/uploads\/2022\/11\/extensio-catalana-SNOMED.jpg\" \/>\n\t<meta property=\"og:image:width\" content=\"2560\" \/>\n\t<meta property=\"og:image:height\" content=\"1707\" \/>\n\t<meta property=\"og:image:type\" content=\"image\/jpeg\" \/>\n<meta name=\"twitter:card\" content=\"summary_large_image\" \/>\n<meta name=\"twitter:label1\" content=\"Tiempo de lectura\" \/>\n\t<meta name=\"twitter:data1\" content=\"2 minutos\" \/>\n<script type=\"application\/ld+json\" class=\"yoast-schema-graph\">{\"@context\":\"https:\/\/schema.org\",\"@graph\":[{\"@type\":\"WebPage\",\"@id\":\"https:\/\/ticsalutsocial.atoom.space\/es\/noticia\/la-fundacio-tic-salut-social-publica-lextensio-catalana-de-snomed-ct-2022\/\",\"url\":\"https:\/\/ticsalutsocial.atoom.space\/es\/noticia\/la-fundacio-tic-salut-social-publica-lextensio-catalana-de-snomed-ct-2022\/\",\"name\":\"La Fundaci\u00f3 TIC Salut Social publica la Extensi\u00f3n catalana de\u00a0SNOMED\u00a0CT\u00a02022 - Fundaci\u00f3 TIC Salut i Social\",\"isPartOf\":{\"@id\":\"https:\/\/ticsalutsocial.atoom.space\/es\/#website\"},\"primaryImageOfPage\":{\"@id\":\"https:\/\/ticsalutsocial.atoom.space\/es\/noticia\/la-fundacio-tic-salut-social-publica-lextensio-catalana-de-snomed-ct-2022\/#primaryimage\"},\"image\":{\"@id\":\"https:\/\/ticsalutsocial.atoom.space\/es\/noticia\/la-fundacio-tic-salut-social-publica-lextensio-catalana-de-snomed-ct-2022\/#primaryimage\"},\"thumbnailUrl\":\"https:\/\/ticsalutsocial.atoom.space\/wp-content\/uploads\/2022\/11\/extensio-catalana-SNOMED.jpg\",\"datePublished\":\"2022-11-18T15:38:59+00:00\",\"dateModified\":\"2022-11-28T14:59:18+00:00\",\"description\":\"SNOMED CT \u00e9s un est\u00e0ndard dissenyat espec\u00edficament per a l'intercanvi d'informaci\u00f3 sanit\u00e0ria electr\u00f2nica i per registrar i compartir dades cl\u00edniques en registres electr\u00f2nics de salut\",\"breadcrumb\":{\"@id\":\"https:\/\/ticsalutsocial.atoom.space\/es\/noticia\/la-fundacio-tic-salut-social-publica-lextensio-catalana-de-snomed-ct-2022\/#breadcrumb\"},\"inLanguage\":\"es\",\"potentialAction\":[{\"@type\":\"ReadAction\",\"target\":[\"https:\/\/ticsalutsocial.atoom.space\/es\/noticia\/la-fundacio-tic-salut-social-publica-lextensio-catalana-de-snomed-ct-2022\/\"]}]},{\"@type\":\"ImageObject\",\"inLanguage\":\"es\",\"@id\":\"https:\/\/ticsalutsocial.atoom.space\/es\/noticia\/la-fundacio-tic-salut-social-publica-lextensio-catalana-de-snomed-ct-2022\/#primaryimage\",\"url\":\"https:\/\/ticsalutsocial.atoom.space\/wp-content\/uploads\/2022\/11\/extensio-catalana-SNOMED.jpg\",\"contentUrl\":\"https:\/\/ticsalutsocial.atoom.space\/wp-content\/uploads\/2022\/11\/extensio-catalana-SNOMED.jpg\",\"width\":2560,\"height\":1707},{\"@type\":\"BreadcrumbList\",\"@id\":\"https:\/\/ticsalutsocial.atoom.space\/es\/noticia\/la-fundacio-tic-salut-social-publica-lextensio-catalana-de-snomed-ct-2022\/#breadcrumb\",\"itemListElement\":[{\"@type\":\"ListItem\",\"position\":1,\"name\":\"Inici\",\"item\":\"https:\/\/ticsalutsocial.atoom.space\/es\/\"},{\"@type\":\"ListItem\",\"position\":2,\"name\":\"La Fundaci\u00f3 TIC Salut Social publica la Extensi\u00f3n catalana de\u00a0SNOMED\u00a0CT\u00a02022\"}]},{\"@type\":\"WebSite\",\"@id\":\"https:\/\/ticsalutsocial.atoom.space\/es\/#website\",\"url\":\"https:\/\/ticsalutsocial.atoom.space\/es\/\",\"name\":\"Fundaci\u00f3 TIC Salut i Social\",\"description\":\"\",\"potentialAction\":[{\"@type\":\"SearchAction\",\"target\":{\"@type\":\"EntryPoint\",\"urlTemplate\":\"https:\/\/ticsalutsocial.atoom.space\/es\/?s={search_term_string}\"},\"query-input\":{\"@type\":\"PropertyValueSpecification\",\"valueRequired\":true,\"valueName\":\"search_term_string\"}}],\"inLanguage\":\"es\"}]}<\/script>\n<!-- \/ Yoast SEO plugin. -->","yoast_head_json":{"title":"La Fundaci\u00f3 TIC Salut Social publica la Extensi\u00f3n catalana de\u00a0SNOMED\u00a0CT\u00a02022 - Fundaci\u00f3 TIC Salut i Social","description":"SNOMED CT \u00e9s un est\u00e0ndard dissenyat espec\u00edficament per a l'intercanvi d'informaci\u00f3 sanit\u00e0ria electr\u00f2nica i per registrar i compartir dades cl\u00edniques en registres electr\u00f2nics de salut","robots":{"index":"index","follow":"follow","max-snippet":"max-snippet:-1","max-image-preview":"max-image-preview:large","max-video-preview":"max-video-preview:-1"},"canonical":"https:\/\/ticsalutsocial.atoom.space\/es\/noticia\/la-fundacio-tic-salut-social-publica-lextensio-catalana-de-snomed-ct-2022\/","og_locale":"es_ES","og_type":"article","og_title":"La Fundaci\u00f3 TIC Salut Social publica la Extensi\u00f3n catalana de\u00a0SNOMED\u00a0CT\u00a02022 - Fundaci\u00f3 TIC Salut i Social","og_description":"SNOMED CT \u00e9s un est\u00e0ndard dissenyat espec\u00edficament per a l'intercanvi d'informaci\u00f3 sanit\u00e0ria electr\u00f2nica i per registrar i compartir dades cl\u00edniques en registres electr\u00f2nics de salut","og_url":"https:\/\/ticsalutsocial.atoom.space\/es\/noticia\/la-fundacio-tic-salut-social-publica-lextensio-catalana-de-snomed-ct-2022\/","og_site_name":"Fundaci\u00f3 TIC Salut i Social","article_modified_time":"2022-11-28T14:59:18+00:00","og_image":[{"width":2560,"height":1707,"url":"https:\/\/ticsalutsocial.atoom.space\/wp-content\/uploads\/2022\/11\/extensio-catalana-SNOMED.jpg","type":"image\/jpeg"}],"twitter_card":"summary_large_image","twitter_misc":{"Tiempo de lectura":"2 minutos"},"schema":{"@context":"https:\/\/schema.org","@graph":[{"@type":"WebPage","@id":"https:\/\/ticsalutsocial.atoom.space\/es\/noticia\/la-fundacio-tic-salut-social-publica-lextensio-catalana-de-snomed-ct-2022\/","url":"https:\/\/ticsalutsocial.atoom.space\/es\/noticia\/la-fundacio-tic-salut-social-publica-lextensio-catalana-de-snomed-ct-2022\/","name":"La Fundaci\u00f3 TIC Salut Social publica la Extensi\u00f3n catalana de\u00a0SNOMED\u00a0CT\u00a02022 - Fundaci\u00f3 TIC Salut i Social","isPartOf":{"@id":"https:\/\/ticsalutsocial.atoom.space\/es\/#website"},"primaryImageOfPage":{"@id":"https:\/\/ticsalutsocial.atoom.space\/es\/noticia\/la-fundacio-tic-salut-social-publica-lextensio-catalana-de-snomed-ct-2022\/#primaryimage"},"image":{"@id":"https:\/\/ticsalutsocial.atoom.space\/es\/noticia\/la-fundacio-tic-salut-social-publica-lextensio-catalana-de-snomed-ct-2022\/#primaryimage"},"thumbnailUrl":"https:\/\/ticsalutsocial.atoom.space\/wp-content\/uploads\/2022\/11\/extensio-catalana-SNOMED.jpg","datePublished":"2022-11-18T15:38:59+00:00","dateModified":"2022-11-28T14:59:18+00:00","description":"SNOMED CT \u00e9s un est\u00e0ndard dissenyat espec\u00edficament per a l'intercanvi d'informaci\u00f3 sanit\u00e0ria electr\u00f2nica i per registrar i compartir dades cl\u00edniques en registres electr\u00f2nics de salut","breadcrumb":{"@id":"https:\/\/ticsalutsocial.atoom.space\/es\/noticia\/la-fundacio-tic-salut-social-publica-lextensio-catalana-de-snomed-ct-2022\/#breadcrumb"},"inLanguage":"es","potentialAction":[{"@type":"ReadAction","target":["https:\/\/ticsalutsocial.atoom.space\/es\/noticia\/la-fundacio-tic-salut-social-publica-lextensio-catalana-de-snomed-ct-2022\/"]}]},{"@type":"ImageObject","inLanguage":"es","@id":"https:\/\/ticsalutsocial.atoom.space\/es\/noticia\/la-fundacio-tic-salut-social-publica-lextensio-catalana-de-snomed-ct-2022\/#primaryimage","url":"https:\/\/ticsalutsocial.atoom.space\/wp-content\/uploads\/2022\/11\/extensio-catalana-SNOMED.jpg","contentUrl":"https:\/\/ticsalutsocial.atoom.space\/wp-content\/uploads\/2022\/11\/extensio-catalana-SNOMED.jpg","width":2560,"height":1707},{"@type":"BreadcrumbList","@id":"https:\/\/ticsalutsocial.atoom.space\/es\/noticia\/la-fundacio-tic-salut-social-publica-lextensio-catalana-de-snomed-ct-2022\/#breadcrumb","itemListElement":[{"@type":"ListItem","position":1,"name":"Inici","item":"https:\/\/ticsalutsocial.atoom.space\/es\/"},{"@type":"ListItem","position":2,"name":"La Fundaci\u00f3 TIC Salut Social publica la Extensi\u00f3n catalana de\u00a0SNOMED\u00a0CT\u00a02022"}]},{"@type":"WebSite","@id":"https:\/\/ticsalutsocial.atoom.space\/es\/#website","url":"https:\/\/ticsalutsocial.atoom.space\/es\/","name":"Fundaci\u00f3 TIC Salut i Social","description":"","potentialAction":[{"@type":"SearchAction","target":{"@type":"EntryPoint","urlTemplate":"https:\/\/ticsalutsocial.atoom.space\/es\/?s={search_term_string}"},"query-input":{"@type":"PropertyValueSpecification","valueRequired":true,"valueName":"search_term_string"}}],"inLanguage":"es"}]}},"_links":{"self":[{"href":"https:\/\/ticsalutsocial.atoom.space\/es\/wp-json\/wp\/v2\/noticia\/14741","targetHints":{"allow":["GET"]}}],"collection":[{"href":"https:\/\/ticsalutsocial.atoom.space\/es\/wp-json\/wp\/v2\/noticia"}],"about":[{"href":"https:\/\/ticsalutsocial.atoom.space\/es\/wp-json\/wp\/v2\/types\/noticia"}],"author":[{"embeddable":true,"href":"https:\/\/ticsalutsocial.atoom.space\/es\/wp-json\/wp\/v2\/users\/12"}],"wp:featuredmedia":[{"embeddable":true,"href":"https:\/\/ticsalutsocial.atoom.space\/es\/wp-json\/wp\/v2\/media\/14662"}],"wp:attachment":[{"href":"https:\/\/ticsalutsocial.atoom.space\/es\/wp-json\/wp\/v2\/media?parent=14741"}],"wp:term":[{"taxonomy":"etiqueta","embeddable":true,"href":"https:\/\/ticsalutsocial.atoom.space\/es\/wp-json\/wp\/v2\/etiqueta?post=14741"},{"taxonomy":"tipus","embeddable":true,"href":"https:\/\/ticsalutsocial.atoom.space\/es\/wp-json\/wp\/v2\/tipus?post=14741"},{"taxonomy":"topic","embeddable":true,"href":"https:\/\/ticsalutsocial.atoom.space\/es\/wp-json\/wp\/v2\/topic?post=14741"}],"curies":[{"name":"wp","href":"https:\/\/api.w.org\/{rel}","templated":true}]}}