
{"id":14791,"date":"2022-12-07T14:17:08","date_gmt":"2022-12-07T12:17:08","guid":{"rendered":"https:\/\/ticsalutsocial.atoom.space\/noticia\/estudi-competencies-tic-professionals-sanitaris-catalunya\/"},"modified":"2022-12-29T09:59:18","modified_gmt":"2022-12-29T07:59:18","slug":"estudi-competencies-tic-professionals-sanitaris-catalunya","status":"publish","type":"noticia","link":"https:\/\/ticsalutsocial.atoom.space\/es\/noticia\/estudi-competencies-tic-professionals-sanitaris-catalunya\/","title":{"rendered":"Publicado un estudio sobre las competencias TIC de los profesionales sanitarios de Catalu\u00f1a"},"content":{"rendered":"<p>La revista <a href=\"https:\/\/jmirpublications.com\/\">JMIR<\/a> ha publicado recientmente <a href=\"https:\/\/www.jmir.org\/2022\/11\/e38347\"><em>Measuring the Digital Skills of Catalan Health Care Professionals as a Key Step Toward a Strategic Training Plan: Digital Competence Test Validation Study<\/em><\/a><em>. <\/em>Se trata de un estudio enmarcado en el proyecto\u00a0<a href=\"https:\/\/ticsalutsocial.atoom.space\/noticia\/iniciat-el-projecte-competencies-digitals-dels-professionals-de-salut-compdig-salut\/\">COMPDIG-Salut<\/a>\/Reto 4 del F\u00f3rum de Di\u00e1logo profesional y liderado por la <em>Fundaci\u00f3 TIC Salut Social<\/em>.<\/p>\n<p>Este estudio buscaba analizar el nivel actual de competencias en materia TIC de los profesionales sanitarios activos de Catalu\u00f1a para obtener una visi\u00f3n aproximada de las necesidades de formaci\u00f3n en este \u00e1mbito y realizar las acciones oportunas.<\/p>\n<p>Un total de <strong>803 profesionales<\/strong> realizaron la encuesta entre Junio y Julio del 2021. Los resultados del estudio indican que los participantes tienen mayoritariamente un nivel de conocimiento por debajo del ACTIC 2.<\/p>\n<p>El estudio tambi\u00e9n muestra las necesidades en formaci\u00f3n seg\u00fan las preferencias que indican los mismos profesionales. Las conclusiones se\u00f1alan la <strong>necesidad de mejorar las competencias digitales de los profesionales sanitarios que trabajan en Catalu\u00f1a<\/strong>. Tambi\u00e9n destaca la <strong>necesidad de crear estrategias formativas espec\u00edficas para los diferentes perfiles profesionales del sector.<\/strong><\/p>\n<p>&nbsp;<\/p>\n<h3><strong>Referencia<\/strong><\/h3>\n<p>Reixach E, Andr\u00e9s E, Sallent Ribes J, Gea-S\u00e1nchez M, \u00c0vila L\u00f3pez A, Crua\u00f1as B, Gonz\u00e1lez Abad A, Faura R, Guitert M, Romeu T, Hern\u00e1ndez-Encuentra E, Bravo-Ramirez S, Saig\u00ed-Rubi\u00f3 F.\u00a0 Measuring the Digital Skills of Catalan Health Care Professionals as a Key Step Toward a Strategic Training Plan: Digital Competence Test Validation Study.<em> J Med Internet Res 2022<\/em>;24(11):e38347. DOI: 10.2196\/38347doi:10.2196\/38347<\/p>\n<p>&nbsp;<\/p>\n<p>&nbsp;<\/p>\n<p>&nbsp;<\/p>\n","protected":false},"author":3,"featured_media":14790,"menu_order":0,"template":"","meta":{"_acf_changed":false,"inline_featured_image":false},"etiqueta":[],"tipus":[],"topic":[123],"class_list":["post-14791","noticia","type-noticia","status-publish","has-post-thumbnail","hentry","topic-actualidad"],"acf":{"finalitzat":false,"tipus_plantilla":"objectius","template_objectius":{"cont_principal":"","imatge":false,"cont_seguent":{"titol":"","contingut":""},"seccio_llistat":{"titol":"","llistat":false},"objectius":{"titol":"","objectius":false},"documents":false},"autor":"","imatge":14790,"textos_destacats":[{"texte":"Los resultados del estudio indican que los participantes tienen un nivel de conocimiento\u00a0por debajo del ACTIC 2"}],"documents":false},"yoast_head":"<!-- This site is optimized with the Yoast SEO plugin v27.1.1 - https:\/\/yoast.com\/product\/yoast-seo-wordpress\/ -->\n<title>Publicado un estudio sobre las competencias TIC de los profesionales sanitarios de Catalu\u00f1a - Fundaci\u00f3 TIC Salut i Social<\/title>\n<meta name=\"robots\" content=\"index, follow, max-snippet:-1, max-image-preview:large, max-video-preview:-1\" \/>\n<link rel=\"canonical\" href=\"https:\/\/ticsalutsocial.atoom.space\/es\/noticia\/estudi-competencies-tic-professionals-sanitaris-catalunya\/\" \/>\n<meta property=\"og:locale\" content=\"es_ES\" \/>\n<meta property=\"og:type\" content=\"article\" \/>\n<meta property=\"og:title\" content=\"Publicado un estudio sobre las competencias TIC de los profesionales sanitarios de Catalu\u00f1a - Fundaci\u00f3 TIC Salut i Social\" \/>\n<meta property=\"og:description\" content=\"La revista JMIR ha publicado recientmente Measuring the Digital Skills of Catalan Health Care Professionals as a Key Step Toward a Strategic Training Plan: Digital Competence Test Validation Study. Se trata de un estudio enmarcado en el proyecto\u00a0COMPDIG-Salut\/Reto 4 del F\u00f3rum de Di\u00e1logo profesional y liderado por la Fundaci\u00f3 TIC Salut Social. Este estudio buscaba [&hellip;]\" \/>\n<meta property=\"og:url\" content=\"https:\/\/ticsalutsocial.atoom.space\/es\/noticia\/estudi-competencies-tic-professionals-sanitaris-catalunya\/\" \/>\n<meta property=\"og:site_name\" content=\"Fundaci\u00f3 TIC Salut i Social\" \/>\n<meta property=\"article:modified_time\" content=\"2022-12-29T07:59:18+00:00\" \/>\n<meta property=\"og:image\" content=\"https:\/\/ticsalutsocial.atoom.space\/wp-content\/uploads\/2022\/12\/pexels-flex-point-security-12473878-scaled.jpg\" \/>\n\t<meta property=\"og:image:width\" content=\"2560\" \/>\n\t<meta property=\"og:image:height\" content=\"1707\" \/>\n\t<meta property=\"og:image:type\" content=\"image\/jpeg\" \/>\n<meta name=\"twitter:card\" content=\"summary_large_image\" \/>\n<meta name=\"twitter:label1\" content=\"Tiempo de lectura\" \/>\n\t<meta name=\"twitter:data1\" content=\"1 minuto\" \/>\n<script type=\"application\/ld+json\" class=\"yoast-schema-graph\">{\"@context\":\"https:\/\/schema.org\",\"@graph\":[{\"@type\":\"WebPage\",\"@id\":\"https:\/\/ticsalutsocial.atoom.space\/es\/noticia\/estudi-competencies-tic-professionals-sanitaris-catalunya\/\",\"url\":\"https:\/\/ticsalutsocial.atoom.space\/es\/noticia\/estudi-competencies-tic-professionals-sanitaris-catalunya\/\",\"name\":\"Publicado un estudio sobre las competencias TIC de los profesionales sanitarios de Catalu\u00f1a - Fundaci\u00f3 TIC Salut i Social\",\"isPartOf\":{\"@id\":\"https:\/\/ticsalutsocial.atoom.space\/es\/#website\"},\"primaryImageOfPage\":{\"@id\":\"https:\/\/ticsalutsocial.atoom.space\/es\/noticia\/estudi-competencies-tic-professionals-sanitaris-catalunya\/#primaryimage\"},\"image\":{\"@id\":\"https:\/\/ticsalutsocial.atoom.space\/es\/noticia\/estudi-competencies-tic-professionals-sanitaris-catalunya\/#primaryimage\"},\"thumbnailUrl\":\"https:\/\/ticsalutsocial.atoom.space\/wp-content\/uploads\/2022\/12\/pexels-flex-point-security-12473878-scaled.jpg\",\"datePublished\":\"2022-12-07T12:17:08+00:00\",\"dateModified\":\"2022-12-29T07:59:18+00:00\",\"breadcrumb\":{\"@id\":\"https:\/\/ticsalutsocial.atoom.space\/es\/noticia\/estudi-competencies-tic-professionals-sanitaris-catalunya\/#breadcrumb\"},\"inLanguage\":\"es\",\"potentialAction\":[{\"@type\":\"ReadAction\",\"target\":[\"https:\/\/ticsalutsocial.atoom.space\/es\/noticia\/estudi-competencies-tic-professionals-sanitaris-catalunya\/\"]}]},{\"@type\":\"ImageObject\",\"inLanguage\":\"es\",\"@id\":\"https:\/\/ticsalutsocial.atoom.space\/es\/noticia\/estudi-competencies-tic-professionals-sanitaris-catalunya\/#primaryimage\",\"url\":\"https:\/\/ticsalutsocial.atoom.space\/wp-content\/uploads\/2022\/12\/pexels-flex-point-security-12473878-scaled.jpg\",\"contentUrl\":\"https:\/\/ticsalutsocial.atoom.space\/wp-content\/uploads\/2022\/12\/pexels-flex-point-security-12473878-scaled.jpg\",\"width\":2560,\"height\":1707},{\"@type\":\"BreadcrumbList\",\"@id\":\"https:\/\/ticsalutsocial.atoom.space\/es\/noticia\/estudi-competencies-tic-professionals-sanitaris-catalunya\/#breadcrumb\",\"itemListElement\":[{\"@type\":\"ListItem\",\"position\":1,\"name\":\"Inici\",\"item\":\"https:\/\/ticsalutsocial.atoom.space\/es\/\"},{\"@type\":\"ListItem\",\"position\":2,\"name\":\"Publicado un estudio sobre las competencias TIC de los profesionales sanitarios de Catalu\u00f1a\"}]},{\"@type\":\"WebSite\",\"@id\":\"https:\/\/ticsalutsocial.atoom.space\/es\/#website\",\"url\":\"https:\/\/ticsalutsocial.atoom.space\/es\/\",\"name\":\"Fundaci\u00f3 TIC Salut i Social\",\"description\":\"\",\"potentialAction\":[{\"@type\":\"SearchAction\",\"target\":{\"@type\":\"EntryPoint\",\"urlTemplate\":\"https:\/\/ticsalutsocial.atoom.space\/es\/?s={search_term_string}\"},\"query-input\":{\"@type\":\"PropertyValueSpecification\",\"valueRequired\":true,\"valueName\":\"search_term_string\"}}],\"inLanguage\":\"es\"}]}<\/script>\n<!-- \/ Yoast SEO plugin. -->","yoast_head_json":{"title":"Publicado un estudio sobre las competencias TIC de los profesionales sanitarios de Catalu\u00f1a - Fundaci\u00f3 TIC Salut i Social","robots":{"index":"index","follow":"follow","max-snippet":"max-snippet:-1","max-image-preview":"max-image-preview:large","max-video-preview":"max-video-preview:-1"},"canonical":"https:\/\/ticsalutsocial.atoom.space\/es\/noticia\/estudi-competencies-tic-professionals-sanitaris-catalunya\/","og_locale":"es_ES","og_type":"article","og_title":"Publicado un estudio sobre las competencias TIC de los profesionales sanitarios de Catalu\u00f1a - Fundaci\u00f3 TIC Salut i Social","og_description":"La revista JMIR ha publicado recientmente Measuring the Digital Skills of Catalan Health Care Professionals as a Key Step Toward a Strategic Training Plan: Digital Competence Test Validation Study. Se trata de un estudio enmarcado en el proyecto\u00a0COMPDIG-Salut\/Reto 4 del F\u00f3rum de Di\u00e1logo profesional y liderado por la Fundaci\u00f3 TIC Salut Social. Este estudio buscaba [&hellip;]","og_url":"https:\/\/ticsalutsocial.atoom.space\/es\/noticia\/estudi-competencies-tic-professionals-sanitaris-catalunya\/","og_site_name":"Fundaci\u00f3 TIC Salut i Social","article_modified_time":"2022-12-29T07:59:18+00:00","og_image":[{"width":2560,"height":1707,"url":"https:\/\/ticsalutsocial.atoom.space\/wp-content\/uploads\/2022\/12\/pexels-flex-point-security-12473878-scaled.jpg","type":"image\/jpeg"}],"twitter_card":"summary_large_image","twitter_misc":{"Tiempo de lectura":"1 minuto"},"schema":{"@context":"https:\/\/schema.org","@graph":[{"@type":"WebPage","@id":"https:\/\/ticsalutsocial.atoom.space\/es\/noticia\/estudi-competencies-tic-professionals-sanitaris-catalunya\/","url":"https:\/\/ticsalutsocial.atoom.space\/es\/noticia\/estudi-competencies-tic-professionals-sanitaris-catalunya\/","name":"Publicado un estudio sobre las competencias TIC de los profesionales sanitarios de Catalu\u00f1a - Fundaci\u00f3 TIC Salut i Social","isPartOf":{"@id":"https:\/\/ticsalutsocial.atoom.space\/es\/#website"},"primaryImageOfPage":{"@id":"https:\/\/ticsalutsocial.atoom.space\/es\/noticia\/estudi-competencies-tic-professionals-sanitaris-catalunya\/#primaryimage"},"image":{"@id":"https:\/\/ticsalutsocial.atoom.space\/es\/noticia\/estudi-competencies-tic-professionals-sanitaris-catalunya\/#primaryimage"},"thumbnailUrl":"https:\/\/ticsalutsocial.atoom.space\/wp-content\/uploads\/2022\/12\/pexels-flex-point-security-12473878-scaled.jpg","datePublished":"2022-12-07T12:17:08+00:00","dateModified":"2022-12-29T07:59:18+00:00","breadcrumb":{"@id":"https:\/\/ticsalutsocial.atoom.space\/es\/noticia\/estudi-competencies-tic-professionals-sanitaris-catalunya\/#breadcrumb"},"inLanguage":"es","potentialAction":[{"@type":"ReadAction","target":["https:\/\/ticsalutsocial.atoom.space\/es\/noticia\/estudi-competencies-tic-professionals-sanitaris-catalunya\/"]}]},{"@type":"ImageObject","inLanguage":"es","@id":"https:\/\/ticsalutsocial.atoom.space\/es\/noticia\/estudi-competencies-tic-professionals-sanitaris-catalunya\/#primaryimage","url":"https:\/\/ticsalutsocial.atoom.space\/wp-content\/uploads\/2022\/12\/pexels-flex-point-security-12473878-scaled.jpg","contentUrl":"https:\/\/ticsalutsocial.atoom.space\/wp-content\/uploads\/2022\/12\/pexels-flex-point-security-12473878-scaled.jpg","width":2560,"height":1707},{"@type":"BreadcrumbList","@id":"https:\/\/ticsalutsocial.atoom.space\/es\/noticia\/estudi-competencies-tic-professionals-sanitaris-catalunya\/#breadcrumb","itemListElement":[{"@type":"ListItem","position":1,"name":"Inici","item":"https:\/\/ticsalutsocial.atoom.space\/es\/"},{"@type":"ListItem","position":2,"name":"Publicado un estudio sobre las competencias TIC de los profesionales sanitarios de Catalu\u00f1a"}]},{"@type":"WebSite","@id":"https:\/\/ticsalutsocial.atoom.space\/es\/#website","url":"https:\/\/ticsalutsocial.atoom.space\/es\/","name":"Fundaci\u00f3 TIC Salut i Social","description":"","potentialAction":[{"@type":"SearchAction","target":{"@type":"EntryPoint","urlTemplate":"https:\/\/ticsalutsocial.atoom.space\/es\/?s={search_term_string}"},"query-input":{"@type":"PropertyValueSpecification","valueRequired":true,"valueName":"search_term_string"}}],"inLanguage":"es"}]}},"_links":{"self":[{"href":"https:\/\/ticsalutsocial.atoom.space\/es\/wp-json\/wp\/v2\/noticia\/14791","targetHints":{"allow":["GET"]}}],"collection":[{"href":"https:\/\/ticsalutsocial.atoom.space\/es\/wp-json\/wp\/v2\/noticia"}],"about":[{"href":"https:\/\/ticsalutsocial.atoom.space\/es\/wp-json\/wp\/v2\/types\/noticia"}],"author":[{"embeddable":true,"href":"https:\/\/ticsalutsocial.atoom.space\/es\/wp-json\/wp\/v2\/users\/3"}],"wp:featuredmedia":[{"embeddable":true,"href":"https:\/\/ticsalutsocial.atoom.space\/es\/wp-json\/wp\/v2\/media\/14790"}],"wp:attachment":[{"href":"https:\/\/ticsalutsocial.atoom.space\/es\/wp-json\/wp\/v2\/media?parent=14791"}],"wp:term":[{"taxonomy":"etiqueta","embeddable":true,"href":"https:\/\/ticsalutsocial.atoom.space\/es\/wp-json\/wp\/v2\/etiqueta?post=14791"},{"taxonomy":"tipus","embeddable":true,"href":"https:\/\/ticsalutsocial.atoom.space\/es\/wp-json\/wp\/v2\/tipus?post=14791"},{"taxonomy":"topic","embeddable":true,"href":"https:\/\/ticsalutsocial.atoom.space\/es\/wp-json\/wp\/v2\/topic?post=14791"}],"curies":[{"name":"wp","href":"https:\/\/api.w.org\/{rel}","templated":true}]}}