
{"id":15453,"date":"2023-01-11T10:43:27","date_gmt":"2023-01-11T08:43:27","guid":{"rendered":"https:\/\/ticsalutsocial.atoom.space\/noticia\/catalunya-rep-suport-tecnic-europeu-per-promoure-la-transformacio-digital-dels-sistemes-sanitaris-a-traves-de-la-millora-de-les-competencies-digitals-dels-professionals\/"},"modified":"2023-01-11T10:57:09","modified_gmt":"2023-01-11T08:57:09","slug":"catalunya-rep-suport-tecnic-europeu-per-promoure-la-transformacio-digital-dels-sistemes-sanitaris-a-traves-de-la-millora-de-les-competencies-digitals-dels-professionals","status":"publish","type":"noticia","link":"https:\/\/ticsalutsocial.atoom.space\/es\/noticia\/catalunya-rep-suport-tecnic-europeu-per-promoure-la-transformacio-digital-dels-sistemes-sanitaris-a-traves-de-la-millora-de-les-competencies-digitals-dels-professionals\/","title":{"rendered":"Catalu\u00f1a recibe soporte t\u00e9cnico europeo para promover la transformaci\u00f3n digital de los sistemas sanitarios, a trav\u00e9s de la mejora de las competencias digitales de los profesionales"},"content":{"rendered":"\n<p>La Direcci\u00f3n General de Apoyo a la Reforma Estructural (DG REFORM) de la Comisi\u00f3n Europea, la Fundaci\u00f3n TIC Salut Social, el Ministerio de Asuntos Sociales de Estonia, con la colaboraci\u00f3n de la empresa NTT DATA, la Universitat Oberta de Catalunya (UOC) y la Tallin University of Technology, han iniciado un proyecto de dos a\u00f1os para que las autoridades sanitarias puedan implementar una estrategia para normalizar, evaluar y mejorar las competencias digitales de los profesionales sanitarios. El proyecto, a su vez, espera tener impacto en el refuerzo del acceso y la calidad de los servicios ofrecidos a los ciudadanos.<\/p>\n\n\n\n<p>El proyecto surge de la solicitud de apoyo de la Fundaci\u00f3n TIC Salud Social a la Comisi\u00f3n Europea para dar continuidad al <a href=\"https:\/\/ticsalutsocial.atoom.space\/es\/project\/compdig_salut\/\">Proyecto COMPDIG-Salut<\/a> que operativiza las conclusiones del <a href=\"https:\/\/salutweb.gencat.cat\/ca\/el_departament\/eixos-xiv-legislatura\/forum-dialeg-professional\/grups-treball\/d\/\" target=\"_blank\" rel=\"noreferrer noopener\">Reto 4 del Foro de Di\u00e1logo Profesional<\/a>. \u00c9stas son la elaboraci\u00f3n de contenidos formativos a partir del marco de las competencias digitales de los profesionales sanitarios y la implementaci\u00f3n de itinerarios formativos para los propios profesionales. La Direcci\u00f3n General de Apoyo a la Reforma Estructural (DG REFORM) de la Comisi\u00f3n Europea tiene como misi\u00f3n proporcionar soporte para la preparaci\u00f3n e implementaci\u00f3n de reformas administrativas y estructurales que fomenten el crecimiento en Europa, mediante la movilizaci\u00f3n de fondos y conocimientos t\u00e9cnicos de la Uni\u00f3n Europea.<\/p>\n\n\n\n<p>La Comisi\u00f3n Europea acord\u00f3 dar apoyo t\u00e9cnico a <a href=\"https:\/\/hospeem.org\/wp-content\/uploads\/2022\/12\/Factsheet_REFORM_Health_Digital_example.pdf\" target=\"_blank\" rel=\"noreferrer noopener\">Catalu\u00f1a y Estonia <\/a>por similitud de necesidades en el mismo \u00e1mbito y crear sinergias conjuntas.<\/p>\n\n\n\n<p>Recientemente se han iniciado oficialmente las actividades del proyecto con una reuni\u00f3n de kick off conjunta con Estonia. En posteriores reuniones internas, se han revisado las principales necesidades de Catalu\u00f1a, en base a los resultados obtenidos en COMPDIG-Salut para iniciar las tareas prioritarias del proyecto. Asimismo, en los pr\u00f3ximos meses diferentes agentes clave proveer\u00e1n su conocimiento al proyecto para elaborar la estrategia de capacitaci\u00f3n de profesionales y definir los perfiles de competencia digital de los profesionales sanitarios.<\/p>\n\n\n\n<p>El proyecto est\u00e1 financiado a trav\u00e9s del Technical Support Instrument de la Uni\u00f3n Europea.<\/p>\n\n\n\n<div class=\"wp-block-media-text alignwide is-stacked-on-mobile\" style=\"grid-template-columns:20% auto\"><figure class=\"wp-block-media-text__media\"><img loading=\"lazy\" decoding=\"async\" width=\"510\" height=\"340\" src=\"https:\/\/ticsalutsocial.atoom.space\/wp-content\/uploads\/2023\/01\/Flag_of_Europe.svg.png\" alt=\"\" class=\"wp-image-15447 size-full\" srcset=\"https:\/\/ticsalutsocial.atoom.space\/wp-content\/uploads\/2023\/01\/Flag_of_Europe.svg.png 510w, https:\/\/ticsalutsocial.atoom.space\/wp-content\/uploads\/2023\/01\/Flag_of_Europe.svg-300x200.png 300w\" sizes=\"auto, (max-width: 510px) 100vw, 510px\" \/><\/figure><div class=\"wp-block-media-text__content\">\n<p><\/p>\n<\/div><\/div>\n","protected":false},"author":12,"featured_media":15452,"menu_order":0,"template":"","meta":{"_acf_changed":false,"inline_featured_image":false},"etiqueta":[],"tipus":[],"topic":[127],"class_list":["post-15453","noticia","type-noticia","status-publish","has-post-thumbnail","hentry","topic-proyectos"],"acf":{"finalitzat":false,"tipus_plantilla":"objectius","template_objectius":{"cont_principal":"","imatge":15452,"cont_seguent":{"titol":"","contingut":""},"seccio_llistat":{"titol":"","llistat":false},"objectius":{"titol":"","objectius":false},"documents":false},"autor":"","imatge":false,"textos_destacats":[{"texte":"El apoyo permitir\u00e1 desplegar e implementar el modelo de competencias digitales del proyecto COMPDIG-Salut y el Reto 4 del Foro de Di\u00e1logo Profesional, coordinados por la Fundaci\u00f3n"}],"documents":false},"yoast_head":"<!-- This site is optimized with the Yoast SEO plugin v27.1.1 - https:\/\/yoast.com\/product\/yoast-seo-wordpress\/ -->\n<title>Catalu\u00f1a recibe soporte t\u00e9cnico europeo para promover la transformaci\u00f3n digital de los sistemas sanitarios, a trav\u00e9s de la mejora de las competencias digitales de los profesionales - Fundaci\u00f3 TIC Salut i Social<\/title>\n<meta name=\"description\" content=\"El suport permetr\u00e0 desplegar i implementar el model de compet\u00e8ncies digitals del projecte COMPDIG-Salut i el Repte 4 del F\u00f2rum de Di\u00e0leg Professional, coordinats per la Fundaci\u00f3\" \/>\n<meta name=\"robots\" content=\"index, follow, max-snippet:-1, max-image-preview:large, max-video-preview:-1\" \/>\n<link rel=\"canonical\" href=\"https:\/\/ticsalutsocial.atoom.space\/es\/noticia\/catalunya-rep-suport-tecnic-europeu-per-promoure-la-transformacio-digital-dels-sistemes-sanitaris-a-traves-de-la-millora-de-les-competencies-digitals-dels-professionals\/\" \/>\n<meta property=\"og:locale\" content=\"es_ES\" \/>\n<meta property=\"og:type\" content=\"article\" \/>\n<meta property=\"og:title\" content=\"Catalu\u00f1a recibe soporte t\u00e9cnico europeo para promover la transformaci\u00f3n digital de los sistemas sanitarios, a trav\u00e9s de la mejora de las competencias digitales de los profesionales - Fundaci\u00f3 TIC Salut i Social\" \/>\n<meta property=\"og:description\" content=\"El suport permetr\u00e0 desplegar i implementar el model de compet\u00e8ncies digitals del projecte COMPDIG-Salut i el Repte 4 del F\u00f2rum de Di\u00e0leg Professional, coordinats per la Fundaci\u00f3\" \/>\n<meta property=\"og:url\" content=\"https:\/\/ticsalutsocial.atoom.space\/es\/noticia\/catalunya-rep-suport-tecnic-europeu-per-promoure-la-transformacio-digital-dels-sistemes-sanitaris-a-traves-de-la-millora-de-les-competencies-digitals-dels-professionals\/\" \/>\n<meta property=\"og:site_name\" content=\"Fundaci\u00f3 TIC Salut i Social\" \/>\n<meta property=\"article:modified_time\" content=\"2023-01-11T08:57:09+00:00\" \/>\n<meta property=\"og:image\" content=\"https:\/\/ticsalutsocial.atoom.space\/wp-content\/uploads\/2023\/01\/DG-Reform-Support.jpg\" \/>\n\t<meta property=\"og:image:width\" content=\"2560\" \/>\n\t<meta property=\"og:image:height\" content=\"1920\" \/>\n\t<meta property=\"og:image:type\" content=\"image\/jpeg\" \/>\n<meta name=\"twitter:card\" content=\"summary_large_image\" \/>\n<meta name=\"twitter:label1\" content=\"Tiempo de lectura\" \/>\n\t<meta name=\"twitter:data1\" content=\"2 minutos\" \/>\n<script type=\"application\/ld+json\" class=\"yoast-schema-graph\">{\"@context\":\"https:\/\/schema.org\",\"@graph\":[{\"@type\":\"WebPage\",\"@id\":\"https:\/\/ticsalutsocial.atoom.space\/es\/noticia\/catalunya-rep-suport-tecnic-europeu-per-promoure-la-transformacio-digital-dels-sistemes-sanitaris-a-traves-de-la-millora-de-les-competencies-digitals-dels-professionals\/\",\"url\":\"https:\/\/ticsalutsocial.atoom.space\/es\/noticia\/catalunya-rep-suport-tecnic-europeu-per-promoure-la-transformacio-digital-dels-sistemes-sanitaris-a-traves-de-la-millora-de-les-competencies-digitals-dels-professionals\/\",\"name\":\"Catalu\u00f1a recibe soporte t\u00e9cnico europeo para promover la transformaci\u00f3n digital de los sistemas sanitarios, a trav\u00e9s de la mejora de las competencias digitales de los profesionales - Fundaci\u00f3 TIC Salut i Social\",\"isPartOf\":{\"@id\":\"https:\/\/ticsalutsocial.atoom.space\/es\/#website\"},\"primaryImageOfPage\":{\"@id\":\"https:\/\/ticsalutsocial.atoom.space\/es\/noticia\/catalunya-rep-suport-tecnic-europeu-per-promoure-la-transformacio-digital-dels-sistemes-sanitaris-a-traves-de-la-millora-de-les-competencies-digitals-dels-professionals\/#primaryimage\"},\"image\":{\"@id\":\"https:\/\/ticsalutsocial.atoom.space\/es\/noticia\/catalunya-rep-suport-tecnic-europeu-per-promoure-la-transformacio-digital-dels-sistemes-sanitaris-a-traves-de-la-millora-de-les-competencies-digitals-dels-professionals\/#primaryimage\"},\"thumbnailUrl\":\"https:\/\/ticsalutsocial.atoom.space\/wp-content\/uploads\/2023\/01\/DG-Reform-Support.jpg\",\"datePublished\":\"2023-01-11T08:43:27+00:00\",\"dateModified\":\"2023-01-11T08:57:09+00:00\",\"description\":\"El suport permetr\u00e0 desplegar i implementar el model de compet\u00e8ncies digitals del projecte COMPDIG-Salut i el Repte 4 del F\u00f2rum de Di\u00e0leg Professional, coordinats per la Fundaci\u00f3\",\"breadcrumb\":{\"@id\":\"https:\/\/ticsalutsocial.atoom.space\/es\/noticia\/catalunya-rep-suport-tecnic-europeu-per-promoure-la-transformacio-digital-dels-sistemes-sanitaris-a-traves-de-la-millora-de-les-competencies-digitals-dels-professionals\/#breadcrumb\"},\"inLanguage\":\"es\",\"potentialAction\":[{\"@type\":\"ReadAction\",\"target\":[\"https:\/\/ticsalutsocial.atoom.space\/es\/noticia\/catalunya-rep-suport-tecnic-europeu-per-promoure-la-transformacio-digital-dels-sistemes-sanitaris-a-traves-de-la-millora-de-les-competencies-digitals-dels-professionals\/\"]}]},{\"@type\":\"ImageObject\",\"inLanguage\":\"es\",\"@id\":\"https:\/\/ticsalutsocial.atoom.space\/es\/noticia\/catalunya-rep-suport-tecnic-europeu-per-promoure-la-transformacio-digital-dels-sistemes-sanitaris-a-traves-de-la-millora-de-les-competencies-digitals-dels-professionals\/#primaryimage\",\"url\":\"https:\/\/ticsalutsocial.atoom.space\/wp-content\/uploads\/2023\/01\/DG-Reform-Support.jpg\",\"contentUrl\":\"https:\/\/ticsalutsocial.atoom.space\/wp-content\/uploads\/2023\/01\/DG-Reform-Support.jpg\",\"width\":2560,\"height\":1920},{\"@type\":\"BreadcrumbList\",\"@id\":\"https:\/\/ticsalutsocial.atoom.space\/es\/noticia\/catalunya-rep-suport-tecnic-europeu-per-promoure-la-transformacio-digital-dels-sistemes-sanitaris-a-traves-de-la-millora-de-les-competencies-digitals-dels-professionals\/#breadcrumb\",\"itemListElement\":[{\"@type\":\"ListItem\",\"position\":1,\"name\":\"Inici\",\"item\":\"https:\/\/ticsalutsocial.atoom.space\/es\/\"},{\"@type\":\"ListItem\",\"position\":2,\"name\":\"Catalu\u00f1a recibe soporte t\u00e9cnico europeo para promover la transformaci\u00f3n digital de los sistemas sanitarios, a trav\u00e9s de la mejora de las competencias digitales de los profesionales\"}]},{\"@type\":\"WebSite\",\"@id\":\"https:\/\/ticsalutsocial.atoom.space\/es\/#website\",\"url\":\"https:\/\/ticsalutsocial.atoom.space\/es\/\",\"name\":\"Fundaci\u00f3 TIC Salut i Social\",\"description\":\"\",\"potentialAction\":[{\"@type\":\"SearchAction\",\"target\":{\"@type\":\"EntryPoint\",\"urlTemplate\":\"https:\/\/ticsalutsocial.atoom.space\/es\/?s={search_term_string}\"},\"query-input\":{\"@type\":\"PropertyValueSpecification\",\"valueRequired\":true,\"valueName\":\"search_term_string\"}}],\"inLanguage\":\"es\"}]}<\/script>\n<!-- \/ Yoast SEO plugin. -->","yoast_head_json":{"title":"Catalu\u00f1a recibe soporte t\u00e9cnico europeo para promover la transformaci\u00f3n digital de los sistemas sanitarios, a trav\u00e9s de la mejora de las competencias digitales de los profesionales - Fundaci\u00f3 TIC Salut i Social","description":"El suport permetr\u00e0 desplegar i implementar el model de compet\u00e8ncies digitals del projecte COMPDIG-Salut i el Repte 4 del F\u00f2rum de Di\u00e0leg Professional, coordinats per la Fundaci\u00f3","robots":{"index":"index","follow":"follow","max-snippet":"max-snippet:-1","max-image-preview":"max-image-preview:large","max-video-preview":"max-video-preview:-1"},"canonical":"https:\/\/ticsalutsocial.atoom.space\/es\/noticia\/catalunya-rep-suport-tecnic-europeu-per-promoure-la-transformacio-digital-dels-sistemes-sanitaris-a-traves-de-la-millora-de-les-competencies-digitals-dels-professionals\/","og_locale":"es_ES","og_type":"article","og_title":"Catalu\u00f1a recibe soporte t\u00e9cnico europeo para promover la transformaci\u00f3n digital de los sistemas sanitarios, a trav\u00e9s de la mejora de las competencias digitales de los profesionales - Fundaci\u00f3 TIC Salut i Social","og_description":"El suport permetr\u00e0 desplegar i implementar el model de compet\u00e8ncies digitals del projecte COMPDIG-Salut i el Repte 4 del F\u00f2rum de Di\u00e0leg Professional, coordinats per la Fundaci\u00f3","og_url":"https:\/\/ticsalutsocial.atoom.space\/es\/noticia\/catalunya-rep-suport-tecnic-europeu-per-promoure-la-transformacio-digital-dels-sistemes-sanitaris-a-traves-de-la-millora-de-les-competencies-digitals-dels-professionals\/","og_site_name":"Fundaci\u00f3 TIC Salut i Social","article_modified_time":"2023-01-11T08:57:09+00:00","og_image":[{"width":2560,"height":1920,"url":"https:\/\/ticsalutsocial.atoom.space\/wp-content\/uploads\/2023\/01\/DG-Reform-Support.jpg","type":"image\/jpeg"}],"twitter_card":"summary_large_image","twitter_misc":{"Tiempo de lectura":"2 minutos"},"schema":{"@context":"https:\/\/schema.org","@graph":[{"@type":"WebPage","@id":"https:\/\/ticsalutsocial.atoom.space\/es\/noticia\/catalunya-rep-suport-tecnic-europeu-per-promoure-la-transformacio-digital-dels-sistemes-sanitaris-a-traves-de-la-millora-de-les-competencies-digitals-dels-professionals\/","url":"https:\/\/ticsalutsocial.atoom.space\/es\/noticia\/catalunya-rep-suport-tecnic-europeu-per-promoure-la-transformacio-digital-dels-sistemes-sanitaris-a-traves-de-la-millora-de-les-competencies-digitals-dels-professionals\/","name":"Catalu\u00f1a recibe soporte t\u00e9cnico europeo para promover la transformaci\u00f3n digital de los sistemas sanitarios, a trav\u00e9s de la mejora de las competencias digitales de los profesionales - Fundaci\u00f3 TIC Salut i Social","isPartOf":{"@id":"https:\/\/ticsalutsocial.atoom.space\/es\/#website"},"primaryImageOfPage":{"@id":"https:\/\/ticsalutsocial.atoom.space\/es\/noticia\/catalunya-rep-suport-tecnic-europeu-per-promoure-la-transformacio-digital-dels-sistemes-sanitaris-a-traves-de-la-millora-de-les-competencies-digitals-dels-professionals\/#primaryimage"},"image":{"@id":"https:\/\/ticsalutsocial.atoom.space\/es\/noticia\/catalunya-rep-suport-tecnic-europeu-per-promoure-la-transformacio-digital-dels-sistemes-sanitaris-a-traves-de-la-millora-de-les-competencies-digitals-dels-professionals\/#primaryimage"},"thumbnailUrl":"https:\/\/ticsalutsocial.atoom.space\/wp-content\/uploads\/2023\/01\/DG-Reform-Support.jpg","datePublished":"2023-01-11T08:43:27+00:00","dateModified":"2023-01-11T08:57:09+00:00","description":"El suport permetr\u00e0 desplegar i implementar el model de compet\u00e8ncies digitals del projecte COMPDIG-Salut i el Repte 4 del F\u00f2rum de Di\u00e0leg Professional, coordinats per la Fundaci\u00f3","breadcrumb":{"@id":"https:\/\/ticsalutsocial.atoom.space\/es\/noticia\/catalunya-rep-suport-tecnic-europeu-per-promoure-la-transformacio-digital-dels-sistemes-sanitaris-a-traves-de-la-millora-de-les-competencies-digitals-dels-professionals\/#breadcrumb"},"inLanguage":"es","potentialAction":[{"@type":"ReadAction","target":["https:\/\/ticsalutsocial.atoom.space\/es\/noticia\/catalunya-rep-suport-tecnic-europeu-per-promoure-la-transformacio-digital-dels-sistemes-sanitaris-a-traves-de-la-millora-de-les-competencies-digitals-dels-professionals\/"]}]},{"@type":"ImageObject","inLanguage":"es","@id":"https:\/\/ticsalutsocial.atoom.space\/es\/noticia\/catalunya-rep-suport-tecnic-europeu-per-promoure-la-transformacio-digital-dels-sistemes-sanitaris-a-traves-de-la-millora-de-les-competencies-digitals-dels-professionals\/#primaryimage","url":"https:\/\/ticsalutsocial.atoom.space\/wp-content\/uploads\/2023\/01\/DG-Reform-Support.jpg","contentUrl":"https:\/\/ticsalutsocial.atoom.space\/wp-content\/uploads\/2023\/01\/DG-Reform-Support.jpg","width":2560,"height":1920},{"@type":"BreadcrumbList","@id":"https:\/\/ticsalutsocial.atoom.space\/es\/noticia\/catalunya-rep-suport-tecnic-europeu-per-promoure-la-transformacio-digital-dels-sistemes-sanitaris-a-traves-de-la-millora-de-les-competencies-digitals-dels-professionals\/#breadcrumb","itemListElement":[{"@type":"ListItem","position":1,"name":"Inici","item":"https:\/\/ticsalutsocial.atoom.space\/es\/"},{"@type":"ListItem","position":2,"name":"Catalu\u00f1a recibe soporte t\u00e9cnico europeo para promover la transformaci\u00f3n digital de los sistemas sanitarios, a trav\u00e9s de la mejora de las competencias digitales de los profesionales"}]},{"@type":"WebSite","@id":"https:\/\/ticsalutsocial.atoom.space\/es\/#website","url":"https:\/\/ticsalutsocial.atoom.space\/es\/","name":"Fundaci\u00f3 TIC Salut i Social","description":"","potentialAction":[{"@type":"SearchAction","target":{"@type":"EntryPoint","urlTemplate":"https:\/\/ticsalutsocial.atoom.space\/es\/?s={search_term_string}"},"query-input":{"@type":"PropertyValueSpecification","valueRequired":true,"valueName":"search_term_string"}}],"inLanguage":"es"}]}},"_links":{"self":[{"href":"https:\/\/ticsalutsocial.atoom.space\/es\/wp-json\/wp\/v2\/noticia\/15453","targetHints":{"allow":["GET"]}}],"collection":[{"href":"https:\/\/ticsalutsocial.atoom.space\/es\/wp-json\/wp\/v2\/noticia"}],"about":[{"href":"https:\/\/ticsalutsocial.atoom.space\/es\/wp-json\/wp\/v2\/types\/noticia"}],"author":[{"embeddable":true,"href":"https:\/\/ticsalutsocial.atoom.space\/es\/wp-json\/wp\/v2\/users\/12"}],"wp:featuredmedia":[{"embeddable":true,"href":"https:\/\/ticsalutsocial.atoom.space\/es\/wp-json\/wp\/v2\/media\/15452"}],"wp:attachment":[{"href":"https:\/\/ticsalutsocial.atoom.space\/es\/wp-json\/wp\/v2\/media?parent=15453"}],"wp:term":[{"taxonomy":"etiqueta","embeddable":true,"href":"https:\/\/ticsalutsocial.atoom.space\/es\/wp-json\/wp\/v2\/etiqueta?post=15453"},{"taxonomy":"tipus","embeddable":true,"href":"https:\/\/ticsalutsocial.atoom.space\/es\/wp-json\/wp\/v2\/tipus?post=15453"},{"taxonomy":"topic","embeddable":true,"href":"https:\/\/ticsalutsocial.atoom.space\/es\/wp-json\/wp\/v2\/topic?post=15453"}],"curies":[{"name":"wp","href":"https:\/\/api.w.org\/{rel}","templated":true}]}}