
{"id":15934,"date":"2023-01-27T10:40:52","date_gmt":"2023-01-27T08:40:52","guid":{"rendered":"https:\/\/ticsalutsocial.atoom.space\/noticia\/el-dia-mundial-de-la-proteccio-de-dades\/"},"modified":"2023-01-27T12:32:42","modified_gmt":"2023-01-27T10:32:42","slug":"el-dia-mundial-de-la-proteccio-de-dades","status":"publish","type":"noticia","link":"https:\/\/ticsalutsocial.atoom.space\/es\/noticia\/el-dia-mundial-de-la-proteccio-de-dades\/","title":{"rendered":"El D\u00eda Mundial de la Protecci\u00f3n de Datos"},"content":{"rendered":"<p>En la actual sociedad digital, el vig\u00e9simo octavo d\u00eda del a\u00f1o es la efem\u00e9ride para recordar y sensibilizar a nivel mundial la importancia de proteger nuestros datos personales. El <strong>28 de enero<\/strong> es el <strong>D\u00eda Mundial de la Protecci\u00f3n de Datos<\/strong>, o D\u00eda de la Privacidad como se conoce fuera de Europa, y coincide con el aniversario de la firma del <em><strong>Convenio Mundial 108 por la protecci\u00f3n de datos<\/strong><\/em>. Este convenio ha dado forma a los criterios para regular cuestiones como la privacidad, en Europa y m\u00e1s all\u00e1, en los \u00faltimos 40 a\u00f1os.<\/p>\n<p>Desde la Oficina del Delegado de Protecci\u00f3n de Datos (ODPD) queremos conmemorar este d\u00eda conjuntamente con las entidades de \/Salud adheridas y con el resto del Sistema de Salud de Catalunya. Tambi\u00e9n con toda la ciudadan\u00eda. Por este motivo le compartimos algunos consejos para proteger sus datos personales.<\/p>\n<h3><\/h3>\n<h3>No hag\u00e1is click en cualquier enlace<\/h3>\n<p>Los ataques de phishing han aumentado exponencialmente en los \u00faltimos a\u00f1os y son muy comunes. Suelen llegar a trav\u00e9s del correo electr\u00f3nico, aunque tambi\u00e9n pueden realizarse v\u00eda SMS o aplicaciones de mensajer\u00eda instant\u00e1nea.<\/p>\n<h3><\/h3>\n<h3>Utilizad contrase\u00f1as seguras<\/h3>\n<p>Las contrase\u00f1as deben ser \u00fanicas para cada una de las p\u00e1ginas de navegaci\u00f3n o aplicaciones. Tienen que incluir may\u00fasculas, min\u00fasculas, cifras y s\u00edmbolos. Adem\u00e1s, es necesario actualizarlas cada cierto tiempo y cambiarlas. Es aconsejable utilizar el doble factor de autenticaci\u00f3n siempre que sea posible.<\/p>\n<h3><\/h3>\n<h3>Haced uso de soluciones de seguridad en los dispositivos<\/h3>\n<p>La mayor\u00eda de ataques se producen por error humano. Por tanto, es importante disponer de sistemas de seguridad en todos nuestros dispositivos: antimalware, gestores de contrase\u00f1as o bloqueo de pantallas entre otros que ayuden a proteger sus datos personales.<\/p>\n<p>&nbsp;<\/p>\n<h3>\u00bfEres profesional de \/Salud?<\/h3>\n<p>Recuerda que todas las entidades tienen la figura de la <strong>Coordinadora o Coordinador de Protecci\u00f3n de Datos (CPD)<\/strong>. Dir\u00edgete siempre en caso de detectar cualquier amenaza que comprometa la seguridad de los datos de pacientes u otros datos de tipo personal. Como buenas pr\u00e1cticas en nuestro \u00e1mbito de trabajo es importante evitar conversaciones relativas a pacientes en zonas p\u00fablicas como ascensores o comedores. La documentaci\u00f3n con datos de pacientes debe estar ubicada y guardada en zonas f\u00edsicas o espacios virtuales de acceso restringido. Y no podemos pedir informaci\u00f3n de personas conocidas a compa\u00f1eros con acceso a la Historia Cl\u00ednica Compartida de Catalu\u00f1a (HC3) sin autorizaci\u00f3n escrita.<\/p>\n<p>Si tienes dudas sobre qui\u00e9n es tu CPD de referencia contacta con ODPD a trav\u00e9s del siguiente correo: <a href=\"mailto:dpd@ticsalutsocial.cat\">dpd@ticsalutsocial.cat<\/a><\/p>\n","protected":false},"author":3,"featured_media":15930,"menu_order":0,"template":"","meta":{"_acf_changed":false,"inline_featured_image":false},"etiqueta":[],"tipus":[106],"topic":[121],"class_list":["post-15934","noticia","type-noticia","status-publish","has-post-thumbnail","hentry","tipus-dpd-salud","topic-dpd-es"],"acf":{"finalitzat":false,"tipus_plantilla":"objectius","template_objectius":{"cont_principal":"","imatge":false,"cont_seguent":{"titol":"","contingut":""},"seccio_llistat":{"titol":"","llistat":false},"objectius":{"titol":"","objectius":false},"documents":false},"autor":"","imatge":false,"textos_destacats":[{"texte":"El vig\u00e9simo octavo d\u00eda del a\u00f1o es la efem\u00e9ride para recordar y sensibilizar a nivel mundial la importancia de proteger nuestros datos personales"}],"documents":false},"yoast_head":"<!-- This site is optimized with the Yoast SEO plugin v27.1.1 - https:\/\/yoast.com\/product\/yoast-seo-wordpress\/ -->\n<title>El D\u00eda Mundial de la Protecci\u00f3n de Datos - Fundaci\u00f3 TIC Salut i Social<\/title>\n<meta name=\"robots\" content=\"index, follow, max-snippet:-1, max-image-preview:large, max-video-preview:-1\" \/>\n<link rel=\"canonical\" href=\"https:\/\/ticsalutsocial.atoom.space\/es\/noticia\/el-dia-mundial-de-la-proteccio-de-dades\/\" \/>\n<meta property=\"og:locale\" content=\"es_ES\" \/>\n<meta property=\"og:type\" content=\"article\" \/>\n<meta property=\"og:title\" content=\"El D\u00eda Mundial de la Protecci\u00f3n de Datos - Fundaci\u00f3 TIC Salut i Social\" \/>\n<meta property=\"og:description\" content=\"En la actual sociedad digital, el vig\u00e9simo octavo d\u00eda del a\u00f1o es la efem\u00e9ride para recordar y sensibilizar a nivel mundial la importancia de proteger nuestros datos personales. El 28 de enero es el D\u00eda Mundial de la Protecci\u00f3n de Datos, o D\u00eda de la Privacidad como se conoce fuera de Europa, y coincide con [&hellip;]\" \/>\n<meta property=\"og:url\" content=\"https:\/\/ticsalutsocial.atoom.space\/es\/noticia\/el-dia-mundial-de-la-proteccio-de-dades\/\" \/>\n<meta property=\"og:site_name\" content=\"Fundaci\u00f3 TIC Salut i Social\" \/>\n<meta property=\"article:modified_time\" content=\"2023-01-27T10:32:42+00:00\" \/>\n<meta property=\"og:image\" content=\"https:\/\/ticsalutsocial.atoom.space\/wp-content\/uploads\/2023\/01\/pexels-dan-nelson-4489171-scaled.jpg\" \/>\n\t<meta property=\"og:image:width\" content=\"2560\" \/>\n\t<meta property=\"og:image:height\" content=\"1920\" \/>\n\t<meta property=\"og:image:type\" content=\"image\/jpeg\" \/>\n<meta name=\"twitter:card\" content=\"summary_large_image\" \/>\n<meta name=\"twitter:label1\" content=\"Tiempo de lectura\" \/>\n\t<meta name=\"twitter:data1\" content=\"2 minutos\" \/>\n<script type=\"application\/ld+json\" class=\"yoast-schema-graph\">{\"@context\":\"https:\/\/schema.org\",\"@graph\":[{\"@type\":\"WebPage\",\"@id\":\"https:\/\/ticsalutsocial.atoom.space\/es\/noticia\/el-dia-mundial-de-la-proteccio-de-dades\/\",\"url\":\"https:\/\/ticsalutsocial.atoom.space\/es\/noticia\/el-dia-mundial-de-la-proteccio-de-dades\/\",\"name\":\"El D\u00eda Mundial de la Protecci\u00f3n de Datos - Fundaci\u00f3 TIC Salut i Social\",\"isPartOf\":{\"@id\":\"https:\/\/ticsalutsocial.atoom.space\/es\/#website\"},\"primaryImageOfPage\":{\"@id\":\"https:\/\/ticsalutsocial.atoom.space\/es\/noticia\/el-dia-mundial-de-la-proteccio-de-dades\/#primaryimage\"},\"image\":{\"@id\":\"https:\/\/ticsalutsocial.atoom.space\/es\/noticia\/el-dia-mundial-de-la-proteccio-de-dades\/#primaryimage\"},\"thumbnailUrl\":\"https:\/\/ticsalutsocial.atoom.space\/wp-content\/uploads\/2023\/01\/pexels-dan-nelson-4489171-scaled.jpg\",\"datePublished\":\"2023-01-27T08:40:52+00:00\",\"dateModified\":\"2023-01-27T10:32:42+00:00\",\"breadcrumb\":{\"@id\":\"https:\/\/ticsalutsocial.atoom.space\/es\/noticia\/el-dia-mundial-de-la-proteccio-de-dades\/#breadcrumb\"},\"inLanguage\":\"es\",\"potentialAction\":[{\"@type\":\"ReadAction\",\"target\":[\"https:\/\/ticsalutsocial.atoom.space\/es\/noticia\/el-dia-mundial-de-la-proteccio-de-dades\/\"]}]},{\"@type\":\"ImageObject\",\"inLanguage\":\"es\",\"@id\":\"https:\/\/ticsalutsocial.atoom.space\/es\/noticia\/el-dia-mundial-de-la-proteccio-de-dades\/#primaryimage\",\"url\":\"https:\/\/ticsalutsocial.atoom.space\/wp-content\/uploads\/2023\/01\/pexels-dan-nelson-4489171-scaled.jpg\",\"contentUrl\":\"https:\/\/ticsalutsocial.atoom.space\/wp-content\/uploads\/2023\/01\/pexels-dan-nelson-4489171-scaled.jpg\",\"width\":2560,\"height\":1920},{\"@type\":\"BreadcrumbList\",\"@id\":\"https:\/\/ticsalutsocial.atoom.space\/es\/noticia\/el-dia-mundial-de-la-proteccio-de-dades\/#breadcrumb\",\"itemListElement\":[{\"@type\":\"ListItem\",\"position\":1,\"name\":\"Inici\",\"item\":\"https:\/\/ticsalutsocial.atoom.space\/es\/\"},{\"@type\":\"ListItem\",\"position\":2,\"name\":\"El D\u00eda Mundial de la Protecci\u00f3n de Datos\"}]},{\"@type\":\"WebSite\",\"@id\":\"https:\/\/ticsalutsocial.atoom.space\/es\/#website\",\"url\":\"https:\/\/ticsalutsocial.atoom.space\/es\/\",\"name\":\"Fundaci\u00f3 TIC Salut i Social\",\"description\":\"\",\"potentialAction\":[{\"@type\":\"SearchAction\",\"target\":{\"@type\":\"EntryPoint\",\"urlTemplate\":\"https:\/\/ticsalutsocial.atoom.space\/es\/?s={search_term_string}\"},\"query-input\":{\"@type\":\"PropertyValueSpecification\",\"valueRequired\":true,\"valueName\":\"search_term_string\"}}],\"inLanguage\":\"es\"}]}<\/script>\n<!-- \/ Yoast SEO plugin. -->","yoast_head_json":{"title":"El D\u00eda Mundial de la Protecci\u00f3n de Datos - Fundaci\u00f3 TIC Salut i Social","robots":{"index":"index","follow":"follow","max-snippet":"max-snippet:-1","max-image-preview":"max-image-preview:large","max-video-preview":"max-video-preview:-1"},"canonical":"https:\/\/ticsalutsocial.atoom.space\/es\/noticia\/el-dia-mundial-de-la-proteccio-de-dades\/","og_locale":"es_ES","og_type":"article","og_title":"El D\u00eda Mundial de la Protecci\u00f3n de Datos - Fundaci\u00f3 TIC Salut i Social","og_description":"En la actual sociedad digital, el vig\u00e9simo octavo d\u00eda del a\u00f1o es la efem\u00e9ride para recordar y sensibilizar a nivel mundial la importancia de proteger nuestros datos personales. El 28 de enero es el D\u00eda Mundial de la Protecci\u00f3n de Datos, o D\u00eda de la Privacidad como se conoce fuera de Europa, y coincide con [&hellip;]","og_url":"https:\/\/ticsalutsocial.atoom.space\/es\/noticia\/el-dia-mundial-de-la-proteccio-de-dades\/","og_site_name":"Fundaci\u00f3 TIC Salut i Social","article_modified_time":"2023-01-27T10:32:42+00:00","og_image":[{"width":2560,"height":1920,"url":"https:\/\/ticsalutsocial.atoom.space\/wp-content\/uploads\/2023\/01\/pexels-dan-nelson-4489171-scaled.jpg","type":"image\/jpeg"}],"twitter_card":"summary_large_image","twitter_misc":{"Tiempo de lectura":"2 minutos"},"schema":{"@context":"https:\/\/schema.org","@graph":[{"@type":"WebPage","@id":"https:\/\/ticsalutsocial.atoom.space\/es\/noticia\/el-dia-mundial-de-la-proteccio-de-dades\/","url":"https:\/\/ticsalutsocial.atoom.space\/es\/noticia\/el-dia-mundial-de-la-proteccio-de-dades\/","name":"El D\u00eda Mundial de la Protecci\u00f3n de Datos - Fundaci\u00f3 TIC Salut i Social","isPartOf":{"@id":"https:\/\/ticsalutsocial.atoom.space\/es\/#website"},"primaryImageOfPage":{"@id":"https:\/\/ticsalutsocial.atoom.space\/es\/noticia\/el-dia-mundial-de-la-proteccio-de-dades\/#primaryimage"},"image":{"@id":"https:\/\/ticsalutsocial.atoom.space\/es\/noticia\/el-dia-mundial-de-la-proteccio-de-dades\/#primaryimage"},"thumbnailUrl":"https:\/\/ticsalutsocial.atoom.space\/wp-content\/uploads\/2023\/01\/pexels-dan-nelson-4489171-scaled.jpg","datePublished":"2023-01-27T08:40:52+00:00","dateModified":"2023-01-27T10:32:42+00:00","breadcrumb":{"@id":"https:\/\/ticsalutsocial.atoom.space\/es\/noticia\/el-dia-mundial-de-la-proteccio-de-dades\/#breadcrumb"},"inLanguage":"es","potentialAction":[{"@type":"ReadAction","target":["https:\/\/ticsalutsocial.atoom.space\/es\/noticia\/el-dia-mundial-de-la-proteccio-de-dades\/"]}]},{"@type":"ImageObject","inLanguage":"es","@id":"https:\/\/ticsalutsocial.atoom.space\/es\/noticia\/el-dia-mundial-de-la-proteccio-de-dades\/#primaryimage","url":"https:\/\/ticsalutsocial.atoom.space\/wp-content\/uploads\/2023\/01\/pexels-dan-nelson-4489171-scaled.jpg","contentUrl":"https:\/\/ticsalutsocial.atoom.space\/wp-content\/uploads\/2023\/01\/pexels-dan-nelson-4489171-scaled.jpg","width":2560,"height":1920},{"@type":"BreadcrumbList","@id":"https:\/\/ticsalutsocial.atoom.space\/es\/noticia\/el-dia-mundial-de-la-proteccio-de-dades\/#breadcrumb","itemListElement":[{"@type":"ListItem","position":1,"name":"Inici","item":"https:\/\/ticsalutsocial.atoom.space\/es\/"},{"@type":"ListItem","position":2,"name":"El D\u00eda Mundial de la Protecci\u00f3n de Datos"}]},{"@type":"WebSite","@id":"https:\/\/ticsalutsocial.atoom.space\/es\/#website","url":"https:\/\/ticsalutsocial.atoom.space\/es\/","name":"Fundaci\u00f3 TIC Salut i Social","description":"","potentialAction":[{"@type":"SearchAction","target":{"@type":"EntryPoint","urlTemplate":"https:\/\/ticsalutsocial.atoom.space\/es\/?s={search_term_string}"},"query-input":{"@type":"PropertyValueSpecification","valueRequired":true,"valueName":"search_term_string"}}],"inLanguage":"es"}]}},"_links":{"self":[{"href":"https:\/\/ticsalutsocial.atoom.space\/es\/wp-json\/wp\/v2\/noticia\/15934","targetHints":{"allow":["GET"]}}],"collection":[{"href":"https:\/\/ticsalutsocial.atoom.space\/es\/wp-json\/wp\/v2\/noticia"}],"about":[{"href":"https:\/\/ticsalutsocial.atoom.space\/es\/wp-json\/wp\/v2\/types\/noticia"}],"author":[{"embeddable":true,"href":"https:\/\/ticsalutsocial.atoom.space\/es\/wp-json\/wp\/v2\/users\/3"}],"wp:featuredmedia":[{"embeddable":true,"href":"https:\/\/ticsalutsocial.atoom.space\/es\/wp-json\/wp\/v2\/media\/15930"}],"wp:attachment":[{"href":"https:\/\/ticsalutsocial.atoom.space\/es\/wp-json\/wp\/v2\/media?parent=15934"}],"wp:term":[{"taxonomy":"etiqueta","embeddable":true,"href":"https:\/\/ticsalutsocial.atoom.space\/es\/wp-json\/wp\/v2\/etiqueta?post=15934"},{"taxonomy":"tipus","embeddable":true,"href":"https:\/\/ticsalutsocial.atoom.space\/es\/wp-json\/wp\/v2\/tipus?post=15934"},{"taxonomy":"topic","embeddable":true,"href":"https:\/\/ticsalutsocial.atoom.space\/es\/wp-json\/wp\/v2\/topic?post=15934"}],"curies":[{"name":"wp","href":"https:\/\/api.w.org\/{rel}","templated":true}]}}