
{"id":1748,"date":"2017-04-04T12:02:01","date_gmt":"2017-04-04T10:02:01","guid":{"rendered":"https:\/\/ticsalutsocial.atoom.space\/?post_type=noticia&#038;p=1748"},"modified":"2021-07-21T15:27:54","modified_gmt":"2021-07-21T13:27:54","slug":"el-sector-salut-aixeca-a-catalunya-160-milions-deuros-en-els-ultims-dos-anys","status":"publish","type":"noticia","link":"https:\/\/ticsalutsocial.atoom.space\/es\/noticia\/el-sector-salut-aixeca-a-catalunya-160-milions-deuros-en-els-ultims-dos-anys\/","title":{"rendered":"El sector salut aixeca a Catalunya 160 milions d\u2019euros en els \u00faltims dos anys"},"content":{"rendered":"<p>La BioRegi\u00f3 compta tamb\u00e9 amb&nbsp;14 parcs cient\u00edfics i tecnol\u00f2gics,&nbsp;12 universitats i&nbsp;104 hospitals, dels quals 18 s\u00f3n universitaris. Ara mateix la BioRegi\u00f3 compta amb prop de 150.000 professionals altament qualificats, perfils especialment requerits en el sector de les ci\u00e8ncies de la vida i la salut.<\/p>\n<p>Amb 160 milions d&rsquo;euros aixecats durant els \u00faltims dos anys, Catalunya se situa entre els&nbsp;4 centres europeus m\u00e9s importants en aquest sector. Tot i ser un dels pa\u00efsos m\u00e9s petits per poblaci\u00f3, \u00e9s el primer pa\u00eds d&rsquo;Europa en empreses farmac\u00e8utiques per capita, el tercer en empreses biotecnol\u00f2giques (per darrera de Su\u00e8cia i Su\u00efssa) i el quart en empreses de tecnologies m\u00e8diques (per darrera d&#39;Israel, Su\u00e8cia i Su\u00efssa).<\/p>\n<h4>2016, l&rsquo;any de les inversions a la BioRegi\u00f3<\/h4>\n<p>La facturaci\u00f3 de les empreses de la BioRegi\u00f3, de 16.000 milions d&rsquo;euros, contribueix en un&nbsp;7,4% al PIB catal\u00e0.<\/p>\n<p>El 2016 va ser de lluny l&rsquo;any m\u00e9s exit\u00f3s en quant a les inversions a la BioRegi\u00f3, que van superar els&nbsp;101 milions d&rsquo;euros. La relaci\u00f3 del n\u00famero d&rsquo;inversions respecte a quantitats invertides fa pal\u00e8s la magnitud de les inversions aconseguides durant el 2016, molt m\u00e9s elevades que anys anteriors, com la d&rsquo;STAT- Diagnostica&nbsp;(25 MEUR),&nbsp;Oryzon Genomics&nbsp;(16 MEUR),&nbsp;Aelix Therapeutics&nbsp;(11,5 MEUR) i&nbsp;AB Biotics&nbsp;(11,2 MEUR).<\/p>\n<p>Les expectatives de continuar captant fons durant el 2017 s\u00f3n molt positives. La creaci\u00f3 d&rsquo;un nou fons d&rsquo;inversi\u00f3 per part d&rsquo;Ysios Capital&nbsp;i un altre per part de&nbsp;&ldquo;la Caixa&rdquo;, aix\u00ed com l&rsquo;arribada d&rsquo;un nou fons de ci\u00e8ncies de la vida a Barcelona,&nbsp;Alta Life Sciences, que aspira a captar 100 milions d&rsquo;euros, pronostiquen grans moviments.<\/p>\n<p>Tamb\u00e9 durant el 2016 destaquen operacions com la de Grifols, que continua amb la seva carrera d&rsquo;adquisici\u00f3 d&rsquo;empreses amb la&nbsp;compra del 49% de l&rsquo;estatunidenca Access Biologicals, o com la&nbsp;fusi\u00f3 de Doctoralia amb DocPlanner&nbsp;per crear la major plataforma de salut&nbsp;<em>online<\/em>&nbsp;del m\u00f3n.<\/p>\n<h4>1 nova empresa cada 8 dies<\/h4>\n<p>Des del 2010, cada any&nbsp;de mitjana 50 empreses s&rsquo;estableixen a la BioRegi\u00f3, el que suposa la creaci\u00f3 d&rsquo;una empresa de ci\u00e8ncies de la vida i la salut cada 8 dies. A aquesta bona xifra se suma el fet que&nbsp;la superviv\u00e8ncia d&rsquo;aquestes empreses \u00e9s alta.<\/p>\n<p>La creaci\u00f3 de noves&nbsp;<em>start-up<\/em>, sobretot en el sector&nbsp;<em>e-health<\/em>, i les caracter\u00edstiques intr\u00ednseques del sector fan que la gran majoria d&rsquo;empreses (92%) de la BioRegi\u00f3 siguin pimes i micro-empreses.<\/p>\n<p>La creaci\u00f3 d&rsquo;empreses tamb\u00e9 ha estat en part gr\u00e0cies a l&rsquo;augment d&rsquo;acceleradores a la BioRegi\u00f3. Ara mateix hi ha&nbsp;20 acceleradores&nbsp;amb projectes de ci\u00e8ncies de la vida i la salut al seu&nbsp;portfoli, entre les quals&nbsp;destaca&nbsp;Moebio&nbsp;&minus; iniciativa de Biocat i considerada una de les millors acceleradores de salut a Europa per&nbsp;Tech.eu&nbsp;i&nbsp;HealthStartup Europe&nbsp;l&#39;any&nbsp;2016.<\/p>\n","protected":false},"author":21,"featured_media":1745,"menu_order":0,"template":"","meta":{"_acf_changed":false,"inline_featured_image":false},"etiqueta":[601,602,139,448,599,600],"tipus":[],"topic":[],"class_list":["post-1748","noticia","type-noticia","status-publish","has-post-thumbnail","hentry","etiqueta-creixement-es","etiqueta-sector-es","etiqueta-catalunya-es","etiqueta-empreses-es","etiqueta-directori-es","etiqueta-bioregio-es"],"acf":{"imatge":1747,"autor":"Adri\u00e0 G.Font"},"yoast_head":"<!-- This site is optimized with the Yoast SEO plugin v27.1.1 - https:\/\/yoast.com\/product\/yoast-seo-wordpress\/ -->\n<title>El sector salut aixeca a Catalunya 160 milions d\u2019euros en els \u00faltims dos anys - Fundaci\u00f3 TIC Salut i Social<\/title>\n<meta name=\"robots\" content=\"index, follow, max-snippet:-1, max-image-preview:large, max-video-preview:-1\" \/>\n<link rel=\"canonical\" href=\"https:\/\/ticsalutsocial.atoom.space\/es\/noticia\/el-sector-salut-aixeca-a-catalunya-160-milions-deuros-en-els-ultims-dos-anys\/\" \/>\n<meta property=\"og:locale\" content=\"es_ES\" \/>\n<meta property=\"og:type\" content=\"article\" \/>\n<meta property=\"og:title\" content=\"El sector salut aixeca a Catalunya 160 milions d\u2019euros en els \u00faltims dos anys - Fundaci\u00f3 TIC Salut i Social\" \/>\n<meta property=\"og:description\" content=\"La BioRegi\u00f3 compta tamb\u00e9 amb&nbsp;14 parcs cient\u00edfics i tecnol\u00f2gics,&nbsp;12 universitats i&nbsp;104 hospitals, dels quals 18 s\u00f3n universitaris. Ara mateix la BioRegi\u00f3 compta amb prop de 150.000 professionals altament qualificats, perfils especialment requerits en el sector de les ci\u00e8ncies de la vida i la salut. Amb 160 milions d&rsquo;euros aixecats durant els \u00faltims dos anys, Catalunya [&hellip;]\" \/>\n<meta property=\"og:url\" content=\"https:\/\/ticsalutsocial.atoom.space\/es\/noticia\/el-sector-salut-aixeca-a-catalunya-160-milions-deuros-en-els-ultims-dos-anys\/\" \/>\n<meta property=\"og:site_name\" content=\"Fundaci\u00f3 TIC Salut i Social\" \/>\n<meta property=\"article:modified_time\" content=\"2021-07-21T13:27:54+00:00\" \/>\n<meta property=\"og:image\" content=\"https:\/\/ticsalutsocial.atoom.space\/wp-content\/uploads\/2017\/04\/biocat_centre_78_434.png\" \/>\n\t<meta property=\"og:image:width\" content=\"1156\" \/>\n\t<meta property=\"og:image:height\" content=\"784\" \/>\n\t<meta property=\"og:image:type\" content=\"image\/png\" \/>\n<meta name=\"twitter:card\" content=\"summary_large_image\" \/>\n<meta name=\"twitter:label1\" content=\"Tiempo de lectura\" \/>\n\t<meta name=\"twitter:data1\" content=\"3 minutos\" \/>\n<script type=\"application\/ld+json\" class=\"yoast-schema-graph\">{\"@context\":\"https:\/\/schema.org\",\"@graph\":[{\"@type\":\"WebPage\",\"@id\":\"https:\/\/ticsalutsocial.atoom.space\/es\/noticia\/el-sector-salut-aixeca-a-catalunya-160-milions-deuros-en-els-ultims-dos-anys\/\",\"url\":\"https:\/\/ticsalutsocial.atoom.space\/es\/noticia\/el-sector-salut-aixeca-a-catalunya-160-milions-deuros-en-els-ultims-dos-anys\/\",\"name\":\"El sector salut aixeca a Catalunya 160 milions d\u2019euros en els \u00faltims dos anys - Fundaci\u00f3 TIC Salut i Social\",\"isPartOf\":{\"@id\":\"https:\/\/ticsalutsocial.atoom.space\/es\/#website\"},\"primaryImageOfPage\":{\"@id\":\"https:\/\/ticsalutsocial.atoom.space\/es\/noticia\/el-sector-salut-aixeca-a-catalunya-160-milions-deuros-en-els-ultims-dos-anys\/#primaryimage\"},\"image\":{\"@id\":\"https:\/\/ticsalutsocial.atoom.space\/es\/noticia\/el-sector-salut-aixeca-a-catalunya-160-milions-deuros-en-els-ultims-dos-anys\/#primaryimage\"},\"thumbnailUrl\":\"https:\/\/ticsalutsocial.atoom.space\/wp-content\/uploads\/2017\/04\/biocat_centre_78_434.png\",\"datePublished\":\"2017-04-04T10:02:01+00:00\",\"dateModified\":\"2021-07-21T13:27:54+00:00\",\"breadcrumb\":{\"@id\":\"https:\/\/ticsalutsocial.atoom.space\/es\/noticia\/el-sector-salut-aixeca-a-catalunya-160-milions-deuros-en-els-ultims-dos-anys\/#breadcrumb\"},\"inLanguage\":\"es\",\"potentialAction\":[{\"@type\":\"ReadAction\",\"target\":[\"https:\/\/ticsalutsocial.atoom.space\/es\/noticia\/el-sector-salut-aixeca-a-catalunya-160-milions-deuros-en-els-ultims-dos-anys\/\"]}]},{\"@type\":\"ImageObject\",\"inLanguage\":\"es\",\"@id\":\"https:\/\/ticsalutsocial.atoom.space\/es\/noticia\/el-sector-salut-aixeca-a-catalunya-160-milions-deuros-en-els-ultims-dos-anys\/#primaryimage\",\"url\":\"https:\/\/ticsalutsocial.atoom.space\/wp-content\/uploads\/2017\/04\/biocat_centre_78_434.png\",\"contentUrl\":\"https:\/\/ticsalutsocial.atoom.space\/wp-content\/uploads\/2017\/04\/biocat_centre_78_434.png\",\"width\":1156,\"height\":784},{\"@type\":\"BreadcrumbList\",\"@id\":\"https:\/\/ticsalutsocial.atoom.space\/es\/noticia\/el-sector-salut-aixeca-a-catalunya-160-milions-deuros-en-els-ultims-dos-anys\/#breadcrumb\",\"itemListElement\":[{\"@type\":\"ListItem\",\"position\":1,\"name\":\"Inici\",\"item\":\"https:\/\/ticsalutsocial.atoom.space\/es\/\"},{\"@type\":\"ListItem\",\"position\":2,\"name\":\"El sector salut aixeca a Catalunya 160 milions d\u2019euros en els \u00faltims dos anys\"}]},{\"@type\":\"WebSite\",\"@id\":\"https:\/\/ticsalutsocial.atoom.space\/es\/#website\",\"url\":\"https:\/\/ticsalutsocial.atoom.space\/es\/\",\"name\":\"Fundaci\u00f3 TIC Salut i Social\",\"description\":\"\",\"potentialAction\":[{\"@type\":\"SearchAction\",\"target\":{\"@type\":\"EntryPoint\",\"urlTemplate\":\"https:\/\/ticsalutsocial.atoom.space\/es\/?s={search_term_string}\"},\"query-input\":{\"@type\":\"PropertyValueSpecification\",\"valueRequired\":true,\"valueName\":\"search_term_string\"}}],\"inLanguage\":\"es\"}]}<\/script>\n<!-- \/ Yoast SEO plugin. -->","yoast_head_json":{"title":"El sector salut aixeca a Catalunya 160 milions d\u2019euros en els \u00faltims dos anys - Fundaci\u00f3 TIC Salut i Social","robots":{"index":"index","follow":"follow","max-snippet":"max-snippet:-1","max-image-preview":"max-image-preview:large","max-video-preview":"max-video-preview:-1"},"canonical":"https:\/\/ticsalutsocial.atoom.space\/es\/noticia\/el-sector-salut-aixeca-a-catalunya-160-milions-deuros-en-els-ultims-dos-anys\/","og_locale":"es_ES","og_type":"article","og_title":"El sector salut aixeca a Catalunya 160 milions d\u2019euros en els \u00faltims dos anys - Fundaci\u00f3 TIC Salut i Social","og_description":"La BioRegi\u00f3 compta tamb\u00e9 amb&nbsp;14 parcs cient\u00edfics i tecnol\u00f2gics,&nbsp;12 universitats i&nbsp;104 hospitals, dels quals 18 s\u00f3n universitaris. Ara mateix la BioRegi\u00f3 compta amb prop de 150.000 professionals altament qualificats, perfils especialment requerits en el sector de les ci\u00e8ncies de la vida i la salut. Amb 160 milions d&rsquo;euros aixecats durant els \u00faltims dos anys, Catalunya [&hellip;]","og_url":"https:\/\/ticsalutsocial.atoom.space\/es\/noticia\/el-sector-salut-aixeca-a-catalunya-160-milions-deuros-en-els-ultims-dos-anys\/","og_site_name":"Fundaci\u00f3 TIC Salut i Social","article_modified_time":"2021-07-21T13:27:54+00:00","og_image":[{"width":1156,"height":784,"url":"https:\/\/ticsalutsocial.atoom.space\/wp-content\/uploads\/2017\/04\/biocat_centre_78_434.png","type":"image\/png"}],"twitter_card":"summary_large_image","twitter_misc":{"Tiempo de lectura":"3 minutos"},"schema":{"@context":"https:\/\/schema.org","@graph":[{"@type":"WebPage","@id":"https:\/\/ticsalutsocial.atoom.space\/es\/noticia\/el-sector-salut-aixeca-a-catalunya-160-milions-deuros-en-els-ultims-dos-anys\/","url":"https:\/\/ticsalutsocial.atoom.space\/es\/noticia\/el-sector-salut-aixeca-a-catalunya-160-milions-deuros-en-els-ultims-dos-anys\/","name":"El sector salut aixeca a Catalunya 160 milions d\u2019euros en els \u00faltims dos anys - Fundaci\u00f3 TIC Salut i Social","isPartOf":{"@id":"https:\/\/ticsalutsocial.atoom.space\/es\/#website"},"primaryImageOfPage":{"@id":"https:\/\/ticsalutsocial.atoom.space\/es\/noticia\/el-sector-salut-aixeca-a-catalunya-160-milions-deuros-en-els-ultims-dos-anys\/#primaryimage"},"image":{"@id":"https:\/\/ticsalutsocial.atoom.space\/es\/noticia\/el-sector-salut-aixeca-a-catalunya-160-milions-deuros-en-els-ultims-dos-anys\/#primaryimage"},"thumbnailUrl":"https:\/\/ticsalutsocial.atoom.space\/wp-content\/uploads\/2017\/04\/biocat_centre_78_434.png","datePublished":"2017-04-04T10:02:01+00:00","dateModified":"2021-07-21T13:27:54+00:00","breadcrumb":{"@id":"https:\/\/ticsalutsocial.atoom.space\/es\/noticia\/el-sector-salut-aixeca-a-catalunya-160-milions-deuros-en-els-ultims-dos-anys\/#breadcrumb"},"inLanguage":"es","potentialAction":[{"@type":"ReadAction","target":["https:\/\/ticsalutsocial.atoom.space\/es\/noticia\/el-sector-salut-aixeca-a-catalunya-160-milions-deuros-en-els-ultims-dos-anys\/"]}]},{"@type":"ImageObject","inLanguage":"es","@id":"https:\/\/ticsalutsocial.atoom.space\/es\/noticia\/el-sector-salut-aixeca-a-catalunya-160-milions-deuros-en-els-ultims-dos-anys\/#primaryimage","url":"https:\/\/ticsalutsocial.atoom.space\/wp-content\/uploads\/2017\/04\/biocat_centre_78_434.png","contentUrl":"https:\/\/ticsalutsocial.atoom.space\/wp-content\/uploads\/2017\/04\/biocat_centre_78_434.png","width":1156,"height":784},{"@type":"BreadcrumbList","@id":"https:\/\/ticsalutsocial.atoom.space\/es\/noticia\/el-sector-salut-aixeca-a-catalunya-160-milions-deuros-en-els-ultims-dos-anys\/#breadcrumb","itemListElement":[{"@type":"ListItem","position":1,"name":"Inici","item":"https:\/\/ticsalutsocial.atoom.space\/es\/"},{"@type":"ListItem","position":2,"name":"El sector salut aixeca a Catalunya 160 milions d\u2019euros en els \u00faltims dos anys"}]},{"@type":"WebSite","@id":"https:\/\/ticsalutsocial.atoom.space\/es\/#website","url":"https:\/\/ticsalutsocial.atoom.space\/es\/","name":"Fundaci\u00f3 TIC Salut i Social","description":"","potentialAction":[{"@type":"SearchAction","target":{"@type":"EntryPoint","urlTemplate":"https:\/\/ticsalutsocial.atoom.space\/es\/?s={search_term_string}"},"query-input":{"@type":"PropertyValueSpecification","valueRequired":true,"valueName":"search_term_string"}}],"inLanguage":"es"}]}},"_links":{"self":[{"href":"https:\/\/ticsalutsocial.atoom.space\/es\/wp-json\/wp\/v2\/noticia\/1748","targetHints":{"allow":["GET"]}}],"collection":[{"href":"https:\/\/ticsalutsocial.atoom.space\/es\/wp-json\/wp\/v2\/noticia"}],"about":[{"href":"https:\/\/ticsalutsocial.atoom.space\/es\/wp-json\/wp\/v2\/types\/noticia"}],"author":[{"embeddable":true,"href":"https:\/\/ticsalutsocial.atoom.space\/es\/wp-json\/wp\/v2\/users\/21"}],"wp:featuredmedia":[{"embeddable":true,"href":"https:\/\/ticsalutsocial.atoom.space\/es\/wp-json\/wp\/v2\/media\/1745"}],"wp:attachment":[{"href":"https:\/\/ticsalutsocial.atoom.space\/es\/wp-json\/wp\/v2\/media?parent=1748"}],"wp:term":[{"taxonomy":"etiqueta","embeddable":true,"href":"https:\/\/ticsalutsocial.atoom.space\/es\/wp-json\/wp\/v2\/etiqueta?post=1748"},{"taxonomy":"tipus","embeddable":true,"href":"https:\/\/ticsalutsocial.atoom.space\/es\/wp-json\/wp\/v2\/tipus?post=1748"},{"taxonomy":"topic","embeddable":true,"href":"https:\/\/ticsalutsocial.atoom.space\/es\/wp-json\/wp\/v2\/topic?post=1748"}],"curies":[{"name":"wp","href":"https:\/\/api.w.org\/{rel}","templated":true}]}}