
{"id":1855,"date":"2017-10-27T10:45:49","date_gmt":"2017-10-27T08:45:49","guid":{"rendered":"https:\/\/ticsalutsocial.atoom.space\/?post_type=noticia&#038;p=1855"},"modified":"2021-07-21T15:28:24","modified_gmt":"2021-07-21T13:28:24","slug":"laccessibilitat-digital-protagonista-de-la-segona-edicio-del-m4social-day","status":"publish","type":"noticia","link":"https:\/\/ticsalutsocial.atoom.space\/es\/noticia\/laccessibilitat-digital-protagonista-de-la-segona-edicio-del-m4social-day\/","title":{"rendered":"L\u2019accessibilitat digital, protagonista de la segona edici\u00f3 del m4social Day"},"content":{"rendered":"<p>La iniciativa m4Social va celebrar el passat 25 d&rsquo;octubre la segona edici\u00f3 del #m4Socialday, &ldquo;Accessibilitat Digital: Les TIC per a tothom&rdquo;, al Imagina Centre Audiovisual de MediaPRO. Unes noranta persones van assistir a la jornada per debatre sobre l&rsquo;accessibilitat digital i disposar d&rsquo;un <strong>cat\u00e0leg pr\u00e0ctic amb casos d&rsquo;estudi <\/strong>per aprofundir en el disseny d&rsquo;aplicacions m\u00f2bils, p\u00e0gines web, apps i continguts digitals accessibles per a tothom.&nbsp;<\/p>\n<p>Toni Codina, Director General de la Taula del Tercer Sector Social, va donar la benvinguda als presents explicant que <strong>&ldquo;les TIC han de ser elements clau per millorar la qualitat de vida de les persones<\/strong>, i \u00e9s per aquest motiu que treballem per reduir l&rsquo;escletxa social que provoca la manca d&rsquo;accessibilitat digital&rdquo;.<\/p>\n<p>La directora General de la GSMA, Therese Jamaa, va defensar la sostenibilitat dels projectes que donen a con\u00e8ixer i va alertar que &ldquo;<strong>el m\u00f3n digital ha de dissenyar de manera integradora eines t\u00e8cniques per aconseguir la igualtat real d&rsquo;oportunitat<\/strong>s&rdquo;.<\/p>\n<p>En aquest sentit, Llu\u00eds Torrens, Director de Planificaci\u00f3 i Innovaci\u00f3 de l&#39;\u00e0rea de Drets Socials de l&#39;Ajuntament de Barcelona, va destacar la <strong>necessitat de &ldquo;col&middot;laboraci\u00f3 entre el tercer sector i l&rsquo;administraci\u00f3 per prioritzar reptes <\/strong>si es vol disposar d&rsquo;una societat cohesionada&rdquo;.<\/p>\n<p><strong>Quin \u00e9s l&rsquo;estat dels criteris d&rsquo;accessibilitat actuals?<\/strong><\/p>\n<p>A la primera taula rodona, Vanessa Gonz\u00e1lez, instructora en tiflotecnologia i Braille de l&rsquo;ONCE Catalunya, va assenyalar que &ldquo;pensar en accessibilitat universal des de la fase de disseny d&rsquo;un projecte redueix costos i amplia el p\u00fablic objectiu&rdquo;. &nbsp;Per la seva part, Ferran Gallego, CTO de Code Factory, va destacar que &ldquo;avui totes les empreses que fan aplicacions tenen en compte aquest concepte encara que no n&rsquo;hi ha suficients&rdquo;.<\/p>\n<p>Finalment, Joan M. Gil, director d&rsquo;accessibilitat a Agils Accessibilitat, va subratllar la <strong>falta de formaci\u00f3 en accessibilitat<\/strong>.<\/p>\n<p><strong>L&rsquo;accessibilitat digital en els serveis p\u00fablics<\/strong><\/p>\n<p>La segona taula rodona va avaluar l&rsquo;estat dels serveis que ofereix l&rsquo;administraci\u00f3 p\u00fablica perqu\u00e8 la ciutadania hi pugui accedir, independentment de les seves condicions. Carles Agust\u00ed, Director de Govern Obert a la Diputaci\u00f3 de Barcelona, va senyalar que &ldquo;<strong>\u00e9s necessari un canvi cultural entre les administracions i la ciutadania<\/strong>, que passa per la tecnologia del sector digital&rdquo;. Per la seva banda, Cira P\u00e9rez, Responsable de Projectes Fundacionals de la Fundaci\u00f3 puntCAT, va explicar que &ldquo;<strong>la tecnologia ha de servir per apoderar als ciutadans i establir ponts entre agents<\/strong>&rdquo;.<\/p>\n<p>Finalment, el Secretari d&rsquo;Afers Socials i Fam\u00edlia, Francesc Iglesias, va agra\u00efr a l&rsquo;acte de clausura de la jornada les aliances estrat\u00e8giques que han sorgit entre Govern, tercer sector i els actors tecnol\u00f2gics, i va afegir que &ldquo;<strong>val la pena organitzar aquests f\u00f2rums per la interacci\u00f3 de gent tant diversa <\/strong>que s&rsquo;uneix amb l&rsquo;objectiu d&rsquo;atendre m\u00e9s i millor els ciutadans&rdquo;.<\/p>\n<p>Per concloure, Marc Sim\u00f3n, Director Corporatiu de l&rsquo;\u00c0rea Social de la Fundaci\u00f3 Banc\u00e0ria &ldquo;la Caixa&rdquo;, va avisar que &ldquo;la transformaci\u00f3 digital t\u00e9 el risc que no estigui a l&rsquo;abast de tothom i que cre\u00ef difer\u00e8ncies socials. <strong>La tecnologia ha de servir per arribar a tots els col&middot;lectius i que sigui un motor social<\/strong>&rdquo;.<\/p>\n<p><em><a href=\"https:\/\/www.flickr.com\/photos\/tercersector\/\">Consulta les fotos de la jornada.<\/a><\/em><\/p>\n","protected":false},"author":21,"featured_media":1852,"menu_order":0,"template":"","meta":{"_acf_changed":false,"inline_featured_image":false},"etiqueta":[],"tipus":[],"topic":[],"class_list":["post-1855","noticia","type-noticia","status-publish","has-post-thumbnail","hentry"],"acf":{"imatge":1854,"autor":"Adri\u00e0 G.Font"},"yoast_head":"<!-- This site is optimized with the Yoast SEO plugin v27.1.1 - https:\/\/yoast.com\/product\/yoast-seo-wordpress\/ -->\n<title>L\u2019accessibilitat digital, protagonista de la segona edici\u00f3 del m4social Day - Fundaci\u00f3 TIC Salut i Social<\/title>\n<meta name=\"robots\" content=\"index, follow, max-snippet:-1, max-image-preview:large, max-video-preview:-1\" \/>\n<link rel=\"canonical\" href=\"https:\/\/ticsalutsocial.atoom.space\/es\/noticia\/laccessibilitat-digital-protagonista-de-la-segona-edicio-del-m4social-day\/\" \/>\n<meta property=\"og:locale\" content=\"es_ES\" \/>\n<meta property=\"og:type\" content=\"article\" \/>\n<meta property=\"og:title\" content=\"L\u2019accessibilitat digital, protagonista de la segona edici\u00f3 del m4social Day - Fundaci\u00f3 TIC Salut i Social\" \/>\n<meta property=\"og:description\" content=\"La iniciativa m4Social va celebrar el passat 25 d&rsquo;octubre la segona edici\u00f3 del #m4Socialday, &ldquo;Accessibilitat Digital: Les TIC per a tothom&rdquo;, al Imagina Centre Audiovisual de MediaPRO. Unes noranta persones van assistir a la jornada per debatre sobre l&rsquo;accessibilitat digital i disposar d&rsquo;un cat\u00e0leg pr\u00e0ctic amb casos d&rsquo;estudi per aprofundir en el disseny d&rsquo;aplicacions m\u00f2bils, [&hellip;]\" \/>\n<meta property=\"og:url\" content=\"https:\/\/ticsalutsocial.atoom.space\/es\/noticia\/laccessibilitat-digital-protagonista-de-la-segona-edicio-del-m4social-day\/\" \/>\n<meta property=\"og:site_name\" content=\"Fundaci\u00f3 TIC Salut i Social\" \/>\n<meta property=\"article:modified_time\" content=\"2021-07-21T13:28:24+00:00\" \/>\n<meta property=\"og:image\" content=\"https:\/\/ticsalutsocial.atoom.space\/wp-content\/uploads\/2017\/10\/foto_m4social_centre_78_521.png\" \/>\n\t<meta property=\"og:image:width\" content=\"820\" \/>\n\t<meta property=\"og:image:height\" content=\"543\" \/>\n\t<meta property=\"og:image:type\" content=\"image\/png\" \/>\n<meta name=\"twitter:card\" content=\"summary_large_image\" \/>\n<meta name=\"twitter:label1\" content=\"Tiempo de lectura\" \/>\n\t<meta name=\"twitter:data1\" content=\"3 minutos\" \/>\n<script type=\"application\/ld+json\" class=\"yoast-schema-graph\">{\"@context\":\"https:\/\/schema.org\",\"@graph\":[{\"@type\":\"WebPage\",\"@id\":\"https:\/\/ticsalutsocial.atoom.space\/es\/noticia\/laccessibilitat-digital-protagonista-de-la-segona-edicio-del-m4social-day\/\",\"url\":\"https:\/\/ticsalutsocial.atoom.space\/es\/noticia\/laccessibilitat-digital-protagonista-de-la-segona-edicio-del-m4social-day\/\",\"name\":\"L\u2019accessibilitat digital, protagonista de la segona edici\u00f3 del m4social Day - Fundaci\u00f3 TIC Salut i Social\",\"isPartOf\":{\"@id\":\"https:\/\/ticsalutsocial.atoom.space\/es\/#website\"},\"primaryImageOfPage\":{\"@id\":\"https:\/\/ticsalutsocial.atoom.space\/es\/noticia\/laccessibilitat-digital-protagonista-de-la-segona-edicio-del-m4social-day\/#primaryimage\"},\"image\":{\"@id\":\"https:\/\/ticsalutsocial.atoom.space\/es\/noticia\/laccessibilitat-digital-protagonista-de-la-segona-edicio-del-m4social-day\/#primaryimage\"},\"thumbnailUrl\":\"https:\/\/ticsalutsocial.atoom.space\/wp-content\/uploads\/2017\/10\/foto_m4social_centre_78_521.png\",\"datePublished\":\"2017-10-27T08:45:49+00:00\",\"dateModified\":\"2021-07-21T13:28:24+00:00\",\"breadcrumb\":{\"@id\":\"https:\/\/ticsalutsocial.atoom.space\/es\/noticia\/laccessibilitat-digital-protagonista-de-la-segona-edicio-del-m4social-day\/#breadcrumb\"},\"inLanguage\":\"es\",\"potentialAction\":[{\"@type\":\"ReadAction\",\"target\":[\"https:\/\/ticsalutsocial.atoom.space\/es\/noticia\/laccessibilitat-digital-protagonista-de-la-segona-edicio-del-m4social-day\/\"]}]},{\"@type\":\"ImageObject\",\"inLanguage\":\"es\",\"@id\":\"https:\/\/ticsalutsocial.atoom.space\/es\/noticia\/laccessibilitat-digital-protagonista-de-la-segona-edicio-del-m4social-day\/#primaryimage\",\"url\":\"https:\/\/ticsalutsocial.atoom.space\/wp-content\/uploads\/2017\/10\/foto_m4social_centre_78_521.png\",\"contentUrl\":\"https:\/\/ticsalutsocial.atoom.space\/wp-content\/uploads\/2017\/10\/foto_m4social_centre_78_521.png\",\"width\":820,\"height\":543},{\"@type\":\"BreadcrumbList\",\"@id\":\"https:\/\/ticsalutsocial.atoom.space\/es\/noticia\/laccessibilitat-digital-protagonista-de-la-segona-edicio-del-m4social-day\/#breadcrumb\",\"itemListElement\":[{\"@type\":\"ListItem\",\"position\":1,\"name\":\"Inici\",\"item\":\"https:\/\/ticsalutsocial.atoom.space\/es\/\"},{\"@type\":\"ListItem\",\"position\":2,\"name\":\"L\u2019accessibilitat digital, protagonista de la segona edici\u00f3 del m4social Day\"}]},{\"@type\":\"WebSite\",\"@id\":\"https:\/\/ticsalutsocial.atoom.space\/es\/#website\",\"url\":\"https:\/\/ticsalutsocial.atoom.space\/es\/\",\"name\":\"Fundaci\u00f3 TIC Salut i Social\",\"description\":\"\",\"potentialAction\":[{\"@type\":\"SearchAction\",\"target\":{\"@type\":\"EntryPoint\",\"urlTemplate\":\"https:\/\/ticsalutsocial.atoom.space\/es\/?s={search_term_string}\"},\"query-input\":{\"@type\":\"PropertyValueSpecification\",\"valueRequired\":true,\"valueName\":\"search_term_string\"}}],\"inLanguage\":\"es\"}]}<\/script>\n<!-- \/ Yoast SEO plugin. -->","yoast_head_json":{"title":"L\u2019accessibilitat digital, protagonista de la segona edici\u00f3 del m4social Day - Fundaci\u00f3 TIC Salut i Social","robots":{"index":"index","follow":"follow","max-snippet":"max-snippet:-1","max-image-preview":"max-image-preview:large","max-video-preview":"max-video-preview:-1"},"canonical":"https:\/\/ticsalutsocial.atoom.space\/es\/noticia\/laccessibilitat-digital-protagonista-de-la-segona-edicio-del-m4social-day\/","og_locale":"es_ES","og_type":"article","og_title":"L\u2019accessibilitat digital, protagonista de la segona edici\u00f3 del m4social Day - Fundaci\u00f3 TIC Salut i Social","og_description":"La iniciativa m4Social va celebrar el passat 25 d&rsquo;octubre la segona edici\u00f3 del #m4Socialday, &ldquo;Accessibilitat Digital: Les TIC per a tothom&rdquo;, al Imagina Centre Audiovisual de MediaPRO. Unes noranta persones van assistir a la jornada per debatre sobre l&rsquo;accessibilitat digital i disposar d&rsquo;un cat\u00e0leg pr\u00e0ctic amb casos d&rsquo;estudi per aprofundir en el disseny d&rsquo;aplicacions m\u00f2bils, [&hellip;]","og_url":"https:\/\/ticsalutsocial.atoom.space\/es\/noticia\/laccessibilitat-digital-protagonista-de-la-segona-edicio-del-m4social-day\/","og_site_name":"Fundaci\u00f3 TIC Salut i Social","article_modified_time":"2021-07-21T13:28:24+00:00","og_image":[{"width":820,"height":543,"url":"https:\/\/ticsalutsocial.atoom.space\/wp-content\/uploads\/2017\/10\/foto_m4social_centre_78_521.png","type":"image\/png"}],"twitter_card":"summary_large_image","twitter_misc":{"Tiempo de lectura":"3 minutos"},"schema":{"@context":"https:\/\/schema.org","@graph":[{"@type":"WebPage","@id":"https:\/\/ticsalutsocial.atoom.space\/es\/noticia\/laccessibilitat-digital-protagonista-de-la-segona-edicio-del-m4social-day\/","url":"https:\/\/ticsalutsocial.atoom.space\/es\/noticia\/laccessibilitat-digital-protagonista-de-la-segona-edicio-del-m4social-day\/","name":"L\u2019accessibilitat digital, protagonista de la segona edici\u00f3 del m4social Day - Fundaci\u00f3 TIC Salut i Social","isPartOf":{"@id":"https:\/\/ticsalutsocial.atoom.space\/es\/#website"},"primaryImageOfPage":{"@id":"https:\/\/ticsalutsocial.atoom.space\/es\/noticia\/laccessibilitat-digital-protagonista-de-la-segona-edicio-del-m4social-day\/#primaryimage"},"image":{"@id":"https:\/\/ticsalutsocial.atoom.space\/es\/noticia\/laccessibilitat-digital-protagonista-de-la-segona-edicio-del-m4social-day\/#primaryimage"},"thumbnailUrl":"https:\/\/ticsalutsocial.atoom.space\/wp-content\/uploads\/2017\/10\/foto_m4social_centre_78_521.png","datePublished":"2017-10-27T08:45:49+00:00","dateModified":"2021-07-21T13:28:24+00:00","breadcrumb":{"@id":"https:\/\/ticsalutsocial.atoom.space\/es\/noticia\/laccessibilitat-digital-protagonista-de-la-segona-edicio-del-m4social-day\/#breadcrumb"},"inLanguage":"es","potentialAction":[{"@type":"ReadAction","target":["https:\/\/ticsalutsocial.atoom.space\/es\/noticia\/laccessibilitat-digital-protagonista-de-la-segona-edicio-del-m4social-day\/"]}]},{"@type":"ImageObject","inLanguage":"es","@id":"https:\/\/ticsalutsocial.atoom.space\/es\/noticia\/laccessibilitat-digital-protagonista-de-la-segona-edicio-del-m4social-day\/#primaryimage","url":"https:\/\/ticsalutsocial.atoom.space\/wp-content\/uploads\/2017\/10\/foto_m4social_centre_78_521.png","contentUrl":"https:\/\/ticsalutsocial.atoom.space\/wp-content\/uploads\/2017\/10\/foto_m4social_centre_78_521.png","width":820,"height":543},{"@type":"BreadcrumbList","@id":"https:\/\/ticsalutsocial.atoom.space\/es\/noticia\/laccessibilitat-digital-protagonista-de-la-segona-edicio-del-m4social-day\/#breadcrumb","itemListElement":[{"@type":"ListItem","position":1,"name":"Inici","item":"https:\/\/ticsalutsocial.atoom.space\/es\/"},{"@type":"ListItem","position":2,"name":"L\u2019accessibilitat digital, protagonista de la segona edici\u00f3 del m4social Day"}]},{"@type":"WebSite","@id":"https:\/\/ticsalutsocial.atoom.space\/es\/#website","url":"https:\/\/ticsalutsocial.atoom.space\/es\/","name":"Fundaci\u00f3 TIC Salut i Social","description":"","potentialAction":[{"@type":"SearchAction","target":{"@type":"EntryPoint","urlTemplate":"https:\/\/ticsalutsocial.atoom.space\/es\/?s={search_term_string}"},"query-input":{"@type":"PropertyValueSpecification","valueRequired":true,"valueName":"search_term_string"}}],"inLanguage":"es"}]}},"_links":{"self":[{"href":"https:\/\/ticsalutsocial.atoom.space\/es\/wp-json\/wp\/v2\/noticia\/1855","targetHints":{"allow":["GET"]}}],"collection":[{"href":"https:\/\/ticsalutsocial.atoom.space\/es\/wp-json\/wp\/v2\/noticia"}],"about":[{"href":"https:\/\/ticsalutsocial.atoom.space\/es\/wp-json\/wp\/v2\/types\/noticia"}],"author":[{"embeddable":true,"href":"https:\/\/ticsalutsocial.atoom.space\/es\/wp-json\/wp\/v2\/users\/21"}],"wp:featuredmedia":[{"embeddable":true,"href":"https:\/\/ticsalutsocial.atoom.space\/es\/wp-json\/wp\/v2\/media\/1852"}],"wp:attachment":[{"href":"https:\/\/ticsalutsocial.atoom.space\/es\/wp-json\/wp\/v2\/media?parent=1855"}],"wp:term":[{"taxonomy":"etiqueta","embeddable":true,"href":"https:\/\/ticsalutsocial.atoom.space\/es\/wp-json\/wp\/v2\/etiqueta?post=1855"},{"taxonomy":"tipus","embeddable":true,"href":"https:\/\/ticsalutsocial.atoom.space\/es\/wp-json\/wp\/v2\/tipus?post=1855"},{"taxonomy":"topic","embeddable":true,"href":"https:\/\/ticsalutsocial.atoom.space\/es\/wp-json\/wp\/v2\/topic?post=1855"}],"curies":[{"name":"wp","href":"https:\/\/api.w.org\/{rel}","templated":true}]}}