
{"id":18590,"date":"2023-02-06T11:15:03","date_gmt":"2023-02-06T09:15:03","guid":{"rendered":"https:\/\/ticsalutsocial.atoom.space\/noticia\/drets-socials-atorga-mes-de-13-milions-deuros-a-projectes-tecnologics-al-servei-de-les-cures\/"},"modified":"2023-02-06T11:55:44","modified_gmt":"2023-02-06T09:55:44","slug":"drets-socials-atorga-mes-de-13-milions-deuros-a-projectes-tecnologics-al-servei-de-les-cures","status":"publish","type":"noticia","link":"https:\/\/ticsalutsocial.atoom.space\/es\/noticia\/drets-socials-atorga-mes-de-13-milions-deuros-a-projectes-tecnologics-al-servei-de-les-cures\/","title":{"rendered":"Derechos sociales otorga m\u00e1s de 13 millones de euros a proyectos tecnol\u00f3gicos al servicio de los cuidados"},"content":{"rendered":"\n<p>El Departamento de Derechos Sociales de la Generalidad de Catalu\u00f1a ha publicado la propuesta de resoluci\u00f3n de subvenciones de proyectos de tecnolog\u00eda al servicio de la atenci\u00f3n y el cuidado de las personas, incluida como l\u00ednea 2 en la convocatoria de subvenciones del fondo Next Generation EU , impulsada por el Departamento. En concreto, ha propuesto otorgar 13.221.000 euros al impulso de <strong>33 iniciativas<\/strong> que utilizan la tecnolog\u00eda para aportar soluciones a las personas en situaci\u00f3n de dependencia, discapacidad o problem\u00e1tica social derivada de enfermedad mental.<\/p>\n\n\n\n<p>En el proceso de valoraci\u00f3n de esta l\u00ednea, <strong>el Departamento ha contado con la experiencia del equipo t\u00e9cnico del \u00e1rea Social de la Fundaci\u00f3n TIC Salut Social<\/strong>, que ha ofrecido asesoramiento y soporte t\u00e9cnico de la valoraci\u00f3n tecnol\u00f3gica de los proyectos. Se trata de proyectos que pueden tener objetivos diversos, como facilitar la autonom\u00eda personal, el cuidado, el mantenimiento de la persona en el entorno domiciliario, la atenci\u00f3n integrada social y sanitaria, as\u00ed como la participaci\u00f3n e implicaci\u00f3n de la red de voluntariado.<\/p>\n\n\n\n<h2 class=\"wp-block-heading\">Otras l\u00edneas de la convocatoria<\/h2>\n\n\n\n<p>En el marco de la misma convocatoria, el Departamento de Derechos Sociales ha publicado tambi\u00e9n la resoluci\u00f3n de las l\u00edneas 1 y 5, de inversi\u00f3n para nuevos centros residenciales y de atenci\u00f3n diurna y remodelaci\u00f3n de centros existentes, y de modernizaci\u00f3n y transformaci\u00f3n de centros residenciales para ni\u00f1os y adolescentes tutelados y extutelados y transici\u00f3n energ\u00e9tica y medioambiental de las instalaciones juveniles.<\/p>\n\n\n\n<p>En total, Derechos Sociales invertir\u00e1 hasta 2025 un total de 142.350.000 euros destinados a la construcci\u00f3n o remodelaci\u00f3n de 117 residencias y centros de d\u00eda, a la modernizaci\u00f3n y transformaci\u00f3n ecol\u00f3gica de 14 servicios que atienden a ni\u00f1os tutelados, la transici\u00f3n energ\u00e9tica de 41 instalaciones juveniles y al impulso de los 33 proyectos tecnol\u00f3gicos al servicio de los cuidados.<\/p>\n\n\n\n<p>El resto de l\u00edneas de subvenci\u00f3n, que abordan la mejora tecnol\u00f3gica de los servicios sociales y el impulso de proyectos innovadores en este sector, se prev\u00e9 que se publiquen sus resoluciones provisionales durante este mes de febrero. En este caso, el equipo t\u00e9cnico del \u00e1rea social de la Fundaci\u00f3n TIC Salut Social ha participado en la evaluaci\u00f3n tecnol\u00f3gica de las l\u00edneas 3 y 4.<\/p>\n\n\n\n<p><strong>Fuente y m\u00e1s informaci\u00f3n: <\/strong><a href=\"https:\/\/govern.cat\/salapremsa\/notes-premsa\/479382\/drets-socials-atorga-1423-m-euros-fons-europeus-205-projectes-accelerar-transformacio-latencio-social\" target=\"_blank\" rel=\"noreferrer noopener\">nota de prensa del Departamento de Derechos Sociales<\/a>.<\/p>\n\n\n\n<figure class=\"wp-block-image size-full is-resized\"><img loading=\"lazy\" decoding=\"async\" src=\"https:\/\/ticsalutsocial.atoom.space\/wp-content\/uploads\/2023\/02\/image.png\" alt=\"\" class=\"wp-image-18587\" width=\"841\" height=\"133\" srcset=\"https:\/\/ticsalutsocial.atoom.space\/wp-content\/uploads\/2023\/02\/image.png 886w, https:\/\/ticsalutsocial.atoom.space\/wp-content\/uploads\/2023\/02\/image-300x48.png 300w, https:\/\/ticsalutsocial.atoom.space\/wp-content\/uploads\/2023\/02\/image-768x122.png 768w\" sizes=\"auto, (max-width: 841px) 100vw, 841px\" \/><\/figure>\n","protected":false},"author":3,"featured_media":12307,"menu_order":0,"template":"","meta":{"_acf_changed":false,"inline_featured_image":false},"etiqueta":[],"tipus":[94],"topic":[],"class_list":["post-18590","noticia","type-noticia","status-publish","has-post-thumbnail","hentry","tipus-integracion-social-y-sanitaria"],"acf":{"autor":"","imatge":12307,"textos_destacats":[{"texte":"La Fundaci\u00f3n TIC Salut Social ha participado en la convocatoria de subvenciones del fondo Next Generation EU ofreciendo asesoramiento y soporte t\u00e9cnico en la valoraci\u00f3n tecnol\u00f3gica de los proyectos."}],"documents":false,"finalitzat":false,"tipus_plantilla":"objectius","template_objectius":{"cont_principal":"","imatge":false,"cont_seguent":{"titol":"","contingut":""},"seccio_llistat":{"titol":"","llistat":false},"objectius":{"titol":"","objectius":false},"documents":false}},"yoast_head":"<!-- This site is optimized with the Yoast SEO plugin v27.1.1 - https:\/\/yoast.com\/product\/yoast-seo-wordpress\/ -->\n<title>Derechos sociales otorga m\u00e1s de 13 millones de euros a proyectos tecnol\u00f3gicos al servicio de los cuidados - Fundaci\u00f3 TIC Salut i Social<\/title>\n<meta name=\"description\" content=\"La Fundaci\u00f3n TIC Salut Social ha participado en la convocatoria de subvenciones del fondo Next Generation EU ofreciendo asesoramiento y soporte t\u00e9cnico en la valoraci\u00f3n tecnol\u00f3gica de los proyectos.\" \/>\n<meta name=\"robots\" content=\"index, follow, max-snippet:-1, max-image-preview:large, max-video-preview:-1\" \/>\n<link rel=\"canonical\" href=\"https:\/\/ticsalutsocial.atoom.space\/es\/noticia\/drets-socials-atorga-mes-de-13-milions-deuros-a-projectes-tecnologics-al-servei-de-les-cures\/\" \/>\n<meta property=\"og:locale\" content=\"es_ES\" \/>\n<meta property=\"og:type\" content=\"article\" \/>\n<meta property=\"og:title\" content=\"Derechos sociales otorga m\u00e1s de 13 millones de euros a proyectos tecnol\u00f3gicos al servicio de los cuidados - Fundaci\u00f3 TIC Salut i Social\" \/>\n<meta property=\"og:description\" content=\"La Fundaci\u00f3n TIC Salut Social ha participado en la convocatoria de subvenciones del fondo Next Generation EU ofreciendo asesoramiento y soporte t\u00e9cnico en la valoraci\u00f3n tecnol\u00f3gica de los proyectos.\" \/>\n<meta property=\"og:url\" content=\"https:\/\/ticsalutsocial.atoom.space\/es\/noticia\/drets-socials-atorga-mes-de-13-milions-deuros-a-projectes-tecnologics-al-servei-de-les-cures\/\" \/>\n<meta property=\"og:site_name\" content=\"Fundaci\u00f3 TIC Salut i Social\" \/>\n<meta property=\"article:modified_time\" content=\"2023-02-06T09:55:44+00:00\" \/>\n<meta property=\"og:image\" content=\"https:\/\/ticsalutsocial.atoom.space\/wp-content\/uploads\/2022\/07\/Fons-NEXT-GEN-EU.jpg\" \/>\n\t<meta property=\"og:image:width\" content=\"2560\" \/>\n\t<meta property=\"og:image:height\" content=\"1707\" \/>\n\t<meta property=\"og:image:type\" content=\"image\/jpeg\" \/>\n<meta name=\"twitter:card\" content=\"summary_large_image\" \/>\n<meta name=\"twitter:label1\" content=\"Tiempo de lectura\" \/>\n\t<meta name=\"twitter:data1\" content=\"2 minutos\" \/>\n<script type=\"application\/ld+json\" class=\"yoast-schema-graph\">{\"@context\":\"https:\/\/schema.org\",\"@graph\":[{\"@type\":\"WebPage\",\"@id\":\"https:\/\/ticsalutsocial.atoom.space\/es\/noticia\/drets-socials-atorga-mes-de-13-milions-deuros-a-projectes-tecnologics-al-servei-de-les-cures\/\",\"url\":\"https:\/\/ticsalutsocial.atoom.space\/es\/noticia\/drets-socials-atorga-mes-de-13-milions-deuros-a-projectes-tecnologics-al-servei-de-les-cures\/\",\"name\":\"Derechos sociales otorga m\u00e1s de 13 millones de euros a proyectos tecnol\u00f3gicos al servicio de los cuidados - Fundaci\u00f3 TIC Salut i Social\",\"isPartOf\":{\"@id\":\"https:\/\/ticsalutsocial.atoom.space\/es\/#website\"},\"primaryImageOfPage\":{\"@id\":\"https:\/\/ticsalutsocial.atoom.space\/es\/noticia\/drets-socials-atorga-mes-de-13-milions-deuros-a-projectes-tecnologics-al-servei-de-les-cures\/#primaryimage\"},\"image\":{\"@id\":\"https:\/\/ticsalutsocial.atoom.space\/es\/noticia\/drets-socials-atorga-mes-de-13-milions-deuros-a-projectes-tecnologics-al-servei-de-les-cures\/#primaryimage\"},\"thumbnailUrl\":\"https:\/\/ticsalutsocial.atoom.space\/wp-content\/uploads\/2022\/07\/Fons-NEXT-GEN-EU.jpg\",\"datePublished\":\"2023-02-06T09:15:03+00:00\",\"dateModified\":\"2023-02-06T09:55:44+00:00\",\"description\":\"La Fundaci\u00f3n TIC Salut Social ha participado en la convocatoria de subvenciones del fondo Next Generation EU ofreciendo asesoramiento y soporte t\u00e9cnico en la valoraci\u00f3n tecnol\u00f3gica de los proyectos.\",\"breadcrumb\":{\"@id\":\"https:\/\/ticsalutsocial.atoom.space\/es\/noticia\/drets-socials-atorga-mes-de-13-milions-deuros-a-projectes-tecnologics-al-servei-de-les-cures\/#breadcrumb\"},\"inLanguage\":\"es\",\"potentialAction\":[{\"@type\":\"ReadAction\",\"target\":[\"https:\/\/ticsalutsocial.atoom.space\/es\/noticia\/drets-socials-atorga-mes-de-13-milions-deuros-a-projectes-tecnologics-al-servei-de-les-cures\/\"]}]},{\"@type\":\"ImageObject\",\"inLanguage\":\"es\",\"@id\":\"https:\/\/ticsalutsocial.atoom.space\/es\/noticia\/drets-socials-atorga-mes-de-13-milions-deuros-a-projectes-tecnologics-al-servei-de-les-cures\/#primaryimage\",\"url\":\"https:\/\/ticsalutsocial.atoom.space\/wp-content\/uploads\/2022\/07\/Fons-NEXT-GEN-EU.jpg\",\"contentUrl\":\"https:\/\/ticsalutsocial.atoom.space\/wp-content\/uploads\/2022\/07\/Fons-NEXT-GEN-EU.jpg\",\"width\":2560,\"height\":1707,\"caption\":\"Fons NEXT GENERATION EU\"},{\"@type\":\"BreadcrumbList\",\"@id\":\"https:\/\/ticsalutsocial.atoom.space\/es\/noticia\/drets-socials-atorga-mes-de-13-milions-deuros-a-projectes-tecnologics-al-servei-de-les-cures\/#breadcrumb\",\"itemListElement\":[{\"@type\":\"ListItem\",\"position\":1,\"name\":\"Inici\",\"item\":\"https:\/\/ticsalutsocial.atoom.space\/es\/\"},{\"@type\":\"ListItem\",\"position\":2,\"name\":\"Derechos sociales otorga m\u00e1s de 13 millones de euros a proyectos tecnol\u00f3gicos al servicio de los cuidados\"}]},{\"@type\":\"WebSite\",\"@id\":\"https:\/\/ticsalutsocial.atoom.space\/es\/#website\",\"url\":\"https:\/\/ticsalutsocial.atoom.space\/es\/\",\"name\":\"Fundaci\u00f3 TIC Salut i Social\",\"description\":\"\",\"potentialAction\":[{\"@type\":\"SearchAction\",\"target\":{\"@type\":\"EntryPoint\",\"urlTemplate\":\"https:\/\/ticsalutsocial.atoom.space\/es\/?s={search_term_string}\"},\"query-input\":{\"@type\":\"PropertyValueSpecification\",\"valueRequired\":true,\"valueName\":\"search_term_string\"}}],\"inLanguage\":\"es\"}]}<\/script>\n<!-- \/ Yoast SEO plugin. -->","yoast_head_json":{"title":"Derechos sociales otorga m\u00e1s de 13 millones de euros a proyectos tecnol\u00f3gicos al servicio de los cuidados - Fundaci\u00f3 TIC Salut i Social","description":"La Fundaci\u00f3n TIC Salut Social ha participado en la convocatoria de subvenciones del fondo Next Generation EU ofreciendo asesoramiento y soporte t\u00e9cnico en la valoraci\u00f3n tecnol\u00f3gica de los proyectos.","robots":{"index":"index","follow":"follow","max-snippet":"max-snippet:-1","max-image-preview":"max-image-preview:large","max-video-preview":"max-video-preview:-1"},"canonical":"https:\/\/ticsalutsocial.atoom.space\/es\/noticia\/drets-socials-atorga-mes-de-13-milions-deuros-a-projectes-tecnologics-al-servei-de-les-cures\/","og_locale":"es_ES","og_type":"article","og_title":"Derechos sociales otorga m\u00e1s de 13 millones de euros a proyectos tecnol\u00f3gicos al servicio de los cuidados - Fundaci\u00f3 TIC Salut i Social","og_description":"La Fundaci\u00f3n TIC Salut Social ha participado en la convocatoria de subvenciones del fondo Next Generation EU ofreciendo asesoramiento y soporte t\u00e9cnico en la valoraci\u00f3n tecnol\u00f3gica de los proyectos.","og_url":"https:\/\/ticsalutsocial.atoom.space\/es\/noticia\/drets-socials-atorga-mes-de-13-milions-deuros-a-projectes-tecnologics-al-servei-de-les-cures\/","og_site_name":"Fundaci\u00f3 TIC Salut i Social","article_modified_time":"2023-02-06T09:55:44+00:00","og_image":[{"width":2560,"height":1707,"url":"https:\/\/ticsalutsocial.atoom.space\/wp-content\/uploads\/2022\/07\/Fons-NEXT-GEN-EU.jpg","type":"image\/jpeg"}],"twitter_card":"summary_large_image","twitter_misc":{"Tiempo de lectura":"2 minutos"},"schema":{"@context":"https:\/\/schema.org","@graph":[{"@type":"WebPage","@id":"https:\/\/ticsalutsocial.atoom.space\/es\/noticia\/drets-socials-atorga-mes-de-13-milions-deuros-a-projectes-tecnologics-al-servei-de-les-cures\/","url":"https:\/\/ticsalutsocial.atoom.space\/es\/noticia\/drets-socials-atorga-mes-de-13-milions-deuros-a-projectes-tecnologics-al-servei-de-les-cures\/","name":"Derechos sociales otorga m\u00e1s de 13 millones de euros a proyectos tecnol\u00f3gicos al servicio de los cuidados - Fundaci\u00f3 TIC Salut i Social","isPartOf":{"@id":"https:\/\/ticsalutsocial.atoom.space\/es\/#website"},"primaryImageOfPage":{"@id":"https:\/\/ticsalutsocial.atoom.space\/es\/noticia\/drets-socials-atorga-mes-de-13-milions-deuros-a-projectes-tecnologics-al-servei-de-les-cures\/#primaryimage"},"image":{"@id":"https:\/\/ticsalutsocial.atoom.space\/es\/noticia\/drets-socials-atorga-mes-de-13-milions-deuros-a-projectes-tecnologics-al-servei-de-les-cures\/#primaryimage"},"thumbnailUrl":"https:\/\/ticsalutsocial.atoom.space\/wp-content\/uploads\/2022\/07\/Fons-NEXT-GEN-EU.jpg","datePublished":"2023-02-06T09:15:03+00:00","dateModified":"2023-02-06T09:55:44+00:00","description":"La Fundaci\u00f3n TIC Salut Social ha participado en la convocatoria de subvenciones del fondo Next Generation EU ofreciendo asesoramiento y soporte t\u00e9cnico en la valoraci\u00f3n tecnol\u00f3gica de los proyectos.","breadcrumb":{"@id":"https:\/\/ticsalutsocial.atoom.space\/es\/noticia\/drets-socials-atorga-mes-de-13-milions-deuros-a-projectes-tecnologics-al-servei-de-les-cures\/#breadcrumb"},"inLanguage":"es","potentialAction":[{"@type":"ReadAction","target":["https:\/\/ticsalutsocial.atoom.space\/es\/noticia\/drets-socials-atorga-mes-de-13-milions-deuros-a-projectes-tecnologics-al-servei-de-les-cures\/"]}]},{"@type":"ImageObject","inLanguage":"es","@id":"https:\/\/ticsalutsocial.atoom.space\/es\/noticia\/drets-socials-atorga-mes-de-13-milions-deuros-a-projectes-tecnologics-al-servei-de-les-cures\/#primaryimage","url":"https:\/\/ticsalutsocial.atoom.space\/wp-content\/uploads\/2022\/07\/Fons-NEXT-GEN-EU.jpg","contentUrl":"https:\/\/ticsalutsocial.atoom.space\/wp-content\/uploads\/2022\/07\/Fons-NEXT-GEN-EU.jpg","width":2560,"height":1707,"caption":"Fons NEXT GENERATION EU"},{"@type":"BreadcrumbList","@id":"https:\/\/ticsalutsocial.atoom.space\/es\/noticia\/drets-socials-atorga-mes-de-13-milions-deuros-a-projectes-tecnologics-al-servei-de-les-cures\/#breadcrumb","itemListElement":[{"@type":"ListItem","position":1,"name":"Inici","item":"https:\/\/ticsalutsocial.atoom.space\/es\/"},{"@type":"ListItem","position":2,"name":"Derechos sociales otorga m\u00e1s de 13 millones de euros a proyectos tecnol\u00f3gicos al servicio de los cuidados"}]},{"@type":"WebSite","@id":"https:\/\/ticsalutsocial.atoom.space\/es\/#website","url":"https:\/\/ticsalutsocial.atoom.space\/es\/","name":"Fundaci\u00f3 TIC Salut i Social","description":"","potentialAction":[{"@type":"SearchAction","target":{"@type":"EntryPoint","urlTemplate":"https:\/\/ticsalutsocial.atoom.space\/es\/?s={search_term_string}"},"query-input":{"@type":"PropertyValueSpecification","valueRequired":true,"valueName":"search_term_string"}}],"inLanguage":"es"}]}},"_links":{"self":[{"href":"https:\/\/ticsalutsocial.atoom.space\/es\/wp-json\/wp\/v2\/noticia\/18590","targetHints":{"allow":["GET"]}}],"collection":[{"href":"https:\/\/ticsalutsocial.atoom.space\/es\/wp-json\/wp\/v2\/noticia"}],"about":[{"href":"https:\/\/ticsalutsocial.atoom.space\/es\/wp-json\/wp\/v2\/types\/noticia"}],"author":[{"embeddable":true,"href":"https:\/\/ticsalutsocial.atoom.space\/es\/wp-json\/wp\/v2\/users\/3"}],"wp:featuredmedia":[{"embeddable":true,"href":"https:\/\/ticsalutsocial.atoom.space\/es\/wp-json\/wp\/v2\/media\/12307"}],"wp:attachment":[{"href":"https:\/\/ticsalutsocial.atoom.space\/es\/wp-json\/wp\/v2\/media?parent=18590"}],"wp:term":[{"taxonomy":"etiqueta","embeddable":true,"href":"https:\/\/ticsalutsocial.atoom.space\/es\/wp-json\/wp\/v2\/etiqueta?post=18590"},{"taxonomy":"tipus","embeddable":true,"href":"https:\/\/ticsalutsocial.atoom.space\/es\/wp-json\/wp\/v2\/tipus?post=18590"},{"taxonomy":"topic","embeddable":true,"href":"https:\/\/ticsalutsocial.atoom.space\/es\/wp-json\/wp\/v2\/topic?post=18590"}],"curies":[{"name":"wp","href":"https:\/\/api.w.org\/{rel}","templated":true}]}}